{"id":14684,"date":"2021-05-28T14:09:58","date_gmt":"2021-05-28T12:09:58","guid":{"rendered":"https:\/\/www.gruporecoletas.com\/noticias\/?p=14684"},"modified":"2021-05-28T14:09:59","modified_gmt":"2021-05-28T12:09:59","slug":"recoletas-renueva-su-colaboracion-con-el-recoletas-atletico-valladolid-durante-las-tres-proximas-temporadas","status":"publish","type":"post","link":"https:\/\/www.gruporecoletas.com\/noticias\/recoletas-renueva-su-colaboracion-con-el-recoletas-atletico-valladolid-durante-las-tres-proximas-temporadas\/","title":{"rendered":"Recoletas renueva su colaboraci\u00f3n con el \u00abRecoletas Atl\u00e9tico Valladolid\u00bb durante las tres pr\u00f3ximas temporadas"},"content":{"rendered":"\n<p>El presidente de Recoletas Red Hospitalaria, Amando Rodr\u00edguez, y Mario Arranz Pastor, en representaci\u00f3n del Club Deportivo Balonmano Atl\u00e9tico Valladolid, han firmado esta ma\u00f1ana un acuerdo de colaboraci\u00f3n para la promoci\u00f3n de esta disciplina deportiva en la provincia.<\/p>\n\n\n\n<p>Para Recoletas Red Hospitalaria, conocedora de la estrecha relaci\u00f3n existente entre salud y deporte, es un orgullo poder formar parte de un equipo deportivo profesional con una trayectoria de \u00e9xito, que cuenta con miles de aficionados y seguidores y que es, adem\u00e1s, digno representante de la ciudad de Valladolid. En esta ciudad Recoletas inici\u00f3 su trayectoria profesional y en ella tiene su sede social, adem\u00e1s de muchas de sus m\u00e1s importantes infraestructuras sanitarias, como los hospitales Recoletas Campo Grande y Recoletas Felipe II y la cl\u00ednica de Medicina Reproductiva, Vida Recoletas.<\/p>\n\n\n\n<p>El Club \u201cRecoletas Atl\u00e9tico Valladolid\u201d milita en la categor\u00eda Divisi\u00f3n de Honor de la competici\u00f3n estatal masculina de Balonmano (LIGA ASOBAL) y tiene dos equipos en la categor\u00eda juvenil y otros dos equipos en la categor\u00eda cadete.<\/p>\n\n\n\n<p>Conforme al acuerdo de colaboraci\u00f3n suscrito en el d\u00eda de hoy, Recoletas Red Hospitalaria patrocinar\u00e1 econ\u00f3micamente las tres pr\u00f3ximas temporadas deportivas: 2021\/22, 2022\/23 y 2023\/24.<\/p>\n\n\n\n<p>Por su parte, la marca Recoletas lucir\u00e1 en el equipamiento, las instalaciones y el pabell\u00f3n deportivo del club, as\u00ed como en todas las comunicaciones y menciones publicitarias que se realicen desde el equipo.<\/p>\n\n\n\n<p>Tambi\u00e9n, conforme lo aprobado esta ma\u00f1ana, todos los servicios sanitarios que se presten a los jugadores en cada temporada deportiva, incluidos los reconocimientos m\u00e9dicos, se derivar\u00e1n a centros asistenciales de Recoletas, que ser\u00e1n siempre la primera opci\u00f3n para cualquier prestaci\u00f3n m\u00e9dica que los jugadores precisen recibir.<\/p>\n","protected":false},"excerpt":{"rendered":"<p>El presidente de Recoletas Red Hospitalaria, Amando Rodr\u00edguez, y Mario Arranz Pastor, en representaci\u00f3n del Club Deportivo Balonmano Atl\u00e9tico Valladolid, han firmado esta ma\u00f1ana un acuerdo de colaboraci\u00f3n para la promoci\u00f3n de esta disciplina deportiva en la provincia. Para Recoletas Red Hospitalaria, conocedora de la estrecha relaci\u00f3n existente entre salud y deporte, es un orgullo [&hellip;]<\/p>\n","protected":false},"author":12,"featured_media":14691,"comment_status":"closed","ping_status":"closed","sticky":false,"template":"","format":"standard","meta":{"_acf_changed":false,"footnotes":""},"categories":[1],"tags":[14,1442,3152],"class_list":["post-14684","post","type-post","status-publish","format-standard","has-post-thumbnail","hentry","category-grupo-recoletas","tag-balonmano","tag-deporte","tag-patrocinio"],"acf":[],"yoast_head":"<!-- This site is optimized with the Yoast SEO Premium plugin v27.3 (Yoast SEO v27.3) - https:\/\/yoast.com\/product\/yoast-seo-premium-wordpress\/ -->\n<title>Recoletas renueva su colaboraci\u00f3n con el &quot;Recoletas Atl\u00e9tico Valladolid&quot; durante las tres pr\u00f3ximas temporadas - Noticias Grupo Recoletas<\/title>\n<meta name=\"description\" content=\"El presidente de Recoletas Red Hospitalaria y el represnetante del Club Deportivo Balonmano Atl\u00e9tico Valladolid, han firmado un acuerdo de colaboraci\u00f3n\" \/>\n<meta name=\"robots\" content=\"index, follow, max-snippet:-1, max-image-preview:large, max-video-preview:-1\" \/>\n<link rel=\"canonical\" href=\"https:\/\/www.gruporecoletas.com\/noticias\/recoletas-renueva-su-colaboracion-con-el-recoletas-atletico-valladolid-durante-las-tres-proximas-temporadas\/\" \/>\n<meta property=\"og:locale\" content=\"es_ES\" \/>\n<meta property=\"og:type\" content=\"article\" \/>\n<meta property=\"og:title\" content=\"Recoletas renueva su colaboraci\u00f3n con el &quot;Recoletas Atl\u00e9tico Valladolid&quot; durante las tres pr\u00f3ximas temporadas\" \/>\n<meta property=\"og:description\" content=\"El presidente de Recoletas Red Hospitalaria y el represnetante del Club Deportivo Balonmano Atl\u00e9tico Valladolid, han firmado un acuerdo de colaboraci\u00f3n\" \/>\n<meta property=\"og:url\" content=\"https:\/\/www.gruporecoletas.com\/noticias\/recoletas-renueva-su-colaboracion-con-el-recoletas-atletico-valladolid-durante-las-tres-proximas-temporadas\/\" \/>\n<meta property=\"og:site_name\" content=\"Noticias Grupo Recoletas\" \/>\n<meta property=\"article:publisher\" content=\"https:\/\/www.facebook.com\/GrupoRecoletas\/\" \/>\n<meta property=\"article:published_time\" content=\"2021-05-28T12:09:58+00:00\" \/>\n<meta property=\"article:modified_time\" content=\"2021-05-28T12:09:59+00:00\" \/>\n<meta property=\"og:image\" content=\"https:\/\/www.gruporecoletas.com\/noticias\/wp-content\/uploads\/2021\/05\/post-4.jpg\" \/>\n\t<meta property=\"og:image:width\" content=\"1366\" \/>\n\t<meta property=\"og:image:height\" content=\"768\" \/>\n\t<meta property=\"og:image:type\" content=\"image\/jpeg\" \/>\n<meta name=\"author\" content=\"Andrea\" \/>\n<meta name=\"twitter:card\" content=\"summary_large_image\" \/>\n<meta name=\"twitter:creator\" content=\"@GrupoRecoletas\" \/>\n<meta name=\"twitter:site\" content=\"@GrupoRecoletas\" \/>\n<meta name=\"twitter:label1\" content=\"Escrito por\" \/>\n\t<meta name=\"twitter:data1\" content=\"Andrea\" \/>\n\t<meta name=\"twitter:label2\" content=\"Tiempo de lectura\" \/>\n\t<meta name=\"twitter:data2\" content=\"1 minuto\" \/>\n<script type=\"application\/ld+json\" class=\"yoast-schema-graph\">{\"@context\":\"https:\\\/\\\/schema.org\",\"@graph\":[{\"@type\":\"Article\",\"@id\":\"https:\\\/\\\/www.gruporecoletas.com\\\/noticias\\\/recoletas-renueva-su-colaboracion-con-el-recoletas-atletico-valladolid-durante-las-tres-proximas-temporadas\\\/#article\",\"isPartOf\":{\"@id\":\"https:\\\/\\\/www.gruporecoletas.com\\\/noticias\\\/recoletas-renueva-su-colaboracion-con-el-recoletas-atletico-valladolid-durante-las-tres-proximas-temporadas\\\/\"},\"author\":{\"name\":\"Andrea\",\"@id\":\"https:\\\/\\\/www.gruporecoletas.com\\\/noticias\\\/#\\\/schema\\\/person\\\/06ae47abe132337b3d64d46e6a153a44\"},\"headline\":\"Recoletas renueva su colaboraci\u00f3n con el \u00abRecoletas Atl\u00e9tico Valladolid\u00bb durante las tres pr\u00f3ximas temporadas\",\"datePublished\":\"2021-05-28T12:09:58+00:00\",\"dateModified\":\"2021-05-28T12:09:59+00:00\",\"mainEntityOfPage\":{\"@id\":\"https:\\\/\\\/www.gruporecoletas.com\\\/noticias\\\/recoletas-renueva-su-colaboracion-con-el-recoletas-atletico-valladolid-durante-las-tres-proximas-temporadas\\\/\"},\"wordCount\":314,\"image\":{\"@id\":\"https:\\\/\\\/www.gruporecoletas.com\\\/noticias\\\/recoletas-renueva-su-colaboracion-con-el-recoletas-atletico-valladolid-durante-las-tres-proximas-temporadas\\\/#primaryimage\"},\"thumbnailUrl\":\"https:\\\/\\\/www.gruporecoletas.com\\\/noticias\\\/wp-content\\\/uploads\\\/2021\\\/05\\\/post-4.jpg\",\"keywords\":[\"Balonmano\",\"Deporte\",\"patrocinio\"],\"articleSection\":[\"Grupo Recoletas\"],\"inLanguage\":\"es\"},{\"@type\":\"WebPage\",\"@id\":\"https:\\\/\\\/www.gruporecoletas.com\\\/noticias\\\/recoletas-renueva-su-colaboracion-con-el-recoletas-atletico-valladolid-durante-las-tres-proximas-temporadas\\\/\",\"url\":\"https:\\\/\\\/www.gruporecoletas.com\\\/noticias\\\/recoletas-renueva-su-colaboracion-con-el-recoletas-atletico-valladolid-durante-las-tres-proximas-temporadas\\\/\",\"name\":\"Recoletas renueva su colaboraci\u00f3n con el \\\"Recoletas Atl\u00e9tico Valladolid\\\" durante las tres pr\u00f3ximas temporadas - Noticias Grupo Recoletas\",\"isPartOf\":{\"@id\":\"https:\\\/\\\/www.gruporecoletas.com\\\/noticias\\\/#website\"},\"primaryImageOfPage\":{\"@id\":\"https:\\\/\\\/www.gruporecoletas.com\\\/noticias\\\/recoletas-renueva-su-colaboracion-con-el-recoletas-atletico-valladolid-durante-las-tres-proximas-temporadas\\\/#primaryimage\"},\"image\":{\"@id\":\"https:\\\/\\\/www.gruporecoletas.com\\\/noticias\\\/recoletas-renueva-su-colaboracion-con-el-recoletas-atletico-valladolid-durante-las-tres-proximas-temporadas\\\/#primaryimage\"},\"thumbnailUrl\":\"https:\\\/\\\/www.gruporecoletas.com\\\/noticias\\\/wp-content\\\/uploads\\\/2021\\\/05\\\/post-4.jpg\",\"datePublished\":\"2021-05-28T12:09:58+00:00\",\"dateModified\":\"2021-05-28T12:09:59+00:00\",\"author\":{\"@id\":\"https:\\\/\\\/www.gruporecoletas.com\\\/noticias\\\/#\\\/schema\\\/person\\\/06ae47abe132337b3d64d46e6a153a44\"},\"description\":\"El presidente de Recoletas Red Hospitalaria y el represnetante del Club Deportivo Balonmano Atl\u00e9tico Valladolid, han firmado un acuerdo de colaboraci\u00f3n\",\"breadcrumb\":{\"@id\":\"https:\\\/\\\/www.gruporecoletas.com\\\/noticias\\\/recoletas-renueva-su-colaboracion-con-el-recoletas-atletico-valladolid-durante-las-tres-proximas-temporadas\\\/#breadcrumb\"},\"inLanguage\":\"es\",\"potentialAction\":[{\"@type\":\"ReadAction\",\"target\":[\"https:\\\/\\\/www.gruporecoletas.com\\\/noticias\\\/recoletas-renueva-su-colaboracion-con-el-recoletas-atletico-valladolid-durante-las-tres-proximas-temporadas\\\/\"]}]},{\"@type\":\"ImageObject\",\"inLanguage\":\"es\",\"@id\":\"https:\\\/\\\/www.gruporecoletas.com\\\/noticias\\\/recoletas-renueva-su-colaboracion-con-el-recoletas-atletico-valladolid-durante-las-tres-proximas-temporadas\\\/#primaryimage\",\"url\":\"https:\\\/\\\/www.gruporecoletas.com\\\/noticias\\\/wp-content\\\/uploads\\\/2021\\\/05\\\/post-4.jpg\",\"contentUrl\":\"https:\\\/\\\/www.gruporecoletas.com\\\/noticias\\\/wp-content\\\/uploads\\\/2021\\\/05\\\/post-4.jpg\",\"width\":1366,\"height\":768,\"caption\":\"Renovaci\u00f3n de patrocinio entre Grupo Recoletas y el Recoletas Atl\u00e9tico de Valladolid. Grupo Recoletas\"},{\"@type\":\"BreadcrumbList\",\"@id\":\"https:\\\/\\\/www.gruporecoletas.com\\\/noticias\\\/recoletas-renueva-su-colaboracion-con-el-recoletas-atletico-valladolid-durante-las-tres-proximas-temporadas\\\/#breadcrumb\",\"itemListElement\":[{\"@type\":\"ListItem\",\"position\":1,\"name\":\"Portada\",\"item\":\"https:\\\/\\\/www.gruporecoletas.com\\\/noticias\\\/\"},{\"@type\":\"ListItem\",\"position\":2,\"name\":\"Recoletas renueva su colaboraci\u00f3n con el \u00abRecoletas Atl\u00e9tico Valladolid\u00bb durante las tres pr\u00f3ximas temporadas\"}]},{\"@type\":\"WebSite\",\"@id\":\"https:\\\/\\\/www.gruporecoletas.com\\\/noticias\\\/#website\",\"url\":\"https:\\\/\\\/www.gruporecoletas.com\\\/noticias\\\/\",\"name\":\"Noticias Grupo Recoletas\",\"description\":\"Grupo Recoletas\",\"potentialAction\":[{\"@type\":\"SearchAction\",\"target\":{\"@type\":\"EntryPoint\",\"urlTemplate\":\"https:\\\/\\\/www.gruporecoletas.com\\\/noticias\\\/?s={search_term_string}\"},\"query-input\":{\"@type\":\"PropertyValueSpecification\",\"valueRequired\":true,\"valueName\":\"search_term_string\"}}],\"inLanguage\":\"es\"},{\"@type\":\"Person\",\"@id\":\"https:\\\/\\\/www.gruporecoletas.com\\\/noticias\\\/#\\\/schema\\\/person\\\/06ae47abe132337b3d64d46e6a153a44\",\"name\":\"Andrea\",\"url\":\"https:\\\/\\\/www.gruporecoletas.com\\\/noticias\\\/author\\\/andrea\\\/\"}]}<\/script>\n<!-- \/ Yoast SEO Premium plugin. -->","yoast_head_json":{"title":"Recoletas renueva su colaboraci\u00f3n con el \"Recoletas Atl\u00e9tico Valladolid\" durante las tres pr\u00f3ximas temporadas - Noticias Grupo Recoletas","description":"El presidente de Recoletas Red Hospitalaria y el represnetante del Club Deportivo Balonmano Atl\u00e9tico Valladolid, han firmado un acuerdo de colaboraci\u00f3n","robots":{"index":"index","follow":"follow","max-snippet":"max-snippet:-1","max-image-preview":"max-image-preview:large","max-video-preview":"max-video-preview:-1"},"canonical":"https:\/\/www.gruporecoletas.com\/noticias\/recoletas-renueva-su-colaboracion-con-el-recoletas-atletico-valladolid-durante-las-tres-proximas-temporadas\/","og_locale":"es_ES","og_type":"article","og_title":"Recoletas renueva su colaboraci\u00f3n con el \"Recoletas Atl\u00e9tico Valladolid\" durante las tres pr\u00f3ximas temporadas","og_description":"El presidente de Recoletas Red Hospitalaria y el represnetante del Club Deportivo Balonmano Atl\u00e9tico Valladolid, han firmado un acuerdo de colaboraci\u00f3n","og_url":"https:\/\/www.gruporecoletas.com\/noticias\/recoletas-renueva-su-colaboracion-con-el-recoletas-atletico-valladolid-durante-las-tres-proximas-temporadas\/","og_site_name":"Noticias Grupo Recoletas","article_publisher":"https:\/\/www.facebook.com\/GrupoRecoletas\/","article_published_time":"2021-05-28T12:09:58+00:00","article_modified_time":"2021-05-28T12:09:59+00:00","og_image":[{"width":1366,"height":768,"url":"https:\/\/www.gruporecoletas.com\/noticias\/wp-content\/uploads\/2021\/05\/post-4.jpg","type":"image\/jpeg"}],"author":"Andrea","twitter_card":"summary_large_image","twitter_creator":"@GrupoRecoletas","twitter_site":"@GrupoRecoletas","twitter_misc":{"Escrito por":"Andrea","Tiempo de lectura":"1 minuto"},"schema":{"@context":"https:\/\/schema.org","@graph":[{"@type":"Article","@id":"https:\/\/www.gruporecoletas.com\/noticias\/recoletas-renueva-su-colaboracion-con-el-recoletas-atletico-valladolid-durante-las-tres-proximas-temporadas\/#article","isPartOf":{"@id":"https:\/\/www.gruporecoletas.com\/noticias\/recoletas-renueva-su-colaboracion-con-el-recoletas-atletico-valladolid-durante-las-tres-proximas-temporadas\/"},"author":{"name":"Andrea","@id":"https:\/\/www.gruporecoletas.com\/noticias\/#\/schema\/person\/06ae47abe132337b3d64d46e6a153a44"},"headline":"Recoletas renueva su colaboraci\u00f3n con el \u00abRecoletas Atl\u00e9tico Valladolid\u00bb durante las tres pr\u00f3ximas temporadas","datePublished":"2021-05-28T12:09:58+00:00","dateModified":"2021-05-28T12:09:59+00:00","mainEntityOfPage":{"@id":"https:\/\/www.gruporecoletas.com\/noticias\/recoletas-renueva-su-colaboracion-con-el-recoletas-atletico-valladolid-durante-las-tres-proximas-temporadas\/"},"wordCount":314,"image":{"@id":"https:\/\/www.gruporecoletas.com\/noticias\/recoletas-renueva-su-colaboracion-con-el-recoletas-atletico-valladolid-durante-las-tres-proximas-temporadas\/#primaryimage"},"thumbnailUrl":"https:\/\/www.gruporecoletas.com\/noticias\/wp-content\/uploads\/2021\/05\/post-4.jpg","keywords":["Balonmano","Deporte","patrocinio"],"articleSection":["Grupo Recoletas"],"inLanguage":"es"},{"@type":"WebPage","@id":"https:\/\/www.gruporecoletas.com\/noticias\/recoletas-renueva-su-colaboracion-con-el-recoletas-atletico-valladolid-durante-las-tres-proximas-temporadas\/","url":"https:\/\/www.gruporecoletas.com\/noticias\/recoletas-renueva-su-colaboracion-con-el-recoletas-atletico-valladolid-durante-las-tres-proximas-temporadas\/","name":"Recoletas renueva su colaboraci\u00f3n con el \"Recoletas Atl\u00e9tico Valladolid\" durante las tres pr\u00f3ximas temporadas - Noticias Grupo Recoletas","isPartOf":{"@id":"https:\/\/www.gruporecoletas.com\/noticias\/#website"},"primaryImageOfPage":{"@id":"https:\/\/www.gruporecoletas.com\/noticias\/recoletas-renueva-su-colaboracion-con-el-recoletas-atletico-valladolid-durante-las-tres-proximas-temporadas\/#primaryimage"},"image":{"@id":"https:\/\/www.gruporecoletas.com\/noticias\/recoletas-renueva-su-colaboracion-con-el-recoletas-atletico-valladolid-durante-las-tres-proximas-temporadas\/#primaryimage"},"thumbnailUrl":"https:\/\/www.gruporecoletas.com\/noticias\/wp-content\/uploads\/2021\/05\/post-4.jpg","datePublished":"2021-05-28T12:09:58+00:00","dateModified":"2021-05-28T12:09:59+00:00","author":{"@id":"https:\/\/www.gruporecoletas.com\/noticias\/#\/schema\/person\/06ae47abe132337b3d64d46e6a153a44"},"description":"El presidente de Recoletas Red Hospitalaria y el represnetante del Club Deportivo Balonmano Atl\u00e9tico Valladolid, han firmado un acuerdo de colaboraci\u00f3n","breadcrumb":{"@id":"https:\/\/www.gruporecoletas.com\/noticias\/recoletas-renueva-su-colaboracion-con-el-recoletas-atletico-valladolid-durante-las-tres-proximas-temporadas\/#breadcrumb"},"inLanguage":"es","potentialAction":[{"@type":"ReadAction","target":["https:\/\/www.gruporecoletas.com\/noticias\/recoletas-renueva-su-colaboracion-con-el-recoletas-atletico-valladolid-durante-las-tres-proximas-temporadas\/"]}]},{"@type":"ImageObject","inLanguage":"es","@id":"https:\/\/www.gruporecoletas.com\/noticias\/recoletas-renueva-su-colaboracion-con-el-recoletas-atletico-valladolid-durante-las-tres-proximas-temporadas\/#primaryimage","url":"https:\/\/www.gruporecoletas.com\/noticias\/wp-content\/uploads\/2021\/05\/post-4.jpg","contentUrl":"https:\/\/www.gruporecoletas.com\/noticias\/wp-content\/uploads\/2021\/05\/post-4.jpg","width":1366,"height":768,"caption":"Renovaci\u00f3n de patrocinio entre Grupo Recoletas y el Recoletas Atl\u00e9tico de Valladolid. Grupo Recoletas"},{"@type":"BreadcrumbList","@id":"https:\/\/www.gruporecoletas.com\/noticias\/recoletas-renueva-su-colaboracion-con-el-recoletas-atletico-valladolid-durante-las-tres-proximas-temporadas\/#breadcrumb","itemListElement":[{"@type":"ListItem","position":1,"name":"Portada","item":"https:\/\/www.gruporecoletas.com\/noticias\/"},{"@type":"ListItem","position":2,"name":"Recoletas renueva su colaboraci\u00f3n con el \u00abRecoletas Atl\u00e9tico Valladolid\u00bb durante las tres pr\u00f3ximas temporadas"}]},{"@type":"WebSite","@id":"https:\/\/www.gruporecoletas.com\/noticias\/#website","url":"https:\/\/www.gruporecoletas.com\/noticias\/","name":"Noticias Grupo Recoletas","description":"Grupo Recoletas","potentialAction":[{"@type":"SearchAction","target":{"@type":"EntryPoint","urlTemplate":"https:\/\/www.gruporecoletas.com\/noticias\/?s={search_term_string}"},"query-input":{"@type":"PropertyValueSpecification","valueRequired":true,"valueName":"search_term_string"}}],"inLanguage":"es"},{"@type":"Person","@id":"https:\/\/www.gruporecoletas.com\/noticias\/#\/schema\/person\/06ae47abe132337b3d64d46e6a153a44","name":"Andrea","url":"https:\/\/www.gruporecoletas.com\/noticias\/author\/andrea\/"}]}},"_links":{"self":[{"href":"https:\/\/www.gruporecoletas.com\/noticias\/wp-json\/wp\/v2\/posts\/14684","targetHints":{"allow":["GET"]}}],"collection":[{"href":"https:\/\/www.gruporecoletas.com\/noticias\/wp-json\/wp\/v2\/posts"}],"about":[{"href":"https:\/\/www.gruporecoletas.com\/noticias\/wp-json\/wp\/v2\/types\/post"}],"author":[{"embeddable":true,"href":"https:\/\/www.gruporecoletas.com\/noticias\/wp-json\/wp\/v2\/users\/12"}],"replies":[{"embeddable":true,"href":"https:\/\/www.gruporecoletas.com\/noticias\/wp-json\/wp\/v2\/comments?post=14684"}],"version-history":[{"count":1,"href":"https:\/\/www.gruporecoletas.com\/noticias\/wp-json\/wp\/v2\/posts\/14684\/revisions"}],"predecessor-version":[{"id":14685,"href":"https:\/\/www.gruporecoletas.com\/noticias\/wp-json\/wp\/v2\/posts\/14684\/revisions\/14685"}],"wp:featuredmedia":[{"embeddable":true,"href":"https:\/\/www.gruporecoletas.com\/noticias\/wp-json\/wp\/v2\/media\/14691"}],"wp:attachment":[{"href":"https:\/\/www.gruporecoletas.com\/noticias\/wp-json\/wp\/v2\/media?parent=14684"}],"wp:term":[{"taxonomy":"category","embeddable":true,"href":"https:\/\/www.gruporecoletas.com\/noticias\/wp-json\/wp\/v2\/categories?post=14684"},{"taxonomy":"post_tag","embeddable":true,"href":"https:\/\/www.gruporecoletas.com\/noticias\/wp-json\/wp\/v2\/tags?post=14684"}],"curies":[{"name":"wp","href":"https:\/\/api.w.org\/{rel}","templated":true}]}}