{"id":14688,"date":"2021-05-28T12:32:38","date_gmt":"2021-05-28T10:32:38","guid":{"rendered":"https:\/\/www.gruporecoletas.com\/noticias\/?p=14688"},"modified":"2021-05-28T12:32:39","modified_gmt":"2021-05-28T10:32:39","slug":"pilar-gomez-expone-el-plan-de-actuacion-llevado-a-cabo-durante-la-pandemia-en-recoletas-burgos","status":"publish","type":"post","link":"https:\/\/www.gruporecoletas.com\/noticias\/pilar-gomez-expone-el-plan-de-actuacion-llevado-a-cabo-durante-la-pandemia-en-recoletas-burgos\/","title":{"rendered":"Pilar G\u00f3mez expone el Plan de Actuaci\u00f3n llevado a cabo durante la pandemia en Recoletas Burgos"},"content":{"rendered":"\n<h5 class=\"has-text-align-center wp-block-heading\"><em>Ha sido durante la participaci\u00f3n en el IV Congreso de la Organizaci\u00f3n Espa\u00f1ola de Hospitales y Servicios de Salud<\/em><strong> <\/strong><\/h5>\n\n\n\n<h5 class=\"has-text-align-center wp-block-heading\"><em>Ha puesto tambi\u00e9n en valor la calidad sanitaria y asistencial que desde el hospital Recoletas se presta a la poblaci\u00f3n burgalesa<\/em><\/h5>\n\n\n\n<p>La gerente del Hospital Recoletas de Burgos, Pilar G\u00f3mez, ha participado en el IV Congreso de la Organizaci\u00f3n Espa\u00f1ola de Hospitales y Servicios de Salud que se est\u00e1 celebrando en Salamanca, en formato online, durante los d\u00edas 27 y 28 de mayo bajo el t\u00edtulo \u201cEl valor de la Sanidad: Seguridad, Calidad y Solvencia\u201d.<\/p>\n\n\n\n<p>Pilar G\u00f3mez ha participado en tarde de ayer en la mesa redonda sobre Calidad que ha estado moderada por Francisco Javier Narbona Rodr\u00edguez, responsable de la Unidad de Calidad, Docencia, Investigaci\u00f3n, Formaci\u00f3n y Promoci\u00f3n de Salud del Distrito Sanitario C\u00f3rdoba y Guadalquivir. Ha estado acompa\u00f1ada por la presidenta de la Plataforma de Organizaciones a Pacientes, Carina Escobar, la directora de Enfermer\u00eda del Hospital Cl\u00ednico San Carlos de Madrid, Encarnaci\u00f3n Fern\u00e1ndez y el subdirector M\u00e9dico de Calidad del Complejo Asistencial Universitario de Salamanca, \u00c1lvaro Mu\u00f1oz.<\/p>\n\n\n\n<p>La Directora Gerente del hospital Recoletas de Burgos ha puesto en valor la calidad asistencial en la prestaci\u00f3n de servicio a la poblaci\u00f3n burgalesa, a trav\u00e9s de la innovaci\u00f3n, la responsabilidad y la atenci\u00f3n al paciente de forma personalizada.<\/p>\n\n\n\n<h4 class=\"wp-block-heading\"><strong>Plan de actuaci\u00f3n durante la pandemia<\/strong><\/h4>\n\n\n\n<p>Adem\u00e1s, cada miembro de la mesa ha desarrollado el Plan de actuaci\u00f3n que se llev\u00f3 a cabo durante la pandemia desde que el pasado 14 de marzo se decretara el Estado de Alarma, hasta la actualidad.<\/p>\n\n\n\n<p>Pilar G\u00f3mez ha repasado cronol\u00f3gicamente las diferentes fases que se vivieron y las medidas que se tuvieron que llevar a cabo desde la primera coloboraci\u00f3n con el Sacyl con la llegada de pacientes derivados del Hubu el 23 de marzo. Durante casi tres meses se generaron m\u00e1s de 700 estancias hospitalarias y se intervinieron quir\u00fargicamente a casi 100 pacientes. \u201cEllo garantiz\u00f3 la atenci\u00f3n a pacientes No-covid que precisaban asistencia sanitaria. Una planificaci\u00f3n considerada como una excelente colaboraci\u00f3n de sanidad p\u00fablica-privada de Espa\u00f1a\u201d.<\/p>\n\n\n\n<p>A partir de junio, tras dejar de estar a disposici\u00f3n de las Autoridades Sanitarias, ha relatado como comenz\u00f3 la actividad ordinaria en condiciones de m\u00e1xima seguridad hasta la llegada de la segunda ola \u2013 llegando a situarse Burgos en el pico m\u00e1s alto de Espa\u00f1a -, momento en que Sacyl solicit\u00f3 una nueva colaboraci\u00f3n urgente y se llevaron a cabo en el hospital Recoletas m\u00e1s de 500 intervenciones quir\u00fargicas de diversa complejidad.<\/p>\n\n\n\n<p>Ha hecho tambi\u00e9n menci\u00f3n a como una vez superada la segunda ola, a partir de enero de 2021, la actividad asistencial se mantuvo tanto quir\u00fargica como hospitalaria \u201c con cierta normalidad, manteniendo las medidas de seguridad implantadas en nuestros Centros y colaborando puntualmente con el Sacyl cuando es&nbsp; necesario\u201d, ha rese\u00f1ado la Gerente.<\/p>\n\n\n\n<h4 class=\"wp-block-heading\"><strong>Actuaciones y medidas<\/strong><\/h4>\n\n\n\n<p>En referencia a las actuaciones llevadas a cabo, ha expuesto algunas de ellas como la puesta en marcha del Centro Coordinador de Covid-19 que sigue en funcionamiento para hacer el seguimiento a todos los pacientes positivos que est\u00e1n en sus domicilios y no precisan hospitalizaci\u00f3n.<\/p>\n\n\n\n<p>Asimismo, ha hecho referencia al Servicio de Videconsulta y Teleasistencia que tuvo una gran acogida por parte de los usuarios, permitiendo que pudieran estar en contacto con distintos especialistas, continuando as\u00ed sus tratamientos.<\/p>\n\n\n\n<p>Tambi\u00e9n ha hecho menci\u00f3n a la creaci\u00f3n de un Comit\u00e9 de seguimiento formado por preventivistas, epidemi\u00f3logos, intensivistas, anestesistas, los gerentes de todos los hospitales del Grupo Recoletas, gabinete de comunicaci\u00f3n y el presidente del Grupo, para marcar las pautas y recomendaciones diariamente.<\/p>\n\n\n\n<p>Y ha detallado el Plan de Seguridad con medidas que a\u00fan siguen vigentes y que est\u00e1 dando unos excelentes resultados.<\/p>\n\n\n\n<p>Pilar G\u00f3mez ha concluido expresando que \u201cuna vez m\u00e1s se ha demostrado que los hospitales del grupo Recoletas son una parte esencial del sistema de salud de Castilla y Le\u00f3n y el trabajo, lo logramos con el esfuerzo y la vocaci\u00f3n de todos y cada uno de los 300 trabajadores que forman parte del Hospital Recoletas Burgos de los que me siento muy orgullosa y satisfecha del trabajo que realizan\u201d.<\/p>\n","protected":false},"excerpt":{"rendered":"<p>Ha sido durante la participaci\u00f3n en el IV Congreso de la Organizaci\u00f3n Espa\u00f1ola de Hospitales y Servicios de Salud Ha puesto tambi\u00e9n en valor la calidad sanitaria y asistencial que desde el hospital Recoletas se presta a la poblaci\u00f3n burgalesa La gerente del Hospital Recoletas de Burgos, Pilar G\u00f3mez, ha participado en el IV Congreso [&hellip;]<\/p>\n","protected":false},"author":12,"featured_media":14689,"comment_status":"closed","ping_status":"closed","sticky":false,"template":"","format":"standard","meta":{"_acf_changed":false,"footnotes":""},"categories":[10],"tags":[3148,3150,3149,3151],"class_list":["post-14688","post","type-post","status-publish","format-standard","has-post-thumbnail","hentry","category-burgos","tag-covid19","tag-medidas","tag-pandemia","tag-pilar-gomez"],"acf":[],"yoast_head":"<!-- This site is optimized with the Yoast SEO Premium plugin v27.3 (Yoast SEO v27.3) - https:\/\/yoast.com\/product\/yoast-seo-premium-wordpress\/ -->\n<title>Pilar G\u00f3mez expone el Plan de Actuaci\u00f3n llevado a cabo durante la pandemia en Recoletas Burgos - Noticias Grupo Recoletas<\/title>\n<meta name=\"description\" content=\"La gerente del Hospital Recoletas de Burgos, Pilar G\u00f3mez, ha participado en el IV Congreso de la Organizaci\u00f3n Espa\u00f1ola de Hospitales y Servicios de Salud\" \/>\n<meta name=\"robots\" content=\"index, follow, max-snippet:-1, max-image-preview:large, max-video-preview:-1\" \/>\n<link rel=\"canonical\" href=\"https:\/\/www.gruporecoletas.com\/noticias\/pilar-gomez-expone-el-plan-de-actuacion-llevado-a-cabo-durante-la-pandemia-en-recoletas-burgos\/\" \/>\n<meta property=\"og:locale\" content=\"es_ES\" \/>\n<meta property=\"og:type\" content=\"article\" \/>\n<meta property=\"og:title\" content=\"Pilar G\u00f3mez expone el Plan de Actuaci\u00f3n llevado a cabo durante la pandemia en Recoletas Burgos\" \/>\n<meta property=\"og:description\" content=\"La gerente del Hospital Recoletas de Burgos, Pilar G\u00f3mez, ha participado en el IV Congreso de la Organizaci\u00f3n Espa\u00f1ola de Hospitales y Servicios de Salud\" \/>\n<meta property=\"og:url\" content=\"https:\/\/www.gruporecoletas.com\/noticias\/pilar-gomez-expone-el-plan-de-actuacion-llevado-a-cabo-durante-la-pandemia-en-recoletas-burgos\/\" \/>\n<meta property=\"og:site_name\" content=\"Noticias Grupo Recoletas\" \/>\n<meta property=\"article:publisher\" content=\"https:\/\/www.facebook.com\/GrupoRecoletas\/\" \/>\n<meta property=\"article:published_time\" content=\"2021-05-28T10:32:38+00:00\" \/>\n<meta property=\"article:modified_time\" content=\"2021-05-28T10:32:39+00:00\" \/>\n<meta property=\"og:image\" content=\"https:\/\/www.gruporecoletas.com\/noticias\/wp-content\/uploads\/2021\/05\/POST-3.jpg\" \/>\n\t<meta property=\"og:image:width\" content=\"1366\" \/>\n\t<meta property=\"og:image:height\" content=\"768\" \/>\n\t<meta property=\"og:image:type\" content=\"image\/jpeg\" \/>\n<meta name=\"author\" content=\"Andrea\" \/>\n<meta name=\"twitter:card\" content=\"summary_large_image\" \/>\n<meta name=\"twitter:creator\" content=\"@GrupoRecoletas\" \/>\n<meta name=\"twitter:site\" content=\"@GrupoRecoletas\" \/>\n<meta name=\"twitter:label1\" content=\"Escrito por\" \/>\n\t<meta name=\"twitter:data1\" content=\"Andrea\" \/>\n\t<meta name=\"twitter:label2\" content=\"Tiempo de lectura\" \/>\n\t<meta name=\"twitter:data2\" content=\"4 minutos\" \/>\n<script type=\"application\/ld+json\" class=\"yoast-schema-graph\">{\"@context\":\"https:\\\/\\\/schema.org\",\"@graph\":[{\"@type\":\"Article\",\"@id\":\"https:\\\/\\\/www.gruporecoletas.com\\\/noticias\\\/pilar-gomez-expone-el-plan-de-actuacion-llevado-a-cabo-durante-la-pandemia-en-recoletas-burgos\\\/#article\",\"isPartOf\":{\"@id\":\"https:\\\/\\\/www.gruporecoletas.com\\\/noticias\\\/pilar-gomez-expone-el-plan-de-actuacion-llevado-a-cabo-durante-la-pandemia-en-recoletas-burgos\\\/\"},\"author\":{\"name\":\"Andrea\",\"@id\":\"https:\\\/\\\/www.gruporecoletas.com\\\/noticias\\\/#\\\/schema\\\/person\\\/06ae47abe132337b3d64d46e6a153a44\"},\"headline\":\"Pilar G\u00f3mez expone el Plan de Actuaci\u00f3n llevado a cabo durante la pandemia en Recoletas Burgos\",\"datePublished\":\"2021-05-28T10:32:38+00:00\",\"dateModified\":\"2021-05-28T10:32:39+00:00\",\"mainEntityOfPage\":{\"@id\":\"https:\\\/\\\/www.gruporecoletas.com\\\/noticias\\\/pilar-gomez-expone-el-plan-de-actuacion-llevado-a-cabo-durante-la-pandemia-en-recoletas-burgos\\\/\"},\"wordCount\":751,\"image\":{\"@id\":\"https:\\\/\\\/www.gruporecoletas.com\\\/noticias\\\/pilar-gomez-expone-el-plan-de-actuacion-llevado-a-cabo-durante-la-pandemia-en-recoletas-burgos\\\/#primaryimage\"},\"thumbnailUrl\":\"https:\\\/\\\/www.gruporecoletas.com\\\/noticias\\\/wp-content\\\/uploads\\\/2021\\\/05\\\/POST-3.jpg\",\"keywords\":[\"covid19\",\"Medidas\",\"Pandemia\",\"Pilar G\u00f3mez\"],\"articleSection\":[\"Burgos\"],\"inLanguage\":\"es\"},{\"@type\":\"WebPage\",\"@id\":\"https:\\\/\\\/www.gruporecoletas.com\\\/noticias\\\/pilar-gomez-expone-el-plan-de-actuacion-llevado-a-cabo-durante-la-pandemia-en-recoletas-burgos\\\/\",\"url\":\"https:\\\/\\\/www.gruporecoletas.com\\\/noticias\\\/pilar-gomez-expone-el-plan-de-actuacion-llevado-a-cabo-durante-la-pandemia-en-recoletas-burgos\\\/\",\"name\":\"Pilar G\u00f3mez expone el Plan de Actuaci\u00f3n llevado a cabo durante la pandemia en Recoletas Burgos - Noticias Grupo Recoletas\",\"isPartOf\":{\"@id\":\"https:\\\/\\\/www.gruporecoletas.com\\\/noticias\\\/#website\"},\"primaryImageOfPage\":{\"@id\":\"https:\\\/\\\/www.gruporecoletas.com\\\/noticias\\\/pilar-gomez-expone-el-plan-de-actuacion-llevado-a-cabo-durante-la-pandemia-en-recoletas-burgos\\\/#primaryimage\"},\"image\":{\"@id\":\"https:\\\/\\\/www.gruporecoletas.com\\\/noticias\\\/pilar-gomez-expone-el-plan-de-actuacion-llevado-a-cabo-durante-la-pandemia-en-recoletas-burgos\\\/#primaryimage\"},\"thumbnailUrl\":\"https:\\\/\\\/www.gruporecoletas.com\\\/noticias\\\/wp-content\\\/uploads\\\/2021\\\/05\\\/POST-3.jpg\",\"datePublished\":\"2021-05-28T10:32:38+00:00\",\"dateModified\":\"2021-05-28T10:32:39+00:00\",\"author\":{\"@id\":\"https:\\\/\\\/www.gruporecoletas.com\\\/noticias\\\/#\\\/schema\\\/person\\\/06ae47abe132337b3d64d46e6a153a44\"},\"description\":\"La gerente del Hospital Recoletas de Burgos, Pilar G\u00f3mez, ha participado en el IV Congreso de la Organizaci\u00f3n Espa\u00f1ola de Hospitales y Servicios de Salud\",\"breadcrumb\":{\"@id\":\"https:\\\/\\\/www.gruporecoletas.com\\\/noticias\\\/pilar-gomez-expone-el-plan-de-actuacion-llevado-a-cabo-durante-la-pandemia-en-recoletas-burgos\\\/#breadcrumb\"},\"inLanguage\":\"es\",\"potentialAction\":[{\"@type\":\"ReadAction\",\"target\":[\"https:\\\/\\\/www.gruporecoletas.com\\\/noticias\\\/pilar-gomez-expone-el-plan-de-actuacion-llevado-a-cabo-durante-la-pandemia-en-recoletas-burgos\\\/\"]}]},{\"@type\":\"ImageObject\",\"inLanguage\":\"es\",\"@id\":\"https:\\\/\\\/www.gruporecoletas.com\\\/noticias\\\/pilar-gomez-expone-el-plan-de-actuacion-llevado-a-cabo-durante-la-pandemia-en-recoletas-burgos\\\/#primaryimage\",\"url\":\"https:\\\/\\\/www.gruporecoletas.com\\\/noticias\\\/wp-content\\\/uploads\\\/2021\\\/05\\\/POST-3.jpg\",\"contentUrl\":\"https:\\\/\\\/www.gruporecoletas.com\\\/noticias\\\/wp-content\\\/uploads\\\/2021\\\/05\\\/POST-3.jpg\",\"width\":1366,\"height\":768,\"caption\":\"Plan de actuaci\u00f3n llevado a cabo durante la pandemia. Hospital Recoletas Burgos\"},{\"@type\":\"BreadcrumbList\",\"@id\":\"https:\\\/\\\/www.gruporecoletas.com\\\/noticias\\\/pilar-gomez-expone-el-plan-de-actuacion-llevado-a-cabo-durante-la-pandemia-en-recoletas-burgos\\\/#breadcrumb\",\"itemListElement\":[{\"@type\":\"ListItem\",\"position\":1,\"name\":\"Portada\",\"item\":\"https:\\\/\\\/www.gruporecoletas.com\\\/noticias\\\/\"},{\"@type\":\"ListItem\",\"position\":2,\"name\":\"Pilar G\u00f3mez expone el Plan de Actuaci\u00f3n llevado a cabo durante la pandemia en Recoletas Burgos\"}]},{\"@type\":\"WebSite\",\"@id\":\"https:\\\/\\\/www.gruporecoletas.com\\\/noticias\\\/#website\",\"url\":\"https:\\\/\\\/www.gruporecoletas.com\\\/noticias\\\/\",\"name\":\"Noticias Grupo Recoletas\",\"description\":\"Grupo Recoletas\",\"potentialAction\":[{\"@type\":\"SearchAction\",\"target\":{\"@type\":\"EntryPoint\",\"urlTemplate\":\"https:\\\/\\\/www.gruporecoletas.com\\\/noticias\\\/?s={search_term_string}\"},\"query-input\":{\"@type\":\"PropertyValueSpecification\",\"valueRequired\":true,\"valueName\":\"search_term_string\"}}],\"inLanguage\":\"es\"},{\"@type\":\"Person\",\"@id\":\"https:\\\/\\\/www.gruporecoletas.com\\\/noticias\\\/#\\\/schema\\\/person\\\/06ae47abe132337b3d64d46e6a153a44\",\"name\":\"Andrea\",\"url\":\"https:\\\/\\\/www.gruporecoletas.com\\\/noticias\\\/author\\\/andrea\\\/\"}]}<\/script>\n<!-- \/ Yoast SEO Premium plugin. -->","yoast_head_json":{"title":"Pilar G\u00f3mez expone el Plan de Actuaci\u00f3n llevado a cabo durante la pandemia en Recoletas Burgos - Noticias Grupo Recoletas","description":"La gerente del Hospital Recoletas de Burgos, Pilar G\u00f3mez, ha participado en el IV Congreso de la Organizaci\u00f3n Espa\u00f1ola de Hospitales y Servicios de Salud","robots":{"index":"index","follow":"follow","max-snippet":"max-snippet:-1","max-image-preview":"max-image-preview:large","max-video-preview":"max-video-preview:-1"},"canonical":"https:\/\/www.gruporecoletas.com\/noticias\/pilar-gomez-expone-el-plan-de-actuacion-llevado-a-cabo-durante-la-pandemia-en-recoletas-burgos\/","og_locale":"es_ES","og_type":"article","og_title":"Pilar G\u00f3mez expone el Plan de Actuaci\u00f3n llevado a cabo durante la pandemia en Recoletas Burgos","og_description":"La gerente del Hospital Recoletas de Burgos, Pilar G\u00f3mez, ha participado en el IV Congreso de la Organizaci\u00f3n Espa\u00f1ola de Hospitales y Servicios de Salud","og_url":"https:\/\/www.gruporecoletas.com\/noticias\/pilar-gomez-expone-el-plan-de-actuacion-llevado-a-cabo-durante-la-pandemia-en-recoletas-burgos\/","og_site_name":"Noticias Grupo Recoletas","article_publisher":"https:\/\/www.facebook.com\/GrupoRecoletas\/","article_published_time":"2021-05-28T10:32:38+00:00","article_modified_time":"2021-05-28T10:32:39+00:00","og_image":[{"width":1366,"height":768,"url":"https:\/\/www.gruporecoletas.com\/noticias\/wp-content\/uploads\/2021\/05\/POST-3.jpg","type":"image\/jpeg"}],"author":"Andrea","twitter_card":"summary_large_image","twitter_creator":"@GrupoRecoletas","twitter_site":"@GrupoRecoletas","twitter_misc":{"Escrito por":"Andrea","Tiempo de lectura":"4 minutos"},"schema":{"@context":"https:\/\/schema.org","@graph":[{"@type":"Article","@id":"https:\/\/www.gruporecoletas.com\/noticias\/pilar-gomez-expone-el-plan-de-actuacion-llevado-a-cabo-durante-la-pandemia-en-recoletas-burgos\/#article","isPartOf":{"@id":"https:\/\/www.gruporecoletas.com\/noticias\/pilar-gomez-expone-el-plan-de-actuacion-llevado-a-cabo-durante-la-pandemia-en-recoletas-burgos\/"},"author":{"name":"Andrea","@id":"https:\/\/www.gruporecoletas.com\/noticias\/#\/schema\/person\/06ae47abe132337b3d64d46e6a153a44"},"headline":"Pilar G\u00f3mez expone el Plan de Actuaci\u00f3n llevado a cabo durante la pandemia en Recoletas Burgos","datePublished":"2021-05-28T10:32:38+00:00","dateModified":"2021-05-28T10:32:39+00:00","mainEntityOfPage":{"@id":"https:\/\/www.gruporecoletas.com\/noticias\/pilar-gomez-expone-el-plan-de-actuacion-llevado-a-cabo-durante-la-pandemia-en-recoletas-burgos\/"},"wordCount":751,"image":{"@id":"https:\/\/www.gruporecoletas.com\/noticias\/pilar-gomez-expone-el-plan-de-actuacion-llevado-a-cabo-durante-la-pandemia-en-recoletas-burgos\/#primaryimage"},"thumbnailUrl":"https:\/\/www.gruporecoletas.com\/noticias\/wp-content\/uploads\/2021\/05\/POST-3.jpg","keywords":["covid19","Medidas","Pandemia","Pilar G\u00f3mez"],"articleSection":["Burgos"],"inLanguage":"es"},{"@type":"WebPage","@id":"https:\/\/www.gruporecoletas.com\/noticias\/pilar-gomez-expone-el-plan-de-actuacion-llevado-a-cabo-durante-la-pandemia-en-recoletas-burgos\/","url":"https:\/\/www.gruporecoletas.com\/noticias\/pilar-gomez-expone-el-plan-de-actuacion-llevado-a-cabo-durante-la-pandemia-en-recoletas-burgos\/","name":"Pilar G\u00f3mez expone el Plan de Actuaci\u00f3n llevado a cabo durante la pandemia en Recoletas Burgos - Noticias Grupo Recoletas","isPartOf":{"@id":"https:\/\/www.gruporecoletas.com\/noticias\/#website"},"primaryImageOfPage":{"@id":"https:\/\/www.gruporecoletas.com\/noticias\/pilar-gomez-expone-el-plan-de-actuacion-llevado-a-cabo-durante-la-pandemia-en-recoletas-burgos\/#primaryimage"},"image":{"@id":"https:\/\/www.gruporecoletas.com\/noticias\/pilar-gomez-expone-el-plan-de-actuacion-llevado-a-cabo-durante-la-pandemia-en-recoletas-burgos\/#primaryimage"},"thumbnailUrl":"https:\/\/www.gruporecoletas.com\/noticias\/wp-content\/uploads\/2021\/05\/POST-3.jpg","datePublished":"2021-05-28T10:32:38+00:00","dateModified":"2021-05-28T10:32:39+00:00","author":{"@id":"https:\/\/www.gruporecoletas.com\/noticias\/#\/schema\/person\/06ae47abe132337b3d64d46e6a153a44"},"description":"La gerente del Hospital Recoletas de Burgos, Pilar G\u00f3mez, ha participado en el IV Congreso de la Organizaci\u00f3n Espa\u00f1ola de Hospitales y Servicios de Salud","breadcrumb":{"@id":"https:\/\/www.gruporecoletas.com\/noticias\/pilar-gomez-expone-el-plan-de-actuacion-llevado-a-cabo-durante-la-pandemia-en-recoletas-burgos\/#breadcrumb"},"inLanguage":"es","potentialAction":[{"@type":"ReadAction","target":["https:\/\/www.gruporecoletas.com\/noticias\/pilar-gomez-expone-el-plan-de-actuacion-llevado-a-cabo-durante-la-pandemia-en-recoletas-burgos\/"]}]},{"@type":"ImageObject","inLanguage":"es","@id":"https:\/\/www.gruporecoletas.com\/noticias\/pilar-gomez-expone-el-plan-de-actuacion-llevado-a-cabo-durante-la-pandemia-en-recoletas-burgos\/#primaryimage","url":"https:\/\/www.gruporecoletas.com\/noticias\/wp-content\/uploads\/2021\/05\/POST-3.jpg","contentUrl":"https:\/\/www.gruporecoletas.com\/noticias\/wp-content\/uploads\/2021\/05\/POST-3.jpg","width":1366,"height":768,"caption":"Plan de actuaci\u00f3n llevado a cabo durante la pandemia. Hospital Recoletas Burgos"},{"@type":"BreadcrumbList","@id":"https:\/\/www.gruporecoletas.com\/noticias\/pilar-gomez-expone-el-plan-de-actuacion-llevado-a-cabo-durante-la-pandemia-en-recoletas-burgos\/#breadcrumb","itemListElement":[{"@type":"ListItem","position":1,"name":"Portada","item":"https:\/\/www.gruporecoletas.com\/noticias\/"},{"@type":"ListItem","position":2,"name":"Pilar G\u00f3mez expone el Plan de Actuaci\u00f3n llevado a cabo durante la pandemia en Recoletas Burgos"}]},{"@type":"WebSite","@id":"https:\/\/www.gruporecoletas.com\/noticias\/#website","url":"https:\/\/www.gruporecoletas.com\/noticias\/","name":"Noticias Grupo Recoletas","description":"Grupo Recoletas","potentialAction":[{"@type":"SearchAction","target":{"@type":"EntryPoint","urlTemplate":"https:\/\/www.gruporecoletas.com\/noticias\/?s={search_term_string}"},"query-input":{"@type":"PropertyValueSpecification","valueRequired":true,"valueName":"search_term_string"}}],"inLanguage":"es"},{"@type":"Person","@id":"https:\/\/www.gruporecoletas.com\/noticias\/#\/schema\/person\/06ae47abe132337b3d64d46e6a153a44","name":"Andrea","url":"https:\/\/www.gruporecoletas.com\/noticias\/author\/andrea\/"}]}},"_links":{"self":[{"href":"https:\/\/www.gruporecoletas.com\/noticias\/wp-json\/wp\/v2\/posts\/14688","targetHints":{"allow":["GET"]}}],"collection":[{"href":"https:\/\/www.gruporecoletas.com\/noticias\/wp-json\/wp\/v2\/posts"}],"about":[{"href":"https:\/\/www.gruporecoletas.com\/noticias\/wp-json\/wp\/v2\/types\/post"}],"author":[{"embeddable":true,"href":"https:\/\/www.gruporecoletas.com\/noticias\/wp-json\/wp\/v2\/users\/12"}],"replies":[{"embeddable":true,"href":"https:\/\/www.gruporecoletas.com\/noticias\/wp-json\/wp\/v2\/comments?post=14688"}],"version-history":[{"count":1,"href":"https:\/\/www.gruporecoletas.com\/noticias\/wp-json\/wp\/v2\/posts\/14688\/revisions"}],"predecessor-version":[{"id":14690,"href":"https:\/\/www.gruporecoletas.com\/noticias\/wp-json\/wp\/v2\/posts\/14688\/revisions\/14690"}],"wp:featuredmedia":[{"embeddable":true,"href":"https:\/\/www.gruporecoletas.com\/noticias\/wp-json\/wp\/v2\/media\/14689"}],"wp:attachment":[{"href":"https:\/\/www.gruporecoletas.com\/noticias\/wp-json\/wp\/v2\/media?parent=14688"}],"wp:term":[{"taxonomy":"category","embeddable":true,"href":"https:\/\/www.gruporecoletas.com\/noticias\/wp-json\/wp\/v2\/categories?post=14688"},{"taxonomy":"post_tag","embeddable":true,"href":"https:\/\/www.gruporecoletas.com\/noticias\/wp-json\/wp\/v2\/tags?post=14688"}],"curies":[{"name":"wp","href":"https:\/\/api.w.org\/{rel}","templated":true}]}}