{"id":14718,"date":"2021-06-14T14:13:36","date_gmt":"2021-06-14T12:13:36","guid":{"rendered":"https:\/\/www.gruporecoletas.com\/noticias\/?p=14718"},"modified":"2021-06-14T14:13:38","modified_gmt":"2021-06-14T12:13:38","slug":"los-hospitales-recoletas-convocan-su-primer-concurso-de-fotografia-sobre-naturaleza-y-salud","status":"publish","type":"post","link":"https:\/\/www.gruporecoletas.com\/noticias\/los-hospitales-recoletas-convocan-su-primer-concurso-de-fotografia-sobre-naturaleza-y-salud\/","title":{"rendered":"Los hospitales Recoletas convocan su primer concurso de fotograf\u00eda sobre naturaleza y salud"},"content":{"rendered":"\n<h5 class=\"has-text-align-center wp-block-heading\"><strong><em>Dirigido a todo su personal y pacientes con el objetivo de promocionar el cuidado medioambiental como fuente de salud para la sociedad<\/em><\/strong><\/h5>\n\n\n\n<p>Con motivo del D\u00eda Mundial del Medio Ambiente, que se ha celebrado el pasado s\u00e1bado, 5 de junio, el Grupo Recoletas ha convocado un concurso de fotograf\u00eda para pacientes y empleados de todos sus centros y hospitales, bajo el t\u00edtulo \u201cMas Salud, Mejor Planeta\u201d.<\/p>\n\n\n\n<p>El concurso, que nace con vocaci\u00f3n de continuidad en el tiempo, pretende poner en valor la importancia de vivir en ciudades saludables, que respeten la Naturaleza y fomenten el cuidado medioambiental.<\/p>\n\n\n\n<p>Recoletas Red Hospitalaria es parte activa de la sociedad de las ciudades en las que tiene presencia, ciudades con un importante patrimonio natural, que se debe proteger y preservar por razones ambientales, pero tambi\u00e9n por razones de salud, ya que son muchos los beneficios que supone a la poblaci\u00f3n vivir en entornos saludables.<\/p>\n\n\n\n<p><strong><u>Bases<\/u><\/strong><\/p>\n\n\n\n<p>Los interesados en participar en este concurso podr\u00e1n presentar un m\u00e1ximo de dos fotograf\u00edas a color, en formato jpg, con un tama\u00f1o m\u00ednimo de 1500&#215;2300 p\u00edxeles .<\/p>\n\n\n\n<p>Las fotograf\u00edas no podr\u00e1n haber sido premiadas con anterioridad en ning\u00fan otro certamen y deber\u00e1n tratar aspectos relacionados con el Medio Ambiente, la Naturaleza y los recursos naturales de cada una de las ciudades en las que Recoletas est\u00e1 presente: Valladolid, Burgos, Zamora, Palencia, Segovia, Ponferrada y Cuenca.<\/p>\n\n\n\n<p>Todos aquellos que quieran participar deber\u00e1n inscribirse en la siguiente direcci\u00f3n web: <a href=\"http:\/\/www.gruporecoletas.com\/concurso-fotografia\/\">http:\/\/www.gruporecoletas.com\/concurso-fotografia\/<\/a>, antes del pr\u00f3ximo 1 de septiembre de 2021.<\/p>\n\n\n\n<p>En esa direcci\u00f3n deber\u00e1n cumplimentar sus datos personales y adjuntar las fotograf\u00edas a concurso.<\/p>\n\n\n\n<p>A partir del 1 de septiembre, se reunir\u00e1 el jurado, que estar\u00e1 presidido por el gerente del hospital, y se decidir\u00e1n los tres ganadores del concurso.<\/p>\n\n\n\n<p>El d\u00eda 15 de septiembre se har\u00e1 entrega de los premios a los ganadores, quienes recibir\u00e1n un pack de ropa deportiva ecol\u00f3gica.<\/p>\n\n\n\n<p>El conjunto de todas las fotograf\u00edas premiadas de todos los hospitales formar\u00e1 parte de una exposici\u00f3n itinerante que recorrer\u00e1 todas las ciudades que forman parte de Recoletas Red Hospitalaria.<\/p>\n","protected":false},"excerpt":{"rendered":"<p>Dirigido a todo su personal y pacientes con el objetivo de promocionar el cuidado medioambiental como fuente de salud para la sociedad Con motivo del D\u00eda Mundial del Medio Ambiente, que se ha celebrado el pasado s\u00e1bado, 5 de junio, el Grupo Recoletas ha convocado un concurso de fotograf\u00eda para pacientes y empleados de todos [&hellip;]<\/p>\n","protected":false},"author":12,"featured_media":14719,"comment_status":"closed","ping_status":"closed","sticky":false,"template":"","format":"standard","meta":{"_acf_changed":false,"footnotes":""},"categories":[1],"tags":[3159,3160,3157],"class_list":["post-14718","post","type-post","status-publish","format-standard","has-post-thumbnail","hentry","category-grupo-recoletas","tag-fotografia","tag-medio-ambiente","tag-salud"],"acf":[],"yoast_head":"<!-- This site is optimized with the Yoast SEO Premium plugin v27.3 (Yoast SEO v27.3) - https:\/\/yoast.com\/product\/yoast-seo-premium-wordpress\/ -->\n<title>Los hospitales Recoletas convocan su primer concurso de fotograf\u00eda sobre naturaleza y salud - Noticias Grupo Recoletas<\/title>\n<meta name=\"robots\" content=\"index, follow, max-snippet:-1, max-image-preview:large, max-video-preview:-1\" \/>\n<link rel=\"canonical\" href=\"https:\/\/www.gruporecoletas.com\/noticias\/los-hospitales-recoletas-convocan-su-primer-concurso-de-fotografia-sobre-naturaleza-y-salud\/\" \/>\n<meta property=\"og:locale\" content=\"es_ES\" \/>\n<meta property=\"og:type\" content=\"article\" \/>\n<meta property=\"og:title\" content=\"Los hospitales Recoletas convocan su primer concurso de fotograf\u00eda sobre naturaleza y salud\" \/>\n<meta property=\"og:description\" content=\"Dirigido a todo su personal y pacientes con el objetivo de promocionar el cuidado medioambiental como fuente de salud para la sociedad Con motivo del D\u00eda Mundial del Medio Ambiente, que se ha celebrado el pasado s\u00e1bado, 5 de junio, el Grupo Recoletas ha convocado un concurso de fotograf\u00eda para pacientes y empleados de todos [&hellip;]\" \/>\n<meta property=\"og:url\" content=\"https:\/\/www.gruporecoletas.com\/noticias\/los-hospitales-recoletas-convocan-su-primer-concurso-de-fotografia-sobre-naturaleza-y-salud\/\" \/>\n<meta property=\"og:site_name\" content=\"Noticias Grupo Recoletas\" \/>\n<meta property=\"article:publisher\" content=\"https:\/\/www.facebook.com\/GrupoRecoletas\/\" \/>\n<meta property=\"article:published_time\" content=\"2021-06-14T12:13:36+00:00\" \/>\n<meta property=\"article:modified_time\" content=\"2021-06-14T12:13:38+00:00\" \/>\n<meta property=\"og:image\" content=\"https:\/\/www.gruporecoletas.com\/noticias\/wp-content\/uploads\/2021\/06\/jpg-post.jpg\" \/>\n\t<meta property=\"og:image:width\" content=\"1366\" \/>\n\t<meta property=\"og:image:height\" content=\"768\" \/>\n\t<meta property=\"og:image:type\" content=\"image\/jpeg\" \/>\n<meta name=\"author\" content=\"Andrea\" \/>\n<meta name=\"twitter:card\" content=\"summary_large_image\" \/>\n<meta name=\"twitter:creator\" content=\"@GrupoRecoletas\" \/>\n<meta name=\"twitter:site\" content=\"@GrupoRecoletas\" \/>\n<meta name=\"twitter:label1\" content=\"Escrito por\" \/>\n\t<meta name=\"twitter:data1\" content=\"Andrea\" \/>\n\t<meta name=\"twitter:label2\" content=\"Tiempo de lectura\" \/>\n\t<meta name=\"twitter:data2\" content=\"2 minutos\" \/>\n<script type=\"application\/ld+json\" class=\"yoast-schema-graph\">{\"@context\":\"https:\\\/\\\/schema.org\",\"@graph\":[{\"@type\":\"Article\",\"@id\":\"https:\\\/\\\/www.gruporecoletas.com\\\/noticias\\\/los-hospitales-recoletas-convocan-su-primer-concurso-de-fotografia-sobre-naturaleza-y-salud\\\/#article\",\"isPartOf\":{\"@id\":\"https:\\\/\\\/www.gruporecoletas.com\\\/noticias\\\/los-hospitales-recoletas-convocan-su-primer-concurso-de-fotografia-sobre-naturaleza-y-salud\\\/\"},\"author\":{\"name\":\"Andrea\",\"@id\":\"https:\\\/\\\/www.gruporecoletas.com\\\/noticias\\\/#\\\/schema\\\/person\\\/06ae47abe132337b3d64d46e6a153a44\"},\"headline\":\"Los hospitales Recoletas convocan su primer concurso de fotograf\u00eda sobre naturaleza y salud\",\"datePublished\":\"2021-06-14T12:13:36+00:00\",\"dateModified\":\"2021-06-14T12:13:38+00:00\",\"mainEntityOfPage\":{\"@id\":\"https:\\\/\\\/www.gruporecoletas.com\\\/noticias\\\/los-hospitales-recoletas-convocan-su-primer-concurso-de-fotografia-sobre-naturaleza-y-salud\\\/\"},\"wordCount\":379,\"image\":{\"@id\":\"https:\\\/\\\/www.gruporecoletas.com\\\/noticias\\\/los-hospitales-recoletas-convocan-su-primer-concurso-de-fotografia-sobre-naturaleza-y-salud\\\/#primaryimage\"},\"thumbnailUrl\":\"https:\\\/\\\/www.gruporecoletas.com\\\/noticias\\\/wp-content\\\/uploads\\\/2021\\\/06\\\/jpg-post.jpg\",\"keywords\":[\"fotograf\u00eda\",\"medio ambiente\",\"salud\"],\"articleSection\":[\"Grupo Recoletas\"],\"inLanguage\":\"es\"},{\"@type\":\"WebPage\",\"@id\":\"https:\\\/\\\/www.gruporecoletas.com\\\/noticias\\\/los-hospitales-recoletas-convocan-su-primer-concurso-de-fotografia-sobre-naturaleza-y-salud\\\/\",\"url\":\"https:\\\/\\\/www.gruporecoletas.com\\\/noticias\\\/los-hospitales-recoletas-convocan-su-primer-concurso-de-fotografia-sobre-naturaleza-y-salud\\\/\",\"name\":\"Los hospitales Recoletas convocan su primer concurso de fotograf\u00eda sobre naturaleza y salud - Noticias Grupo Recoletas\",\"isPartOf\":{\"@id\":\"https:\\\/\\\/www.gruporecoletas.com\\\/noticias\\\/#website\"},\"primaryImageOfPage\":{\"@id\":\"https:\\\/\\\/www.gruporecoletas.com\\\/noticias\\\/los-hospitales-recoletas-convocan-su-primer-concurso-de-fotografia-sobre-naturaleza-y-salud\\\/#primaryimage\"},\"image\":{\"@id\":\"https:\\\/\\\/www.gruporecoletas.com\\\/noticias\\\/los-hospitales-recoletas-convocan-su-primer-concurso-de-fotografia-sobre-naturaleza-y-salud\\\/#primaryimage\"},\"thumbnailUrl\":\"https:\\\/\\\/www.gruporecoletas.com\\\/noticias\\\/wp-content\\\/uploads\\\/2021\\\/06\\\/jpg-post.jpg\",\"datePublished\":\"2021-06-14T12:13:36+00:00\",\"dateModified\":\"2021-06-14T12:13:38+00:00\",\"author\":{\"@id\":\"https:\\\/\\\/www.gruporecoletas.com\\\/noticias\\\/#\\\/schema\\\/person\\\/06ae47abe132337b3d64d46e6a153a44\"},\"breadcrumb\":{\"@id\":\"https:\\\/\\\/www.gruporecoletas.com\\\/noticias\\\/los-hospitales-recoletas-convocan-su-primer-concurso-de-fotografia-sobre-naturaleza-y-salud\\\/#breadcrumb\"},\"inLanguage\":\"es\",\"potentialAction\":[{\"@type\":\"ReadAction\",\"target\":[\"https:\\\/\\\/www.gruporecoletas.com\\\/noticias\\\/los-hospitales-recoletas-convocan-su-primer-concurso-de-fotografia-sobre-naturaleza-y-salud\\\/\"]}]},{\"@type\":\"ImageObject\",\"inLanguage\":\"es\",\"@id\":\"https:\\\/\\\/www.gruporecoletas.com\\\/noticias\\\/los-hospitales-recoletas-convocan-su-primer-concurso-de-fotografia-sobre-naturaleza-y-salud\\\/#primaryimage\",\"url\":\"https:\\\/\\\/www.gruporecoletas.com\\\/noticias\\\/wp-content\\\/uploads\\\/2021\\\/06\\\/jpg-post.jpg\",\"contentUrl\":\"https:\\\/\\\/www.gruporecoletas.com\\\/noticias\\\/wp-content\\\/uploads\\\/2021\\\/06\\\/jpg-post.jpg\",\"width\":1366,\"height\":768,\"caption\":\"Concurso fotogr\u00e1fico Salud y Medio Ambiente. Grupo Recoletas\"},{\"@type\":\"BreadcrumbList\",\"@id\":\"https:\\\/\\\/www.gruporecoletas.com\\\/noticias\\\/los-hospitales-recoletas-convocan-su-primer-concurso-de-fotografia-sobre-naturaleza-y-salud\\\/#breadcrumb\",\"itemListElement\":[{\"@type\":\"ListItem\",\"position\":1,\"name\":\"Portada\",\"item\":\"https:\\\/\\\/www.gruporecoletas.com\\\/noticias\\\/\"},{\"@type\":\"ListItem\",\"position\":2,\"name\":\"Los hospitales Recoletas convocan su primer concurso de fotograf\u00eda sobre naturaleza y salud\"}]},{\"@type\":\"WebSite\",\"@id\":\"https:\\\/\\\/www.gruporecoletas.com\\\/noticias\\\/#website\",\"url\":\"https:\\\/\\\/www.gruporecoletas.com\\\/noticias\\\/\",\"name\":\"Noticias Grupo Recoletas\",\"description\":\"Grupo Recoletas\",\"potentialAction\":[{\"@type\":\"SearchAction\",\"target\":{\"@type\":\"EntryPoint\",\"urlTemplate\":\"https:\\\/\\\/www.gruporecoletas.com\\\/noticias\\\/?s={search_term_string}\"},\"query-input\":{\"@type\":\"PropertyValueSpecification\",\"valueRequired\":true,\"valueName\":\"search_term_string\"}}],\"inLanguage\":\"es\"},{\"@type\":\"Person\",\"@id\":\"https:\\\/\\\/www.gruporecoletas.com\\\/noticias\\\/#\\\/schema\\\/person\\\/06ae47abe132337b3d64d46e6a153a44\",\"name\":\"Andrea\",\"url\":\"https:\\\/\\\/www.gruporecoletas.com\\\/noticias\\\/author\\\/andrea\\\/\"}]}<\/script>\n<!-- \/ Yoast SEO Premium plugin. -->","yoast_head_json":{"title":"Los hospitales Recoletas convocan su primer concurso de fotograf\u00eda sobre naturaleza y salud - Noticias Grupo Recoletas","robots":{"index":"index","follow":"follow","max-snippet":"max-snippet:-1","max-image-preview":"max-image-preview:large","max-video-preview":"max-video-preview:-1"},"canonical":"https:\/\/www.gruporecoletas.com\/noticias\/los-hospitales-recoletas-convocan-su-primer-concurso-de-fotografia-sobre-naturaleza-y-salud\/","og_locale":"es_ES","og_type":"article","og_title":"Los hospitales Recoletas convocan su primer concurso de fotograf\u00eda sobre naturaleza y salud","og_description":"Dirigido a todo su personal y pacientes con el objetivo de promocionar el cuidado medioambiental como fuente de salud para la sociedad Con motivo del D\u00eda Mundial del Medio Ambiente, que se ha celebrado el pasado s\u00e1bado, 5 de junio, el Grupo Recoletas ha convocado un concurso de fotograf\u00eda para pacientes y empleados de todos [&hellip;]","og_url":"https:\/\/www.gruporecoletas.com\/noticias\/los-hospitales-recoletas-convocan-su-primer-concurso-de-fotografia-sobre-naturaleza-y-salud\/","og_site_name":"Noticias Grupo Recoletas","article_publisher":"https:\/\/www.facebook.com\/GrupoRecoletas\/","article_published_time":"2021-06-14T12:13:36+00:00","article_modified_time":"2021-06-14T12:13:38+00:00","og_image":[{"width":1366,"height":768,"url":"https:\/\/www.gruporecoletas.com\/noticias\/wp-content\/uploads\/2021\/06\/jpg-post.jpg","type":"image\/jpeg"}],"author":"Andrea","twitter_card":"summary_large_image","twitter_creator":"@GrupoRecoletas","twitter_site":"@GrupoRecoletas","twitter_misc":{"Escrito por":"Andrea","Tiempo de lectura":"2 minutos"},"schema":{"@context":"https:\/\/schema.org","@graph":[{"@type":"Article","@id":"https:\/\/www.gruporecoletas.com\/noticias\/los-hospitales-recoletas-convocan-su-primer-concurso-de-fotografia-sobre-naturaleza-y-salud\/#article","isPartOf":{"@id":"https:\/\/www.gruporecoletas.com\/noticias\/los-hospitales-recoletas-convocan-su-primer-concurso-de-fotografia-sobre-naturaleza-y-salud\/"},"author":{"name":"Andrea","@id":"https:\/\/www.gruporecoletas.com\/noticias\/#\/schema\/person\/06ae47abe132337b3d64d46e6a153a44"},"headline":"Los hospitales Recoletas convocan su primer concurso de fotograf\u00eda sobre naturaleza y salud","datePublished":"2021-06-14T12:13:36+00:00","dateModified":"2021-06-14T12:13:38+00:00","mainEntityOfPage":{"@id":"https:\/\/www.gruporecoletas.com\/noticias\/los-hospitales-recoletas-convocan-su-primer-concurso-de-fotografia-sobre-naturaleza-y-salud\/"},"wordCount":379,"image":{"@id":"https:\/\/www.gruporecoletas.com\/noticias\/los-hospitales-recoletas-convocan-su-primer-concurso-de-fotografia-sobre-naturaleza-y-salud\/#primaryimage"},"thumbnailUrl":"https:\/\/www.gruporecoletas.com\/noticias\/wp-content\/uploads\/2021\/06\/jpg-post.jpg","keywords":["fotograf\u00eda","medio ambiente","salud"],"articleSection":["Grupo Recoletas"],"inLanguage":"es"},{"@type":"WebPage","@id":"https:\/\/www.gruporecoletas.com\/noticias\/los-hospitales-recoletas-convocan-su-primer-concurso-de-fotografia-sobre-naturaleza-y-salud\/","url":"https:\/\/www.gruporecoletas.com\/noticias\/los-hospitales-recoletas-convocan-su-primer-concurso-de-fotografia-sobre-naturaleza-y-salud\/","name":"Los hospitales Recoletas convocan su primer concurso de fotograf\u00eda sobre naturaleza y salud - Noticias Grupo Recoletas","isPartOf":{"@id":"https:\/\/www.gruporecoletas.com\/noticias\/#website"},"primaryImageOfPage":{"@id":"https:\/\/www.gruporecoletas.com\/noticias\/los-hospitales-recoletas-convocan-su-primer-concurso-de-fotografia-sobre-naturaleza-y-salud\/#primaryimage"},"image":{"@id":"https:\/\/www.gruporecoletas.com\/noticias\/los-hospitales-recoletas-convocan-su-primer-concurso-de-fotografia-sobre-naturaleza-y-salud\/#primaryimage"},"thumbnailUrl":"https:\/\/www.gruporecoletas.com\/noticias\/wp-content\/uploads\/2021\/06\/jpg-post.jpg","datePublished":"2021-06-14T12:13:36+00:00","dateModified":"2021-06-14T12:13:38+00:00","author":{"@id":"https:\/\/www.gruporecoletas.com\/noticias\/#\/schema\/person\/06ae47abe132337b3d64d46e6a153a44"},"breadcrumb":{"@id":"https:\/\/www.gruporecoletas.com\/noticias\/los-hospitales-recoletas-convocan-su-primer-concurso-de-fotografia-sobre-naturaleza-y-salud\/#breadcrumb"},"inLanguage":"es","potentialAction":[{"@type":"ReadAction","target":["https:\/\/www.gruporecoletas.com\/noticias\/los-hospitales-recoletas-convocan-su-primer-concurso-de-fotografia-sobre-naturaleza-y-salud\/"]}]},{"@type":"ImageObject","inLanguage":"es","@id":"https:\/\/www.gruporecoletas.com\/noticias\/los-hospitales-recoletas-convocan-su-primer-concurso-de-fotografia-sobre-naturaleza-y-salud\/#primaryimage","url":"https:\/\/www.gruporecoletas.com\/noticias\/wp-content\/uploads\/2021\/06\/jpg-post.jpg","contentUrl":"https:\/\/www.gruporecoletas.com\/noticias\/wp-content\/uploads\/2021\/06\/jpg-post.jpg","width":1366,"height":768,"caption":"Concurso fotogr\u00e1fico Salud y Medio Ambiente. Grupo Recoletas"},{"@type":"BreadcrumbList","@id":"https:\/\/www.gruporecoletas.com\/noticias\/los-hospitales-recoletas-convocan-su-primer-concurso-de-fotografia-sobre-naturaleza-y-salud\/#breadcrumb","itemListElement":[{"@type":"ListItem","position":1,"name":"Portada","item":"https:\/\/www.gruporecoletas.com\/noticias\/"},{"@type":"ListItem","position":2,"name":"Los hospitales Recoletas convocan su primer concurso de fotograf\u00eda sobre naturaleza y salud"}]},{"@type":"WebSite","@id":"https:\/\/www.gruporecoletas.com\/noticias\/#website","url":"https:\/\/www.gruporecoletas.com\/noticias\/","name":"Noticias Grupo Recoletas","description":"Grupo Recoletas","potentialAction":[{"@type":"SearchAction","target":{"@type":"EntryPoint","urlTemplate":"https:\/\/www.gruporecoletas.com\/noticias\/?s={search_term_string}"},"query-input":{"@type":"PropertyValueSpecification","valueRequired":true,"valueName":"search_term_string"}}],"inLanguage":"es"},{"@type":"Person","@id":"https:\/\/www.gruporecoletas.com\/noticias\/#\/schema\/person\/06ae47abe132337b3d64d46e6a153a44","name":"Andrea","url":"https:\/\/www.gruporecoletas.com\/noticias\/author\/andrea\/"}]}},"_links":{"self":[{"href":"https:\/\/www.gruporecoletas.com\/noticias\/wp-json\/wp\/v2\/posts\/14718","targetHints":{"allow":["GET"]}}],"collection":[{"href":"https:\/\/www.gruporecoletas.com\/noticias\/wp-json\/wp\/v2\/posts"}],"about":[{"href":"https:\/\/www.gruporecoletas.com\/noticias\/wp-json\/wp\/v2\/types\/post"}],"author":[{"embeddable":true,"href":"https:\/\/www.gruporecoletas.com\/noticias\/wp-json\/wp\/v2\/users\/12"}],"replies":[{"embeddable":true,"href":"https:\/\/www.gruporecoletas.com\/noticias\/wp-json\/wp\/v2\/comments?post=14718"}],"version-history":[{"count":1,"href":"https:\/\/www.gruporecoletas.com\/noticias\/wp-json\/wp\/v2\/posts\/14718\/revisions"}],"predecessor-version":[{"id":14720,"href":"https:\/\/www.gruporecoletas.com\/noticias\/wp-json\/wp\/v2\/posts\/14718\/revisions\/14720"}],"wp:featuredmedia":[{"embeddable":true,"href":"https:\/\/www.gruporecoletas.com\/noticias\/wp-json\/wp\/v2\/media\/14719"}],"wp:attachment":[{"href":"https:\/\/www.gruporecoletas.com\/noticias\/wp-json\/wp\/v2\/media?parent=14718"}],"wp:term":[{"taxonomy":"category","embeddable":true,"href":"https:\/\/www.gruporecoletas.com\/noticias\/wp-json\/wp\/v2\/categories?post=14718"},{"taxonomy":"post_tag","embeddable":true,"href":"https:\/\/www.gruporecoletas.com\/noticias\/wp-json\/wp\/v2\/tags?post=14718"}],"curies":[{"name":"wp","href":"https:\/\/api.w.org\/{rel}","templated":true}]}}