{"id":14774,"date":"2021-07-12T13:27:08","date_gmt":"2021-07-12T11:27:08","guid":{"rendered":"https:\/\/www.gruporecoletas.com\/noticias\/?p=14774"},"modified":"2021-07-12T14:14:15","modified_gmt":"2021-07-12T12:14:15","slug":"el-equipo-de-baloncesto-femenino-pasa-a-llamarse-recoletas-zamora","status":"publish","type":"post","link":"https:\/\/www.gruporecoletas.com\/noticias\/el-equipo-de-baloncesto-femenino-pasa-a-llamarse-recoletas-zamora\/","title":{"rendered":"El equipo de baloncesto femenino pasa a llamarse \u201cRecoletas Zamora\u201d"},"content":{"rendered":"\n<h4 class=\"has-text-align-center wp-block-heading\"><em>El Grupo Recoletas pasa a ser el patrocinador principal del C.D Zamarat<\/em><\/h4>\n\n\n\n<p>El gerente del Hospital Recoletas Zamora, \u00d3scar Iglesias, ha firmado esta ma\u00f1ana con el presidente del Club Deportivo, Carlos Baz, el acuerdo de renovaci\u00f3n para las pr\u00f3ximas dos temporadas con el C.D Zamarat.<\/p>\n\n\n\n<p>El grupo hospitalario ser\u00e1 a partir de ahora el patrocinador principal del primer equipo de baloncesto femenino, d\u00e1ndole nombre al mismo, por lo que pasa a llamarse RECOLETAS ZAMORA. Contin\u00faa de esta manera brindando su apoyo para las campa\u00f1as 2021-2022 y 2022-2023.<\/p>\n\n\n\n<p>Ambas entidades han confirmado as\u00ed su compromiso, con una implicaci\u00f3n mayor del Grupo Recoletas en este proyecto. Una alianza que existe por parte de ambas entidades desde hace cuatro temporadas.<\/p>\n\n\n\n<p>Para el Gerente del Hospital Recoletas Zamora \u201ces un orgullo ampliar a\u00fan m\u00e1s nuestro compromiso siendo el principal patrocinador de un equipo deportivo de mujeres que es un referente en esta tierra y que ser\u00e1 uno de los grandes de la Liga Challenge.&nbsp; Estoy seguro que nos dar\u00e1n muchas tardes de gloria \u201c.<\/p>\n\n\n\n<p>Adem\u00e1s, \u00d3scar Iglesias ha querido resaltar el compromiso de Recoletas \u201cno s\u00f3lo con nuestro apoyo desde el punto de vista promocional, sino tambi\u00e9n con el cuadro m\u00e9dico del Hospital que cuenta con especialistas de alto nivel para cualquier necesidad que puedan tener sus jugadoras\u201d.<\/p>\n","protected":false},"excerpt":{"rendered":"<p>El Grupo Recoletas pasa a ser el patrocinador principal del C.D Zamarat El gerente del Hospital Recoletas Zamora, \u00d3scar Iglesias, ha firmado esta ma\u00f1ana con el presidente del Club Deportivo, Carlos Baz, el acuerdo de renovaci\u00f3n para las pr\u00f3ximas dos temporadas con el C.D Zamarat. El grupo hospitalario ser\u00e1 a partir de ahora el patrocinador [&hellip;]<\/p>\n","protected":false},"author":12,"featured_media":14775,"comment_status":"closed","ping_status":"closed","sticky":false,"template":"","format":"standard","meta":{"_acf_changed":false,"footnotes":""},"categories":[45],"tags":[3180,3181],"class_list":["post-14774","post","type-post","status-publish","format-standard","has-post-thumbnail","hentry","category-deporte","tag-baloncesto","tag-baloncesto-femenino"],"acf":[],"yoast_head":"<!-- This site is optimized with the Yoast SEO Premium plugin v27.3 (Yoast SEO v27.3) - https:\/\/yoast.com\/product\/yoast-seo-premium-wordpress\/ -->\n<title>El equipo de baloncesto femenino pasa a llamarse \u201cRecoletas Zamora\u201d - Noticias Grupo Recoletas<\/title>\n<meta name=\"robots\" content=\"index, follow, max-snippet:-1, max-image-preview:large, max-video-preview:-1\" \/>\n<link rel=\"canonical\" href=\"https:\/\/www.gruporecoletas.com\/noticias\/el-equipo-de-baloncesto-femenino-pasa-a-llamarse-recoletas-zamora\/\" \/>\n<meta property=\"og:locale\" content=\"es_ES\" \/>\n<meta property=\"og:type\" content=\"article\" \/>\n<meta property=\"og:title\" content=\"El equipo de baloncesto femenino pasa a llamarse \u201cRecoletas Zamora\u201d\" \/>\n<meta property=\"og:description\" content=\"El Grupo Recoletas pasa a ser el patrocinador principal del C.D Zamarat El gerente del Hospital Recoletas Zamora, \u00d3scar Iglesias, ha firmado esta ma\u00f1ana con el presidente del Club Deportivo, Carlos Baz, el acuerdo de renovaci\u00f3n para las pr\u00f3ximas dos temporadas con el C.D Zamarat. El grupo hospitalario ser\u00e1 a partir de ahora el patrocinador [&hellip;]\" \/>\n<meta property=\"og:url\" content=\"https:\/\/www.gruporecoletas.com\/noticias\/el-equipo-de-baloncesto-femenino-pasa-a-llamarse-recoletas-zamora\/\" \/>\n<meta property=\"og:site_name\" content=\"Noticias Grupo Recoletas\" \/>\n<meta property=\"article:publisher\" content=\"https:\/\/www.facebook.com\/GrupoRecoletas\/\" \/>\n<meta property=\"article:published_time\" content=\"2021-07-12T11:27:08+00:00\" \/>\n<meta property=\"article:modified_time\" content=\"2021-07-12T12:14:15+00:00\" \/>\n<meta property=\"og:image\" content=\"https:\/\/www.gruporecoletas.com\/noticias\/wp-content\/uploads\/2021\/07\/ndp-recoletas.jpg\" \/>\n\t<meta property=\"og:image:width\" content=\"1366\" \/>\n\t<meta property=\"og:image:height\" content=\"768\" \/>\n\t<meta property=\"og:image:type\" content=\"image\/jpeg\" \/>\n<meta name=\"author\" content=\"Andrea\" \/>\n<meta name=\"twitter:card\" content=\"summary_large_image\" \/>\n<meta name=\"twitter:creator\" content=\"@GrupoRecoletas\" \/>\n<meta name=\"twitter:site\" content=\"@GrupoRecoletas\" \/>\n<meta name=\"twitter:label1\" content=\"Escrito por\" \/>\n\t<meta name=\"twitter:data1\" content=\"Andrea\" \/>\n\t<meta name=\"twitter:label2\" content=\"Tiempo de lectura\" \/>\n\t<meta name=\"twitter:data2\" content=\"1 minuto\" \/>\n<script type=\"application\/ld+json\" class=\"yoast-schema-graph\">{\"@context\":\"https:\\\/\\\/schema.org\",\"@graph\":[{\"@type\":\"Article\",\"@id\":\"https:\\\/\\\/www.gruporecoletas.com\\\/noticias\\\/el-equipo-de-baloncesto-femenino-pasa-a-llamarse-recoletas-zamora\\\/#article\",\"isPartOf\":{\"@id\":\"https:\\\/\\\/www.gruporecoletas.com\\\/noticias\\\/el-equipo-de-baloncesto-femenino-pasa-a-llamarse-recoletas-zamora\\\/\"},\"author\":{\"name\":\"Andrea\",\"@id\":\"https:\\\/\\\/www.gruporecoletas.com\\\/noticias\\\/#\\\/schema\\\/person\\\/06ae47abe132337b3d64d46e6a153a44\"},\"headline\":\"El equipo de baloncesto femenino pasa a llamarse \u201cRecoletas Zamora\u201d\",\"datePublished\":\"2021-07-12T11:27:08+00:00\",\"dateModified\":\"2021-07-12T12:14:15+00:00\",\"mainEntityOfPage\":{\"@id\":\"https:\\\/\\\/www.gruporecoletas.com\\\/noticias\\\/el-equipo-de-baloncesto-femenino-pasa-a-llamarse-recoletas-zamora\\\/\"},\"wordCount\":240,\"image\":{\"@id\":\"https:\\\/\\\/www.gruporecoletas.com\\\/noticias\\\/el-equipo-de-baloncesto-femenino-pasa-a-llamarse-recoletas-zamora\\\/#primaryimage\"},\"thumbnailUrl\":\"https:\\\/\\\/www.gruporecoletas.com\\\/noticias\\\/wp-content\\\/uploads\\\/2021\\\/07\\\/ndp-recoletas.jpg\",\"keywords\":[\"baloncesto\",\"baloncesto femenino\"],\"articleSection\":[\"Deporte\"],\"inLanguage\":\"es\"},{\"@type\":\"WebPage\",\"@id\":\"https:\\\/\\\/www.gruporecoletas.com\\\/noticias\\\/el-equipo-de-baloncesto-femenino-pasa-a-llamarse-recoletas-zamora\\\/\",\"url\":\"https:\\\/\\\/www.gruporecoletas.com\\\/noticias\\\/el-equipo-de-baloncesto-femenino-pasa-a-llamarse-recoletas-zamora\\\/\",\"name\":\"El equipo de baloncesto femenino pasa a llamarse \u201cRecoletas Zamora\u201d - Noticias Grupo Recoletas\",\"isPartOf\":{\"@id\":\"https:\\\/\\\/www.gruporecoletas.com\\\/noticias\\\/#website\"},\"primaryImageOfPage\":{\"@id\":\"https:\\\/\\\/www.gruporecoletas.com\\\/noticias\\\/el-equipo-de-baloncesto-femenino-pasa-a-llamarse-recoletas-zamora\\\/#primaryimage\"},\"image\":{\"@id\":\"https:\\\/\\\/www.gruporecoletas.com\\\/noticias\\\/el-equipo-de-baloncesto-femenino-pasa-a-llamarse-recoletas-zamora\\\/#primaryimage\"},\"thumbnailUrl\":\"https:\\\/\\\/www.gruporecoletas.com\\\/noticias\\\/wp-content\\\/uploads\\\/2021\\\/07\\\/ndp-recoletas.jpg\",\"datePublished\":\"2021-07-12T11:27:08+00:00\",\"dateModified\":\"2021-07-12T12:14:15+00:00\",\"author\":{\"@id\":\"https:\\\/\\\/www.gruporecoletas.com\\\/noticias\\\/#\\\/schema\\\/person\\\/06ae47abe132337b3d64d46e6a153a44\"},\"breadcrumb\":{\"@id\":\"https:\\\/\\\/www.gruporecoletas.com\\\/noticias\\\/el-equipo-de-baloncesto-femenino-pasa-a-llamarse-recoletas-zamora\\\/#breadcrumb\"},\"inLanguage\":\"es\",\"potentialAction\":[{\"@type\":\"ReadAction\",\"target\":[\"https:\\\/\\\/www.gruporecoletas.com\\\/noticias\\\/el-equipo-de-baloncesto-femenino-pasa-a-llamarse-recoletas-zamora\\\/\"]}]},{\"@type\":\"ImageObject\",\"inLanguage\":\"es\",\"@id\":\"https:\\\/\\\/www.gruporecoletas.com\\\/noticias\\\/el-equipo-de-baloncesto-femenino-pasa-a-llamarse-recoletas-zamora\\\/#primaryimage\",\"url\":\"https:\\\/\\\/www.gruporecoletas.com\\\/noticias\\\/wp-content\\\/uploads\\\/2021\\\/07\\\/ndp-recoletas.jpg\",\"contentUrl\":\"https:\\\/\\\/www.gruporecoletas.com\\\/noticias\\\/wp-content\\\/uploads\\\/2021\\\/07\\\/ndp-recoletas.jpg\",\"width\":1366,\"height\":768,\"caption\":\"El equipo de baloncesto femenino pasa a llamarse \u201cRecoletas Zamora\u201d\"},{\"@type\":\"BreadcrumbList\",\"@id\":\"https:\\\/\\\/www.gruporecoletas.com\\\/noticias\\\/el-equipo-de-baloncesto-femenino-pasa-a-llamarse-recoletas-zamora\\\/#breadcrumb\",\"itemListElement\":[{\"@type\":\"ListItem\",\"position\":1,\"name\":\"Portada\",\"item\":\"https:\\\/\\\/www.gruporecoletas.com\\\/noticias\\\/\"},{\"@type\":\"ListItem\",\"position\":2,\"name\":\"El equipo de baloncesto femenino pasa a llamarse \u201cRecoletas Zamora\u201d\"}]},{\"@type\":\"WebSite\",\"@id\":\"https:\\\/\\\/www.gruporecoletas.com\\\/noticias\\\/#website\",\"url\":\"https:\\\/\\\/www.gruporecoletas.com\\\/noticias\\\/\",\"name\":\"Noticias Grupo Recoletas\",\"description\":\"Grupo Recoletas\",\"potentialAction\":[{\"@type\":\"SearchAction\",\"target\":{\"@type\":\"EntryPoint\",\"urlTemplate\":\"https:\\\/\\\/www.gruporecoletas.com\\\/noticias\\\/?s={search_term_string}\"},\"query-input\":{\"@type\":\"PropertyValueSpecification\",\"valueRequired\":true,\"valueName\":\"search_term_string\"}}],\"inLanguage\":\"es\"},{\"@type\":\"Person\",\"@id\":\"https:\\\/\\\/www.gruporecoletas.com\\\/noticias\\\/#\\\/schema\\\/person\\\/06ae47abe132337b3d64d46e6a153a44\",\"name\":\"Andrea\",\"url\":\"https:\\\/\\\/www.gruporecoletas.com\\\/noticias\\\/author\\\/andrea\\\/\"}]}<\/script>\n<!-- \/ Yoast SEO Premium plugin. -->","yoast_head_json":{"title":"El equipo de baloncesto femenino pasa a llamarse \u201cRecoletas Zamora\u201d - Noticias Grupo Recoletas","robots":{"index":"index","follow":"follow","max-snippet":"max-snippet:-1","max-image-preview":"max-image-preview:large","max-video-preview":"max-video-preview:-1"},"canonical":"https:\/\/www.gruporecoletas.com\/noticias\/el-equipo-de-baloncesto-femenino-pasa-a-llamarse-recoletas-zamora\/","og_locale":"es_ES","og_type":"article","og_title":"El equipo de baloncesto femenino pasa a llamarse \u201cRecoletas Zamora\u201d","og_description":"El Grupo Recoletas pasa a ser el patrocinador principal del C.D Zamarat El gerente del Hospital Recoletas Zamora, \u00d3scar Iglesias, ha firmado esta ma\u00f1ana con el presidente del Club Deportivo, Carlos Baz, el acuerdo de renovaci\u00f3n para las pr\u00f3ximas dos temporadas con el C.D Zamarat. El grupo hospitalario ser\u00e1 a partir de ahora el patrocinador [&hellip;]","og_url":"https:\/\/www.gruporecoletas.com\/noticias\/el-equipo-de-baloncesto-femenino-pasa-a-llamarse-recoletas-zamora\/","og_site_name":"Noticias Grupo Recoletas","article_publisher":"https:\/\/www.facebook.com\/GrupoRecoletas\/","article_published_time":"2021-07-12T11:27:08+00:00","article_modified_time":"2021-07-12T12:14:15+00:00","og_image":[{"width":1366,"height":768,"url":"https:\/\/www.gruporecoletas.com\/noticias\/wp-content\/uploads\/2021\/07\/ndp-recoletas.jpg","type":"image\/jpeg"}],"author":"Andrea","twitter_card":"summary_large_image","twitter_creator":"@GrupoRecoletas","twitter_site":"@GrupoRecoletas","twitter_misc":{"Escrito por":"Andrea","Tiempo de lectura":"1 minuto"},"schema":{"@context":"https:\/\/schema.org","@graph":[{"@type":"Article","@id":"https:\/\/www.gruporecoletas.com\/noticias\/el-equipo-de-baloncesto-femenino-pasa-a-llamarse-recoletas-zamora\/#article","isPartOf":{"@id":"https:\/\/www.gruporecoletas.com\/noticias\/el-equipo-de-baloncesto-femenino-pasa-a-llamarse-recoletas-zamora\/"},"author":{"name":"Andrea","@id":"https:\/\/www.gruporecoletas.com\/noticias\/#\/schema\/person\/06ae47abe132337b3d64d46e6a153a44"},"headline":"El equipo de baloncesto femenino pasa a llamarse \u201cRecoletas Zamora\u201d","datePublished":"2021-07-12T11:27:08+00:00","dateModified":"2021-07-12T12:14:15+00:00","mainEntityOfPage":{"@id":"https:\/\/www.gruporecoletas.com\/noticias\/el-equipo-de-baloncesto-femenino-pasa-a-llamarse-recoletas-zamora\/"},"wordCount":240,"image":{"@id":"https:\/\/www.gruporecoletas.com\/noticias\/el-equipo-de-baloncesto-femenino-pasa-a-llamarse-recoletas-zamora\/#primaryimage"},"thumbnailUrl":"https:\/\/www.gruporecoletas.com\/noticias\/wp-content\/uploads\/2021\/07\/ndp-recoletas.jpg","keywords":["baloncesto","baloncesto femenino"],"articleSection":["Deporte"],"inLanguage":"es"},{"@type":"WebPage","@id":"https:\/\/www.gruporecoletas.com\/noticias\/el-equipo-de-baloncesto-femenino-pasa-a-llamarse-recoletas-zamora\/","url":"https:\/\/www.gruporecoletas.com\/noticias\/el-equipo-de-baloncesto-femenino-pasa-a-llamarse-recoletas-zamora\/","name":"El equipo de baloncesto femenino pasa a llamarse \u201cRecoletas Zamora\u201d - Noticias Grupo Recoletas","isPartOf":{"@id":"https:\/\/www.gruporecoletas.com\/noticias\/#website"},"primaryImageOfPage":{"@id":"https:\/\/www.gruporecoletas.com\/noticias\/el-equipo-de-baloncesto-femenino-pasa-a-llamarse-recoletas-zamora\/#primaryimage"},"image":{"@id":"https:\/\/www.gruporecoletas.com\/noticias\/el-equipo-de-baloncesto-femenino-pasa-a-llamarse-recoletas-zamora\/#primaryimage"},"thumbnailUrl":"https:\/\/www.gruporecoletas.com\/noticias\/wp-content\/uploads\/2021\/07\/ndp-recoletas.jpg","datePublished":"2021-07-12T11:27:08+00:00","dateModified":"2021-07-12T12:14:15+00:00","author":{"@id":"https:\/\/www.gruporecoletas.com\/noticias\/#\/schema\/person\/06ae47abe132337b3d64d46e6a153a44"},"breadcrumb":{"@id":"https:\/\/www.gruporecoletas.com\/noticias\/el-equipo-de-baloncesto-femenino-pasa-a-llamarse-recoletas-zamora\/#breadcrumb"},"inLanguage":"es","potentialAction":[{"@type":"ReadAction","target":["https:\/\/www.gruporecoletas.com\/noticias\/el-equipo-de-baloncesto-femenino-pasa-a-llamarse-recoletas-zamora\/"]}]},{"@type":"ImageObject","inLanguage":"es","@id":"https:\/\/www.gruporecoletas.com\/noticias\/el-equipo-de-baloncesto-femenino-pasa-a-llamarse-recoletas-zamora\/#primaryimage","url":"https:\/\/www.gruporecoletas.com\/noticias\/wp-content\/uploads\/2021\/07\/ndp-recoletas.jpg","contentUrl":"https:\/\/www.gruporecoletas.com\/noticias\/wp-content\/uploads\/2021\/07\/ndp-recoletas.jpg","width":1366,"height":768,"caption":"El equipo de baloncesto femenino pasa a llamarse \u201cRecoletas Zamora\u201d"},{"@type":"BreadcrumbList","@id":"https:\/\/www.gruporecoletas.com\/noticias\/el-equipo-de-baloncesto-femenino-pasa-a-llamarse-recoletas-zamora\/#breadcrumb","itemListElement":[{"@type":"ListItem","position":1,"name":"Portada","item":"https:\/\/www.gruporecoletas.com\/noticias\/"},{"@type":"ListItem","position":2,"name":"El equipo de baloncesto femenino pasa a llamarse \u201cRecoletas Zamora\u201d"}]},{"@type":"WebSite","@id":"https:\/\/www.gruporecoletas.com\/noticias\/#website","url":"https:\/\/www.gruporecoletas.com\/noticias\/","name":"Noticias Grupo Recoletas","description":"Grupo Recoletas","potentialAction":[{"@type":"SearchAction","target":{"@type":"EntryPoint","urlTemplate":"https:\/\/www.gruporecoletas.com\/noticias\/?s={search_term_string}"},"query-input":{"@type":"PropertyValueSpecification","valueRequired":true,"valueName":"search_term_string"}}],"inLanguage":"es"},{"@type":"Person","@id":"https:\/\/www.gruporecoletas.com\/noticias\/#\/schema\/person\/06ae47abe132337b3d64d46e6a153a44","name":"Andrea","url":"https:\/\/www.gruporecoletas.com\/noticias\/author\/andrea\/"}]}},"_links":{"self":[{"href":"https:\/\/www.gruporecoletas.com\/noticias\/wp-json\/wp\/v2\/posts\/14774","targetHints":{"allow":["GET"]}}],"collection":[{"href":"https:\/\/www.gruporecoletas.com\/noticias\/wp-json\/wp\/v2\/posts"}],"about":[{"href":"https:\/\/www.gruporecoletas.com\/noticias\/wp-json\/wp\/v2\/types\/post"}],"author":[{"embeddable":true,"href":"https:\/\/www.gruporecoletas.com\/noticias\/wp-json\/wp\/v2\/users\/12"}],"replies":[{"embeddable":true,"href":"https:\/\/www.gruporecoletas.com\/noticias\/wp-json\/wp\/v2\/comments?post=14774"}],"version-history":[{"count":2,"href":"https:\/\/www.gruporecoletas.com\/noticias\/wp-json\/wp\/v2\/posts\/14774\/revisions"}],"predecessor-version":[{"id":14777,"href":"https:\/\/www.gruporecoletas.com\/noticias\/wp-json\/wp\/v2\/posts\/14774\/revisions\/14777"}],"wp:featuredmedia":[{"embeddable":true,"href":"https:\/\/www.gruporecoletas.com\/noticias\/wp-json\/wp\/v2\/media\/14775"}],"wp:attachment":[{"href":"https:\/\/www.gruporecoletas.com\/noticias\/wp-json\/wp\/v2\/media?parent=14774"}],"wp:term":[{"taxonomy":"category","embeddable":true,"href":"https:\/\/www.gruporecoletas.com\/noticias\/wp-json\/wp\/v2\/categories?post=14774"},{"taxonomy":"post_tag","embeddable":true,"href":"https:\/\/www.gruporecoletas.com\/noticias\/wp-json\/wp\/v2\/tags?post=14774"}],"curies":[{"name":"wp","href":"https:\/\/api.w.org\/{rel}","templated":true}]}}