{"id":14784,"date":"2021-07-15T09:50:04","date_gmt":"2021-07-15T07:50:04","guid":{"rendered":"https:\/\/www.gruporecoletas.com\/noticias\/?p=14784"},"modified":"2021-07-16T09:49:34","modified_gmt":"2021-07-16T07:49:34","slug":"vacunas-covid19","status":"publish","type":"post","link":"https:\/\/www.gruporecoletas.com\/noticias\/vacunas-covid19\/","title":{"rendered":"Todo lo que necesitas saber sobre las vacunas contra la COVID-19"},"content":{"rendered":"\n<p><strong>Las vacunas contra la COVID-19<\/strong> es uno de los temas de conversaci\u00f3n m\u00e1s frecuentes y una de las preocupaciones m\u00e1s evidentes en la sociedad. Preguntas como \u201c\u00bfQu\u00e9 vacuna me toca ponerme seg\u00fan mi grupo de edad?\u201d, \u201c\u00bfCu\u00e1ntas personas se han vacunado ya en Espa\u00f1a?\u201d o \u201c\u00bfCu\u00e1les son los efectos secundarios de las vacunas?\u201d,&nbsp; pasan a diario por la cabeza de muchas personas. Por eso, desde <a rel=\"noreferrer noopener\" href=\"https:\/\/www.gruporecoletas.com\/\" target=\"_blank\"><strong>Recoletas Red Hospitalaria<\/strong><\/a> queremos <strong>dar respuesta a algunas de las preguntas m\u00e1s frecuentes sobre las vacunas de la COVID-19<\/strong>, con el objetivo de superar el posible temor a la vacunaci\u00f3n.&nbsp;<\/p>\n\n\n\n<h2 class=\"wp-block-heading\">\u00bfQu\u00e9 vacunas existen contra la COVID-19?<\/h2>\n\n\n\n<p>Actualmente, en Espa\u00f1a hay aprobadas para su administraci\u00f3n cuatro vacunas contra la COVID-19. Son las siguientes:&nbsp;<\/p>\n\n\n\n<ul class=\"wp-block-list\"><li>Vaxzevria (Astrazeneca)&nbsp;<\/li><li>Comirnaty (Pfizer \/ BioNTech)<\/li><li>Moderna&nbsp;<\/li><li>Janssen (J&amp;J)<\/li><\/ul>\n\n\n\n<p>Todas las vacunas son indicadas para mayores de 18, excepto Pfizer que se indica a partir de los 16.&nbsp;<\/p>\n\n\n\n<p>Sin embargo, la vacuna de <strong>Astrazeneca <\/strong>se&nbsp; est\u00e1 administrando en Espa\u00f1a a la franja de 60 a 69 a\u00f1os. La vacuna de <strong>Pfizer,<\/strong> a mayores de 20 a\u00f1os. <strong>Moderna <\/strong>se aplica en mayores de 20 y <strong>Janssen <\/strong>a quienes tienen m\u00e1s de 40 a\u00f1os y a la poblaci\u00f3n considerada \u201cdif\u00edcil de captar y vacunar\u201d.&nbsp;<\/p>\n\n\n\n<p><strong>A fecha de 14 de julio de 2021, el n\u00famero de personas<\/strong> que hab\u00eda recibido la vacuna completa, <strong>seg\u00fan los datos arrojados por el Ministerio de Sanidad,<\/strong> era de 22.139.864. A esa fecha, el porcentaje de poblaci\u00f3n completamente vacunada era superior al 44%. En total, se han administrado casi 50 millones de dosis.\u00a0\u00a0<\/p>\n\n\n\n<h2 class=\"wp-block-heading\">Efectos secundarios y activaci\u00f3n del sistema inmune<\/h2>\n\n\n\n<p>En este blog hemos hablado de cu\u00e1les son las <a rel=\"noreferrer noopener\" href=\"https:\/\/www.gruporecoletas.com\/noticias\/secuelas-covid-19\/\" target=\"_blank\">secuelas de la enfermedad por el nuevo coronavirus<\/a>. A continuaci\u00f3n, vamos a ver las diferentes vacunas y cu\u00e1les son sus principales efectos, ya que seguro que m\u00e1s de uno se pregunta \u00bfC\u00f3mo funciona cada vacuna contra el coronavirus? \u00bfCu\u00e1les son los efectos secundarios de las vacunas?&nbsp;<\/p>\n\n\n\n<h3 class=\"wp-block-heading\">C\u00f3mo funcionan las vacunas de la COVID-19<\/h3>\n\n\n\n<p><strong>AstraZeneca y J&amp;J est\u00e1n fabricadas con un adenovirus <\/strong>modificado para transportar el gen que da las instrucciones para producir la prote\u00edna S.<strong> <\/strong>Al vacunarse, el sistema inmunitario reconoce esa prote\u00edna como ajena y activa los linfocitos para producir anticuerpos.&nbsp;<\/p>\n\n\n\n<p>Por otro lado, las vacunas de <strong>Pfizer y Moderna contienen una mol\u00e9cula llamada ARNm (ARN mensajero) <\/strong>con las instrucciones para producir la prote\u00edna S. Al recibir la vacuna, las c\u00e9lulas leen las instrucciones del ARNm y producen la prote\u00edna S para generar los anticuerpos.<\/p>\n\n\n\n<p>El ARNm se destruye unas horas despu\u00e9s de la vacunaci\u00f3n, por lo que no hay riesgo de alteraci\u00f3n gen\u00e9tica.&nbsp;<\/p>\n\n\n\n<h4 class=\"wp-block-heading\">Vaxzevria (Astrazeneca)&nbsp;<\/h4>\n\n\n\n<p><strong>Esta vacuna requiere dos dosis, <\/strong>separadas por un m\u00ednimo de 28 d\u00edas y un m\u00e1ximo de 84. En cuanto a la inmunidad, los efectos de AstraZeneca se ven tras 21-28 d\u00edas de la primera dosis, llegando al m\u00e1ximo de protecci\u00f3n a los 14-21 d\u00edas de la segunda dosis.&nbsp;<\/p>\n\n\n\n<p>Los efectos secundarios m\u00e1s frecuentes son <strong>dolor e inflamaci\u00f3n donde se produjo la inyecci\u00f3n, cansancio, fiebre y dolor de cabeza. <\/strong>Tambi\u00e9n pueden aparecer<strong> n\u00e1useas, v\u00f3mitos y diarrea.&nbsp;<\/strong><\/p>\n\n\n\n<p>Menos de 1 de cada 100 vacunados sufre sudores, mareo, dolor abdominal, p\u00e9rdida de apetito y erupci\u00f3n cut\u00e1nea.&nbsp;<\/p>\n\n\n\n<h4 class=\"wp-block-heading\">Janssen (J&amp;J)&nbsp;<\/h4>\n\n\n\n<p>Esta vacuna se administra en<strong> una \u00fanica dosis <\/strong>y la inmunidad llega 14 d\u00edas despu\u00e9s.&nbsp;&nbsp;<\/p>\n\n\n\n<p>Los efectos secundarios descritos son <strong>dolor e inflamaci\u00f3n en el punto de inyecci\u00f3n, cansancio, dolor de cabeza, mialgias y n\u00e1useas<\/strong>. Menos de 1 de cada 10 vacunados sufre tos, artralgias, fiebre y escalofr\u00edos.&nbsp;<\/p>\n\n\n\n<p>Menos de 1 de cada 100 tienen otros efectos como temblores, estornudos, dolor de garganta, erupciones cut\u00e1neas, dolor de extremidades, lumbalgia y debilidad general. Y los efectos menos frecuentes son erupci\u00f3n cut\u00e1nea e hipersensibilidad.&nbsp;<\/p>\n\n\n\n<h4 class=\"wp-block-heading\">Moderna<\/h4>\n\n\n\n<p>Esta vacuna requiere dos dosis, separadas por al menos 28 d\u00edas. La inmunidad alcanza su m\u00e1xima protecci\u00f3n despu\u00e9s de la segunda dosis.&nbsp;<\/p>\n\n\n\n<p>Los efectos secundarios descritos m\u00e1s frecuentes son <strong>dolor e inflamaci\u00f3n del punto de inyecci\u00f3n, cansancio, dolor de cabeza y muscular, fiebre, n\u00e1useas y v\u00f3mitos e inflamaci\u00f3n de los ganglios axilares.&nbsp;<\/strong><\/p>\n\n\n\n<p>Menos de 1 de cada 100 sufre picor en el punto de la inyecci\u00f3n y menos de 1 de cada 1000 vacunados experimenta hinchaz\u00f3n en la cara y debilidad transitoria de la musculatura facial.&nbsp;<\/p>\n\n\n\n<h4 class=\"wp-block-heading\">Comirnaty (Pfizer \/ BioNTech)<\/h4>\n\n\n\n<p>La vacuna de Pfizer requiere dos dosis, y la m\u00e1xima inmunidad se obtiene 7 d\u00edas despu\u00e9s de la segunda dosis.&nbsp;<\/p>\n\n\n\n<p>Los efectos secundarios son <strong>dolor e inflamaci\u00f3n en el punto de inyecci\u00f3n, cansancio, dolor de cabeza, mialgias y artralgias, fiebre.<\/strong> En menos de 1 de cada 100 casos se produce picor en el punto de inyecci\u00f3n y adenopat\u00edas.&nbsp;<br><strong>Desde Recoletas Red Hospitalaria<\/strong> estamos seguros de que habremos resuelto muchas de tus dudas, pero si a\u00fan sigues teniendo preguntas, hemos activado el <a href=\"https:\/\/www.gruporecoletas.com\/covid-19\/\" target=\"_blank\" rel=\"noreferrer noopener\"><strong>servicio de atenci\u00f3n sobre la enfermedad del coronavirus<\/strong><\/a>. Recuerda que, aunque te hayas vacunado, debes seguir manteniendo las medidas de protecci\u00f3n, como el uso de mascarilla, el lavado de manos y la distancia interpersonal. \u00a1No bajes la guardia!<\/p>\n","protected":false},"excerpt":{"rendered":"<p>Las vacunas contra la COVID-19 es uno de los temas de conversaci\u00f3n m\u00e1s frecuentes y una de las preocupaciones m\u00e1s evidentes en la sociedad. Preguntas como \u201c\u00bfQu\u00e9 vacuna me toca ponerme seg\u00fan mi grupo de edad?\u201d, \u201c\u00bfCu\u00e1ntas personas se han vacunado ya en Espa\u00f1a?\u201d o \u201c\u00bfCu\u00e1les son los efectos secundarios de las vacunas?\u201d,&nbsp; pasan a [&hellip;]<\/p>\n","protected":false},"author":2,"featured_media":14785,"comment_status":"closed","ping_status":"closed","sticky":false,"template":"","format":"standard","meta":{"_acf_changed":false,"footnotes":""},"categories":[49],"tags":[3096,2621,3184],"class_list":["post-14784","post","type-post","status-publish","format-standard","has-post-thumbnail","hentry","category-medicina-general","tag-coronavirus","tag-covid-19","tag-vacuna"],"acf":[],"yoast_head":"<!-- This site is optimized with the Yoast SEO Premium plugin v27.3 (Yoast SEO v27.3) - https:\/\/yoast.com\/product\/yoast-seo-premium-wordpress\/ -->\n<title>Todo lo que necesitas saber sobre las vacunas de la COVID-19 - Recoletas<\/title>\n<meta name=\"description\" content=\"Respondemos a todas las dudas que puedas tener acerca de las vacunas contra la COVID-19: tipos, efectos secundarios, plazos de vacunaci\u00f3n, etc.\" \/>\n<meta name=\"robots\" content=\"index, follow, max-snippet:-1, max-image-preview:large, max-video-preview:-1\" \/>\n<link rel=\"canonical\" href=\"https:\/\/www.gruporecoletas.com\/noticias\/vacunas-covid19\/\" \/>\n<meta property=\"og:locale\" content=\"es_ES\" \/>\n<meta property=\"og:type\" content=\"article\" \/>\n<meta property=\"og:title\" content=\"Todo lo que necesitas saber sobre las vacunas contra la COVID-19\" \/>\n<meta property=\"og:description\" content=\"Respondemos a todas las dudas que puedas tener acerca de las vacunas contra la COVID-19: tipos, efectos secundarios, plazos de vacunaci\u00f3n, etc.\" \/>\n<meta property=\"og:url\" content=\"https:\/\/www.gruporecoletas.com\/noticias\/vacunas-covid19\/\" \/>\n<meta property=\"og:site_name\" content=\"Noticias Grupo Recoletas\" \/>\n<meta property=\"article:publisher\" content=\"https:\/\/www.facebook.com\/GrupoRecoletas\/\" \/>\n<meta property=\"article:published_time\" content=\"2021-07-15T07:50:04+00:00\" \/>\n<meta property=\"article:modified_time\" content=\"2021-07-16T07:49:34+00:00\" \/>\n<meta property=\"og:image\" content=\"https:\/\/www.gruporecoletas.com\/noticias\/wp-content\/uploads\/2021\/07\/vacuna-covid.png\" \/>\n\t<meta property=\"og:image:width\" content=\"800\" \/>\n\t<meta property=\"og:image:height\" content=\"530\" \/>\n\t<meta property=\"og:image:type\" content=\"image\/png\" \/>\n<meta name=\"author\" content=\"Recoletas Red Hospitalaria\" \/>\n<meta name=\"twitter:card\" content=\"summary_large_image\" \/>\n<meta name=\"twitter:creator\" content=\"@GrupoRecoletas\" \/>\n<meta name=\"twitter:site\" content=\"@GrupoRecoletas\" \/>\n<meta name=\"twitter:label1\" content=\"Escrito por\" \/>\n\t<meta name=\"twitter:data1\" content=\"Recoletas Red Hospitalaria\" \/>\n\t<meta name=\"twitter:label2\" content=\"Tiempo de lectura\" \/>\n\t<meta name=\"twitter:data2\" content=\"5 minutos\" \/>\n<script type=\"application\/ld+json\" class=\"yoast-schema-graph\">{\"@context\":\"https:\\\/\\\/schema.org\",\"@graph\":[{\"@type\":\"Article\",\"@id\":\"https:\\\/\\\/www.gruporecoletas.com\\\/noticias\\\/vacunas-covid19\\\/#article\",\"isPartOf\":{\"@id\":\"https:\\\/\\\/www.gruporecoletas.com\\\/noticias\\\/vacunas-covid19\\\/\"},\"author\":{\"name\":\"Recoletas Red Hospitalaria\",\"@id\":\"https:\\\/\\\/www.gruporecoletas.com\\\/noticias\\\/#\\\/schema\\\/person\\\/3c6ac429828d1f5e3d3bd99f4da9b02c\"},\"headline\":\"Todo lo que necesitas saber sobre las vacunas contra la COVID-19\",\"datePublished\":\"2021-07-15T07:50:04+00:00\",\"dateModified\":\"2021-07-16T07:49:34+00:00\",\"mainEntityOfPage\":{\"@id\":\"https:\\\/\\\/www.gruporecoletas.com\\\/noticias\\\/vacunas-covid19\\\/\"},\"wordCount\":911,\"image\":{\"@id\":\"https:\\\/\\\/www.gruporecoletas.com\\\/noticias\\\/vacunas-covid19\\\/#primaryimage\"},\"thumbnailUrl\":\"https:\\\/\\\/www.gruporecoletas.com\\\/noticias\\\/wp-content\\\/uploads\\\/2021\\\/07\\\/vacuna-covid.png\",\"keywords\":[\"coronavirus\",\"covid-19\",\"vacuna\"],\"articleSection\":[\"Medicina General\"],\"inLanguage\":\"es\"},{\"@type\":\"WebPage\",\"@id\":\"https:\\\/\\\/www.gruporecoletas.com\\\/noticias\\\/vacunas-covid19\\\/\",\"url\":\"https:\\\/\\\/www.gruporecoletas.com\\\/noticias\\\/vacunas-covid19\\\/\",\"name\":\"Todo lo que necesitas saber sobre las vacunas de la COVID-19 - Recoletas\",\"isPartOf\":{\"@id\":\"https:\\\/\\\/www.gruporecoletas.com\\\/noticias\\\/#website\"},\"primaryImageOfPage\":{\"@id\":\"https:\\\/\\\/www.gruporecoletas.com\\\/noticias\\\/vacunas-covid19\\\/#primaryimage\"},\"image\":{\"@id\":\"https:\\\/\\\/www.gruporecoletas.com\\\/noticias\\\/vacunas-covid19\\\/#primaryimage\"},\"thumbnailUrl\":\"https:\\\/\\\/www.gruporecoletas.com\\\/noticias\\\/wp-content\\\/uploads\\\/2021\\\/07\\\/vacuna-covid.png\",\"datePublished\":\"2021-07-15T07:50:04+00:00\",\"dateModified\":\"2021-07-16T07:49:34+00:00\",\"author\":{\"@id\":\"https:\\\/\\\/www.gruporecoletas.com\\\/noticias\\\/#\\\/schema\\\/person\\\/3c6ac429828d1f5e3d3bd99f4da9b02c\"},\"description\":\"Respondemos a todas las dudas que puedas tener acerca de las vacunas contra la COVID-19: tipos, efectos secundarios, plazos de vacunaci\u00f3n, etc.\",\"breadcrumb\":{\"@id\":\"https:\\\/\\\/www.gruporecoletas.com\\\/noticias\\\/vacunas-covid19\\\/#breadcrumb\"},\"inLanguage\":\"es\",\"potentialAction\":[{\"@type\":\"ReadAction\",\"target\":[\"https:\\\/\\\/www.gruporecoletas.com\\\/noticias\\\/vacunas-covid19\\\/\"]}]},{\"@type\":\"ImageObject\",\"inLanguage\":\"es\",\"@id\":\"https:\\\/\\\/www.gruporecoletas.com\\\/noticias\\\/vacunas-covid19\\\/#primaryimage\",\"url\":\"https:\\\/\\\/www.gruporecoletas.com\\\/noticias\\\/wp-content\\\/uploads\\\/2021\\\/07\\\/vacuna-covid.png\",\"contentUrl\":\"https:\\\/\\\/www.gruporecoletas.com\\\/noticias\\\/wp-content\\\/uploads\\\/2021\\\/07\\\/vacuna-covid.png\",\"width\":800,\"height\":530},{\"@type\":\"BreadcrumbList\",\"@id\":\"https:\\\/\\\/www.gruporecoletas.com\\\/noticias\\\/vacunas-covid19\\\/#breadcrumb\",\"itemListElement\":[{\"@type\":\"ListItem\",\"position\":1,\"name\":\"Portada\",\"item\":\"https:\\\/\\\/www.gruporecoletas.com\\\/noticias\\\/\"},{\"@type\":\"ListItem\",\"position\":2,\"name\":\"Todo lo que necesitas saber sobre las vacunas contra la COVID-19\"}]},{\"@type\":\"WebSite\",\"@id\":\"https:\\\/\\\/www.gruporecoletas.com\\\/noticias\\\/#website\",\"url\":\"https:\\\/\\\/www.gruporecoletas.com\\\/noticias\\\/\",\"name\":\"Noticias Grupo Recoletas\",\"description\":\"Grupo Recoletas\",\"potentialAction\":[{\"@type\":\"SearchAction\",\"target\":{\"@type\":\"EntryPoint\",\"urlTemplate\":\"https:\\\/\\\/www.gruporecoletas.com\\\/noticias\\\/?s={search_term_string}\"},\"query-input\":{\"@type\":\"PropertyValueSpecification\",\"valueRequired\":true,\"valueName\":\"search_term_string\"}}],\"inLanguage\":\"es\"},{\"@type\":\"Person\",\"@id\":\"https:\\\/\\\/www.gruporecoletas.com\\\/noticias\\\/#\\\/schema\\\/person\\\/3c6ac429828d1f5e3d3bd99f4da9b02c\",\"name\":\"Recoletas Red Hospitalaria\",\"url\":\"https:\\\/\\\/www.gruporecoletas.com\\\/noticias\\\/author\\\/comunicacion\\\/\"}]}<\/script>\n<!-- \/ Yoast SEO Premium plugin. -->","yoast_head_json":{"title":"Todo lo que necesitas saber sobre las vacunas de la COVID-19 - Recoletas","description":"Respondemos a todas las dudas que puedas tener acerca de las vacunas contra la COVID-19: tipos, efectos secundarios, plazos de vacunaci\u00f3n, etc.","robots":{"index":"index","follow":"follow","max-snippet":"max-snippet:-1","max-image-preview":"max-image-preview:large","max-video-preview":"max-video-preview:-1"},"canonical":"https:\/\/www.gruporecoletas.com\/noticias\/vacunas-covid19\/","og_locale":"es_ES","og_type":"article","og_title":"Todo lo que necesitas saber sobre las vacunas contra la COVID-19","og_description":"Respondemos a todas las dudas que puedas tener acerca de las vacunas contra la COVID-19: tipos, efectos secundarios, plazos de vacunaci\u00f3n, etc.","og_url":"https:\/\/www.gruporecoletas.com\/noticias\/vacunas-covid19\/","og_site_name":"Noticias Grupo Recoletas","article_publisher":"https:\/\/www.facebook.com\/GrupoRecoletas\/","article_published_time":"2021-07-15T07:50:04+00:00","article_modified_time":"2021-07-16T07:49:34+00:00","og_image":[{"width":800,"height":530,"url":"https:\/\/www.gruporecoletas.com\/noticias\/wp-content\/uploads\/2021\/07\/vacuna-covid.png","type":"image\/png"}],"author":"Recoletas Red Hospitalaria","twitter_card":"summary_large_image","twitter_creator":"@GrupoRecoletas","twitter_site":"@GrupoRecoletas","twitter_misc":{"Escrito por":"Recoletas Red Hospitalaria","Tiempo de lectura":"5 minutos"},"schema":{"@context":"https:\/\/schema.org","@graph":[{"@type":"Article","@id":"https:\/\/www.gruporecoletas.com\/noticias\/vacunas-covid19\/#article","isPartOf":{"@id":"https:\/\/www.gruporecoletas.com\/noticias\/vacunas-covid19\/"},"author":{"name":"Recoletas Red Hospitalaria","@id":"https:\/\/www.gruporecoletas.com\/noticias\/#\/schema\/person\/3c6ac429828d1f5e3d3bd99f4da9b02c"},"headline":"Todo lo que necesitas saber sobre las vacunas contra la COVID-19","datePublished":"2021-07-15T07:50:04+00:00","dateModified":"2021-07-16T07:49:34+00:00","mainEntityOfPage":{"@id":"https:\/\/www.gruporecoletas.com\/noticias\/vacunas-covid19\/"},"wordCount":911,"image":{"@id":"https:\/\/www.gruporecoletas.com\/noticias\/vacunas-covid19\/#primaryimage"},"thumbnailUrl":"https:\/\/www.gruporecoletas.com\/noticias\/wp-content\/uploads\/2021\/07\/vacuna-covid.png","keywords":["coronavirus","covid-19","vacuna"],"articleSection":["Medicina General"],"inLanguage":"es"},{"@type":"WebPage","@id":"https:\/\/www.gruporecoletas.com\/noticias\/vacunas-covid19\/","url":"https:\/\/www.gruporecoletas.com\/noticias\/vacunas-covid19\/","name":"Todo lo que necesitas saber sobre las vacunas de la COVID-19 - Recoletas","isPartOf":{"@id":"https:\/\/www.gruporecoletas.com\/noticias\/#website"},"primaryImageOfPage":{"@id":"https:\/\/www.gruporecoletas.com\/noticias\/vacunas-covid19\/#primaryimage"},"image":{"@id":"https:\/\/www.gruporecoletas.com\/noticias\/vacunas-covid19\/#primaryimage"},"thumbnailUrl":"https:\/\/www.gruporecoletas.com\/noticias\/wp-content\/uploads\/2021\/07\/vacuna-covid.png","datePublished":"2021-07-15T07:50:04+00:00","dateModified":"2021-07-16T07:49:34+00:00","author":{"@id":"https:\/\/www.gruporecoletas.com\/noticias\/#\/schema\/person\/3c6ac429828d1f5e3d3bd99f4da9b02c"},"description":"Respondemos a todas las dudas que puedas tener acerca de las vacunas contra la COVID-19: tipos, efectos secundarios, plazos de vacunaci\u00f3n, etc.","breadcrumb":{"@id":"https:\/\/www.gruporecoletas.com\/noticias\/vacunas-covid19\/#breadcrumb"},"inLanguage":"es","potentialAction":[{"@type":"ReadAction","target":["https:\/\/www.gruporecoletas.com\/noticias\/vacunas-covid19\/"]}]},{"@type":"ImageObject","inLanguage":"es","@id":"https:\/\/www.gruporecoletas.com\/noticias\/vacunas-covid19\/#primaryimage","url":"https:\/\/www.gruporecoletas.com\/noticias\/wp-content\/uploads\/2021\/07\/vacuna-covid.png","contentUrl":"https:\/\/www.gruporecoletas.com\/noticias\/wp-content\/uploads\/2021\/07\/vacuna-covid.png","width":800,"height":530},{"@type":"BreadcrumbList","@id":"https:\/\/www.gruporecoletas.com\/noticias\/vacunas-covid19\/#breadcrumb","itemListElement":[{"@type":"ListItem","position":1,"name":"Portada","item":"https:\/\/www.gruporecoletas.com\/noticias\/"},{"@type":"ListItem","position":2,"name":"Todo lo que necesitas saber sobre las vacunas contra la COVID-19"}]},{"@type":"WebSite","@id":"https:\/\/www.gruporecoletas.com\/noticias\/#website","url":"https:\/\/www.gruporecoletas.com\/noticias\/","name":"Noticias Grupo Recoletas","description":"Grupo Recoletas","potentialAction":[{"@type":"SearchAction","target":{"@type":"EntryPoint","urlTemplate":"https:\/\/www.gruporecoletas.com\/noticias\/?s={search_term_string}"},"query-input":{"@type":"PropertyValueSpecification","valueRequired":true,"valueName":"search_term_string"}}],"inLanguage":"es"},{"@type":"Person","@id":"https:\/\/www.gruporecoletas.com\/noticias\/#\/schema\/person\/3c6ac429828d1f5e3d3bd99f4da9b02c","name":"Recoletas Red Hospitalaria","url":"https:\/\/www.gruporecoletas.com\/noticias\/author\/comunicacion\/"}]}},"_links":{"self":[{"href":"https:\/\/www.gruporecoletas.com\/noticias\/wp-json\/wp\/v2\/posts\/14784","targetHints":{"allow":["GET"]}}],"collection":[{"href":"https:\/\/www.gruporecoletas.com\/noticias\/wp-json\/wp\/v2\/posts"}],"about":[{"href":"https:\/\/www.gruporecoletas.com\/noticias\/wp-json\/wp\/v2\/types\/post"}],"author":[{"embeddable":true,"href":"https:\/\/www.gruporecoletas.com\/noticias\/wp-json\/wp\/v2\/users\/2"}],"replies":[{"embeddable":true,"href":"https:\/\/www.gruporecoletas.com\/noticias\/wp-json\/wp\/v2\/comments?post=14784"}],"version-history":[{"count":6,"href":"https:\/\/www.gruporecoletas.com\/noticias\/wp-json\/wp\/v2\/posts\/14784\/revisions"}],"predecessor-version":[{"id":14831,"href":"https:\/\/www.gruporecoletas.com\/noticias\/wp-json\/wp\/v2\/posts\/14784\/revisions\/14831"}],"wp:featuredmedia":[{"embeddable":true,"href":"https:\/\/www.gruporecoletas.com\/noticias\/wp-json\/wp\/v2\/media\/14785"}],"wp:attachment":[{"href":"https:\/\/www.gruporecoletas.com\/noticias\/wp-json\/wp\/v2\/media?parent=14784"}],"wp:term":[{"taxonomy":"category","embeddable":true,"href":"https:\/\/www.gruporecoletas.com\/noticias\/wp-json\/wp\/v2\/categories?post=14784"},{"taxonomy":"post_tag","embeddable":true,"href":"https:\/\/www.gruporecoletas.com\/noticias\/wp-json\/wp\/v2\/tags?post=14784"}],"curies":[{"name":"wp","href":"https:\/\/api.w.org\/{rel}","templated":true}]}}