{"id":14844,"date":"2021-07-27T09:20:53","date_gmt":"2021-07-27T07:20:53","guid":{"rendered":"https:\/\/www.gruporecoletas.com\/noticias\/?p=14844"},"modified":"2021-07-27T09:20:54","modified_gmt":"2021-07-27T07:20:54","slug":"el-laboratorio-central-de-recoletas-unico-en-castilla-y-leon","status":"publish","type":"post","link":"https:\/\/www.gruporecoletas.com\/noticias\/el-laboratorio-central-de-recoletas-unico-en-castilla-y-leon\/","title":{"rendered":"EL LABORATORIO CENTRAL DE RECOLETAS, \u00daNICO EN CASTILLA Y LE\u00d3N"},"content":{"rendered":"\n<p>El nuevo Laboratorio Central de Recoletas Red Hospitalaria ubicado en Valladolid y dotado de equipamiento de \u00faltima generaci\u00f3n, capaz de procesar m\u00e1s de mil muestras al d\u00eda, se ha convertido en el centro referencia de Castilla y Le\u00f3n.<\/p>\n\n\n\n<p>El nuevo Laboratorio Central cuenta con novedoso equipamiento que permite la automatizaci\u00f3n de diferentes \u00e1reas y mejora la capacidad de respuesta en An\u00e1lisis Cl\u00ednicos de todo el grupo hospitalario.<\/p>\n\n\n\n<p>En concreto, el Laboratorio Central de Recoletas tiene hoy la capacidad inicial para el diagn\u00f3stico de casi dos mil par\u00e1metros cl\u00ednicos diferentes, de bioqu\u00edmicas, inmunolog\u00eda, hematolog\u00eda, toxicolog\u00eda, microbiolog\u00eda y virolog\u00eda. Una fortaleza que, en opini\u00f3n de la m\u00e1xima responsable de Laboratorio de Recoletas, Pilar Centeno, le hace \u00fanico en la Comunidad Aut\u00f3noma.<\/p>\n\n\n\n<p>El Laboratorio, instalado en la calle Ram\u00f3n Pradera de Valladolid, en un espacio que ha sido totalmente reformado, dispone como principal equipamiento, adem\u00e1s del Sistema de Informaci\u00f3n de Laboratorio SIGLO, de autoanalizadores autom\u00e1ticos de ROCHE DIAGNOSTIC Cobas Pro 8000 como equipo de Bioqu\u00edmica e Inmunoensayo y COBAS 511 para hemostasia.<\/p>\n\n\n\n<p>Adem\u00e1s, de Siemens Healthineers cuenta con ADVIA 2120i para Hematimetr\u00eda y ADVANTUS para determinaciones de Urian\u00e1lisis.<\/p>\n\n\n\n<p>Con THERMOFISHER ha instalado el Phadia para estudios de alergia y autoinmunidad y con BECKMAN-COULTER ha automatizado la identificaci\u00f3n de microorganismos y su suceptibilidad a tratamiento.<\/p>\n\n\n\n<p>Para su unidad de Biolog\u00eda Molecular, el nuevo laboratorio central de Recoletas cuenta con equipos de QIAGEN, GENE-Q, para la realizaci\u00f3n autom\u00e1tica de t\u00e9cnicas de PCR en tiempo real, adem\u00e1s de sistemas de diagn\u00f3stico r\u00e1pido de ALLIFAX, igualmente por PCR, con resultados en 30 minutos.<\/p>\n\n\n\n<p>El Laboratorio Cl\u00ednico de Recoletas es el principal laboratorio de Castilla y Le\u00f3n, independiente de multinacionales y compa\u00f1\u00edas de seguros. Gestiona directamente los an\u00e1lisis de toda la red de hospitales Recoletas, as\u00ed como de otros centros perif\u00e9ricos propios. Mantiene adem\u00e1s conciertos con m\u00e1s de 50 compa\u00f1\u00edas de seguros de diferente \u00e1mbito y con otras empresas del sector salud.<\/p>\n\n\n\n<p>Con un volumen anual superior a 200.000 pacientes\/a\u00f1o, el Laboratorio Central de Recoletas realiza m\u00e1s de dos mil ensayos diferentes en todo tipo de muestras biol\u00f3gicas.<\/p>\n\n\n\n<p>Otras inversiones<\/p>\n\n\n\n<p>Junto a esta actuaci\u00f3n, desde la pasada primavera Recoletas est\u00e1 renovando totalmente los laboratorios de sus hospitales, tanto en el equipamiento como mejorado los espacios, tarea que continuar\u00e1 adelante hasta final de este a\u00f1o 2021.<\/p>\n","protected":false},"excerpt":{"rendered":"<p>El nuevo Laboratorio Central de Recoletas Red Hospitalaria ubicado en Valladolid y dotado de equipamiento de \u00faltima generaci\u00f3n, capaz de procesar m\u00e1s de mil muestras al d\u00eda, se ha convertido en el centro referencia de Castilla y Le\u00f3n. El nuevo Laboratorio Central cuenta con novedoso equipamiento que permite la automatizaci\u00f3n de diferentes \u00e1reas y mejora [&hellip;]<\/p>\n","protected":false},"author":12,"featured_media":14845,"comment_status":"closed","ping_status":"closed","sticky":false,"template":"","format":"standard","meta":{"_acf_changed":false,"footnotes":""},"categories":[1],"tags":[3192,3191,3190],"class_list":["post-14844","post","type-post","status-publish","format-standard","has-post-thumbnail","hentry","category-grupo-recoletas","tag-biologia","tag-castillayleon","tag-laboratorio"],"acf":[],"yoast_head":"<!-- This site is optimized with the Yoast SEO Premium plugin v27.3 (Yoast SEO v27.3) - https:\/\/yoast.com\/product\/yoast-seo-premium-wordpress\/ -->\n<title>EL LABORATORIO CENTRAL DE RECOLETAS, \u00daNICO EN CASTILLA Y LE\u00d3N - Noticias Grupo Recoletas<\/title>\n<meta name=\"robots\" content=\"index, follow, max-snippet:-1, max-image-preview:large, max-video-preview:-1\" \/>\n<link rel=\"canonical\" href=\"https:\/\/www.gruporecoletas.com\/noticias\/el-laboratorio-central-de-recoletas-unico-en-castilla-y-leon\/\" \/>\n<meta property=\"og:locale\" content=\"es_ES\" \/>\n<meta property=\"og:type\" content=\"article\" \/>\n<meta property=\"og:title\" content=\"EL LABORATORIO CENTRAL DE RECOLETAS, \u00daNICO EN CASTILLA Y LE\u00d3N\" \/>\n<meta property=\"og:description\" content=\"El nuevo Laboratorio Central de Recoletas Red Hospitalaria ubicado en Valladolid y dotado de equipamiento de \u00faltima generaci\u00f3n, capaz de procesar m\u00e1s de mil muestras al d\u00eda, se ha convertido en el centro referencia de Castilla y Le\u00f3n. El nuevo Laboratorio Central cuenta con novedoso equipamiento que permite la automatizaci\u00f3n de diferentes \u00e1reas y mejora [&hellip;]\" \/>\n<meta property=\"og:url\" content=\"https:\/\/www.gruporecoletas.com\/noticias\/el-laboratorio-central-de-recoletas-unico-en-castilla-y-leon\/\" \/>\n<meta property=\"og:site_name\" content=\"Noticias Grupo Recoletas\" \/>\n<meta property=\"article:publisher\" content=\"https:\/\/www.facebook.com\/GrupoRecoletas\/\" \/>\n<meta property=\"article:published_time\" content=\"2021-07-27T07:20:53+00:00\" \/>\n<meta property=\"article:modified_time\" content=\"2021-07-27T07:20:54+00:00\" \/>\n<meta property=\"og:image\" content=\"https:\/\/www.gruporecoletas.com\/noticias\/wp-content\/uploads\/2021\/07\/web-1.jpg\" \/>\n\t<meta property=\"og:image:width\" content=\"1366\" \/>\n\t<meta property=\"og:image:height\" content=\"768\" \/>\n\t<meta property=\"og:image:type\" content=\"image\/jpeg\" \/>\n<meta name=\"author\" content=\"Andrea\" \/>\n<meta name=\"twitter:card\" content=\"summary_large_image\" \/>\n<meta name=\"twitter:creator\" content=\"@GrupoRecoletas\" \/>\n<meta name=\"twitter:site\" content=\"@GrupoRecoletas\" \/>\n<meta name=\"twitter:label1\" content=\"Escrito por\" \/>\n\t<meta name=\"twitter:data1\" content=\"Andrea\" \/>\n\t<meta name=\"twitter:label2\" content=\"Tiempo de lectura\" \/>\n\t<meta name=\"twitter:data2\" content=\"2 minutos\" \/>\n<script type=\"application\/ld+json\" class=\"yoast-schema-graph\">{\"@context\":\"https:\\\/\\\/schema.org\",\"@graph\":[{\"@type\":\"Article\",\"@id\":\"https:\\\/\\\/www.gruporecoletas.com\\\/noticias\\\/el-laboratorio-central-de-recoletas-unico-en-castilla-y-leon\\\/#article\",\"isPartOf\":{\"@id\":\"https:\\\/\\\/www.gruporecoletas.com\\\/noticias\\\/el-laboratorio-central-de-recoletas-unico-en-castilla-y-leon\\\/\"},\"author\":{\"name\":\"Andrea\",\"@id\":\"https:\\\/\\\/www.gruporecoletas.com\\\/noticias\\\/#\\\/schema\\\/person\\\/06ae47abe132337b3d64d46e6a153a44\"},\"headline\":\"EL LABORATORIO CENTRAL DE RECOLETAS, \u00daNICO EN CASTILLA Y LE\u00d3N\",\"datePublished\":\"2021-07-27T07:20:53+00:00\",\"dateModified\":\"2021-07-27T07:20:54+00:00\",\"mainEntityOfPage\":{\"@id\":\"https:\\\/\\\/www.gruporecoletas.com\\\/noticias\\\/el-laboratorio-central-de-recoletas-unico-en-castilla-y-leon\\\/\"},\"wordCount\":431,\"image\":{\"@id\":\"https:\\\/\\\/www.gruporecoletas.com\\\/noticias\\\/el-laboratorio-central-de-recoletas-unico-en-castilla-y-leon\\\/#primaryimage\"},\"thumbnailUrl\":\"https:\\\/\\\/www.gruporecoletas.com\\\/noticias\\\/wp-content\\\/uploads\\\/2021\\\/07\\\/web-1.jpg\",\"keywords\":[\"biologia\",\"castillayleon\",\"laboratorio\"],\"articleSection\":[\"Grupo Recoletas\"],\"inLanguage\":\"es\"},{\"@type\":\"WebPage\",\"@id\":\"https:\\\/\\\/www.gruporecoletas.com\\\/noticias\\\/el-laboratorio-central-de-recoletas-unico-en-castilla-y-leon\\\/\",\"url\":\"https:\\\/\\\/www.gruporecoletas.com\\\/noticias\\\/el-laboratorio-central-de-recoletas-unico-en-castilla-y-leon\\\/\",\"name\":\"EL LABORATORIO CENTRAL DE RECOLETAS, \u00daNICO EN CASTILLA Y LE\u00d3N - Noticias Grupo Recoletas\",\"isPartOf\":{\"@id\":\"https:\\\/\\\/www.gruporecoletas.com\\\/noticias\\\/#website\"},\"primaryImageOfPage\":{\"@id\":\"https:\\\/\\\/www.gruporecoletas.com\\\/noticias\\\/el-laboratorio-central-de-recoletas-unico-en-castilla-y-leon\\\/#primaryimage\"},\"image\":{\"@id\":\"https:\\\/\\\/www.gruporecoletas.com\\\/noticias\\\/el-laboratorio-central-de-recoletas-unico-en-castilla-y-leon\\\/#primaryimage\"},\"thumbnailUrl\":\"https:\\\/\\\/www.gruporecoletas.com\\\/noticias\\\/wp-content\\\/uploads\\\/2021\\\/07\\\/web-1.jpg\",\"datePublished\":\"2021-07-27T07:20:53+00:00\",\"dateModified\":\"2021-07-27T07:20:54+00:00\",\"author\":{\"@id\":\"https:\\\/\\\/www.gruporecoletas.com\\\/noticias\\\/#\\\/schema\\\/person\\\/06ae47abe132337b3d64d46e6a153a44\"},\"breadcrumb\":{\"@id\":\"https:\\\/\\\/www.gruporecoletas.com\\\/noticias\\\/el-laboratorio-central-de-recoletas-unico-en-castilla-y-leon\\\/#breadcrumb\"},\"inLanguage\":\"es\",\"potentialAction\":[{\"@type\":\"ReadAction\",\"target\":[\"https:\\\/\\\/www.gruporecoletas.com\\\/noticias\\\/el-laboratorio-central-de-recoletas-unico-en-castilla-y-leon\\\/\"]}]},{\"@type\":\"ImageObject\",\"inLanguage\":\"es\",\"@id\":\"https:\\\/\\\/www.gruporecoletas.com\\\/noticias\\\/el-laboratorio-central-de-recoletas-unico-en-castilla-y-leon\\\/#primaryimage\",\"url\":\"https:\\\/\\\/www.gruporecoletas.com\\\/noticias\\\/wp-content\\\/uploads\\\/2021\\\/07\\\/web-1.jpg\",\"contentUrl\":\"https:\\\/\\\/www.gruporecoletas.com\\\/noticias\\\/wp-content\\\/uploads\\\/2021\\\/07\\\/web-1.jpg\",\"width\":1366,\"height\":768,\"caption\":\"Laboratorio central de Recoletas.\"},{\"@type\":\"BreadcrumbList\",\"@id\":\"https:\\\/\\\/www.gruporecoletas.com\\\/noticias\\\/el-laboratorio-central-de-recoletas-unico-en-castilla-y-leon\\\/#breadcrumb\",\"itemListElement\":[{\"@type\":\"ListItem\",\"position\":1,\"name\":\"Portada\",\"item\":\"https:\\\/\\\/www.gruporecoletas.com\\\/noticias\\\/\"},{\"@type\":\"ListItem\",\"position\":2,\"name\":\"EL LABORATORIO CENTRAL DE RECOLETAS, \u00daNICO EN CASTILLA Y LE\u00d3N\"}]},{\"@type\":\"WebSite\",\"@id\":\"https:\\\/\\\/www.gruporecoletas.com\\\/noticias\\\/#website\",\"url\":\"https:\\\/\\\/www.gruporecoletas.com\\\/noticias\\\/\",\"name\":\"Noticias Grupo Recoletas\",\"description\":\"Grupo Recoletas\",\"potentialAction\":[{\"@type\":\"SearchAction\",\"target\":{\"@type\":\"EntryPoint\",\"urlTemplate\":\"https:\\\/\\\/www.gruporecoletas.com\\\/noticias\\\/?s={search_term_string}\"},\"query-input\":{\"@type\":\"PropertyValueSpecification\",\"valueRequired\":true,\"valueName\":\"search_term_string\"}}],\"inLanguage\":\"es\"},{\"@type\":\"Person\",\"@id\":\"https:\\\/\\\/www.gruporecoletas.com\\\/noticias\\\/#\\\/schema\\\/person\\\/06ae47abe132337b3d64d46e6a153a44\",\"name\":\"Andrea\",\"url\":\"https:\\\/\\\/www.gruporecoletas.com\\\/noticias\\\/author\\\/andrea\\\/\"}]}<\/script>\n<!-- \/ Yoast SEO Premium plugin. -->","yoast_head_json":{"title":"EL LABORATORIO CENTRAL DE RECOLETAS, \u00daNICO EN CASTILLA Y LE\u00d3N - Noticias Grupo Recoletas","robots":{"index":"index","follow":"follow","max-snippet":"max-snippet:-1","max-image-preview":"max-image-preview:large","max-video-preview":"max-video-preview:-1"},"canonical":"https:\/\/www.gruporecoletas.com\/noticias\/el-laboratorio-central-de-recoletas-unico-en-castilla-y-leon\/","og_locale":"es_ES","og_type":"article","og_title":"EL LABORATORIO CENTRAL DE RECOLETAS, \u00daNICO EN CASTILLA Y LE\u00d3N","og_description":"El nuevo Laboratorio Central de Recoletas Red Hospitalaria ubicado en Valladolid y dotado de equipamiento de \u00faltima generaci\u00f3n, capaz de procesar m\u00e1s de mil muestras al d\u00eda, se ha convertido en el centro referencia de Castilla y Le\u00f3n. El nuevo Laboratorio Central cuenta con novedoso equipamiento que permite la automatizaci\u00f3n de diferentes \u00e1reas y mejora [&hellip;]","og_url":"https:\/\/www.gruporecoletas.com\/noticias\/el-laboratorio-central-de-recoletas-unico-en-castilla-y-leon\/","og_site_name":"Noticias Grupo Recoletas","article_publisher":"https:\/\/www.facebook.com\/GrupoRecoletas\/","article_published_time":"2021-07-27T07:20:53+00:00","article_modified_time":"2021-07-27T07:20:54+00:00","og_image":[{"width":1366,"height":768,"url":"https:\/\/www.gruporecoletas.com\/noticias\/wp-content\/uploads\/2021\/07\/web-1.jpg","type":"image\/jpeg"}],"author":"Andrea","twitter_card":"summary_large_image","twitter_creator":"@GrupoRecoletas","twitter_site":"@GrupoRecoletas","twitter_misc":{"Escrito por":"Andrea","Tiempo de lectura":"2 minutos"},"schema":{"@context":"https:\/\/schema.org","@graph":[{"@type":"Article","@id":"https:\/\/www.gruporecoletas.com\/noticias\/el-laboratorio-central-de-recoletas-unico-en-castilla-y-leon\/#article","isPartOf":{"@id":"https:\/\/www.gruporecoletas.com\/noticias\/el-laboratorio-central-de-recoletas-unico-en-castilla-y-leon\/"},"author":{"name":"Andrea","@id":"https:\/\/www.gruporecoletas.com\/noticias\/#\/schema\/person\/06ae47abe132337b3d64d46e6a153a44"},"headline":"EL LABORATORIO CENTRAL DE RECOLETAS, \u00daNICO EN CASTILLA Y LE\u00d3N","datePublished":"2021-07-27T07:20:53+00:00","dateModified":"2021-07-27T07:20:54+00:00","mainEntityOfPage":{"@id":"https:\/\/www.gruporecoletas.com\/noticias\/el-laboratorio-central-de-recoletas-unico-en-castilla-y-leon\/"},"wordCount":431,"image":{"@id":"https:\/\/www.gruporecoletas.com\/noticias\/el-laboratorio-central-de-recoletas-unico-en-castilla-y-leon\/#primaryimage"},"thumbnailUrl":"https:\/\/www.gruporecoletas.com\/noticias\/wp-content\/uploads\/2021\/07\/web-1.jpg","keywords":["biologia","castillayleon","laboratorio"],"articleSection":["Grupo Recoletas"],"inLanguage":"es"},{"@type":"WebPage","@id":"https:\/\/www.gruporecoletas.com\/noticias\/el-laboratorio-central-de-recoletas-unico-en-castilla-y-leon\/","url":"https:\/\/www.gruporecoletas.com\/noticias\/el-laboratorio-central-de-recoletas-unico-en-castilla-y-leon\/","name":"EL LABORATORIO CENTRAL DE RECOLETAS, \u00daNICO EN CASTILLA Y LE\u00d3N - Noticias Grupo Recoletas","isPartOf":{"@id":"https:\/\/www.gruporecoletas.com\/noticias\/#website"},"primaryImageOfPage":{"@id":"https:\/\/www.gruporecoletas.com\/noticias\/el-laboratorio-central-de-recoletas-unico-en-castilla-y-leon\/#primaryimage"},"image":{"@id":"https:\/\/www.gruporecoletas.com\/noticias\/el-laboratorio-central-de-recoletas-unico-en-castilla-y-leon\/#primaryimage"},"thumbnailUrl":"https:\/\/www.gruporecoletas.com\/noticias\/wp-content\/uploads\/2021\/07\/web-1.jpg","datePublished":"2021-07-27T07:20:53+00:00","dateModified":"2021-07-27T07:20:54+00:00","author":{"@id":"https:\/\/www.gruporecoletas.com\/noticias\/#\/schema\/person\/06ae47abe132337b3d64d46e6a153a44"},"breadcrumb":{"@id":"https:\/\/www.gruporecoletas.com\/noticias\/el-laboratorio-central-de-recoletas-unico-en-castilla-y-leon\/#breadcrumb"},"inLanguage":"es","potentialAction":[{"@type":"ReadAction","target":["https:\/\/www.gruporecoletas.com\/noticias\/el-laboratorio-central-de-recoletas-unico-en-castilla-y-leon\/"]}]},{"@type":"ImageObject","inLanguage":"es","@id":"https:\/\/www.gruporecoletas.com\/noticias\/el-laboratorio-central-de-recoletas-unico-en-castilla-y-leon\/#primaryimage","url":"https:\/\/www.gruporecoletas.com\/noticias\/wp-content\/uploads\/2021\/07\/web-1.jpg","contentUrl":"https:\/\/www.gruporecoletas.com\/noticias\/wp-content\/uploads\/2021\/07\/web-1.jpg","width":1366,"height":768,"caption":"Laboratorio central de Recoletas."},{"@type":"BreadcrumbList","@id":"https:\/\/www.gruporecoletas.com\/noticias\/el-laboratorio-central-de-recoletas-unico-en-castilla-y-leon\/#breadcrumb","itemListElement":[{"@type":"ListItem","position":1,"name":"Portada","item":"https:\/\/www.gruporecoletas.com\/noticias\/"},{"@type":"ListItem","position":2,"name":"EL LABORATORIO CENTRAL DE RECOLETAS, \u00daNICO EN CASTILLA Y LE\u00d3N"}]},{"@type":"WebSite","@id":"https:\/\/www.gruporecoletas.com\/noticias\/#website","url":"https:\/\/www.gruporecoletas.com\/noticias\/","name":"Noticias Grupo Recoletas","description":"Grupo Recoletas","potentialAction":[{"@type":"SearchAction","target":{"@type":"EntryPoint","urlTemplate":"https:\/\/www.gruporecoletas.com\/noticias\/?s={search_term_string}"},"query-input":{"@type":"PropertyValueSpecification","valueRequired":true,"valueName":"search_term_string"}}],"inLanguage":"es"},{"@type":"Person","@id":"https:\/\/www.gruporecoletas.com\/noticias\/#\/schema\/person\/06ae47abe132337b3d64d46e6a153a44","name":"Andrea","url":"https:\/\/www.gruporecoletas.com\/noticias\/author\/andrea\/"}]}},"_links":{"self":[{"href":"https:\/\/www.gruporecoletas.com\/noticias\/wp-json\/wp\/v2\/posts\/14844","targetHints":{"allow":["GET"]}}],"collection":[{"href":"https:\/\/www.gruporecoletas.com\/noticias\/wp-json\/wp\/v2\/posts"}],"about":[{"href":"https:\/\/www.gruporecoletas.com\/noticias\/wp-json\/wp\/v2\/types\/post"}],"author":[{"embeddable":true,"href":"https:\/\/www.gruporecoletas.com\/noticias\/wp-json\/wp\/v2\/users\/12"}],"replies":[{"embeddable":true,"href":"https:\/\/www.gruporecoletas.com\/noticias\/wp-json\/wp\/v2\/comments?post=14844"}],"version-history":[{"count":1,"href":"https:\/\/www.gruporecoletas.com\/noticias\/wp-json\/wp\/v2\/posts\/14844\/revisions"}],"predecessor-version":[{"id":14846,"href":"https:\/\/www.gruporecoletas.com\/noticias\/wp-json\/wp\/v2\/posts\/14844\/revisions\/14846"}],"wp:featuredmedia":[{"embeddable":true,"href":"https:\/\/www.gruporecoletas.com\/noticias\/wp-json\/wp\/v2\/media\/14845"}],"wp:attachment":[{"href":"https:\/\/www.gruporecoletas.com\/noticias\/wp-json\/wp\/v2\/media?parent=14844"}],"wp:term":[{"taxonomy":"category","embeddable":true,"href":"https:\/\/www.gruporecoletas.com\/noticias\/wp-json\/wp\/v2\/categories?post=14844"},{"taxonomy":"post_tag","embeddable":true,"href":"https:\/\/www.gruporecoletas.com\/noticias\/wp-json\/wp\/v2\/tags?post=14844"}],"curies":[{"name":"wp","href":"https:\/\/api.w.org\/{rel}","templated":true}]}}