{"id":15020,"date":"2021-10-01T11:51:12","date_gmt":"2021-10-01T09:51:12","guid":{"rendered":"https:\/\/www.gruporecoletas.com\/noticias\/?p=15020"},"modified":"2021-10-04T08:27:41","modified_gmt":"2021-10-04T06:27:41","slug":"fotografia-mediambiente-recoletas","status":"publish","type":"post","link":"https:\/\/www.gruporecoletas.com\/noticias\/fotografia-mediambiente-recoletas\/","title":{"rendered":"Recoletas entrega los premios del concurso de fotograf\u00eda \u00abM\u00e1s salud, mejor planeta\u00bb"},"content":{"rendered":"\n<p>Los gerentes de los hospitales Recoletas han hecho entrega de un <strong>lote de ropa deportiva ecol\u00f3gica <\/strong>a los ganadores de la primera edici\u00f3n del concurso de fotograf\u00eda <strong>\u201cM\u00e1s Salud,<\/strong> Mejor Planeta\u201d.<\/p>\n\n\n\n<p>El concurso, que nace con vocaci\u00f3n de continuidad en el tiempo, ha sido convocado por <strong>Recoletas Red Hospitalaria<\/strong> en todos sus hospitales para conmemorar el <strong>D\u00eda Mundial del Medio Ambiente <\/strong>celebrado el pasado cinco de junio.<\/p>\n\n\n\n<p>Con esta actuaci\u00f3n, Recoletas pretende poner en valor la importancia de vivir en <strong>ciudades saludables<\/strong>, que respeten la <strong>naturaleza<\/strong> y fomenten el <strong>cuidado medioambiental.<\/strong><\/p>\n\n\n\n<p>A esta primera edici\u00f3n se han presentado cerca de <strong>150 fotograf\u00edas <\/strong>de empleados y pacientes de las cuales se han seleccionado<strong> tres finalistas en cada uno de los hospitales<\/strong>.<\/p>\n\n\n\n<p>Todas las fotos premiadas formar\u00e1n parte de una<strong> exposici\u00f3n itinerante<\/strong> por las ciudades en las que Recoletas tiene presencia y a continuaci\u00f3n, pasar\u00e1n a decorar espacios comunes de los recintos hospitalarios.<\/p>\n\n\n\n<p><\/p>\n\n\n\n<figure class=\"wp-block-gallery columns-3 is-cropped wp-block-gallery-1 is-layout-flex wp-block-gallery-is-layout-flex\"><ul class=\"blocks-gallery-grid\"><li class=\"blocks-gallery-item\"><figure><img loading=\"lazy\" decoding=\"async\" width=\"1024\" height=\"576\" src=\"https:\/\/www.gruporecoletas.com\/noticias\/wp-content\/uploads\/2021\/10\/recoletas-medio-ambiente-burgos-1024x576.jpg\" alt=\"\" data-id=\"15021\" data-link=\"https:\/\/www.gruporecoletas.com\/noticias\/?attachment_id=15021\" class=\"wp-image-15021\" srcset=\"https:\/\/www.gruporecoletas.com\/noticias\/wp-content\/uploads\/2021\/10\/recoletas-medio-ambiente-burgos-1024x576.jpg 1024w, https:\/\/www.gruporecoletas.com\/noticias\/wp-content\/uploads\/2021\/10\/recoletas-medio-ambiente-burgos-300x169.jpg 300w, https:\/\/www.gruporecoletas.com\/noticias\/wp-content\/uploads\/2021\/10\/recoletas-medio-ambiente-burgos-768x432.jpg 768w, https:\/\/www.gruporecoletas.com\/noticias\/wp-content\/uploads\/2021\/10\/recoletas-medio-ambiente-burgos.jpg 1366w\" sizes=\"auto, (max-width: 1024px) 100vw, 1024px\" \/><\/figure><\/li><li class=\"blocks-gallery-item\"><figure><img loading=\"lazy\" decoding=\"async\" width=\"1024\" height=\"576\" src=\"https:\/\/www.gruporecoletas.com\/noticias\/wp-content\/uploads\/2021\/10\/recoletas-medio-ambiente-palencia-1024x576.jpg\" alt=\"\" data-id=\"15022\" data-link=\"https:\/\/www.gruporecoletas.com\/noticias\/?attachment_id=15022\" class=\"wp-image-15022\" srcset=\"https:\/\/www.gruporecoletas.com\/noticias\/wp-content\/uploads\/2021\/10\/recoletas-medio-ambiente-palencia-1024x576.jpg 1024w, https:\/\/www.gruporecoletas.com\/noticias\/wp-content\/uploads\/2021\/10\/recoletas-medio-ambiente-palencia-300x169.jpg 300w, https:\/\/www.gruporecoletas.com\/noticias\/wp-content\/uploads\/2021\/10\/recoletas-medio-ambiente-palencia-768x432.jpg 768w, https:\/\/www.gruporecoletas.com\/noticias\/wp-content\/uploads\/2021\/10\/recoletas-medio-ambiente-palencia.jpg 1366w\" sizes=\"auto, (max-width: 1024px) 100vw, 1024px\" \/><\/figure><\/li><li class=\"blocks-gallery-item\"><figure><img loading=\"lazy\" decoding=\"async\" width=\"1024\" height=\"576\" src=\"https:\/\/www.gruporecoletas.com\/noticias\/wp-content\/uploads\/2021\/10\/recoletas-medio-ambiente-segovia-1024x576.jpg\" alt=\"\" data-id=\"15023\" data-link=\"https:\/\/www.gruporecoletas.com\/noticias\/?attachment_id=15023\" class=\"wp-image-15023\" srcset=\"https:\/\/www.gruporecoletas.com\/noticias\/wp-content\/uploads\/2021\/10\/recoletas-medio-ambiente-segovia-1024x576.jpg 1024w, https:\/\/www.gruporecoletas.com\/noticias\/wp-content\/uploads\/2021\/10\/recoletas-medio-ambiente-segovia-300x169.jpg 300w, https:\/\/www.gruporecoletas.com\/noticias\/wp-content\/uploads\/2021\/10\/recoletas-medio-ambiente-segovia-768x432.jpg 768w, https:\/\/www.gruporecoletas.com\/noticias\/wp-content\/uploads\/2021\/10\/recoletas-medio-ambiente-segovia.jpg 1366w\" sizes=\"auto, (max-width: 1024px) 100vw, 1024px\" \/><\/figure><\/li><li class=\"blocks-gallery-item\"><figure><img loading=\"lazy\" decoding=\"async\" width=\"1024\" height=\"576\" src=\"https:\/\/www.gruporecoletas.com\/noticias\/wp-content\/uploads\/2021\/10\/recoletas-medio-ambiente-zamora-1024x576.jpg\" alt=\"\" data-id=\"15024\" data-link=\"https:\/\/www.gruporecoletas.com\/noticias\/?attachment_id=15024\" class=\"wp-image-15024\" srcset=\"https:\/\/www.gruporecoletas.com\/noticias\/wp-content\/uploads\/2021\/10\/recoletas-medio-ambiente-zamora-1024x576.jpg 1024w, https:\/\/www.gruporecoletas.com\/noticias\/wp-content\/uploads\/2021\/10\/recoletas-medio-ambiente-zamora-300x169.jpg 300w, https:\/\/www.gruporecoletas.com\/noticias\/wp-content\/uploads\/2021\/10\/recoletas-medio-ambiente-zamora-768x432.jpg 768w, https:\/\/www.gruporecoletas.com\/noticias\/wp-content\/uploads\/2021\/10\/recoletas-medio-ambiente-zamora.jpg 1366w\" sizes=\"auto, (max-width: 1024px) 100vw, 1024px\" \/><\/figure><\/li><li class=\"blocks-gallery-item\"><figure><img loading=\"lazy\" decoding=\"async\" width=\"1024\" height=\"576\" src=\"https:\/\/www.gruporecoletas.com\/noticias\/wp-content\/uploads\/2021\/10\/recoletas-medio-ambiente-campogrande-1024x576.jpg\" alt=\"\" data-id=\"15028\" data-full-url=\"https:\/\/www.gruporecoletas.com\/noticias\/wp-content\/uploads\/2021\/10\/recoletas-medio-ambiente-campogrande.jpg\" data-link=\"https:\/\/www.gruporecoletas.com\/noticias\/fotografia-mediambiente-recoletas\/recoletas-medio-ambiente-campogrande\/\" class=\"wp-image-15028\" srcset=\"https:\/\/www.gruporecoletas.com\/noticias\/wp-content\/uploads\/2021\/10\/recoletas-medio-ambiente-campogrande-1024x576.jpg 1024w, https:\/\/www.gruporecoletas.com\/noticias\/wp-content\/uploads\/2021\/10\/recoletas-medio-ambiente-campogrande-300x169.jpg 300w, https:\/\/www.gruporecoletas.com\/noticias\/wp-content\/uploads\/2021\/10\/recoletas-medio-ambiente-campogrande-768x432.jpg 768w, https:\/\/www.gruporecoletas.com\/noticias\/wp-content\/uploads\/2021\/10\/recoletas-medio-ambiente-campogrande.jpg 1366w\" sizes=\"auto, (max-width: 1024px) 100vw, 1024px\" \/><\/figure><\/li><\/ul><\/figure>\n","protected":false},"excerpt":{"rendered":"<p>Los gerentes de los hospitales Recoletas han hecho entrega de un lote de ropa deportiva ecol\u00f3gica a los ganadores de la primera edici\u00f3n del concurso de fotograf\u00eda \u201cM\u00e1s Salud, Mejor Planeta\u201d. El concurso, que nace con vocaci\u00f3n de continuidad en el tiempo, ha sido convocado por Recoletas Red Hospitalaria en todos sus hospitales para conmemorar [&hellip;]<\/p>\n","protected":false},"author":2,"featured_media":15022,"comment_status":"closed","ping_status":"closed","sticky":false,"template":"","format":"standard","meta":{"_acf_changed":false,"footnotes":""},"categories":[43],"tags":[3200,3201,15],"class_list":["post-15020","post","type-post","status-publish","format-standard","has-post-thumbnail","hentry","category-centros","tag-fotografia-2","tag-medioambiente","tag-recoletas"],"acf":[],"yoast_head":"<!-- This site is optimized with the Yoast SEO Premium plugin v27.3 (Yoast SEO v27.3) - https:\/\/yoast.com\/product\/yoast-seo-premium-wordpress\/ -->\n<title>Recoletas entrega los premios del concurso de fotograf\u00eda<\/title>\n<meta name=\"description\" content=\"Recoletas Red Hospitalaria ha hecho entrega de un lote de ropa deportiva ecol\u00f3gica a los ganadores del concurso de fotograf\u00eda \u201cM\u00e1s Salud, Mejor Planeta\u201d.\" \/>\n<meta name=\"robots\" content=\"index, follow, max-snippet:-1, max-image-preview:large, max-video-preview:-1\" \/>\n<link rel=\"canonical\" href=\"https:\/\/www.gruporecoletas.com\/noticias\/fotografia-mediambiente-recoletas\/\" \/>\n<meta property=\"og:locale\" content=\"es_ES\" \/>\n<meta property=\"og:type\" content=\"article\" \/>\n<meta property=\"og:title\" content=\"Recoletas entrega los premios del concurso de fotograf\u00eda &quot;M\u00e1s salud, mejor planeta&quot;\" \/>\n<meta property=\"og:description\" content=\"Recoletas Red Hospitalaria ha hecho entrega de un lote de ropa deportiva ecol\u00f3gica a los ganadores del concurso de fotograf\u00eda \u201cM\u00e1s Salud, Mejor Planeta\u201d.\" \/>\n<meta property=\"og:url\" content=\"https:\/\/www.gruporecoletas.com\/noticias\/fotografia-mediambiente-recoletas\/\" \/>\n<meta property=\"og:site_name\" content=\"Noticias Grupo Recoletas\" \/>\n<meta property=\"article:publisher\" content=\"https:\/\/www.facebook.com\/GrupoRecoletas\/\" \/>\n<meta property=\"article:published_time\" content=\"2021-10-01T09:51:12+00:00\" \/>\n<meta property=\"article:modified_time\" content=\"2021-10-04T06:27:41+00:00\" \/>\n<meta property=\"og:image\" content=\"https:\/\/www.gruporecoletas.com\/noticias\/wp-content\/uploads\/2021\/10\/recoletas-medio-ambiente-palencia.jpg\" \/>\n\t<meta property=\"og:image:width\" content=\"1366\" \/>\n\t<meta property=\"og:image:height\" content=\"768\" \/>\n\t<meta property=\"og:image:type\" content=\"image\/jpeg\" \/>\n<meta name=\"author\" content=\"Recoletas Red Hospitalaria\" \/>\n<meta name=\"twitter:card\" content=\"summary_large_image\" \/>\n<meta name=\"twitter:creator\" content=\"@GrupoRecoletas\" \/>\n<meta name=\"twitter:site\" content=\"@GrupoRecoletas\" \/>\n<meta name=\"twitter:label1\" content=\"Escrito por\" \/>\n\t<meta name=\"twitter:data1\" content=\"Recoletas Red Hospitalaria\" \/>\n\t<meta name=\"twitter:label2\" content=\"Tiempo de lectura\" \/>\n\t<meta name=\"twitter:data2\" content=\"1 minuto\" \/>\n<script type=\"application\/ld+json\" class=\"yoast-schema-graph\">{\"@context\":\"https:\\\/\\\/schema.org\",\"@graph\":[{\"@type\":\"Article\",\"@id\":\"https:\\\/\\\/www.gruporecoletas.com\\\/noticias\\\/fotografia-mediambiente-recoletas\\\/#article\",\"isPartOf\":{\"@id\":\"https:\\\/\\\/www.gruporecoletas.com\\\/noticias\\\/fotografia-mediambiente-recoletas\\\/\"},\"author\":{\"name\":\"Recoletas Red Hospitalaria\",\"@id\":\"https:\\\/\\\/www.gruporecoletas.com\\\/noticias\\\/#\\\/schema\\\/person\\\/3c6ac429828d1f5e3d3bd99f4da9b02c\"},\"headline\":\"Recoletas entrega los premios del concurso de fotograf\u00eda \u00abM\u00e1s salud, mejor planeta\u00bb\",\"datePublished\":\"2021-10-01T09:51:12+00:00\",\"dateModified\":\"2021-10-04T06:27:41+00:00\",\"mainEntityOfPage\":{\"@id\":\"https:\\\/\\\/www.gruporecoletas.com\\\/noticias\\\/fotografia-mediambiente-recoletas\\\/\"},\"wordCount\":177,\"image\":{\"@id\":\"https:\\\/\\\/www.gruporecoletas.com\\\/noticias\\\/fotografia-mediambiente-recoletas\\\/#primaryimage\"},\"thumbnailUrl\":\"https:\\\/\\\/www.gruporecoletas.com\\\/noticias\\\/wp-content\\\/uploads\\\/2021\\\/10\\\/recoletas-medio-ambiente-palencia.jpg\",\"keywords\":[\"fotografia\",\"medioambiente\",\"Recoletas\"],\"articleSection\":[\"Centros\"],\"inLanguage\":\"es\"},{\"@type\":\"WebPage\",\"@id\":\"https:\\\/\\\/www.gruporecoletas.com\\\/noticias\\\/fotografia-mediambiente-recoletas\\\/\",\"url\":\"https:\\\/\\\/www.gruporecoletas.com\\\/noticias\\\/fotografia-mediambiente-recoletas\\\/\",\"name\":\"Recoletas entrega los premios del concurso de fotograf\u00eda\",\"isPartOf\":{\"@id\":\"https:\\\/\\\/www.gruporecoletas.com\\\/noticias\\\/#website\"},\"primaryImageOfPage\":{\"@id\":\"https:\\\/\\\/www.gruporecoletas.com\\\/noticias\\\/fotografia-mediambiente-recoletas\\\/#primaryimage\"},\"image\":{\"@id\":\"https:\\\/\\\/www.gruporecoletas.com\\\/noticias\\\/fotografia-mediambiente-recoletas\\\/#primaryimage\"},\"thumbnailUrl\":\"https:\\\/\\\/www.gruporecoletas.com\\\/noticias\\\/wp-content\\\/uploads\\\/2021\\\/10\\\/recoletas-medio-ambiente-palencia.jpg\",\"datePublished\":\"2021-10-01T09:51:12+00:00\",\"dateModified\":\"2021-10-04T06:27:41+00:00\",\"author\":{\"@id\":\"https:\\\/\\\/www.gruporecoletas.com\\\/noticias\\\/#\\\/schema\\\/person\\\/3c6ac429828d1f5e3d3bd99f4da9b02c\"},\"description\":\"Recoletas Red Hospitalaria ha hecho entrega de un lote de ropa deportiva ecol\u00f3gica a los ganadores del concurso de fotograf\u00eda \u201cM\u00e1s Salud, Mejor Planeta\u201d.\",\"breadcrumb\":{\"@id\":\"https:\\\/\\\/www.gruporecoletas.com\\\/noticias\\\/fotografia-mediambiente-recoletas\\\/#breadcrumb\"},\"inLanguage\":\"es\",\"potentialAction\":[{\"@type\":\"ReadAction\",\"target\":[\"https:\\\/\\\/www.gruporecoletas.com\\\/noticias\\\/fotografia-mediambiente-recoletas\\\/\"]}]},{\"@type\":\"ImageObject\",\"inLanguage\":\"es\",\"@id\":\"https:\\\/\\\/www.gruporecoletas.com\\\/noticias\\\/fotografia-mediambiente-recoletas\\\/#primaryimage\",\"url\":\"https:\\\/\\\/www.gruporecoletas.com\\\/noticias\\\/wp-content\\\/uploads\\\/2021\\\/10\\\/recoletas-medio-ambiente-palencia.jpg\",\"contentUrl\":\"https:\\\/\\\/www.gruporecoletas.com\\\/noticias\\\/wp-content\\\/uploads\\\/2021\\\/10\\\/recoletas-medio-ambiente-palencia.jpg\",\"width\":1366,\"height\":768},{\"@type\":\"BreadcrumbList\",\"@id\":\"https:\\\/\\\/www.gruporecoletas.com\\\/noticias\\\/fotografia-mediambiente-recoletas\\\/#breadcrumb\",\"itemListElement\":[{\"@type\":\"ListItem\",\"position\":1,\"name\":\"Portada\",\"item\":\"https:\\\/\\\/www.gruporecoletas.com\\\/noticias\\\/\"},{\"@type\":\"ListItem\",\"position\":2,\"name\":\"Recoletas entrega los premios del concurso de fotograf\u00eda \u00abM\u00e1s salud, mejor planeta\u00bb\"}]},{\"@type\":\"WebSite\",\"@id\":\"https:\\\/\\\/www.gruporecoletas.com\\\/noticias\\\/#website\",\"url\":\"https:\\\/\\\/www.gruporecoletas.com\\\/noticias\\\/\",\"name\":\"Noticias Grupo Recoletas\",\"description\":\"Grupo Recoletas\",\"potentialAction\":[{\"@type\":\"SearchAction\",\"target\":{\"@type\":\"EntryPoint\",\"urlTemplate\":\"https:\\\/\\\/www.gruporecoletas.com\\\/noticias\\\/?s={search_term_string}\"},\"query-input\":{\"@type\":\"PropertyValueSpecification\",\"valueRequired\":true,\"valueName\":\"search_term_string\"}}],\"inLanguage\":\"es\"},{\"@type\":\"Person\",\"@id\":\"https:\\\/\\\/www.gruporecoletas.com\\\/noticias\\\/#\\\/schema\\\/person\\\/3c6ac429828d1f5e3d3bd99f4da9b02c\",\"name\":\"Recoletas Red Hospitalaria\",\"url\":\"https:\\\/\\\/www.gruporecoletas.com\\\/noticias\\\/author\\\/comunicacion\\\/\"}]}<\/script>\n<!-- \/ Yoast SEO Premium plugin. -->","yoast_head_json":{"title":"Recoletas entrega los premios del concurso de fotograf\u00eda","description":"Recoletas Red Hospitalaria ha hecho entrega de un lote de ropa deportiva ecol\u00f3gica a los ganadores del concurso de fotograf\u00eda \u201cM\u00e1s Salud, Mejor Planeta\u201d.","robots":{"index":"index","follow":"follow","max-snippet":"max-snippet:-1","max-image-preview":"max-image-preview:large","max-video-preview":"max-video-preview:-1"},"canonical":"https:\/\/www.gruporecoletas.com\/noticias\/fotografia-mediambiente-recoletas\/","og_locale":"es_ES","og_type":"article","og_title":"Recoletas entrega los premios del concurso de fotograf\u00eda \"M\u00e1s salud, mejor planeta\"","og_description":"Recoletas Red Hospitalaria ha hecho entrega de un lote de ropa deportiva ecol\u00f3gica a los ganadores del concurso de fotograf\u00eda \u201cM\u00e1s Salud, Mejor Planeta\u201d.","og_url":"https:\/\/www.gruporecoletas.com\/noticias\/fotografia-mediambiente-recoletas\/","og_site_name":"Noticias Grupo Recoletas","article_publisher":"https:\/\/www.facebook.com\/GrupoRecoletas\/","article_published_time":"2021-10-01T09:51:12+00:00","article_modified_time":"2021-10-04T06:27:41+00:00","og_image":[{"width":1366,"height":768,"url":"https:\/\/www.gruporecoletas.com\/noticias\/wp-content\/uploads\/2021\/10\/recoletas-medio-ambiente-palencia.jpg","type":"image\/jpeg"}],"author":"Recoletas Red Hospitalaria","twitter_card":"summary_large_image","twitter_creator":"@GrupoRecoletas","twitter_site":"@GrupoRecoletas","twitter_misc":{"Escrito por":"Recoletas Red Hospitalaria","Tiempo de lectura":"1 minuto"},"schema":{"@context":"https:\/\/schema.org","@graph":[{"@type":"Article","@id":"https:\/\/www.gruporecoletas.com\/noticias\/fotografia-mediambiente-recoletas\/#article","isPartOf":{"@id":"https:\/\/www.gruporecoletas.com\/noticias\/fotografia-mediambiente-recoletas\/"},"author":{"name":"Recoletas Red Hospitalaria","@id":"https:\/\/www.gruporecoletas.com\/noticias\/#\/schema\/person\/3c6ac429828d1f5e3d3bd99f4da9b02c"},"headline":"Recoletas entrega los premios del concurso de fotograf\u00eda \u00abM\u00e1s salud, mejor planeta\u00bb","datePublished":"2021-10-01T09:51:12+00:00","dateModified":"2021-10-04T06:27:41+00:00","mainEntityOfPage":{"@id":"https:\/\/www.gruporecoletas.com\/noticias\/fotografia-mediambiente-recoletas\/"},"wordCount":177,"image":{"@id":"https:\/\/www.gruporecoletas.com\/noticias\/fotografia-mediambiente-recoletas\/#primaryimage"},"thumbnailUrl":"https:\/\/www.gruporecoletas.com\/noticias\/wp-content\/uploads\/2021\/10\/recoletas-medio-ambiente-palencia.jpg","keywords":["fotografia","medioambiente","Recoletas"],"articleSection":["Centros"],"inLanguage":"es"},{"@type":"WebPage","@id":"https:\/\/www.gruporecoletas.com\/noticias\/fotografia-mediambiente-recoletas\/","url":"https:\/\/www.gruporecoletas.com\/noticias\/fotografia-mediambiente-recoletas\/","name":"Recoletas entrega los premios del concurso de fotograf\u00eda","isPartOf":{"@id":"https:\/\/www.gruporecoletas.com\/noticias\/#website"},"primaryImageOfPage":{"@id":"https:\/\/www.gruporecoletas.com\/noticias\/fotografia-mediambiente-recoletas\/#primaryimage"},"image":{"@id":"https:\/\/www.gruporecoletas.com\/noticias\/fotografia-mediambiente-recoletas\/#primaryimage"},"thumbnailUrl":"https:\/\/www.gruporecoletas.com\/noticias\/wp-content\/uploads\/2021\/10\/recoletas-medio-ambiente-palencia.jpg","datePublished":"2021-10-01T09:51:12+00:00","dateModified":"2021-10-04T06:27:41+00:00","author":{"@id":"https:\/\/www.gruporecoletas.com\/noticias\/#\/schema\/person\/3c6ac429828d1f5e3d3bd99f4da9b02c"},"description":"Recoletas Red Hospitalaria ha hecho entrega de un lote de ropa deportiva ecol\u00f3gica a los ganadores del concurso de fotograf\u00eda \u201cM\u00e1s Salud, Mejor Planeta\u201d.","breadcrumb":{"@id":"https:\/\/www.gruporecoletas.com\/noticias\/fotografia-mediambiente-recoletas\/#breadcrumb"},"inLanguage":"es","potentialAction":[{"@type":"ReadAction","target":["https:\/\/www.gruporecoletas.com\/noticias\/fotografia-mediambiente-recoletas\/"]}]},{"@type":"ImageObject","inLanguage":"es","@id":"https:\/\/www.gruporecoletas.com\/noticias\/fotografia-mediambiente-recoletas\/#primaryimage","url":"https:\/\/www.gruporecoletas.com\/noticias\/wp-content\/uploads\/2021\/10\/recoletas-medio-ambiente-palencia.jpg","contentUrl":"https:\/\/www.gruporecoletas.com\/noticias\/wp-content\/uploads\/2021\/10\/recoletas-medio-ambiente-palencia.jpg","width":1366,"height":768},{"@type":"BreadcrumbList","@id":"https:\/\/www.gruporecoletas.com\/noticias\/fotografia-mediambiente-recoletas\/#breadcrumb","itemListElement":[{"@type":"ListItem","position":1,"name":"Portada","item":"https:\/\/www.gruporecoletas.com\/noticias\/"},{"@type":"ListItem","position":2,"name":"Recoletas entrega los premios del concurso de fotograf\u00eda \u00abM\u00e1s salud, mejor planeta\u00bb"}]},{"@type":"WebSite","@id":"https:\/\/www.gruporecoletas.com\/noticias\/#website","url":"https:\/\/www.gruporecoletas.com\/noticias\/","name":"Noticias Grupo Recoletas","description":"Grupo Recoletas","potentialAction":[{"@type":"SearchAction","target":{"@type":"EntryPoint","urlTemplate":"https:\/\/www.gruporecoletas.com\/noticias\/?s={search_term_string}"},"query-input":{"@type":"PropertyValueSpecification","valueRequired":true,"valueName":"search_term_string"}}],"inLanguage":"es"},{"@type":"Person","@id":"https:\/\/www.gruporecoletas.com\/noticias\/#\/schema\/person\/3c6ac429828d1f5e3d3bd99f4da9b02c","name":"Recoletas Red Hospitalaria","url":"https:\/\/www.gruporecoletas.com\/noticias\/author\/comunicacion\/"}]}},"_links":{"self":[{"href":"https:\/\/www.gruporecoletas.com\/noticias\/wp-json\/wp\/v2\/posts\/15020","targetHints":{"allow":["GET"]}}],"collection":[{"href":"https:\/\/www.gruporecoletas.com\/noticias\/wp-json\/wp\/v2\/posts"}],"about":[{"href":"https:\/\/www.gruporecoletas.com\/noticias\/wp-json\/wp\/v2\/types\/post"}],"author":[{"embeddable":true,"href":"https:\/\/www.gruporecoletas.com\/noticias\/wp-json\/wp\/v2\/users\/2"}],"replies":[{"embeddable":true,"href":"https:\/\/www.gruporecoletas.com\/noticias\/wp-json\/wp\/v2\/comments?post=15020"}],"version-history":[{"count":3,"href":"https:\/\/www.gruporecoletas.com\/noticias\/wp-json\/wp\/v2\/posts\/15020\/revisions"}],"predecessor-version":[{"id":15029,"href":"https:\/\/www.gruporecoletas.com\/noticias\/wp-json\/wp\/v2\/posts\/15020\/revisions\/15029"}],"wp:featuredmedia":[{"embeddable":true,"href":"https:\/\/www.gruporecoletas.com\/noticias\/wp-json\/wp\/v2\/media\/15022"}],"wp:attachment":[{"href":"https:\/\/www.gruporecoletas.com\/noticias\/wp-json\/wp\/v2\/media?parent=15020"}],"wp:term":[{"taxonomy":"category","embeddable":true,"href":"https:\/\/www.gruporecoletas.com\/noticias\/wp-json\/wp\/v2\/categories?post=15020"},{"taxonomy":"post_tag","embeddable":true,"href":"https:\/\/www.gruporecoletas.com\/noticias\/wp-json\/wp\/v2\/tags?post=15020"}],"curies":[{"name":"wp","href":"https:\/\/api.w.org\/{rel}","templated":true}]}}