{"id":15136,"date":"2021-11-05T15:14:58","date_gmt":"2021-11-05T14:14:58","guid":{"rendered":"https:\/\/www.gruporecoletas.com\/noticias\/?p=15136"},"modified":"2021-11-05T15:14:59","modified_gmt":"2021-11-05T14:14:59","slug":"recoletas-recibe-un-premio-en-reconocimiento-a-su-compromiso-con-el-deporte-de-castilla-y-leon","status":"publish","type":"post","link":"https:\/\/www.gruporecoletas.com\/noticias\/recoletas-recibe-un-premio-en-reconocimiento-a-su-compromiso-con-el-deporte-de-castilla-y-leon\/","title":{"rendered":"Recoletas recibe un premio en reconocimiento a su compromiso con el deporte de Castilla y Le\u00f3n"},"content":{"rendered":"\n<p>La revista <a href=\"http:\/\/www.castillayleoneconomica.es\">Castilla y Le\u00f3n Econ\u00f3mica<\/a> entreg\u00f3 ayer los XV Premios Castilla y Le\u00f3n Econ\u00f3mica para reconocer las <strong>mejores iniciativas del tejido empresarial de la comunidad aut\u00f3noma<\/strong> y valorar la gesti\u00f3n realizada por los empresarios y directivos para generar riqueza y empleo en la regi\u00f3n y contribuir a la modernizaci\u00f3n y eficiencia de sus empresas.<\/p>\n\n\n\n<p>Recoletas ha sido galardonado con el <strong>Premio de Mejor Acci\u00f3n Social<\/strong>. En esta categor\u00eda se destaca a la empresa o entidad con una mejor iniciativa social, como mecenazgo cultural, patrocinio deportivo, apoyo a una ONG, creaci\u00f3n de una fundaci\u00f3n y se distingue a la empresa con capacidad para combinar la rentabilidad econ\u00f3mica con el beneficio social.<\/p>\n\n\n\n<p><strong>Reconocimiento del jurado<\/strong><\/p>\n\n\n\n<p>El jurado -formado por representantes de La Caixa, GRI, Castilla y Le\u00f3n Econ\u00f3mica, Colegio de Economistas de Valladolid, representante de copatrocinadores, representante de Empresa Familiar de Castilla y Le\u00f3n, representante de la patronal y representante de la Junta de Castilla y Le\u00f3n- ha destacado que <em>\u201c<strong>el deporte de Castilla y Le\u00f3n no se entender\u00eda sin Recoletas Red Hospitalaria que desde hace varias temporadas respalda como patrocinador a los principales equipos<\/strong> de las ciudades donde el grupo est\u00e1 presente y pone su cuadro m\u00e9dico a disposici\u00f3n de todos los jugadores de los equipos que apoya, siendo su principal proveedor de servicios de salud\u201d<\/em>.<\/p>\n\n\n\n<p>El Director General de Hospitales de Recoletas, Rold\u00e1n Rodr\u00edguez, fue el encargado de recoger el galard\u00f3n en la gala que tuvo lugar en la Feria de Valladolid y a la que tambi\u00e9n asistieron los gerentes de los hospitales Recoletas de Valladolid, Zamora y Palencia, as\u00ed como otros directivos de la empresa.<\/p>\n\n\n\n<p>Para Recoletas, destac\u00f3 Rold\u00e1n Rodr\u00edguez, \u00abeste premio supone <strong>un aliciente a la estrecha colaboraci\u00f3n que desde hace a\u00f1os mantiene la empresa con clubes y asociaciones deportivas de la Comunidad Aut\u00f3noma<\/strong>, en la certeza de la importancia del deporte para la salud f\u00edsica y mental de las personas\u00bb.<\/p>\n\n\n\n<p>Durante la presente temporada deportiva 2021-22, Recoletas patrocina a la Federaci\u00f3n de Castilla y Le\u00f3n de F\u00fatbol, al Recoletas Atl\u00e9tico Valladolid, Real Valladolid Club de F\u00fatbol, Recoletas Burgos Universidad de Burgos, San Pablo Burgos, Recoletas Zamora, Gimn\u00e1stica Segovia, Fuentes Carrionas, equipo de f\u00fatbol Aguilar y CB Ciudad de Ponferrada. Asimismo, patrocina la Fundaci\u00f3n Eusebio Sacrist\u00e1n desde la que se fomenta la inclusi\u00f3n social a trav\u00e9s del deporte y recientemente, ha patrocinado eventos deportivos como el World Padel Tour 2021, Torneo de Golf La Faisanera-AECC 2021 o la Carrera San Silvestre en diciembre de 2020.<\/p>\n","protected":false},"excerpt":{"rendered":"<p>La revista Castilla y Le\u00f3n Econ\u00f3mica entreg\u00f3 ayer los XV Premios Castilla y Le\u00f3n Econ\u00f3mica para reconocer las mejores iniciativas del tejido empresarial de la comunidad aut\u00f3noma y valorar la gesti\u00f3n realizada por los empresarios y directivos para generar riqueza y empleo en la regi\u00f3n y contribuir a la modernizaci\u00f3n y eficiencia de sus empresas. [&hellip;]<\/p>\n","protected":false},"author":2,"featured_media":15137,"comment_status":"closed","ping_status":"closed","sticky":false,"template":"","format":"standard","meta":{"_acf_changed":false,"footnotes":""},"categories":[1],"tags":[1440],"class_list":["post-15136","post","type-post","status-publish","format-standard","has-post-thumbnail","hentry","category-grupo-recoletas","tag-patrocinios"],"acf":[],"yoast_head":"<!-- This site is optimized with the Yoast SEO Premium plugin v27.3 (Yoast SEO v27.3) - https:\/\/yoast.com\/product\/yoast-seo-premium-wordpress\/ -->\n<title>Recoletas recibe un premio en reconocimiento a su compromiso con el deporte de Castilla y Le\u00f3n - Noticias Grupo Recoletas<\/title>\n<meta name=\"robots\" content=\"index, follow, max-snippet:-1, max-image-preview:large, max-video-preview:-1\" \/>\n<link rel=\"canonical\" href=\"https:\/\/www.gruporecoletas.com\/noticias\/recoletas-recibe-un-premio-en-reconocimiento-a-su-compromiso-con-el-deporte-de-castilla-y-leon\/\" \/>\n<meta property=\"og:locale\" content=\"es_ES\" \/>\n<meta property=\"og:type\" content=\"article\" \/>\n<meta property=\"og:title\" content=\"Recoletas recibe un premio en reconocimiento a su compromiso con el deporte de Castilla y Le\u00f3n\" \/>\n<meta property=\"og:description\" content=\"La revista Castilla y Le\u00f3n Econ\u00f3mica entreg\u00f3 ayer los XV Premios Castilla y Le\u00f3n Econ\u00f3mica para reconocer las mejores iniciativas del tejido empresarial de la comunidad aut\u00f3noma y valorar la gesti\u00f3n realizada por los empresarios y directivos para generar riqueza y empleo en la regi\u00f3n y contribuir a la modernizaci\u00f3n y eficiencia de sus empresas. [&hellip;]\" \/>\n<meta property=\"og:url\" content=\"https:\/\/www.gruporecoletas.com\/noticias\/recoletas-recibe-un-premio-en-reconocimiento-a-su-compromiso-con-el-deporte-de-castilla-y-leon\/\" \/>\n<meta property=\"og:site_name\" content=\"Noticias Grupo Recoletas\" \/>\n<meta property=\"article:publisher\" content=\"https:\/\/www.facebook.com\/GrupoRecoletas\/\" \/>\n<meta property=\"article:published_time\" content=\"2021-11-05T14:14:58+00:00\" \/>\n<meta property=\"article:modified_time\" content=\"2021-11-05T14:14:59+00:00\" \/>\n<meta property=\"og:image\" content=\"https:\/\/www.gruporecoletas.com\/noticias\/wp-content\/uploads\/2021\/11\/premios-cyleco.jpg\" \/>\n\t<meta property=\"og:image:width\" content=\"900\" \/>\n\t<meta property=\"og:image:height\" content=\"650\" \/>\n\t<meta property=\"og:image:type\" content=\"image\/jpeg\" \/>\n<meta name=\"author\" content=\"Recoletas Red Hospitalaria\" \/>\n<meta name=\"twitter:card\" content=\"summary_large_image\" \/>\n<meta name=\"twitter:creator\" content=\"@GrupoRecoletas\" \/>\n<meta name=\"twitter:site\" content=\"@GrupoRecoletas\" \/>\n<meta name=\"twitter:label1\" content=\"Escrito por\" \/>\n\t<meta name=\"twitter:data1\" content=\"Recoletas Red Hospitalaria\" \/>\n\t<meta name=\"twitter:label2\" content=\"Tiempo de lectura\" \/>\n\t<meta name=\"twitter:data2\" content=\"2 minutos\" \/>\n<script type=\"application\/ld+json\" class=\"yoast-schema-graph\">{\"@context\":\"https:\\\/\\\/schema.org\",\"@graph\":[{\"@type\":\"Article\",\"@id\":\"https:\\\/\\\/www.gruporecoletas.com\\\/noticias\\\/recoletas-recibe-un-premio-en-reconocimiento-a-su-compromiso-con-el-deporte-de-castilla-y-leon\\\/#article\",\"isPartOf\":{\"@id\":\"https:\\\/\\\/www.gruporecoletas.com\\\/noticias\\\/recoletas-recibe-un-premio-en-reconocimiento-a-su-compromiso-con-el-deporte-de-castilla-y-leon\\\/\"},\"author\":{\"name\":\"Recoletas Red Hospitalaria\",\"@id\":\"https:\\\/\\\/www.gruporecoletas.com\\\/noticias\\\/#\\\/schema\\\/person\\\/3c6ac429828d1f5e3d3bd99f4da9b02c\"},\"headline\":\"Recoletas recibe un premio en reconocimiento a su compromiso con el deporte de Castilla y Le\u00f3n\",\"datePublished\":\"2021-11-05T14:14:58+00:00\",\"dateModified\":\"2021-11-05T14:14:59+00:00\",\"mainEntityOfPage\":{\"@id\":\"https:\\\/\\\/www.gruporecoletas.com\\\/noticias\\\/recoletas-recibe-un-premio-en-reconocimiento-a-su-compromiso-con-el-deporte-de-castilla-y-leon\\\/\"},\"wordCount\":464,\"image\":{\"@id\":\"https:\\\/\\\/www.gruporecoletas.com\\\/noticias\\\/recoletas-recibe-un-premio-en-reconocimiento-a-su-compromiso-con-el-deporte-de-castilla-y-leon\\\/#primaryimage\"},\"thumbnailUrl\":\"https:\\\/\\\/www.gruporecoletas.com\\\/noticias\\\/wp-content\\\/uploads\\\/2021\\\/11\\\/premios-cyleco.jpg\",\"keywords\":[\"Patrocinios\"],\"articleSection\":[\"Grupo Recoletas\"],\"inLanguage\":\"es\"},{\"@type\":\"WebPage\",\"@id\":\"https:\\\/\\\/www.gruporecoletas.com\\\/noticias\\\/recoletas-recibe-un-premio-en-reconocimiento-a-su-compromiso-con-el-deporte-de-castilla-y-leon\\\/\",\"url\":\"https:\\\/\\\/www.gruporecoletas.com\\\/noticias\\\/recoletas-recibe-un-premio-en-reconocimiento-a-su-compromiso-con-el-deporte-de-castilla-y-leon\\\/\",\"name\":\"Recoletas recibe un premio en reconocimiento a su compromiso con el deporte de Castilla y Le\u00f3n - Noticias Grupo Recoletas\",\"isPartOf\":{\"@id\":\"https:\\\/\\\/www.gruporecoletas.com\\\/noticias\\\/#website\"},\"primaryImageOfPage\":{\"@id\":\"https:\\\/\\\/www.gruporecoletas.com\\\/noticias\\\/recoletas-recibe-un-premio-en-reconocimiento-a-su-compromiso-con-el-deporte-de-castilla-y-leon\\\/#primaryimage\"},\"image\":{\"@id\":\"https:\\\/\\\/www.gruporecoletas.com\\\/noticias\\\/recoletas-recibe-un-premio-en-reconocimiento-a-su-compromiso-con-el-deporte-de-castilla-y-leon\\\/#primaryimage\"},\"thumbnailUrl\":\"https:\\\/\\\/www.gruporecoletas.com\\\/noticias\\\/wp-content\\\/uploads\\\/2021\\\/11\\\/premios-cyleco.jpg\",\"datePublished\":\"2021-11-05T14:14:58+00:00\",\"dateModified\":\"2021-11-05T14:14:59+00:00\",\"author\":{\"@id\":\"https:\\\/\\\/www.gruporecoletas.com\\\/noticias\\\/#\\\/schema\\\/person\\\/3c6ac429828d1f5e3d3bd99f4da9b02c\"},\"breadcrumb\":{\"@id\":\"https:\\\/\\\/www.gruporecoletas.com\\\/noticias\\\/recoletas-recibe-un-premio-en-reconocimiento-a-su-compromiso-con-el-deporte-de-castilla-y-leon\\\/#breadcrumb\"},\"inLanguage\":\"es\",\"potentialAction\":[{\"@type\":\"ReadAction\",\"target\":[\"https:\\\/\\\/www.gruporecoletas.com\\\/noticias\\\/recoletas-recibe-un-premio-en-reconocimiento-a-su-compromiso-con-el-deporte-de-castilla-y-leon\\\/\"]}]},{\"@type\":\"ImageObject\",\"inLanguage\":\"es\",\"@id\":\"https:\\\/\\\/www.gruporecoletas.com\\\/noticias\\\/recoletas-recibe-un-premio-en-reconocimiento-a-su-compromiso-con-el-deporte-de-castilla-y-leon\\\/#primaryimage\",\"url\":\"https:\\\/\\\/www.gruporecoletas.com\\\/noticias\\\/wp-content\\\/uploads\\\/2021\\\/11\\\/premios-cyleco.jpg\",\"contentUrl\":\"https:\\\/\\\/www.gruporecoletas.com\\\/noticias\\\/wp-content\\\/uploads\\\/2021\\\/11\\\/premios-cyleco.jpg\",\"width\":900,\"height\":650},{\"@type\":\"BreadcrumbList\",\"@id\":\"https:\\\/\\\/www.gruporecoletas.com\\\/noticias\\\/recoletas-recibe-un-premio-en-reconocimiento-a-su-compromiso-con-el-deporte-de-castilla-y-leon\\\/#breadcrumb\",\"itemListElement\":[{\"@type\":\"ListItem\",\"position\":1,\"name\":\"Portada\",\"item\":\"https:\\\/\\\/www.gruporecoletas.com\\\/noticias\\\/\"},{\"@type\":\"ListItem\",\"position\":2,\"name\":\"Recoletas recibe un premio en reconocimiento a su compromiso con el deporte de Castilla y Le\u00f3n\"}]},{\"@type\":\"WebSite\",\"@id\":\"https:\\\/\\\/www.gruporecoletas.com\\\/noticias\\\/#website\",\"url\":\"https:\\\/\\\/www.gruporecoletas.com\\\/noticias\\\/\",\"name\":\"Noticias Grupo Recoletas\",\"description\":\"Grupo Recoletas\",\"potentialAction\":[{\"@type\":\"SearchAction\",\"target\":{\"@type\":\"EntryPoint\",\"urlTemplate\":\"https:\\\/\\\/www.gruporecoletas.com\\\/noticias\\\/?s={search_term_string}\"},\"query-input\":{\"@type\":\"PropertyValueSpecification\",\"valueRequired\":true,\"valueName\":\"search_term_string\"}}],\"inLanguage\":\"es\"},{\"@type\":\"Person\",\"@id\":\"https:\\\/\\\/www.gruporecoletas.com\\\/noticias\\\/#\\\/schema\\\/person\\\/3c6ac429828d1f5e3d3bd99f4da9b02c\",\"name\":\"Recoletas Red Hospitalaria\",\"url\":\"https:\\\/\\\/www.gruporecoletas.com\\\/noticias\\\/author\\\/comunicacion\\\/\"}]}<\/script>\n<!-- \/ Yoast SEO Premium plugin. -->","yoast_head_json":{"title":"Recoletas recibe un premio en reconocimiento a su compromiso con el deporte de Castilla y Le\u00f3n - Noticias Grupo Recoletas","robots":{"index":"index","follow":"follow","max-snippet":"max-snippet:-1","max-image-preview":"max-image-preview:large","max-video-preview":"max-video-preview:-1"},"canonical":"https:\/\/www.gruporecoletas.com\/noticias\/recoletas-recibe-un-premio-en-reconocimiento-a-su-compromiso-con-el-deporte-de-castilla-y-leon\/","og_locale":"es_ES","og_type":"article","og_title":"Recoletas recibe un premio en reconocimiento a su compromiso con el deporte de Castilla y Le\u00f3n","og_description":"La revista Castilla y Le\u00f3n Econ\u00f3mica entreg\u00f3 ayer los XV Premios Castilla y Le\u00f3n Econ\u00f3mica para reconocer las mejores iniciativas del tejido empresarial de la comunidad aut\u00f3noma y valorar la gesti\u00f3n realizada por los empresarios y directivos para generar riqueza y empleo en la regi\u00f3n y contribuir a la modernizaci\u00f3n y eficiencia de sus empresas. [&hellip;]","og_url":"https:\/\/www.gruporecoletas.com\/noticias\/recoletas-recibe-un-premio-en-reconocimiento-a-su-compromiso-con-el-deporte-de-castilla-y-leon\/","og_site_name":"Noticias Grupo Recoletas","article_publisher":"https:\/\/www.facebook.com\/GrupoRecoletas\/","article_published_time":"2021-11-05T14:14:58+00:00","article_modified_time":"2021-11-05T14:14:59+00:00","og_image":[{"width":900,"height":650,"url":"https:\/\/www.gruporecoletas.com\/noticias\/wp-content\/uploads\/2021\/11\/premios-cyleco.jpg","type":"image\/jpeg"}],"author":"Recoletas Red Hospitalaria","twitter_card":"summary_large_image","twitter_creator":"@GrupoRecoletas","twitter_site":"@GrupoRecoletas","twitter_misc":{"Escrito por":"Recoletas Red Hospitalaria","Tiempo de lectura":"2 minutos"},"schema":{"@context":"https:\/\/schema.org","@graph":[{"@type":"Article","@id":"https:\/\/www.gruporecoletas.com\/noticias\/recoletas-recibe-un-premio-en-reconocimiento-a-su-compromiso-con-el-deporte-de-castilla-y-leon\/#article","isPartOf":{"@id":"https:\/\/www.gruporecoletas.com\/noticias\/recoletas-recibe-un-premio-en-reconocimiento-a-su-compromiso-con-el-deporte-de-castilla-y-leon\/"},"author":{"name":"Recoletas Red Hospitalaria","@id":"https:\/\/www.gruporecoletas.com\/noticias\/#\/schema\/person\/3c6ac429828d1f5e3d3bd99f4da9b02c"},"headline":"Recoletas recibe un premio en reconocimiento a su compromiso con el deporte de Castilla y Le\u00f3n","datePublished":"2021-11-05T14:14:58+00:00","dateModified":"2021-11-05T14:14:59+00:00","mainEntityOfPage":{"@id":"https:\/\/www.gruporecoletas.com\/noticias\/recoletas-recibe-un-premio-en-reconocimiento-a-su-compromiso-con-el-deporte-de-castilla-y-leon\/"},"wordCount":464,"image":{"@id":"https:\/\/www.gruporecoletas.com\/noticias\/recoletas-recibe-un-premio-en-reconocimiento-a-su-compromiso-con-el-deporte-de-castilla-y-leon\/#primaryimage"},"thumbnailUrl":"https:\/\/www.gruporecoletas.com\/noticias\/wp-content\/uploads\/2021\/11\/premios-cyleco.jpg","keywords":["Patrocinios"],"articleSection":["Grupo Recoletas"],"inLanguage":"es"},{"@type":"WebPage","@id":"https:\/\/www.gruporecoletas.com\/noticias\/recoletas-recibe-un-premio-en-reconocimiento-a-su-compromiso-con-el-deporte-de-castilla-y-leon\/","url":"https:\/\/www.gruporecoletas.com\/noticias\/recoletas-recibe-un-premio-en-reconocimiento-a-su-compromiso-con-el-deporte-de-castilla-y-leon\/","name":"Recoletas recibe un premio en reconocimiento a su compromiso con el deporte de Castilla y Le\u00f3n - Noticias Grupo Recoletas","isPartOf":{"@id":"https:\/\/www.gruporecoletas.com\/noticias\/#website"},"primaryImageOfPage":{"@id":"https:\/\/www.gruporecoletas.com\/noticias\/recoletas-recibe-un-premio-en-reconocimiento-a-su-compromiso-con-el-deporte-de-castilla-y-leon\/#primaryimage"},"image":{"@id":"https:\/\/www.gruporecoletas.com\/noticias\/recoletas-recibe-un-premio-en-reconocimiento-a-su-compromiso-con-el-deporte-de-castilla-y-leon\/#primaryimage"},"thumbnailUrl":"https:\/\/www.gruporecoletas.com\/noticias\/wp-content\/uploads\/2021\/11\/premios-cyleco.jpg","datePublished":"2021-11-05T14:14:58+00:00","dateModified":"2021-11-05T14:14:59+00:00","author":{"@id":"https:\/\/www.gruporecoletas.com\/noticias\/#\/schema\/person\/3c6ac429828d1f5e3d3bd99f4da9b02c"},"breadcrumb":{"@id":"https:\/\/www.gruporecoletas.com\/noticias\/recoletas-recibe-un-premio-en-reconocimiento-a-su-compromiso-con-el-deporte-de-castilla-y-leon\/#breadcrumb"},"inLanguage":"es","potentialAction":[{"@type":"ReadAction","target":["https:\/\/www.gruporecoletas.com\/noticias\/recoletas-recibe-un-premio-en-reconocimiento-a-su-compromiso-con-el-deporte-de-castilla-y-leon\/"]}]},{"@type":"ImageObject","inLanguage":"es","@id":"https:\/\/www.gruporecoletas.com\/noticias\/recoletas-recibe-un-premio-en-reconocimiento-a-su-compromiso-con-el-deporte-de-castilla-y-leon\/#primaryimage","url":"https:\/\/www.gruporecoletas.com\/noticias\/wp-content\/uploads\/2021\/11\/premios-cyleco.jpg","contentUrl":"https:\/\/www.gruporecoletas.com\/noticias\/wp-content\/uploads\/2021\/11\/premios-cyleco.jpg","width":900,"height":650},{"@type":"BreadcrumbList","@id":"https:\/\/www.gruporecoletas.com\/noticias\/recoletas-recibe-un-premio-en-reconocimiento-a-su-compromiso-con-el-deporte-de-castilla-y-leon\/#breadcrumb","itemListElement":[{"@type":"ListItem","position":1,"name":"Portada","item":"https:\/\/www.gruporecoletas.com\/noticias\/"},{"@type":"ListItem","position":2,"name":"Recoletas recibe un premio en reconocimiento a su compromiso con el deporte de Castilla y Le\u00f3n"}]},{"@type":"WebSite","@id":"https:\/\/www.gruporecoletas.com\/noticias\/#website","url":"https:\/\/www.gruporecoletas.com\/noticias\/","name":"Noticias Grupo Recoletas","description":"Grupo Recoletas","potentialAction":[{"@type":"SearchAction","target":{"@type":"EntryPoint","urlTemplate":"https:\/\/www.gruporecoletas.com\/noticias\/?s={search_term_string}"},"query-input":{"@type":"PropertyValueSpecification","valueRequired":true,"valueName":"search_term_string"}}],"inLanguage":"es"},{"@type":"Person","@id":"https:\/\/www.gruporecoletas.com\/noticias\/#\/schema\/person\/3c6ac429828d1f5e3d3bd99f4da9b02c","name":"Recoletas Red Hospitalaria","url":"https:\/\/www.gruporecoletas.com\/noticias\/author\/comunicacion\/"}]}},"_links":{"self":[{"href":"https:\/\/www.gruporecoletas.com\/noticias\/wp-json\/wp\/v2\/posts\/15136","targetHints":{"allow":["GET"]}}],"collection":[{"href":"https:\/\/www.gruporecoletas.com\/noticias\/wp-json\/wp\/v2\/posts"}],"about":[{"href":"https:\/\/www.gruporecoletas.com\/noticias\/wp-json\/wp\/v2\/types\/post"}],"author":[{"embeddable":true,"href":"https:\/\/www.gruporecoletas.com\/noticias\/wp-json\/wp\/v2\/users\/2"}],"replies":[{"embeddable":true,"href":"https:\/\/www.gruporecoletas.com\/noticias\/wp-json\/wp\/v2\/comments?post=15136"}],"version-history":[{"count":1,"href":"https:\/\/www.gruporecoletas.com\/noticias\/wp-json\/wp\/v2\/posts\/15136\/revisions"}],"predecessor-version":[{"id":15138,"href":"https:\/\/www.gruporecoletas.com\/noticias\/wp-json\/wp\/v2\/posts\/15136\/revisions\/15138"}],"wp:featuredmedia":[{"embeddable":true,"href":"https:\/\/www.gruporecoletas.com\/noticias\/wp-json\/wp\/v2\/media\/15137"}],"wp:attachment":[{"href":"https:\/\/www.gruporecoletas.com\/noticias\/wp-json\/wp\/v2\/media?parent=15136"}],"wp:term":[{"taxonomy":"category","embeddable":true,"href":"https:\/\/www.gruporecoletas.com\/noticias\/wp-json\/wp\/v2\/categories?post=15136"},{"taxonomy":"post_tag","embeddable":true,"href":"https:\/\/www.gruporecoletas.com\/noticias\/wp-json\/wp\/v2\/tags?post=15136"}],"curies":[{"name":"wp","href":"https:\/\/api.w.org\/{rel}","templated":true}]}}