{"id":15146,"date":"2021-11-12T13:00:00","date_gmt":"2021-11-12T12:00:00","guid":{"rendered":"https:\/\/www.gruporecoletas.com\/noticias\/?p=15146"},"modified":"2021-11-12T11:51:52","modified_gmt":"2021-11-12T10:51:52","slug":"unidad-sueno-burgos","status":"publish","type":"post","link":"https:\/\/www.gruporecoletas.com\/noticias\/unidad-sueno-burgos\/","title":{"rendered":"El Hospital Recoletas Burgos refuerza la Unidad del Sue\u00f1o del servicio de Neumolog\u00eda"},"content":{"rendered":"\n<p>El Hospital Recoletas Burgos ha reforzado la Unidad del Sue\u00f1o del Servicio de Neumolog\u00eda donde se llevan a cabo los estudios para pacientes con trastornos respiratorios del sue\u00f1o de forma segura y efectiva.<\/p>\n\n\n\n<p>La valoraci\u00f3n y el diagn\u00f3stico inicial de estos trastornos se hace de manera pormenorizada para ofrecerle a los pacientes el tratamiento que m\u00e1s se adec\u00fae a sus necesidades, a trav\u00e9s de una historia cl\u00ednica exhaustiva.<\/p>\n\n\n\n<p>Por ello, se utilizan diversas t\u00e9cnicas con la finalidad de conocer c\u00f3mo es la respiraci\u00f3n mientras los pacientes est\u00e1n durmiendo. La f\u00f3rmula m\u00e1s frecuente es la poligraf\u00eda respiratoria, una prueba que se lleva a cabo a lo largo de una noche en el hospital, monitorizando al paciente y realiz\u00e1ndole registros de niveles de ox\u00edgeno en sangre, frecuencia cardiaca y respiratoria o movimientos, entre otras t\u00e9cnicas. Esto facilita un diagn\u00f3stico preciso y posibilita analizar c\u00f3mo va cambiando, de manera muy precisa, el desarreglo respiratorio de cada paciente.<\/p>\n\n\n\n<p>A lo largo de los a\u00f1os se ha ido incrementado el n\u00famero de personas que solicitan consulta con los especialistas en neumolog\u00eda, debido a la dificultad que conlleva la interrupci\u00f3n constante de la ventilaci\u00f3n normal durante el sue\u00f1o que hace que se alteren los patrones normales del mismo.<\/p>\n\n\n\n<p>Por ello, el Dr. Gustavo Guti\u00e9rrez Herrero, neum\u00f3logo del hospital indica que \u201csi no se descansa correctamente y se padece hipersomnolencia, es importante someterse a un estudio del sue\u00f1o, ya que es la mejor herramienta para observar los s\u00edntomas que se dan tanto durante la noche como durante el d\u00eda y determinar as\u00ed, si se trata de causas neurol\u00f3gicas o del sistema nervioso y adecuar el tratamiento efectivo a cada paciente\u201d.<\/p>\n\n\n\n<p>Uno de los diagn\u00f3sticos m\u00e1s comunes que se tratan en la Unidad del Sue\u00f1o del hospital Recoletas es la apnea hipopnea del sue\u00f1o (SAHS). Un s\u00edndrome que obstruye parcial o completamente la v\u00eda a\u00e9rea superior en los ni\u00f1os y adultos que adem\u00e1s va acompa\u00f1ado de ronquidos.<\/p>\n\n\n\n<p>Por ello, en los ni\u00f1os suelen presentar en muchas ocasiones desde una respiraci\u00f3n agitada, a cambios constantes de postura mientras duermen y puede repercutir de diferentes maneras durante la vida cotidiana diurna.<\/p>\n\n\n\n<p>En adultos, la hipersomnolencia \u2013 tener excesivo sue\u00f1o por ausencia de descanso durante la noche \u2013 es habitual y en cambio en los m\u00e1s peque\u00f1os se exterioriza en un bajo rendimiento escolar o un d\u00e9ficit de atenci\u00f3n.<\/p>\n","protected":false},"excerpt":{"rendered":"<p>El Hospital Recoletas Burgos ha reforzado la Unidad del Sue\u00f1o del Servicio de Neumolog\u00eda donde se llevan a cabo los estudios para pacientes con trastornos respiratorios del sue\u00f1o de forma segura y efectiva. La valoraci\u00f3n y el diagn\u00f3stico inicial de estos trastornos se hace de manera pormenorizada para ofrecerle a los pacientes el tratamiento que [&hellip;]<\/p>\n","protected":false},"author":2,"featured_media":15147,"comment_status":"closed","ping_status":"closed","sticky":false,"template":"","format":"standard","meta":{"_acf_changed":false,"footnotes":""},"categories":[10,31],"tags":[3214,3213],"class_list":["post-15146","post","type-post","status-publish","format-standard","has-post-thumbnail","hentry","category-burgos","category-hrbu","tag-neumologia","tag-unidad-del-sueno"],"acf":[],"yoast_head":"<!-- This site is optimized with the Yoast SEO Premium plugin v27.3 (Yoast SEO v27.3) - https:\/\/yoast.com\/product\/yoast-seo-premium-wordpress\/ -->\n<title>El Hospital Recoletas Burgos refuerza la Unidad del Sue\u00f1o del servicio de Neumolog\u00eda - Noticias Grupo Recoletas<\/title>\n<meta name=\"description\" content=\"El Hospital Recoletas Burgos ha reforzado la Unidad del Sue\u00f1o del servicio de Neumolog\u00eda dedicada a pacientes con trastornos respiratorios del sue\u00f1o\" \/>\n<meta name=\"robots\" content=\"index, follow, max-snippet:-1, max-image-preview:large, max-video-preview:-1\" \/>\n<link rel=\"canonical\" href=\"https:\/\/www.gruporecoletas.com\/noticias\/unidad-sueno-burgos\/\" \/>\n<meta property=\"og:locale\" content=\"es_ES\" \/>\n<meta property=\"og:type\" content=\"article\" \/>\n<meta property=\"og:title\" content=\"El Hospital Recoletas Burgos refuerza la Unidad del Sue\u00f1o del servicio de Neumolog\u00eda\" \/>\n<meta property=\"og:description\" content=\"El Hospital Recoletas Burgos ha reforzado la Unidad del Sue\u00f1o del servicio de Neumolog\u00eda dedicada a pacientes con trastornos respiratorios del sue\u00f1o\" \/>\n<meta property=\"og:url\" content=\"https:\/\/www.gruporecoletas.com\/noticias\/unidad-sueno-burgos\/\" \/>\n<meta property=\"og:site_name\" content=\"Noticias Grupo Recoletas\" \/>\n<meta property=\"article:publisher\" content=\"https:\/\/www.facebook.com\/GrupoRecoletas\/\" \/>\n<meta property=\"article:published_time\" content=\"2021-11-12T12:00:00+00:00\" \/>\n<meta property=\"og:image\" content=\"https:\/\/www.gruporecoletas.com\/noticias\/wp-content\/uploads\/2021\/11\/unidad-sueno-neumologia-burgos.jpg\" \/>\n\t<meta property=\"og:image:width\" content=\"1366\" \/>\n\t<meta property=\"og:image:height\" content=\"768\" \/>\n\t<meta property=\"og:image:type\" content=\"image\/jpeg\" \/>\n<meta name=\"author\" content=\"Recoletas Red Hospitalaria\" \/>\n<meta name=\"twitter:card\" content=\"summary_large_image\" \/>\n<meta name=\"twitter:creator\" content=\"@GrupoRecoletas\" \/>\n<meta name=\"twitter:site\" content=\"@GrupoRecoletas\" \/>\n<meta name=\"twitter:label1\" content=\"Escrito por\" \/>\n\t<meta name=\"twitter:data1\" content=\"Recoletas Red Hospitalaria\" \/>\n\t<meta name=\"twitter:label2\" content=\"Tiempo de lectura\" \/>\n\t<meta name=\"twitter:data2\" content=\"2 minutos\" \/>\n<script type=\"application\/ld+json\" class=\"yoast-schema-graph\">{\"@context\":\"https:\\\/\\\/schema.org\",\"@graph\":[{\"@type\":\"Article\",\"@id\":\"https:\\\/\\\/www.gruporecoletas.com\\\/noticias\\\/unidad-sueno-burgos\\\/#article\",\"isPartOf\":{\"@id\":\"https:\\\/\\\/www.gruporecoletas.com\\\/noticias\\\/unidad-sueno-burgos\\\/\"},\"author\":{\"name\":\"Recoletas Red Hospitalaria\",\"@id\":\"https:\\\/\\\/www.gruporecoletas.com\\\/noticias\\\/#\\\/schema\\\/person\\\/3c6ac429828d1f5e3d3bd99f4da9b02c\"},\"headline\":\"El Hospital Recoletas Burgos refuerza la Unidad del Sue\u00f1o del servicio de Neumolog\u00eda\",\"datePublished\":\"2021-11-12T12:00:00+00:00\",\"mainEntityOfPage\":{\"@id\":\"https:\\\/\\\/www.gruporecoletas.com\\\/noticias\\\/unidad-sueno-burgos\\\/\"},\"wordCount\":451,\"image\":{\"@id\":\"https:\\\/\\\/www.gruporecoletas.com\\\/noticias\\\/unidad-sueno-burgos\\\/#primaryimage\"},\"thumbnailUrl\":\"https:\\\/\\\/www.gruporecoletas.com\\\/noticias\\\/wp-content\\\/uploads\\\/2021\\\/11\\\/unidad-sueno-neumologia-burgos.jpg\",\"keywords\":[\"Neumolog\u00eda\",\"Unidad del Sue\u00f1o\"],\"articleSection\":[\"Burgos\",\"HRBU\"],\"inLanguage\":\"es\"},{\"@type\":\"WebPage\",\"@id\":\"https:\\\/\\\/www.gruporecoletas.com\\\/noticias\\\/unidad-sueno-burgos\\\/\",\"url\":\"https:\\\/\\\/www.gruporecoletas.com\\\/noticias\\\/unidad-sueno-burgos\\\/\",\"name\":\"El Hospital Recoletas Burgos refuerza la Unidad del Sue\u00f1o del servicio de Neumolog\u00eda - Noticias Grupo Recoletas\",\"isPartOf\":{\"@id\":\"https:\\\/\\\/www.gruporecoletas.com\\\/noticias\\\/#website\"},\"primaryImageOfPage\":{\"@id\":\"https:\\\/\\\/www.gruporecoletas.com\\\/noticias\\\/unidad-sueno-burgos\\\/#primaryimage\"},\"image\":{\"@id\":\"https:\\\/\\\/www.gruporecoletas.com\\\/noticias\\\/unidad-sueno-burgos\\\/#primaryimage\"},\"thumbnailUrl\":\"https:\\\/\\\/www.gruporecoletas.com\\\/noticias\\\/wp-content\\\/uploads\\\/2021\\\/11\\\/unidad-sueno-neumologia-burgos.jpg\",\"datePublished\":\"2021-11-12T12:00:00+00:00\",\"author\":{\"@id\":\"https:\\\/\\\/www.gruporecoletas.com\\\/noticias\\\/#\\\/schema\\\/person\\\/3c6ac429828d1f5e3d3bd99f4da9b02c\"},\"description\":\"El Hospital Recoletas Burgos ha reforzado la Unidad del Sue\u00f1o del servicio de Neumolog\u00eda dedicada a pacientes con trastornos respiratorios del sue\u00f1o\",\"breadcrumb\":{\"@id\":\"https:\\\/\\\/www.gruporecoletas.com\\\/noticias\\\/unidad-sueno-burgos\\\/#breadcrumb\"},\"inLanguage\":\"es\",\"potentialAction\":[{\"@type\":\"ReadAction\",\"target\":[\"https:\\\/\\\/www.gruporecoletas.com\\\/noticias\\\/unidad-sueno-burgos\\\/\"]}]},{\"@type\":\"ImageObject\",\"inLanguage\":\"es\",\"@id\":\"https:\\\/\\\/www.gruporecoletas.com\\\/noticias\\\/unidad-sueno-burgos\\\/#primaryimage\",\"url\":\"https:\\\/\\\/www.gruporecoletas.com\\\/noticias\\\/wp-content\\\/uploads\\\/2021\\\/11\\\/unidad-sueno-neumologia-burgos.jpg\",\"contentUrl\":\"https:\\\/\\\/www.gruporecoletas.com\\\/noticias\\\/wp-content\\\/uploads\\\/2021\\\/11\\\/unidad-sueno-neumologia-burgos.jpg\",\"width\":1366,\"height\":768,\"caption\":\"El Hospital Recoletas Burgos refuerza la Unidad del Sue\u00f1o del Servicio de Neumolog\u00eda\"},{\"@type\":\"BreadcrumbList\",\"@id\":\"https:\\\/\\\/www.gruporecoletas.com\\\/noticias\\\/unidad-sueno-burgos\\\/#breadcrumb\",\"itemListElement\":[{\"@type\":\"ListItem\",\"position\":1,\"name\":\"Portada\",\"item\":\"https:\\\/\\\/www.gruporecoletas.com\\\/noticias\\\/\"},{\"@type\":\"ListItem\",\"position\":2,\"name\":\"El Hospital Recoletas Burgos refuerza la Unidad del Sue\u00f1o del servicio de Neumolog\u00eda\"}]},{\"@type\":\"WebSite\",\"@id\":\"https:\\\/\\\/www.gruporecoletas.com\\\/noticias\\\/#website\",\"url\":\"https:\\\/\\\/www.gruporecoletas.com\\\/noticias\\\/\",\"name\":\"Noticias Grupo Recoletas\",\"description\":\"Grupo Recoletas\",\"potentialAction\":[{\"@type\":\"SearchAction\",\"target\":{\"@type\":\"EntryPoint\",\"urlTemplate\":\"https:\\\/\\\/www.gruporecoletas.com\\\/noticias\\\/?s={search_term_string}\"},\"query-input\":{\"@type\":\"PropertyValueSpecification\",\"valueRequired\":true,\"valueName\":\"search_term_string\"}}],\"inLanguage\":\"es\"},{\"@type\":\"Person\",\"@id\":\"https:\\\/\\\/www.gruporecoletas.com\\\/noticias\\\/#\\\/schema\\\/person\\\/3c6ac429828d1f5e3d3bd99f4da9b02c\",\"name\":\"Recoletas Red Hospitalaria\",\"url\":\"https:\\\/\\\/www.gruporecoletas.com\\\/noticias\\\/author\\\/comunicacion\\\/\"}]}<\/script>\n<!-- \/ Yoast SEO Premium plugin. -->","yoast_head_json":{"title":"El Hospital Recoletas Burgos refuerza la Unidad del Sue\u00f1o del servicio de Neumolog\u00eda - Noticias Grupo Recoletas","description":"El Hospital Recoletas Burgos ha reforzado la Unidad del Sue\u00f1o del servicio de Neumolog\u00eda dedicada a pacientes con trastornos respiratorios del sue\u00f1o","robots":{"index":"index","follow":"follow","max-snippet":"max-snippet:-1","max-image-preview":"max-image-preview:large","max-video-preview":"max-video-preview:-1"},"canonical":"https:\/\/www.gruporecoletas.com\/noticias\/unidad-sueno-burgos\/","og_locale":"es_ES","og_type":"article","og_title":"El Hospital Recoletas Burgos refuerza la Unidad del Sue\u00f1o del servicio de Neumolog\u00eda","og_description":"El Hospital Recoletas Burgos ha reforzado la Unidad del Sue\u00f1o del servicio de Neumolog\u00eda dedicada a pacientes con trastornos respiratorios del sue\u00f1o","og_url":"https:\/\/www.gruporecoletas.com\/noticias\/unidad-sueno-burgos\/","og_site_name":"Noticias Grupo Recoletas","article_publisher":"https:\/\/www.facebook.com\/GrupoRecoletas\/","article_published_time":"2021-11-12T12:00:00+00:00","og_image":[{"width":1366,"height":768,"url":"https:\/\/www.gruporecoletas.com\/noticias\/wp-content\/uploads\/2021\/11\/unidad-sueno-neumologia-burgos.jpg","type":"image\/jpeg"}],"author":"Recoletas Red Hospitalaria","twitter_card":"summary_large_image","twitter_creator":"@GrupoRecoletas","twitter_site":"@GrupoRecoletas","twitter_misc":{"Escrito por":"Recoletas Red Hospitalaria","Tiempo de lectura":"2 minutos"},"schema":{"@context":"https:\/\/schema.org","@graph":[{"@type":"Article","@id":"https:\/\/www.gruporecoletas.com\/noticias\/unidad-sueno-burgos\/#article","isPartOf":{"@id":"https:\/\/www.gruporecoletas.com\/noticias\/unidad-sueno-burgos\/"},"author":{"name":"Recoletas Red Hospitalaria","@id":"https:\/\/www.gruporecoletas.com\/noticias\/#\/schema\/person\/3c6ac429828d1f5e3d3bd99f4da9b02c"},"headline":"El Hospital Recoletas Burgos refuerza la Unidad del Sue\u00f1o del servicio de Neumolog\u00eda","datePublished":"2021-11-12T12:00:00+00:00","mainEntityOfPage":{"@id":"https:\/\/www.gruporecoletas.com\/noticias\/unidad-sueno-burgos\/"},"wordCount":451,"image":{"@id":"https:\/\/www.gruporecoletas.com\/noticias\/unidad-sueno-burgos\/#primaryimage"},"thumbnailUrl":"https:\/\/www.gruporecoletas.com\/noticias\/wp-content\/uploads\/2021\/11\/unidad-sueno-neumologia-burgos.jpg","keywords":["Neumolog\u00eda","Unidad del Sue\u00f1o"],"articleSection":["Burgos","HRBU"],"inLanguage":"es"},{"@type":"WebPage","@id":"https:\/\/www.gruporecoletas.com\/noticias\/unidad-sueno-burgos\/","url":"https:\/\/www.gruporecoletas.com\/noticias\/unidad-sueno-burgos\/","name":"El Hospital Recoletas Burgos refuerza la Unidad del Sue\u00f1o del servicio de Neumolog\u00eda - Noticias Grupo Recoletas","isPartOf":{"@id":"https:\/\/www.gruporecoletas.com\/noticias\/#website"},"primaryImageOfPage":{"@id":"https:\/\/www.gruporecoletas.com\/noticias\/unidad-sueno-burgos\/#primaryimage"},"image":{"@id":"https:\/\/www.gruporecoletas.com\/noticias\/unidad-sueno-burgos\/#primaryimage"},"thumbnailUrl":"https:\/\/www.gruporecoletas.com\/noticias\/wp-content\/uploads\/2021\/11\/unidad-sueno-neumologia-burgos.jpg","datePublished":"2021-11-12T12:00:00+00:00","author":{"@id":"https:\/\/www.gruporecoletas.com\/noticias\/#\/schema\/person\/3c6ac429828d1f5e3d3bd99f4da9b02c"},"description":"El Hospital Recoletas Burgos ha reforzado la Unidad del Sue\u00f1o del servicio de Neumolog\u00eda dedicada a pacientes con trastornos respiratorios del sue\u00f1o","breadcrumb":{"@id":"https:\/\/www.gruporecoletas.com\/noticias\/unidad-sueno-burgos\/#breadcrumb"},"inLanguage":"es","potentialAction":[{"@type":"ReadAction","target":["https:\/\/www.gruporecoletas.com\/noticias\/unidad-sueno-burgos\/"]}]},{"@type":"ImageObject","inLanguage":"es","@id":"https:\/\/www.gruporecoletas.com\/noticias\/unidad-sueno-burgos\/#primaryimage","url":"https:\/\/www.gruporecoletas.com\/noticias\/wp-content\/uploads\/2021\/11\/unidad-sueno-neumologia-burgos.jpg","contentUrl":"https:\/\/www.gruporecoletas.com\/noticias\/wp-content\/uploads\/2021\/11\/unidad-sueno-neumologia-burgos.jpg","width":1366,"height":768,"caption":"El Hospital Recoletas Burgos refuerza la Unidad del Sue\u00f1o del Servicio de Neumolog\u00eda"},{"@type":"BreadcrumbList","@id":"https:\/\/www.gruporecoletas.com\/noticias\/unidad-sueno-burgos\/#breadcrumb","itemListElement":[{"@type":"ListItem","position":1,"name":"Portada","item":"https:\/\/www.gruporecoletas.com\/noticias\/"},{"@type":"ListItem","position":2,"name":"El Hospital Recoletas Burgos refuerza la Unidad del Sue\u00f1o del servicio de Neumolog\u00eda"}]},{"@type":"WebSite","@id":"https:\/\/www.gruporecoletas.com\/noticias\/#website","url":"https:\/\/www.gruporecoletas.com\/noticias\/","name":"Noticias Grupo Recoletas","description":"Grupo Recoletas","potentialAction":[{"@type":"SearchAction","target":{"@type":"EntryPoint","urlTemplate":"https:\/\/www.gruporecoletas.com\/noticias\/?s={search_term_string}"},"query-input":{"@type":"PropertyValueSpecification","valueRequired":true,"valueName":"search_term_string"}}],"inLanguage":"es"},{"@type":"Person","@id":"https:\/\/www.gruporecoletas.com\/noticias\/#\/schema\/person\/3c6ac429828d1f5e3d3bd99f4da9b02c","name":"Recoletas Red Hospitalaria","url":"https:\/\/www.gruporecoletas.com\/noticias\/author\/comunicacion\/"}]}},"_links":{"self":[{"href":"https:\/\/www.gruporecoletas.com\/noticias\/wp-json\/wp\/v2\/posts\/15146","targetHints":{"allow":["GET"]}}],"collection":[{"href":"https:\/\/www.gruporecoletas.com\/noticias\/wp-json\/wp\/v2\/posts"}],"about":[{"href":"https:\/\/www.gruporecoletas.com\/noticias\/wp-json\/wp\/v2\/types\/post"}],"author":[{"embeddable":true,"href":"https:\/\/www.gruporecoletas.com\/noticias\/wp-json\/wp\/v2\/users\/2"}],"replies":[{"embeddable":true,"href":"https:\/\/www.gruporecoletas.com\/noticias\/wp-json\/wp\/v2\/comments?post=15146"}],"version-history":[{"count":1,"href":"https:\/\/www.gruporecoletas.com\/noticias\/wp-json\/wp\/v2\/posts\/15146\/revisions"}],"predecessor-version":[{"id":15148,"href":"https:\/\/www.gruporecoletas.com\/noticias\/wp-json\/wp\/v2\/posts\/15146\/revisions\/15148"}],"wp:featuredmedia":[{"embeddable":true,"href":"https:\/\/www.gruporecoletas.com\/noticias\/wp-json\/wp\/v2\/media\/15147"}],"wp:attachment":[{"href":"https:\/\/www.gruporecoletas.com\/noticias\/wp-json\/wp\/v2\/media?parent=15146"}],"wp:term":[{"taxonomy":"category","embeddable":true,"href":"https:\/\/www.gruporecoletas.com\/noticias\/wp-json\/wp\/v2\/categories?post=15146"},{"taxonomy":"post_tag","embeddable":true,"href":"https:\/\/www.gruporecoletas.com\/noticias\/wp-json\/wp\/v2\/tags?post=15146"}],"curies":[{"name":"wp","href":"https:\/\/api.w.org\/{rel}","templated":true}]}}