{"id":15164,"date":"2021-11-18T18:36:52","date_gmt":"2021-11-18T17:36:52","guid":{"rendered":"https:\/\/www.gruporecoletas.com\/noticias\/?p=15164"},"modified":"2021-11-18T18:36:55","modified_gmt":"2021-11-18T17:36:55","slug":"las-matronas-de-la-unidad-de-la-mujer-recoletas-imparten-una-charla-sobre-cuidados-en-el-recien-nacido","status":"publish","type":"post","link":"https:\/\/www.gruporecoletas.com\/noticias\/las-matronas-de-la-unidad-de-la-mujer-recoletas-imparten-una-charla-sobre-cuidados-en-el-recien-nacido\/","title":{"rendered":"Las matronas de la Unidad de la Mujer Recoletas imparten una charla sobre cuidados en el reci\u00e9n nacido"},"content":{"rendered":"\n<p>El equipo de Educaci\u00f3n Maternal de la Unidad de la Mujer Recoletas, integrado por tres matronas, ha impartido una charla sobre cuidados b\u00e1sicos del reci\u00e9n nacido, dirigida a las mujeres embarazadas pertenecientes a la asociaci\u00f3n REDMADRE de Valladolid, entidad con la que Recoletas ha colaborado en varias ocasiones.<\/p>\n\n\n\n<p>Durante la jornada, celebrada en el Centro Municipal de Igualdad, las matronas han explicado algunas pautas sobre los primeros cuidados del beb\u00e9 tras el parto y la llegada a casa, el inicio de la lactancia o los tr\u00e1mites administrativos tras el nacimiento.<\/p>\n\n\n\n<p>Adem\u00e1s de la parte te\u00f3rica se ha realizado una parte pr\u00e1ctica sobre los diferentes cuidados; las asistentes tambi\u00e9n han tenido la oportunidad de resolver sus dudas. Para finalizar la jornada, Recoletas ha entregado algunos enseres como un kit con productos de aseo para beb\u00e9 y papillas de cereales.<\/p>\n\n\n\n<p>Con esta jornada, enmarcada en el programa de Responsabilidad Social Corporativa de Recoletas, la compa\u00f1\u00eda pretende contribuir de forma activa con el desarrollo de actuaciones de transformaci\u00f3n social y colaborar con iniciativas que impulsan la diversidad, la empleabilidad y la natalidad.<\/p>\n\n\n\n<h4 class=\"wp-block-heading\"><strong><u>Unidad de la Mujer Recoletas<\/u><\/strong><\/h4>\n\n\n\n<p>La Unidad de la Mujer de Recoletas presta una atenci\u00f3n integral y personalizada durante todo el embarazo y el postparto.<\/p>\n\n\n\n<p>Esa atenci\u00f3n personalizada la ofrece un equipo de profesionales, con amplia experiencia, de los servicios de Ginecolog\u00eda, Pediatr\u00eda y Neonatolog\u00eda, Enfermer\u00eda especializada y Matronas.<\/p>\n\n\n\n<p>En todos los partos hay presente un pediatra con experiencia en reanimaci\u00f3n neonatal para prestar una atenci\u00f3n al beb\u00e9 en sus primeros e importantes momentos de vida. Apoyados por la adecuada tecnolog\u00eda, los pediatras supervisan el estado de salud del reci\u00e9n nacido, permiten el contacto piel con piel temprano y garantizan la atenci\u00f3n en caso de posibles complicaciones.<\/p>\n\n\n\n<p>El Hospital Recoletas Campo Grande cuenta con una Unidad de Neonatolog\u00eda para el ingreso de los bebes que necesiten monitorizaci\u00f3n, la realizaci\u00f3n de pruebas diagn\u00f3sticas concretas o cuidados determinados. Con la incorporaci\u00f3n de nuevos sistemas de monitorizaci\u00f3n y telemetr\u00eda se permite que reci\u00e9n nacidos con algunas patolog\u00edas puedan recibir ciertos tratamientos cohabitando con su madre, mientras permanecen controlados a distancia por el personal de la unidad.<\/p>\n\n\n\n<p>Por su parte el equipo de ginecolog\u00eda y las matronas ofrecen cobertura durante las 24 horas del d\u00eda, realizando adem\u00e1s el acompa\u00f1amiento a partir de las 22 semanas de embarazo, a trav\u00e9s de las clases de educaci\u00f3n maternal y las clases de preparaci\u00f3n al parto.<\/p>\n\n\n\n<p>Adem\u00e1s, de dar soporte en el momento del alumbramiento, las matronas ofrecen, durante los quince d\u00edas posteriores al alta hospitalaria, la realizaci\u00f3n de visitas a la madre y al bebe en su domicilio, en las que les prestan el apoyo f\u00edsico y emocional, siempre que la mujer as\u00ed lo demande.<\/p>\n\n\n\n<p>El servicio que se presta a las nuevas madres se completa desde la Unidad de Suelo P\u00e9lvico con actividades y talleres para evitar secuelas como la incontinencia o el prolapso de los \u00f3rganos p\u00e9lvicos y contribuir as\u00ed a una pronta recuperaci\u00f3n de la mujer en el posparto.<\/p>\n","protected":false},"excerpt":{"rendered":"<p>El equipo de Educaci\u00f3n Maternal de la Unidad de la Mujer Recoletas, integrado por tres matronas, ha impartido una charla sobre cuidados b\u00e1sicos del reci\u00e9n nacido, dirigida a las mujeres embarazadas pertenecientes a la asociaci\u00f3n REDMADRE de Valladolid, entidad con la que Recoletas ha colaborado en varias ocasiones. Durante la jornada, celebrada en el Centro [&hellip;]<\/p>\n","protected":false},"author":12,"featured_media":15165,"comment_status":"closed","ping_status":"closed","sticky":false,"template":"","format":"standard","meta":{"_acf_changed":false,"footnotes":""},"categories":[47,4],"tags":[3223,3107,3222],"class_list":["post-15164","post","type-post","status-publish","format-standard","has-post-thumbnail","hentry","category-maternidad-y-ginecologia","category-valladolid","tag-crianza","tag-maternidad","tag-umr"],"acf":[],"yoast_head":"<!-- This site is optimized with the Yoast SEO Premium plugin v27.3 (Yoast SEO v27.3) - https:\/\/yoast.com\/product\/yoast-seo-premium-wordpress\/ -->\n<title>Las matronas de la Unidad de la Mujer Recoletas imparten una charla sobre cuidados en el reci\u00e9n nacido - Noticias Grupo Recoletas<\/title>\n<meta name=\"robots\" content=\"index, follow, max-snippet:-1, max-image-preview:large, max-video-preview:-1\" \/>\n<link rel=\"canonical\" href=\"https:\/\/www.gruporecoletas.com\/noticias\/las-matronas-de-la-unidad-de-la-mujer-recoletas-imparten-una-charla-sobre-cuidados-en-el-recien-nacido\/\" \/>\n<meta property=\"og:locale\" content=\"es_ES\" \/>\n<meta property=\"og:type\" content=\"article\" \/>\n<meta property=\"og:title\" content=\"Las matronas de la Unidad de la Mujer Recoletas imparten una charla sobre cuidados en el reci\u00e9n nacido\" \/>\n<meta property=\"og:description\" content=\"El equipo de Educaci\u00f3n Maternal de la Unidad de la Mujer Recoletas, integrado por tres matronas, ha impartido una charla sobre cuidados b\u00e1sicos del reci\u00e9n nacido, dirigida a las mujeres embarazadas pertenecientes a la asociaci\u00f3n REDMADRE de Valladolid, entidad con la que Recoletas ha colaborado en varias ocasiones. Durante la jornada, celebrada en el Centro [&hellip;]\" \/>\n<meta property=\"og:url\" content=\"https:\/\/www.gruporecoletas.com\/noticias\/las-matronas-de-la-unidad-de-la-mujer-recoletas-imparten-una-charla-sobre-cuidados-en-el-recien-nacido\/\" \/>\n<meta property=\"og:site_name\" content=\"Noticias Grupo Recoletas\" \/>\n<meta property=\"article:publisher\" content=\"https:\/\/www.facebook.com\/GrupoRecoletas\/\" \/>\n<meta property=\"article:published_time\" content=\"2021-11-18T17:36:52+00:00\" \/>\n<meta property=\"article:modified_time\" content=\"2021-11-18T17:36:55+00:00\" \/>\n<meta property=\"og:image\" content=\"https:\/\/www.gruporecoletas.com\/noticias\/wp-content\/uploads\/2021\/11\/Sin-ti\u0301tulo-1.jpg\" \/>\n\t<meta property=\"og:image:width\" content=\"900\" \/>\n\t<meta property=\"og:image:height\" content=\"600\" \/>\n\t<meta property=\"og:image:type\" content=\"image\/jpeg\" \/>\n<meta name=\"author\" content=\"Andrea\" \/>\n<meta name=\"twitter:card\" content=\"summary_large_image\" \/>\n<meta name=\"twitter:creator\" content=\"@GrupoRecoletas\" \/>\n<meta name=\"twitter:site\" content=\"@GrupoRecoletas\" \/>\n<meta name=\"twitter:label1\" content=\"Escrito por\" \/>\n\t<meta name=\"twitter:data1\" content=\"Andrea\" \/>\n\t<meta name=\"twitter:label2\" content=\"Tiempo de lectura\" \/>\n\t<meta name=\"twitter:data2\" content=\"3 minutos\" \/>\n<script type=\"application\/ld+json\" class=\"yoast-schema-graph\">{\"@context\":\"https:\\\/\\\/schema.org\",\"@graph\":[{\"@type\":\"Article\",\"@id\":\"https:\\\/\\\/www.gruporecoletas.com\\\/noticias\\\/las-matronas-de-la-unidad-de-la-mujer-recoletas-imparten-una-charla-sobre-cuidados-en-el-recien-nacido\\\/#article\",\"isPartOf\":{\"@id\":\"https:\\\/\\\/www.gruporecoletas.com\\\/noticias\\\/las-matronas-de-la-unidad-de-la-mujer-recoletas-imparten-una-charla-sobre-cuidados-en-el-recien-nacido\\\/\"},\"author\":{\"name\":\"Andrea\",\"@id\":\"https:\\\/\\\/www.gruporecoletas.com\\\/noticias\\\/#\\\/schema\\\/person\\\/06ae47abe132337b3d64d46e6a153a44\"},\"headline\":\"Las matronas de la Unidad de la Mujer Recoletas imparten una charla sobre cuidados en el reci\u00e9n nacido\",\"datePublished\":\"2021-11-18T17:36:52+00:00\",\"dateModified\":\"2021-11-18T17:36:55+00:00\",\"mainEntityOfPage\":{\"@id\":\"https:\\\/\\\/www.gruporecoletas.com\\\/noticias\\\/las-matronas-de-la-unidad-de-la-mujer-recoletas-imparten-una-charla-sobre-cuidados-en-el-recien-nacido\\\/\"},\"wordCount\":556,\"image\":{\"@id\":\"https:\\\/\\\/www.gruporecoletas.com\\\/noticias\\\/las-matronas-de-la-unidad-de-la-mujer-recoletas-imparten-una-charla-sobre-cuidados-en-el-recien-nacido\\\/#primaryimage\"},\"thumbnailUrl\":\"https:\\\/\\\/www.gruporecoletas.com\\\/noticias\\\/wp-content\\\/uploads\\\/2021\\\/11\\\/Sin-ti\u0301tulo-1.jpg\",\"keywords\":[\"crianza\",\"Maternidad\",\"umr\"],\"articleSection\":[\"Maternidad y ginecolog\u00eda\",\"Valladolid\"],\"inLanguage\":\"es\"},{\"@type\":\"WebPage\",\"@id\":\"https:\\\/\\\/www.gruporecoletas.com\\\/noticias\\\/las-matronas-de-la-unidad-de-la-mujer-recoletas-imparten-una-charla-sobre-cuidados-en-el-recien-nacido\\\/\",\"url\":\"https:\\\/\\\/www.gruporecoletas.com\\\/noticias\\\/las-matronas-de-la-unidad-de-la-mujer-recoletas-imparten-una-charla-sobre-cuidados-en-el-recien-nacido\\\/\",\"name\":\"Las matronas de la Unidad de la Mujer Recoletas imparten una charla sobre cuidados en el reci\u00e9n nacido - Noticias Grupo Recoletas\",\"isPartOf\":{\"@id\":\"https:\\\/\\\/www.gruporecoletas.com\\\/noticias\\\/#website\"},\"primaryImageOfPage\":{\"@id\":\"https:\\\/\\\/www.gruporecoletas.com\\\/noticias\\\/las-matronas-de-la-unidad-de-la-mujer-recoletas-imparten-una-charla-sobre-cuidados-en-el-recien-nacido\\\/#primaryimage\"},\"image\":{\"@id\":\"https:\\\/\\\/www.gruporecoletas.com\\\/noticias\\\/las-matronas-de-la-unidad-de-la-mujer-recoletas-imparten-una-charla-sobre-cuidados-en-el-recien-nacido\\\/#primaryimage\"},\"thumbnailUrl\":\"https:\\\/\\\/www.gruporecoletas.com\\\/noticias\\\/wp-content\\\/uploads\\\/2021\\\/11\\\/Sin-ti\u0301tulo-1.jpg\",\"datePublished\":\"2021-11-18T17:36:52+00:00\",\"dateModified\":\"2021-11-18T17:36:55+00:00\",\"author\":{\"@id\":\"https:\\\/\\\/www.gruporecoletas.com\\\/noticias\\\/#\\\/schema\\\/person\\\/06ae47abe132337b3d64d46e6a153a44\"},\"breadcrumb\":{\"@id\":\"https:\\\/\\\/www.gruporecoletas.com\\\/noticias\\\/las-matronas-de-la-unidad-de-la-mujer-recoletas-imparten-una-charla-sobre-cuidados-en-el-recien-nacido\\\/#breadcrumb\"},\"inLanguage\":\"es\",\"potentialAction\":[{\"@type\":\"ReadAction\",\"target\":[\"https:\\\/\\\/www.gruporecoletas.com\\\/noticias\\\/las-matronas-de-la-unidad-de-la-mujer-recoletas-imparten-una-charla-sobre-cuidados-en-el-recien-nacido\\\/\"]}]},{\"@type\":\"ImageObject\",\"inLanguage\":\"es\",\"@id\":\"https:\\\/\\\/www.gruporecoletas.com\\\/noticias\\\/las-matronas-de-la-unidad-de-la-mujer-recoletas-imparten-una-charla-sobre-cuidados-en-el-recien-nacido\\\/#primaryimage\",\"url\":\"https:\\\/\\\/www.gruporecoletas.com\\\/noticias\\\/wp-content\\\/uploads\\\/2021\\\/11\\\/Sin-ti\u0301tulo-1.jpg\",\"contentUrl\":\"https:\\\/\\\/www.gruporecoletas.com\\\/noticias\\\/wp-content\\\/uploads\\\/2021\\\/11\\\/Sin-ti\u0301tulo-1.jpg\",\"width\":900,\"height\":600,\"caption\":\"Matronas de la Unidad de la Mujer Recoletas imparten una charla sobre cuidados en el reci\u00e9n nacido\"},{\"@type\":\"BreadcrumbList\",\"@id\":\"https:\\\/\\\/www.gruporecoletas.com\\\/noticias\\\/las-matronas-de-la-unidad-de-la-mujer-recoletas-imparten-una-charla-sobre-cuidados-en-el-recien-nacido\\\/#breadcrumb\",\"itemListElement\":[{\"@type\":\"ListItem\",\"position\":1,\"name\":\"Portada\",\"item\":\"https:\\\/\\\/www.gruporecoletas.com\\\/noticias\\\/\"},{\"@type\":\"ListItem\",\"position\":2,\"name\":\"Las matronas de la Unidad de la Mujer Recoletas imparten una charla sobre cuidados en el reci\u00e9n nacido\"}]},{\"@type\":\"WebSite\",\"@id\":\"https:\\\/\\\/www.gruporecoletas.com\\\/noticias\\\/#website\",\"url\":\"https:\\\/\\\/www.gruporecoletas.com\\\/noticias\\\/\",\"name\":\"Noticias Grupo Recoletas\",\"description\":\"Grupo Recoletas\",\"potentialAction\":[{\"@type\":\"SearchAction\",\"target\":{\"@type\":\"EntryPoint\",\"urlTemplate\":\"https:\\\/\\\/www.gruporecoletas.com\\\/noticias\\\/?s={search_term_string}\"},\"query-input\":{\"@type\":\"PropertyValueSpecification\",\"valueRequired\":true,\"valueName\":\"search_term_string\"}}],\"inLanguage\":\"es\"},{\"@type\":\"Person\",\"@id\":\"https:\\\/\\\/www.gruporecoletas.com\\\/noticias\\\/#\\\/schema\\\/person\\\/06ae47abe132337b3d64d46e6a153a44\",\"name\":\"Andrea\",\"url\":\"https:\\\/\\\/www.gruporecoletas.com\\\/noticias\\\/author\\\/andrea\\\/\"}]}<\/script>\n<!-- \/ Yoast SEO Premium plugin. -->","yoast_head_json":{"title":"Las matronas de la Unidad de la Mujer Recoletas imparten una charla sobre cuidados en el reci\u00e9n nacido - Noticias Grupo Recoletas","robots":{"index":"index","follow":"follow","max-snippet":"max-snippet:-1","max-image-preview":"max-image-preview:large","max-video-preview":"max-video-preview:-1"},"canonical":"https:\/\/www.gruporecoletas.com\/noticias\/las-matronas-de-la-unidad-de-la-mujer-recoletas-imparten-una-charla-sobre-cuidados-en-el-recien-nacido\/","og_locale":"es_ES","og_type":"article","og_title":"Las matronas de la Unidad de la Mujer Recoletas imparten una charla sobre cuidados en el reci\u00e9n nacido","og_description":"El equipo de Educaci\u00f3n Maternal de la Unidad de la Mujer Recoletas, integrado por tres matronas, ha impartido una charla sobre cuidados b\u00e1sicos del reci\u00e9n nacido, dirigida a las mujeres embarazadas pertenecientes a la asociaci\u00f3n REDMADRE de Valladolid, entidad con la que Recoletas ha colaborado en varias ocasiones. Durante la jornada, celebrada en el Centro [&hellip;]","og_url":"https:\/\/www.gruporecoletas.com\/noticias\/las-matronas-de-la-unidad-de-la-mujer-recoletas-imparten-una-charla-sobre-cuidados-en-el-recien-nacido\/","og_site_name":"Noticias Grupo Recoletas","article_publisher":"https:\/\/www.facebook.com\/GrupoRecoletas\/","article_published_time":"2021-11-18T17:36:52+00:00","article_modified_time":"2021-11-18T17:36:55+00:00","og_image":[{"width":900,"height":600,"url":"https:\/\/www.gruporecoletas.com\/noticias\/wp-content\/uploads\/2021\/11\/Sin-ti\u0301tulo-1.jpg","type":"image\/jpeg"}],"author":"Andrea","twitter_card":"summary_large_image","twitter_creator":"@GrupoRecoletas","twitter_site":"@GrupoRecoletas","twitter_misc":{"Escrito por":"Andrea","Tiempo de lectura":"3 minutos"},"schema":{"@context":"https:\/\/schema.org","@graph":[{"@type":"Article","@id":"https:\/\/www.gruporecoletas.com\/noticias\/las-matronas-de-la-unidad-de-la-mujer-recoletas-imparten-una-charla-sobre-cuidados-en-el-recien-nacido\/#article","isPartOf":{"@id":"https:\/\/www.gruporecoletas.com\/noticias\/las-matronas-de-la-unidad-de-la-mujer-recoletas-imparten-una-charla-sobre-cuidados-en-el-recien-nacido\/"},"author":{"name":"Andrea","@id":"https:\/\/www.gruporecoletas.com\/noticias\/#\/schema\/person\/06ae47abe132337b3d64d46e6a153a44"},"headline":"Las matronas de la Unidad de la Mujer Recoletas imparten una charla sobre cuidados en el reci\u00e9n nacido","datePublished":"2021-11-18T17:36:52+00:00","dateModified":"2021-11-18T17:36:55+00:00","mainEntityOfPage":{"@id":"https:\/\/www.gruporecoletas.com\/noticias\/las-matronas-de-la-unidad-de-la-mujer-recoletas-imparten-una-charla-sobre-cuidados-en-el-recien-nacido\/"},"wordCount":556,"image":{"@id":"https:\/\/www.gruporecoletas.com\/noticias\/las-matronas-de-la-unidad-de-la-mujer-recoletas-imparten-una-charla-sobre-cuidados-en-el-recien-nacido\/#primaryimage"},"thumbnailUrl":"https:\/\/www.gruporecoletas.com\/noticias\/wp-content\/uploads\/2021\/11\/Sin-ti\u0301tulo-1.jpg","keywords":["crianza","Maternidad","umr"],"articleSection":["Maternidad y ginecolog\u00eda","Valladolid"],"inLanguage":"es"},{"@type":"WebPage","@id":"https:\/\/www.gruporecoletas.com\/noticias\/las-matronas-de-la-unidad-de-la-mujer-recoletas-imparten-una-charla-sobre-cuidados-en-el-recien-nacido\/","url":"https:\/\/www.gruporecoletas.com\/noticias\/las-matronas-de-la-unidad-de-la-mujer-recoletas-imparten-una-charla-sobre-cuidados-en-el-recien-nacido\/","name":"Las matronas de la Unidad de la Mujer Recoletas imparten una charla sobre cuidados en el reci\u00e9n nacido - Noticias Grupo Recoletas","isPartOf":{"@id":"https:\/\/www.gruporecoletas.com\/noticias\/#website"},"primaryImageOfPage":{"@id":"https:\/\/www.gruporecoletas.com\/noticias\/las-matronas-de-la-unidad-de-la-mujer-recoletas-imparten-una-charla-sobre-cuidados-en-el-recien-nacido\/#primaryimage"},"image":{"@id":"https:\/\/www.gruporecoletas.com\/noticias\/las-matronas-de-la-unidad-de-la-mujer-recoletas-imparten-una-charla-sobre-cuidados-en-el-recien-nacido\/#primaryimage"},"thumbnailUrl":"https:\/\/www.gruporecoletas.com\/noticias\/wp-content\/uploads\/2021\/11\/Sin-ti\u0301tulo-1.jpg","datePublished":"2021-11-18T17:36:52+00:00","dateModified":"2021-11-18T17:36:55+00:00","author":{"@id":"https:\/\/www.gruporecoletas.com\/noticias\/#\/schema\/person\/06ae47abe132337b3d64d46e6a153a44"},"breadcrumb":{"@id":"https:\/\/www.gruporecoletas.com\/noticias\/las-matronas-de-la-unidad-de-la-mujer-recoletas-imparten-una-charla-sobre-cuidados-en-el-recien-nacido\/#breadcrumb"},"inLanguage":"es","potentialAction":[{"@type":"ReadAction","target":["https:\/\/www.gruporecoletas.com\/noticias\/las-matronas-de-la-unidad-de-la-mujer-recoletas-imparten-una-charla-sobre-cuidados-en-el-recien-nacido\/"]}]},{"@type":"ImageObject","inLanguage":"es","@id":"https:\/\/www.gruporecoletas.com\/noticias\/las-matronas-de-la-unidad-de-la-mujer-recoletas-imparten-una-charla-sobre-cuidados-en-el-recien-nacido\/#primaryimage","url":"https:\/\/www.gruporecoletas.com\/noticias\/wp-content\/uploads\/2021\/11\/Sin-ti\u0301tulo-1.jpg","contentUrl":"https:\/\/www.gruporecoletas.com\/noticias\/wp-content\/uploads\/2021\/11\/Sin-ti\u0301tulo-1.jpg","width":900,"height":600,"caption":"Matronas de la Unidad de la Mujer Recoletas imparten una charla sobre cuidados en el reci\u00e9n nacido"},{"@type":"BreadcrumbList","@id":"https:\/\/www.gruporecoletas.com\/noticias\/las-matronas-de-la-unidad-de-la-mujer-recoletas-imparten-una-charla-sobre-cuidados-en-el-recien-nacido\/#breadcrumb","itemListElement":[{"@type":"ListItem","position":1,"name":"Portada","item":"https:\/\/www.gruporecoletas.com\/noticias\/"},{"@type":"ListItem","position":2,"name":"Las matronas de la Unidad de la Mujer Recoletas imparten una charla sobre cuidados en el reci\u00e9n nacido"}]},{"@type":"WebSite","@id":"https:\/\/www.gruporecoletas.com\/noticias\/#website","url":"https:\/\/www.gruporecoletas.com\/noticias\/","name":"Noticias Grupo Recoletas","description":"Grupo Recoletas","potentialAction":[{"@type":"SearchAction","target":{"@type":"EntryPoint","urlTemplate":"https:\/\/www.gruporecoletas.com\/noticias\/?s={search_term_string}"},"query-input":{"@type":"PropertyValueSpecification","valueRequired":true,"valueName":"search_term_string"}}],"inLanguage":"es"},{"@type":"Person","@id":"https:\/\/www.gruporecoletas.com\/noticias\/#\/schema\/person\/06ae47abe132337b3d64d46e6a153a44","name":"Andrea","url":"https:\/\/www.gruporecoletas.com\/noticias\/author\/andrea\/"}]}},"_links":{"self":[{"href":"https:\/\/www.gruporecoletas.com\/noticias\/wp-json\/wp\/v2\/posts\/15164","targetHints":{"allow":["GET"]}}],"collection":[{"href":"https:\/\/www.gruporecoletas.com\/noticias\/wp-json\/wp\/v2\/posts"}],"about":[{"href":"https:\/\/www.gruporecoletas.com\/noticias\/wp-json\/wp\/v2\/types\/post"}],"author":[{"embeddable":true,"href":"https:\/\/www.gruporecoletas.com\/noticias\/wp-json\/wp\/v2\/users\/12"}],"replies":[{"embeddable":true,"href":"https:\/\/www.gruporecoletas.com\/noticias\/wp-json\/wp\/v2\/comments?post=15164"}],"version-history":[{"count":1,"href":"https:\/\/www.gruporecoletas.com\/noticias\/wp-json\/wp\/v2\/posts\/15164\/revisions"}],"predecessor-version":[{"id":15166,"href":"https:\/\/www.gruporecoletas.com\/noticias\/wp-json\/wp\/v2\/posts\/15164\/revisions\/15166"}],"wp:featuredmedia":[{"embeddable":true,"href":"https:\/\/www.gruporecoletas.com\/noticias\/wp-json\/wp\/v2\/media\/15165"}],"wp:attachment":[{"href":"https:\/\/www.gruporecoletas.com\/noticias\/wp-json\/wp\/v2\/media?parent=15164"}],"wp:term":[{"taxonomy":"category","embeddable":true,"href":"https:\/\/www.gruporecoletas.com\/noticias\/wp-json\/wp\/v2\/categories?post=15164"},{"taxonomy":"post_tag","embeddable":true,"href":"https:\/\/www.gruporecoletas.com\/noticias\/wp-json\/wp\/v2\/tags?post=15164"}],"curies":[{"name":"wp","href":"https:\/\/api.w.org\/{rel}","templated":true}]}}