{"id":15171,"date":"2021-11-22T09:14:47","date_gmt":"2021-11-22T08:14:47","guid":{"rendered":"https:\/\/www.gruporecoletas.com\/noticias\/?p=15171"},"modified":"2021-11-22T09:14:50","modified_gmt":"2021-11-22T08:14:50","slug":"jornadas-infosalud","status":"publish","type":"post","link":"https:\/\/www.gruporecoletas.com\/noticias\/jornadas-infosalud\/","title":{"rendered":"Especialistas del Hospital Recoletas Zamora participan en las jornadas de InfoSalud"},"content":{"rendered":"\n<p>El hospital Recoletas Zamora colabora en las jornadas de Infosalud organizadas por la Fundaci\u00f3n Cient\u00edfica Caja Rural con la participaci\u00f3n de tres especialistas que disertar\u00e1n sobre urolog\u00eda, ginecolog\u00eda y prevenci\u00f3n del ictus, cumpliendo con el objetivo de divulgaci\u00f3n y prevenci\u00f3n marcado para la realizaci\u00f3n de estos ciclos de salud.<\/p>\n\n\n\n<p>Se celebrar\u00e1n los d\u00edas 23, 24 y 25 de noviembre en el Paraninfo del Colegio Universitario de Zamora a las 20.00 horas con entrada libre hasta completar aforo.<\/p>\n\n\n\n<p>La primera de las charlas, el 23 de noviembre, titulada \u201c\u00bfUr\u00f3logo: ya es hora? \u201ccorrer\u00e1 a cargo del Dr. Jos\u00e9 Luis Soto, especialista en urolog\u00eda del Hospital Recoletas.&nbsp;<\/p>\n\n\n\n<p>Posteriormente, el d\u00eda 24 de noviembre, el Dr. Antonio Conde, especialista en ginecolog\u00eda y medicina reproductiva del hospital Recoletas abordar\u00e1 la menopausia en una charla bajo el t\u00edtulo \u201cMenopausia y salud de la mujer\u201d.<\/p>\n\n\n\n<p>Por \u00faltimo, el jueves 25 de noviembre, se cerrar\u00e1 las jornadas con la charla \u201cEstrategias para la prevenci\u00f3n del ictus\u201d, que impartir\u00e1 el Dr. Jos\u00e9 Luis Santos, especialista en cardiolog\u00eda del Hospital Recoletas de Zamora.<\/p>\n\n\n\n<p>Estas jornadas se enmarcan dentro de las acciones de Responsabilidad Social Corporativa de Recoletas en su compromiso con la promoci\u00f3n de contenidos relacionados con la prevenci\u00f3n, divulgaci\u00f3n y h\u00e1bitos saludables.<\/p>\n","protected":false},"excerpt":{"rendered":"<p>El hospital Recoletas Zamora colabora en las jornadas de Infosalud organizadas por la Fundaci\u00f3n Cient\u00edfica Caja Rural con la participaci\u00f3n de tres especialistas que disertar\u00e1n sobre urolog\u00eda, ginecolog\u00eda y prevenci\u00f3n del ictus, cumpliendo con el objetivo de divulgaci\u00f3n y prevenci\u00f3n marcado para la realizaci\u00f3n de estos ciclos de salud. Se celebrar\u00e1n los d\u00edas 23, 24 [&hellip;]<\/p>\n","protected":false},"author":2,"featured_media":15172,"comment_status":"closed","ping_status":"closed","sticky":false,"template":"","format":"standard","meta":{"_acf_changed":false,"footnotes":""},"categories":[16,21],"tags":[1232,3083,3224,1681],"class_list":["post-15171","post","type-post","status-publish","format-standard","has-post-thumbnail","hentry","category-hrza","category-zamora","tag-cardiologia","tag-ictus","tag-medicina-reproductiva","tag-urologia"],"acf":[],"yoast_head":"<!-- This site is optimized with the Yoast SEO Premium plugin v27.3 (Yoast SEO v27.3) - https:\/\/yoast.com\/product\/yoast-seo-premium-wordpress\/ -->\n<title>Especialistas del Hospital Recoletas Zamora participan en las jornadas de InfoSalud - Noticias Grupo Recoletas<\/title>\n<meta name=\"description\" content=\"Recoletas Zamora colabora en las jornadas de Infosalud con la participaci\u00f3n de tres especialistas en urolog\u00eda, ginecolog\u00eda y prevenci\u00f3n del ictus.\" \/>\n<meta name=\"robots\" content=\"index, follow, max-snippet:-1, max-image-preview:large, max-video-preview:-1\" \/>\n<link rel=\"canonical\" href=\"https:\/\/www.gruporecoletas.com\/noticias\/jornadas-infosalud\/\" \/>\n<meta property=\"og:locale\" content=\"es_ES\" \/>\n<meta property=\"og:type\" content=\"article\" \/>\n<meta property=\"og:title\" content=\"Especialistas del Hospital Recoletas Zamora participan en las jornadas de InfoSalud\" \/>\n<meta property=\"og:description\" content=\"Recoletas Zamora colabora en las jornadas de Infosalud con la participaci\u00f3n de tres especialistas en urolog\u00eda, ginecolog\u00eda y prevenci\u00f3n del ictus.\" \/>\n<meta property=\"og:url\" content=\"https:\/\/www.gruporecoletas.com\/noticias\/jornadas-infosalud\/\" \/>\n<meta property=\"og:site_name\" content=\"Noticias Grupo Recoletas\" \/>\n<meta property=\"article:publisher\" content=\"https:\/\/www.facebook.com\/GrupoRecoletas\/\" \/>\n<meta property=\"article:published_time\" content=\"2021-11-22T08:14:47+00:00\" \/>\n<meta property=\"article:modified_time\" content=\"2021-11-22T08:14:50+00:00\" \/>\n<meta property=\"og:image\" content=\"https:\/\/www.gruporecoletas.com\/noticias\/wp-content\/uploads\/2021\/11\/charla-zamora-web.jpg\" \/>\n\t<meta property=\"og:image:width\" content=\"1366\" \/>\n\t<meta property=\"og:image:height\" content=\"768\" \/>\n\t<meta property=\"og:image:type\" content=\"image\/jpeg\" \/>\n<meta name=\"author\" content=\"Recoletas Red Hospitalaria\" \/>\n<meta name=\"twitter:card\" content=\"summary_large_image\" \/>\n<meta name=\"twitter:creator\" content=\"@GrupoRecoletas\" \/>\n<meta name=\"twitter:site\" content=\"@GrupoRecoletas\" \/>\n<meta name=\"twitter:label1\" content=\"Escrito por\" \/>\n\t<meta name=\"twitter:data1\" content=\"Recoletas Red Hospitalaria\" \/>\n\t<meta name=\"twitter:label2\" content=\"Tiempo de lectura\" \/>\n\t<meta name=\"twitter:data2\" content=\"1 minuto\" \/>\n<script type=\"application\/ld+json\" class=\"yoast-schema-graph\">{\"@context\":\"https:\\\/\\\/schema.org\",\"@graph\":[{\"@type\":\"Article\",\"@id\":\"https:\\\/\\\/www.gruporecoletas.com\\\/noticias\\\/jornadas-infosalud\\\/#article\",\"isPartOf\":{\"@id\":\"https:\\\/\\\/www.gruporecoletas.com\\\/noticias\\\/jornadas-infosalud\\\/\"},\"author\":{\"name\":\"Recoletas Red Hospitalaria\",\"@id\":\"https:\\\/\\\/www.gruporecoletas.com\\\/noticias\\\/#\\\/schema\\\/person\\\/3c6ac429828d1f5e3d3bd99f4da9b02c\"},\"headline\":\"Especialistas del Hospital Recoletas Zamora participan en las jornadas de InfoSalud\",\"datePublished\":\"2021-11-22T08:14:47+00:00\",\"dateModified\":\"2021-11-22T08:14:50+00:00\",\"mainEntityOfPage\":{\"@id\":\"https:\\\/\\\/www.gruporecoletas.com\\\/noticias\\\/jornadas-infosalud\\\/\"},\"wordCount\":232,\"image\":{\"@id\":\"https:\\\/\\\/www.gruporecoletas.com\\\/noticias\\\/jornadas-infosalud\\\/#primaryimage\"},\"thumbnailUrl\":\"https:\\\/\\\/www.gruporecoletas.com\\\/noticias\\\/wp-content\\\/uploads\\\/2021\\\/11\\\/charla-zamora-web.jpg\",\"keywords\":[\"Cardiolog\u00eda\",\"ictus\",\"Medicina Reproductiva\",\"Urolog\u00eda\"],\"articleSection\":[\"HRZA\",\"Zamora\"],\"inLanguage\":\"es\"},{\"@type\":\"WebPage\",\"@id\":\"https:\\\/\\\/www.gruporecoletas.com\\\/noticias\\\/jornadas-infosalud\\\/\",\"url\":\"https:\\\/\\\/www.gruporecoletas.com\\\/noticias\\\/jornadas-infosalud\\\/\",\"name\":\"Especialistas del Hospital Recoletas Zamora participan en las jornadas de InfoSalud - Noticias Grupo Recoletas\",\"isPartOf\":{\"@id\":\"https:\\\/\\\/www.gruporecoletas.com\\\/noticias\\\/#website\"},\"primaryImageOfPage\":{\"@id\":\"https:\\\/\\\/www.gruporecoletas.com\\\/noticias\\\/jornadas-infosalud\\\/#primaryimage\"},\"image\":{\"@id\":\"https:\\\/\\\/www.gruporecoletas.com\\\/noticias\\\/jornadas-infosalud\\\/#primaryimage\"},\"thumbnailUrl\":\"https:\\\/\\\/www.gruporecoletas.com\\\/noticias\\\/wp-content\\\/uploads\\\/2021\\\/11\\\/charla-zamora-web.jpg\",\"datePublished\":\"2021-11-22T08:14:47+00:00\",\"dateModified\":\"2021-11-22T08:14:50+00:00\",\"author\":{\"@id\":\"https:\\\/\\\/www.gruporecoletas.com\\\/noticias\\\/#\\\/schema\\\/person\\\/3c6ac429828d1f5e3d3bd99f4da9b02c\"},\"description\":\"Recoletas Zamora colabora en las jornadas de Infosalud con la participaci\u00f3n de tres especialistas en urolog\u00eda, ginecolog\u00eda y prevenci\u00f3n del ictus.\",\"breadcrumb\":{\"@id\":\"https:\\\/\\\/www.gruporecoletas.com\\\/noticias\\\/jornadas-infosalud\\\/#breadcrumb\"},\"inLanguage\":\"es\",\"potentialAction\":[{\"@type\":\"ReadAction\",\"target\":[\"https:\\\/\\\/www.gruporecoletas.com\\\/noticias\\\/jornadas-infosalud\\\/\"]}]},{\"@type\":\"ImageObject\",\"inLanguage\":\"es\",\"@id\":\"https:\\\/\\\/www.gruporecoletas.com\\\/noticias\\\/jornadas-infosalud\\\/#primaryimage\",\"url\":\"https:\\\/\\\/www.gruporecoletas.com\\\/noticias\\\/wp-content\\\/uploads\\\/2021\\\/11\\\/charla-zamora-web.jpg\",\"contentUrl\":\"https:\\\/\\\/www.gruporecoletas.com\\\/noticias\\\/wp-content\\\/uploads\\\/2021\\\/11\\\/charla-zamora-web.jpg\",\"width\":1366,\"height\":768,\"caption\":\"El Hospital Recoletas Zamora participa en las jornadas de InfoSalud\"},{\"@type\":\"BreadcrumbList\",\"@id\":\"https:\\\/\\\/www.gruporecoletas.com\\\/noticias\\\/jornadas-infosalud\\\/#breadcrumb\",\"itemListElement\":[{\"@type\":\"ListItem\",\"position\":1,\"name\":\"Portada\",\"item\":\"https:\\\/\\\/www.gruporecoletas.com\\\/noticias\\\/\"},{\"@type\":\"ListItem\",\"position\":2,\"name\":\"Especialistas del Hospital Recoletas Zamora participan en las jornadas de InfoSalud\"}]},{\"@type\":\"WebSite\",\"@id\":\"https:\\\/\\\/www.gruporecoletas.com\\\/noticias\\\/#website\",\"url\":\"https:\\\/\\\/www.gruporecoletas.com\\\/noticias\\\/\",\"name\":\"Noticias Grupo Recoletas\",\"description\":\"Grupo Recoletas\",\"potentialAction\":[{\"@type\":\"SearchAction\",\"target\":{\"@type\":\"EntryPoint\",\"urlTemplate\":\"https:\\\/\\\/www.gruporecoletas.com\\\/noticias\\\/?s={search_term_string}\"},\"query-input\":{\"@type\":\"PropertyValueSpecification\",\"valueRequired\":true,\"valueName\":\"search_term_string\"}}],\"inLanguage\":\"es\"},{\"@type\":\"Person\",\"@id\":\"https:\\\/\\\/www.gruporecoletas.com\\\/noticias\\\/#\\\/schema\\\/person\\\/3c6ac429828d1f5e3d3bd99f4da9b02c\",\"name\":\"Recoletas Red Hospitalaria\",\"url\":\"https:\\\/\\\/www.gruporecoletas.com\\\/noticias\\\/author\\\/comunicacion\\\/\"}]}<\/script>\n<!-- \/ Yoast SEO Premium plugin. -->","yoast_head_json":{"title":"Especialistas del Hospital Recoletas Zamora participan en las jornadas de InfoSalud - Noticias Grupo Recoletas","description":"Recoletas Zamora colabora en las jornadas de Infosalud con la participaci\u00f3n de tres especialistas en urolog\u00eda, ginecolog\u00eda y prevenci\u00f3n del ictus.","robots":{"index":"index","follow":"follow","max-snippet":"max-snippet:-1","max-image-preview":"max-image-preview:large","max-video-preview":"max-video-preview:-1"},"canonical":"https:\/\/www.gruporecoletas.com\/noticias\/jornadas-infosalud\/","og_locale":"es_ES","og_type":"article","og_title":"Especialistas del Hospital Recoletas Zamora participan en las jornadas de InfoSalud","og_description":"Recoletas Zamora colabora en las jornadas de Infosalud con la participaci\u00f3n de tres especialistas en urolog\u00eda, ginecolog\u00eda y prevenci\u00f3n del ictus.","og_url":"https:\/\/www.gruporecoletas.com\/noticias\/jornadas-infosalud\/","og_site_name":"Noticias Grupo Recoletas","article_publisher":"https:\/\/www.facebook.com\/GrupoRecoletas\/","article_published_time":"2021-11-22T08:14:47+00:00","article_modified_time":"2021-11-22T08:14:50+00:00","og_image":[{"width":1366,"height":768,"url":"https:\/\/www.gruporecoletas.com\/noticias\/wp-content\/uploads\/2021\/11\/charla-zamora-web.jpg","type":"image\/jpeg"}],"author":"Recoletas Red Hospitalaria","twitter_card":"summary_large_image","twitter_creator":"@GrupoRecoletas","twitter_site":"@GrupoRecoletas","twitter_misc":{"Escrito por":"Recoletas Red Hospitalaria","Tiempo de lectura":"1 minuto"},"schema":{"@context":"https:\/\/schema.org","@graph":[{"@type":"Article","@id":"https:\/\/www.gruporecoletas.com\/noticias\/jornadas-infosalud\/#article","isPartOf":{"@id":"https:\/\/www.gruporecoletas.com\/noticias\/jornadas-infosalud\/"},"author":{"name":"Recoletas Red Hospitalaria","@id":"https:\/\/www.gruporecoletas.com\/noticias\/#\/schema\/person\/3c6ac429828d1f5e3d3bd99f4da9b02c"},"headline":"Especialistas del Hospital Recoletas Zamora participan en las jornadas de InfoSalud","datePublished":"2021-11-22T08:14:47+00:00","dateModified":"2021-11-22T08:14:50+00:00","mainEntityOfPage":{"@id":"https:\/\/www.gruporecoletas.com\/noticias\/jornadas-infosalud\/"},"wordCount":232,"image":{"@id":"https:\/\/www.gruporecoletas.com\/noticias\/jornadas-infosalud\/#primaryimage"},"thumbnailUrl":"https:\/\/www.gruporecoletas.com\/noticias\/wp-content\/uploads\/2021\/11\/charla-zamora-web.jpg","keywords":["Cardiolog\u00eda","ictus","Medicina Reproductiva","Urolog\u00eda"],"articleSection":["HRZA","Zamora"],"inLanguage":"es"},{"@type":"WebPage","@id":"https:\/\/www.gruporecoletas.com\/noticias\/jornadas-infosalud\/","url":"https:\/\/www.gruporecoletas.com\/noticias\/jornadas-infosalud\/","name":"Especialistas del Hospital Recoletas Zamora participan en las jornadas de InfoSalud - Noticias Grupo Recoletas","isPartOf":{"@id":"https:\/\/www.gruporecoletas.com\/noticias\/#website"},"primaryImageOfPage":{"@id":"https:\/\/www.gruporecoletas.com\/noticias\/jornadas-infosalud\/#primaryimage"},"image":{"@id":"https:\/\/www.gruporecoletas.com\/noticias\/jornadas-infosalud\/#primaryimage"},"thumbnailUrl":"https:\/\/www.gruporecoletas.com\/noticias\/wp-content\/uploads\/2021\/11\/charla-zamora-web.jpg","datePublished":"2021-11-22T08:14:47+00:00","dateModified":"2021-11-22T08:14:50+00:00","author":{"@id":"https:\/\/www.gruporecoletas.com\/noticias\/#\/schema\/person\/3c6ac429828d1f5e3d3bd99f4da9b02c"},"description":"Recoletas Zamora colabora en las jornadas de Infosalud con la participaci\u00f3n de tres especialistas en urolog\u00eda, ginecolog\u00eda y prevenci\u00f3n del ictus.","breadcrumb":{"@id":"https:\/\/www.gruporecoletas.com\/noticias\/jornadas-infosalud\/#breadcrumb"},"inLanguage":"es","potentialAction":[{"@type":"ReadAction","target":["https:\/\/www.gruporecoletas.com\/noticias\/jornadas-infosalud\/"]}]},{"@type":"ImageObject","inLanguage":"es","@id":"https:\/\/www.gruporecoletas.com\/noticias\/jornadas-infosalud\/#primaryimage","url":"https:\/\/www.gruporecoletas.com\/noticias\/wp-content\/uploads\/2021\/11\/charla-zamora-web.jpg","contentUrl":"https:\/\/www.gruporecoletas.com\/noticias\/wp-content\/uploads\/2021\/11\/charla-zamora-web.jpg","width":1366,"height":768,"caption":"El Hospital Recoletas Zamora participa en las jornadas de InfoSalud"},{"@type":"BreadcrumbList","@id":"https:\/\/www.gruporecoletas.com\/noticias\/jornadas-infosalud\/#breadcrumb","itemListElement":[{"@type":"ListItem","position":1,"name":"Portada","item":"https:\/\/www.gruporecoletas.com\/noticias\/"},{"@type":"ListItem","position":2,"name":"Especialistas del Hospital Recoletas Zamora participan en las jornadas de InfoSalud"}]},{"@type":"WebSite","@id":"https:\/\/www.gruporecoletas.com\/noticias\/#website","url":"https:\/\/www.gruporecoletas.com\/noticias\/","name":"Noticias Grupo Recoletas","description":"Grupo Recoletas","potentialAction":[{"@type":"SearchAction","target":{"@type":"EntryPoint","urlTemplate":"https:\/\/www.gruporecoletas.com\/noticias\/?s={search_term_string}"},"query-input":{"@type":"PropertyValueSpecification","valueRequired":true,"valueName":"search_term_string"}}],"inLanguage":"es"},{"@type":"Person","@id":"https:\/\/www.gruporecoletas.com\/noticias\/#\/schema\/person\/3c6ac429828d1f5e3d3bd99f4da9b02c","name":"Recoletas Red Hospitalaria","url":"https:\/\/www.gruporecoletas.com\/noticias\/author\/comunicacion\/"}]}},"_links":{"self":[{"href":"https:\/\/www.gruporecoletas.com\/noticias\/wp-json\/wp\/v2\/posts\/15171","targetHints":{"allow":["GET"]}}],"collection":[{"href":"https:\/\/www.gruporecoletas.com\/noticias\/wp-json\/wp\/v2\/posts"}],"about":[{"href":"https:\/\/www.gruporecoletas.com\/noticias\/wp-json\/wp\/v2\/types\/post"}],"author":[{"embeddable":true,"href":"https:\/\/www.gruporecoletas.com\/noticias\/wp-json\/wp\/v2\/users\/2"}],"replies":[{"embeddable":true,"href":"https:\/\/www.gruporecoletas.com\/noticias\/wp-json\/wp\/v2\/comments?post=15171"}],"version-history":[{"count":1,"href":"https:\/\/www.gruporecoletas.com\/noticias\/wp-json\/wp\/v2\/posts\/15171\/revisions"}],"predecessor-version":[{"id":15173,"href":"https:\/\/www.gruporecoletas.com\/noticias\/wp-json\/wp\/v2\/posts\/15171\/revisions\/15173"}],"wp:featuredmedia":[{"embeddable":true,"href":"https:\/\/www.gruporecoletas.com\/noticias\/wp-json\/wp\/v2\/media\/15172"}],"wp:attachment":[{"href":"https:\/\/www.gruporecoletas.com\/noticias\/wp-json\/wp\/v2\/media?parent=15171"}],"wp:term":[{"taxonomy":"category","embeddable":true,"href":"https:\/\/www.gruporecoletas.com\/noticias\/wp-json\/wp\/v2\/categories?post=15171"},{"taxonomy":"post_tag","embeddable":true,"href":"https:\/\/www.gruporecoletas.com\/noticias\/wp-json\/wp\/v2\/tags?post=15171"}],"curies":[{"name":"wp","href":"https:\/\/api.w.org\/{rel}","templated":true}]}}