{"id":15187,"date":"2021-11-25T11:34:30","date_gmt":"2021-11-25T10:34:30","guid":{"rendered":"https:\/\/www.gruporecoletas.com\/noticias\/?p=15187"},"modified":"2021-11-25T11:34:33","modified_gmt":"2021-11-25T10:34:33","slug":"tavarez-implante-osteointegrado","status":"publish","type":"post","link":"https:\/\/www.gruporecoletas.com\/noticias\/tavarez-implante-osteointegrado\/","title":{"rendered":"El Dr. Tavarez realiza el primer implante osteointegrado en el Hospital Recoletas Palencia"},"content":{"rendered":"\n<p>El Dr. Tavarez Rodr\u00edguez, otorrinolaring\u00f3logo del Hospital Recoletas Palencia, ha realizado con \u00e9xito el primer implante auditivo osteointegrado llevado a cabo en un centro hospitalario privado en Palencia. A trav\u00e9s de un m\u00e9todo quir\u00fargico m\u00ednimamente invasivo, ha colocado un peque\u00f1o implante de titanio en el hueso ubicado detr\u00e1s de la oreja. Posteriormente, para completar el proceso, se le colocar\u00e1 un procesador de sonido unido al implante.<\/p>\n\n\n\n<p>Este tipo de implantes est\u00e1 indicado en pacientes con cavidades postquir\u00fargicas de o\u00eddo medio u otitis media cr\u00f3nicas que no son candidatos de pr\u00f3tesis convencionales por la supuraci\u00f3n, motivo por el cual, se ha optado por este implante osteointegrado de GAES, una marca de Amplifon.<\/p>\n\n\n\n<p>Se trata de un dispositivo electr\u00f3nico de alta tecnolog\u00eda que ofrece a pacientes con hipoacusia una audici\u00f3n mejor, a trav\u00e9s de la conducci\u00f3n \u00f3sea directa, y se ha convertido en una de las mejores alternativas para las\u00a0personas con problemas de audici\u00f3n en el o\u00eddo externo o medio. El Dr. Tavarez ha rese\u00f1ado \u201cla importancia de que el paciente pueda disfrutar ahora de una audici\u00f3n m\u00e1s clara y sin distorsiones gracias a este implante osteointegrado que mejorar\u00e1 su calidad de vida\u201d.<\/p>\n\n\n\n<p>Los implantes osteointegrados aprovechan que el cuerpo humano puede conducir sonidos por v\u00eda \u00f3sea y de esta manera, sin forzar el conducto auditivo, trasladan el sonido a trav\u00e9s del hueso directamente al o\u00eddo interno. De esta forma, el resultado ser\u00e1 un sonido m\u00e1s n\u00edtido y claro, sin la distorsi\u00f3n o retroalimentaci\u00f3n asociados a veces a los aud\u00edfonos.<\/p>\n\n\n\n<p>El paciente que fue intervenido ayer en el Hospital Recoletas Palencia ha recibido el alta hospitalaria y continuar\u00e1 con las revisiones post operatorias en el centro.<\/p>\n","protected":false},"excerpt":{"rendered":"<p>El Dr. Tavarez Rodr\u00edguez, otorrinolaring\u00f3logo del Hospital Recoletas Palencia, ha realizado con \u00e9xito el primer implante auditivo osteointegrado llevado a cabo en un centro hospitalario privado en Palencia. A trav\u00e9s de un m\u00e9todo quir\u00fargico m\u00ednimamente invasivo, ha colocado un peque\u00f1o implante de titanio en el hueso ubicado detr\u00e1s de la oreja. Posteriormente, para completar el [&hellip;]<\/p>\n","protected":false},"author":2,"featured_media":15188,"comment_status":"closed","ping_status":"closed","sticky":false,"template":"","format":"standard","meta":{"_acf_changed":false,"footnotes":""},"categories":[1,11],"tags":[3226,2872],"class_list":["post-15187","post","type-post","status-publish","format-standard","has-post-thumbnail","hentry","category-grupo-recoletas","category-palencia","tag-hospital-recoletas-palencia","tag-otorrinolaringologia"],"acf":[],"yoast_head":"<!-- This site is optimized with the Yoast SEO Premium plugin v27.3 (Yoast SEO v27.3) - https:\/\/yoast.com\/product\/yoast-seo-premium-wordpress\/ -->\n<title>El Dr. Tavarez realiza el primer implante osteointegrado en el Hospital Recoletas Palencia - Noticias Grupo Recoletas<\/title>\n<meta name=\"description\" content=\"El otorrinolaring\u00f3logo, Dr. Tavarez, ha realizado con \u00e9xito el primer implante auditivo osteointegrado llevado a cabo en un centro privado en Palencia.\" \/>\n<meta name=\"robots\" content=\"index, follow, max-snippet:-1, max-image-preview:large, max-video-preview:-1\" \/>\n<link rel=\"canonical\" href=\"https:\/\/www.gruporecoletas.com\/noticias\/tavarez-implante-osteointegrado\/\" \/>\n<meta property=\"og:locale\" content=\"es_ES\" \/>\n<meta property=\"og:type\" content=\"article\" \/>\n<meta property=\"og:title\" content=\"El Dr. Tavarez realiza el primer implante osteointegrado en el Hospital Recoletas Palencia\" \/>\n<meta property=\"og:description\" content=\"El otorrinolaring\u00f3logo, Dr. Tavarez, ha realizado con \u00e9xito el primer implante auditivo osteointegrado llevado a cabo en un centro privado en Palencia.\" \/>\n<meta property=\"og:url\" content=\"https:\/\/www.gruporecoletas.com\/noticias\/tavarez-implante-osteointegrado\/\" \/>\n<meta property=\"og:site_name\" content=\"Noticias Grupo Recoletas\" \/>\n<meta property=\"article:publisher\" content=\"https:\/\/www.facebook.com\/GrupoRecoletas\/\" \/>\n<meta property=\"article:published_time\" content=\"2021-11-25T10:34:30+00:00\" \/>\n<meta property=\"article:modified_time\" content=\"2021-11-25T10:34:33+00:00\" \/>\n<meta property=\"og:image\" content=\"https:\/\/www.gruporecoletas.com\/noticias\/wp-content\/uploads\/2021\/11\/dr-tavarez-recoletas.jpg\" \/>\n\t<meta property=\"og:image:width\" content=\"1366\" \/>\n\t<meta property=\"og:image:height\" content=\"768\" \/>\n\t<meta property=\"og:image:type\" content=\"image\/jpeg\" \/>\n<meta name=\"author\" content=\"Recoletas Red Hospitalaria\" \/>\n<meta name=\"twitter:card\" content=\"summary_large_image\" \/>\n<meta name=\"twitter:creator\" content=\"@GrupoRecoletas\" \/>\n<meta name=\"twitter:site\" content=\"@GrupoRecoletas\" \/>\n<meta name=\"twitter:label1\" content=\"Escrito por\" \/>\n\t<meta name=\"twitter:data1\" content=\"Recoletas Red Hospitalaria\" \/>\n\t<meta name=\"twitter:label2\" content=\"Tiempo de lectura\" \/>\n\t<meta name=\"twitter:data2\" content=\"2 minutos\" \/>\n<script type=\"application\/ld+json\" class=\"yoast-schema-graph\">{\"@context\":\"https:\\\/\\\/schema.org\",\"@graph\":[{\"@type\":\"Article\",\"@id\":\"https:\\\/\\\/www.gruporecoletas.com\\\/noticias\\\/tavarez-implante-osteointegrado\\\/#article\",\"isPartOf\":{\"@id\":\"https:\\\/\\\/www.gruporecoletas.com\\\/noticias\\\/tavarez-implante-osteointegrado\\\/\"},\"author\":{\"name\":\"Recoletas Red Hospitalaria\",\"@id\":\"https:\\\/\\\/www.gruporecoletas.com\\\/noticias\\\/#\\\/schema\\\/person\\\/3c6ac429828d1f5e3d3bd99f4da9b02c\"},\"headline\":\"El Dr. Tavarez realiza el primer implante osteointegrado en el Hospital Recoletas Palencia\",\"datePublished\":\"2021-11-25T10:34:30+00:00\",\"dateModified\":\"2021-11-25T10:34:33+00:00\",\"mainEntityOfPage\":{\"@id\":\"https:\\\/\\\/www.gruporecoletas.com\\\/noticias\\\/tavarez-implante-osteointegrado\\\/\"},\"wordCount\":319,\"image\":{\"@id\":\"https:\\\/\\\/www.gruporecoletas.com\\\/noticias\\\/tavarez-implante-osteointegrado\\\/#primaryimage\"},\"thumbnailUrl\":\"https:\\\/\\\/www.gruporecoletas.com\\\/noticias\\\/wp-content\\\/uploads\\\/2021\\\/11\\\/dr-tavarez-recoletas.jpg\",\"keywords\":[\"Hospital Recoletas Palencia\",\"otorrinolaringolog\u00eda\"],\"articleSection\":[\"Grupo Recoletas\",\"Palencia\"],\"inLanguage\":\"es\"},{\"@type\":\"WebPage\",\"@id\":\"https:\\\/\\\/www.gruporecoletas.com\\\/noticias\\\/tavarez-implante-osteointegrado\\\/\",\"url\":\"https:\\\/\\\/www.gruporecoletas.com\\\/noticias\\\/tavarez-implante-osteointegrado\\\/\",\"name\":\"El Dr. Tavarez realiza el primer implante osteointegrado en el Hospital Recoletas Palencia - Noticias Grupo Recoletas\",\"isPartOf\":{\"@id\":\"https:\\\/\\\/www.gruporecoletas.com\\\/noticias\\\/#website\"},\"primaryImageOfPage\":{\"@id\":\"https:\\\/\\\/www.gruporecoletas.com\\\/noticias\\\/tavarez-implante-osteointegrado\\\/#primaryimage\"},\"image\":{\"@id\":\"https:\\\/\\\/www.gruporecoletas.com\\\/noticias\\\/tavarez-implante-osteointegrado\\\/#primaryimage\"},\"thumbnailUrl\":\"https:\\\/\\\/www.gruporecoletas.com\\\/noticias\\\/wp-content\\\/uploads\\\/2021\\\/11\\\/dr-tavarez-recoletas.jpg\",\"datePublished\":\"2021-11-25T10:34:30+00:00\",\"dateModified\":\"2021-11-25T10:34:33+00:00\",\"author\":{\"@id\":\"https:\\\/\\\/www.gruporecoletas.com\\\/noticias\\\/#\\\/schema\\\/person\\\/3c6ac429828d1f5e3d3bd99f4da9b02c\"},\"description\":\"El otorrinolaring\u00f3logo, Dr. Tavarez, ha realizado con \u00e9xito el primer implante auditivo osteointegrado llevado a cabo en un centro privado en Palencia.\",\"breadcrumb\":{\"@id\":\"https:\\\/\\\/www.gruporecoletas.com\\\/noticias\\\/tavarez-implante-osteointegrado\\\/#breadcrumb\"},\"inLanguage\":\"es\",\"potentialAction\":[{\"@type\":\"ReadAction\",\"target\":[\"https:\\\/\\\/www.gruporecoletas.com\\\/noticias\\\/tavarez-implante-osteointegrado\\\/\"]}]},{\"@type\":\"ImageObject\",\"inLanguage\":\"es\",\"@id\":\"https:\\\/\\\/www.gruporecoletas.com\\\/noticias\\\/tavarez-implante-osteointegrado\\\/#primaryimage\",\"url\":\"https:\\\/\\\/www.gruporecoletas.com\\\/noticias\\\/wp-content\\\/uploads\\\/2021\\\/11\\\/dr-tavarez-recoletas.jpg\",\"contentUrl\":\"https:\\\/\\\/www.gruporecoletas.com\\\/noticias\\\/wp-content\\\/uploads\\\/2021\\\/11\\\/dr-tavarez-recoletas.jpg\",\"width\":1366,\"height\":768,\"caption\":\"EL DR. TAVAREZ REALIZA EL PRIMER IMPLANTE OSTEOINTEGRADO EN EL HOSPITAL RECOLETAS DE PALENCIA\"},{\"@type\":\"BreadcrumbList\",\"@id\":\"https:\\\/\\\/www.gruporecoletas.com\\\/noticias\\\/tavarez-implante-osteointegrado\\\/#breadcrumb\",\"itemListElement\":[{\"@type\":\"ListItem\",\"position\":1,\"name\":\"Portada\",\"item\":\"https:\\\/\\\/www.gruporecoletas.com\\\/noticias\\\/\"},{\"@type\":\"ListItem\",\"position\":2,\"name\":\"El Dr. Tavarez realiza el primer implante osteointegrado en el Hospital Recoletas Palencia\"}]},{\"@type\":\"WebSite\",\"@id\":\"https:\\\/\\\/www.gruporecoletas.com\\\/noticias\\\/#website\",\"url\":\"https:\\\/\\\/www.gruporecoletas.com\\\/noticias\\\/\",\"name\":\"Noticias Grupo Recoletas\",\"description\":\"Grupo Recoletas\",\"potentialAction\":[{\"@type\":\"SearchAction\",\"target\":{\"@type\":\"EntryPoint\",\"urlTemplate\":\"https:\\\/\\\/www.gruporecoletas.com\\\/noticias\\\/?s={search_term_string}\"},\"query-input\":{\"@type\":\"PropertyValueSpecification\",\"valueRequired\":true,\"valueName\":\"search_term_string\"}}],\"inLanguage\":\"es\"},{\"@type\":\"Person\",\"@id\":\"https:\\\/\\\/www.gruporecoletas.com\\\/noticias\\\/#\\\/schema\\\/person\\\/3c6ac429828d1f5e3d3bd99f4da9b02c\",\"name\":\"Recoletas Red Hospitalaria\",\"url\":\"https:\\\/\\\/www.gruporecoletas.com\\\/noticias\\\/author\\\/comunicacion\\\/\"}]}<\/script>\n<!-- \/ Yoast SEO Premium plugin. -->","yoast_head_json":{"title":"El Dr. Tavarez realiza el primer implante osteointegrado en el Hospital Recoletas Palencia - Noticias Grupo Recoletas","description":"El otorrinolaring\u00f3logo, Dr. Tavarez, ha realizado con \u00e9xito el primer implante auditivo osteointegrado llevado a cabo en un centro privado en Palencia.","robots":{"index":"index","follow":"follow","max-snippet":"max-snippet:-1","max-image-preview":"max-image-preview:large","max-video-preview":"max-video-preview:-1"},"canonical":"https:\/\/www.gruporecoletas.com\/noticias\/tavarez-implante-osteointegrado\/","og_locale":"es_ES","og_type":"article","og_title":"El Dr. Tavarez realiza el primer implante osteointegrado en el Hospital Recoletas Palencia","og_description":"El otorrinolaring\u00f3logo, Dr. Tavarez, ha realizado con \u00e9xito el primer implante auditivo osteointegrado llevado a cabo en un centro privado en Palencia.","og_url":"https:\/\/www.gruporecoletas.com\/noticias\/tavarez-implante-osteointegrado\/","og_site_name":"Noticias Grupo Recoletas","article_publisher":"https:\/\/www.facebook.com\/GrupoRecoletas\/","article_published_time":"2021-11-25T10:34:30+00:00","article_modified_time":"2021-11-25T10:34:33+00:00","og_image":[{"width":1366,"height":768,"url":"https:\/\/www.gruporecoletas.com\/noticias\/wp-content\/uploads\/2021\/11\/dr-tavarez-recoletas.jpg","type":"image\/jpeg"}],"author":"Recoletas Red Hospitalaria","twitter_card":"summary_large_image","twitter_creator":"@GrupoRecoletas","twitter_site":"@GrupoRecoletas","twitter_misc":{"Escrito por":"Recoletas Red Hospitalaria","Tiempo de lectura":"2 minutos"},"schema":{"@context":"https:\/\/schema.org","@graph":[{"@type":"Article","@id":"https:\/\/www.gruporecoletas.com\/noticias\/tavarez-implante-osteointegrado\/#article","isPartOf":{"@id":"https:\/\/www.gruporecoletas.com\/noticias\/tavarez-implante-osteointegrado\/"},"author":{"name":"Recoletas Red Hospitalaria","@id":"https:\/\/www.gruporecoletas.com\/noticias\/#\/schema\/person\/3c6ac429828d1f5e3d3bd99f4da9b02c"},"headline":"El Dr. Tavarez realiza el primer implante osteointegrado en el Hospital Recoletas Palencia","datePublished":"2021-11-25T10:34:30+00:00","dateModified":"2021-11-25T10:34:33+00:00","mainEntityOfPage":{"@id":"https:\/\/www.gruporecoletas.com\/noticias\/tavarez-implante-osteointegrado\/"},"wordCount":319,"image":{"@id":"https:\/\/www.gruporecoletas.com\/noticias\/tavarez-implante-osteointegrado\/#primaryimage"},"thumbnailUrl":"https:\/\/www.gruporecoletas.com\/noticias\/wp-content\/uploads\/2021\/11\/dr-tavarez-recoletas.jpg","keywords":["Hospital Recoletas Palencia","otorrinolaringolog\u00eda"],"articleSection":["Grupo Recoletas","Palencia"],"inLanguage":"es"},{"@type":"WebPage","@id":"https:\/\/www.gruporecoletas.com\/noticias\/tavarez-implante-osteointegrado\/","url":"https:\/\/www.gruporecoletas.com\/noticias\/tavarez-implante-osteointegrado\/","name":"El Dr. Tavarez realiza el primer implante osteointegrado en el Hospital Recoletas Palencia - Noticias Grupo Recoletas","isPartOf":{"@id":"https:\/\/www.gruporecoletas.com\/noticias\/#website"},"primaryImageOfPage":{"@id":"https:\/\/www.gruporecoletas.com\/noticias\/tavarez-implante-osteointegrado\/#primaryimage"},"image":{"@id":"https:\/\/www.gruporecoletas.com\/noticias\/tavarez-implante-osteointegrado\/#primaryimage"},"thumbnailUrl":"https:\/\/www.gruporecoletas.com\/noticias\/wp-content\/uploads\/2021\/11\/dr-tavarez-recoletas.jpg","datePublished":"2021-11-25T10:34:30+00:00","dateModified":"2021-11-25T10:34:33+00:00","author":{"@id":"https:\/\/www.gruporecoletas.com\/noticias\/#\/schema\/person\/3c6ac429828d1f5e3d3bd99f4da9b02c"},"description":"El otorrinolaring\u00f3logo, Dr. Tavarez, ha realizado con \u00e9xito el primer implante auditivo osteointegrado llevado a cabo en un centro privado en Palencia.","breadcrumb":{"@id":"https:\/\/www.gruporecoletas.com\/noticias\/tavarez-implante-osteointegrado\/#breadcrumb"},"inLanguage":"es","potentialAction":[{"@type":"ReadAction","target":["https:\/\/www.gruporecoletas.com\/noticias\/tavarez-implante-osteointegrado\/"]}]},{"@type":"ImageObject","inLanguage":"es","@id":"https:\/\/www.gruporecoletas.com\/noticias\/tavarez-implante-osteointegrado\/#primaryimage","url":"https:\/\/www.gruporecoletas.com\/noticias\/wp-content\/uploads\/2021\/11\/dr-tavarez-recoletas.jpg","contentUrl":"https:\/\/www.gruporecoletas.com\/noticias\/wp-content\/uploads\/2021\/11\/dr-tavarez-recoletas.jpg","width":1366,"height":768,"caption":"EL DR. TAVAREZ REALIZA EL PRIMER IMPLANTE OSTEOINTEGRADO EN EL HOSPITAL RECOLETAS DE PALENCIA"},{"@type":"BreadcrumbList","@id":"https:\/\/www.gruporecoletas.com\/noticias\/tavarez-implante-osteointegrado\/#breadcrumb","itemListElement":[{"@type":"ListItem","position":1,"name":"Portada","item":"https:\/\/www.gruporecoletas.com\/noticias\/"},{"@type":"ListItem","position":2,"name":"El Dr. Tavarez realiza el primer implante osteointegrado en el Hospital Recoletas Palencia"}]},{"@type":"WebSite","@id":"https:\/\/www.gruporecoletas.com\/noticias\/#website","url":"https:\/\/www.gruporecoletas.com\/noticias\/","name":"Noticias Grupo Recoletas","description":"Grupo Recoletas","potentialAction":[{"@type":"SearchAction","target":{"@type":"EntryPoint","urlTemplate":"https:\/\/www.gruporecoletas.com\/noticias\/?s={search_term_string}"},"query-input":{"@type":"PropertyValueSpecification","valueRequired":true,"valueName":"search_term_string"}}],"inLanguage":"es"},{"@type":"Person","@id":"https:\/\/www.gruporecoletas.com\/noticias\/#\/schema\/person\/3c6ac429828d1f5e3d3bd99f4da9b02c","name":"Recoletas Red Hospitalaria","url":"https:\/\/www.gruporecoletas.com\/noticias\/author\/comunicacion\/"}]}},"_links":{"self":[{"href":"https:\/\/www.gruporecoletas.com\/noticias\/wp-json\/wp\/v2\/posts\/15187","targetHints":{"allow":["GET"]}}],"collection":[{"href":"https:\/\/www.gruporecoletas.com\/noticias\/wp-json\/wp\/v2\/posts"}],"about":[{"href":"https:\/\/www.gruporecoletas.com\/noticias\/wp-json\/wp\/v2\/types\/post"}],"author":[{"embeddable":true,"href":"https:\/\/www.gruporecoletas.com\/noticias\/wp-json\/wp\/v2\/users\/2"}],"replies":[{"embeddable":true,"href":"https:\/\/www.gruporecoletas.com\/noticias\/wp-json\/wp\/v2\/comments?post=15187"}],"version-history":[{"count":1,"href":"https:\/\/www.gruporecoletas.com\/noticias\/wp-json\/wp\/v2\/posts\/15187\/revisions"}],"predecessor-version":[{"id":15189,"href":"https:\/\/www.gruporecoletas.com\/noticias\/wp-json\/wp\/v2\/posts\/15187\/revisions\/15189"}],"wp:featuredmedia":[{"embeddable":true,"href":"https:\/\/www.gruporecoletas.com\/noticias\/wp-json\/wp\/v2\/media\/15188"}],"wp:attachment":[{"href":"https:\/\/www.gruporecoletas.com\/noticias\/wp-json\/wp\/v2\/media?parent=15187"}],"wp:term":[{"taxonomy":"category","embeddable":true,"href":"https:\/\/www.gruporecoletas.com\/noticias\/wp-json\/wp\/v2\/categories?post=15187"},{"taxonomy":"post_tag","embeddable":true,"href":"https:\/\/www.gruporecoletas.com\/noticias\/wp-json\/wp\/v2\/tags?post=15187"}],"curies":[{"name":"wp","href":"https:\/\/api.w.org\/{rel}","templated":true}]}}