{"id":15226,"date":"2021-12-22T17:20:01","date_gmt":"2021-12-22T16:20:01","guid":{"rendered":"https:\/\/www.gruporecoletas.com\/noticias\/?p=15226"},"modified":"2021-12-22T17:20:02","modified_gmt":"2021-12-22T16:20:02","slug":"virus-invernales-reaparecen","status":"publish","type":"post","link":"https:\/\/www.gruporecoletas.com\/noticias\/virus-invernales-reaparecen\/","title":{"rendered":"Los virus invernales reaparecen en los m\u00e1s peque\u00f1os"},"content":{"rendered":"\n<p>Con la bajada de las temperaturas y tras un invierno at\u00edpico por la pandemia que todav\u00eda estamos viviendo, las consultas de pediatr\u00eda y las urgencias pedi\u00e1tricas se han llenado de pacientes con tos, mocos, v\u00f3mitos y diarrea. Y, aunque todos estos s\u00edntomas nunca se han ido, es cierto que el invierno pasado vivimos una situaci\u00f3n diferente. La patolog\u00eda infecciosa y los famosos virus del invierno sufrieron una marcada disminuci\u00f3n, provocada por el desplazamiento por parte del SARS-Cov-2.<\/p>\n\n\n\n<p>Y es innegable la utilidad de las medidas higi\u00e9nicas puestas en marcha con la pandemia del coronavirus, de tal manera que la mascarilla, la higiene de manos y el distanciamiento social han tenido un papel fundamental. No en vano, desde las maternidades llevamos muchos a\u00f1os insistiendo en la importancia del lavado de manos o en evitar el contacto de los reci\u00e9n nacidos con personas acatarradas.<\/p>\n\n\n\n<h2 class=\"wp-block-heading\">Vuelven los virus de invierno<\/h2>\n\n\n\n<p>En la actualidad, nos encontramos ante una situaci\u00f3n muy distinta. En las \u00faltimas semanas se ha detectado de forma habitual la presencia de rinovirus, adenovirus, bocavirus \u00a0o virus respiratorio sincitial entre otros. Y no s\u00f3lo estamos atendiendo patolog\u00eda respiratoria. Los cuadros gastrointestinales causados por enterovirus o rotavirus tambi\u00e9n son frecuentes. <\/p>\n\n\n\n<p>Por eso, en este post vamos a intentar explicar algo acerca de todos estos cuadros y, para ello, podemos servirnos de las hojas informativas que la S<a rel=\"noreferrer noopener\" href=\"https:\/\/seup.org\/\" target=\"_blank\">ociedad Espa\u00f1ola de Urgencias Pedi\u00e1tricas<\/a> tiene para ayudar a los padres.<\/p>\n\n\n\n<ul class=\"wp-block-list\"><li>Lo m\u00e1s frecuente es el <strong>catarro de v\u00edas altas o infecci\u00f3n respiratoria de v\u00eda a\u00e9rea superior<\/strong>, que cursa con moco nasal, tos o estornudos. Hay que recordar que, durante los primeros meses de vida, el beb\u00e9 reacciona con un estornudo ante muchos est\u00edmulos de forma refleja, para asegurar que la nariz est\u00e9 libre para poder respirar, por lo que la presencia de estornudos de forma aislada no implica que estemos ante un catarro. Estos catarros suelen ser de causa v\u00edrica y, a veces, se acompa\u00f1an de fiebre. Tambi\u00e9n es frecuente que el ni\u00f1o est\u00e9 inapetente y pueda rechazar, al menos parcialmente, las tomas, por lo que no deberemos forzar la ingesta. Nuestra actitud consistir\u00e1 en intentar mantener libre la nariz realizando lavados nasales frecuentes. Tendremos que vigilar el estado general del ni\u00f1o, as\u00ed como su estado de hidrataci\u00f3n y la aparici\u00f3n de signos de dificultad respiratoria (respira muy r\u00e1pido, se le hunde el pecho o se le marcan las costillas y mueve mucho el abdomen). El tratamiento en general es sintom\u00e1tico, pero cuando tengamos dudas, especialmente en los menores de 3 meses, o si encontramos al ni\u00f1o \u201craro\u201d, consultaremos con nuestro pediatra o en el servicio de urgencias.<\/li><\/ul>\n\n\n\n<ul class=\"wp-block-list\"><li>La <strong>bronquiolitis<\/strong> es una infecci\u00f3n de las peque\u00f1as v\u00edas a\u00e9reas, que provocan inflamaci\u00f3n y obstrucci\u00f3n de estos bronquiolos causando dificultad respiratoria en menores de 2 a\u00f1os. Suele empezar como un catarro, pero a lo largo de los d\u00edas van apareciendo los signos de dificultad respiratoria, el rechazo de las tomas, y a aveces la fiebre. Su etiolog\u00eda es v\u00edrica, y entre todos ellos destaca el virus respiratorio sincitial. No disponemos de un tratamiento eficaz frente al mismo, por lo que las medidas preventivas como la higiene de manos, evitar el tabaquismo, promover la lactancia materna adquieren un gran protagonismo. <\/li><\/ul>\n\n\n\n<ul class=\"wp-block-list\"><li>Otro de los cuadros respiratorios que vemos con frecuencia es la <strong>laringitis<\/strong>. Se trata de una inflamaci\u00f3n de la laringe, habitualmente de causa v\u00edrica, que cursa con tos perruna, afon\u00eda, ronquera y dolor de garganta. En ocasiones progresa y llega a o\u00edrse un ruido al coger aire, que llamamos estridor. Adem\u00e1s del tratamiento sintom\u00e1tico, con antit\u00e9rmicos y asegurando una correcta hidrataci\u00f3n, solemos usar tratamiento antiinflamatorio. La humedad y el aire fresco suelen mejorar estos cuadros, por lo que puede abrirse la ducha con agua caliente para que se produzca vapor, o bien sacar al ni\u00f1o a la calle o a la ventana, abrigando bien al ni\u00f1o antes. Es importante vigilar bien la dificultad respiratoria y la presencia de estridor. Cuando el ni\u00f1o tiene dificultad para tragar, babea mucho, o adquiere la postura \u201ca cuatro patas\u201d hay que sospechar una <strong>epiglotitis<\/strong>, una forma muy grave que pr\u00e1cticamente ha desaparecido en nuestro medio tras la incorporaci\u00f3n al calendario de la vacunaci\u00f3n frente a Haemophilus influenzae.<\/li><\/ul>\n\n\n\n<ul class=\"wp-block-list\"><li>Por \u00faltimo, estamos viendo con frecuencia tanto cuadros de <strong>v\u00f3mitos <\/strong>aislados como acompa\u00f1ados de diarrea en el contexto de <strong>gastroenteritis aguda.<\/strong> Los v\u00f3mitos se producen tambi\u00e9n en muchos otros cuadros, sobre todo infecciosos, pero cuando se asocian a diarrea con un gran n\u00famero de deposiciones es cuando hay que estar especialmente vigilantes del estado de hidrataci\u00f3n del paciente. Cada vez que el ni\u00f1o vomite o realice una deposici\u00f3n hay que reponer l\u00edquidos con un suero de rehidrataci\u00f3n, ofreci\u00e9ndolo despacio (por ejemplo, una cucharada cada 5 minutos). Seg\u00fan vaya mejorando la tolerancia pueden aumentarse las cantidades, pero siempre es bueno ofrecer peque\u00f1as cantidades repetidas veces, sin forzar las tomas. En el caso de lactantes con lactancia materna, debe mantenerse aumentando el n\u00famero de tomas. No se recomienda la utilizaci\u00f3n de la dieta astringente cl\u00e1sica, aunque los alimentos fuertes o grasos ser\u00e1n peor tolerados.<\/li><\/ul>\n\n\n\n<p>En el <a href=\"https:\/\/www.gruporecoletas.com\/especialidades\/pediatria\/\">Servicio de Pediatr\u00eda <\/a>del Hospital Recoletas Campo grande disponemos de unos profesionales cualificados y comprometidos con la atenci\u00f3n al paciente pedi\u00e1trico, cuyo primer objetivo es salvaguardar el bienestar del ni\u00f1o. Adem\u00e1s del <a href=\"https:\/\/www.gruporecoletas.com\/especialidades\/urgencias-pediatricas-24-horas\/\">Servicio de Urgencias Pedi\u00e1tricas<\/a> disponibles las 24 horas del d\u00eda todos los d\u00edas del a\u00f1o, contamos con la Unidad de Hospitalizaci\u00f3n Pedi\u00e1trica para los casos en que es necesario ingresar al ni\u00f1o, as\u00ed como con el Centro M\u00e9dico La Marquesina para la consulta, el seguimiento y el control de nuestros peque\u00f1os pacientes.<\/p>\n","protected":false},"excerpt":{"rendered":"<p>Con la bajada de las temperaturas y tras un invierno at\u00edpico por la pandemia que todav\u00eda estamos viviendo, las consultas de pediatr\u00eda y las urgencias pedi\u00e1tricas se han llenado de pacientes con tos, mocos, v\u00f3mitos y diarrea. Y, aunque todos estos s\u00edntomas nunca se han ido, es cierto que el invierno pasado vivimos una situaci\u00f3n [&hellip;]<\/p>\n","protected":false},"author":2,"featured_media":15227,"comment_status":"closed","ping_status":"closed","sticky":false,"template":"","format":"standard","meta":{"_acf_changed":false,"footnotes":""},"categories":[44,9],"tags":[3230,544,3229],"class_list":["post-15226","post","type-post","status-publish","format-standard","has-post-thumbnail","hentry","category-pediatria","category-publicaciones","tag-invierno","tag-pediatria","tag-virus"],"acf":[],"yoast_head":"<!-- This site is optimized with the Yoast SEO Premium plugin v27.3 (Yoast SEO v27.3) - https:\/\/yoast.com\/product\/yoast-seo-premium-wordpress\/ -->\n<title>Los virus invernales reaparecen en los m\u00e1s peque\u00f1os - Noticias Grupo Recoletas<\/title>\n<meta name=\"description\" content=\"En las \u00faltimas semanas se ha detectado de forma habitual la presencia de rinovirus, adenovirus, bocavirus \u00a0o virus respiratorio sincitial entre otros.\" \/>\n<meta name=\"robots\" content=\"index, follow, max-snippet:-1, max-image-preview:large, max-video-preview:-1\" \/>\n<link rel=\"canonical\" href=\"https:\/\/www.gruporecoletas.com\/noticias\/virus-invernales-reaparecen\/\" \/>\n<meta property=\"og:locale\" content=\"es_ES\" \/>\n<meta property=\"og:type\" content=\"article\" \/>\n<meta property=\"og:title\" content=\"Los virus invernales reaparecen en los m\u00e1s peque\u00f1os\" \/>\n<meta property=\"og:description\" content=\"En las \u00faltimas semanas se ha detectado de forma habitual la presencia de rinovirus, adenovirus, bocavirus \u00a0o virus respiratorio sincitial entre otros.\" \/>\n<meta property=\"og:url\" content=\"https:\/\/www.gruporecoletas.com\/noticias\/virus-invernales-reaparecen\/\" \/>\n<meta property=\"og:site_name\" content=\"Noticias Grupo Recoletas\" \/>\n<meta property=\"article:publisher\" content=\"https:\/\/www.facebook.com\/GrupoRecoletas\/\" \/>\n<meta property=\"article:published_time\" content=\"2021-12-22T16:20:01+00:00\" \/>\n<meta property=\"article:modified_time\" content=\"2021-12-22T16:20:02+00:00\" \/>\n<meta property=\"og:image\" content=\"https:\/\/www.gruporecoletas.com\/noticias\/wp-content\/uploads\/2021\/12\/patologias-invernales-web.png\" \/>\n\t<meta property=\"og:image:width\" content=\"1366\" \/>\n\t<meta property=\"og:image:height\" content=\"768\" \/>\n\t<meta property=\"og:image:type\" content=\"image\/png\" \/>\n<meta name=\"author\" content=\"Recoletas Red Hospitalaria\" \/>\n<meta name=\"twitter:card\" content=\"summary_large_image\" \/>\n<meta name=\"twitter:creator\" content=\"@GrupoRecoletas\" \/>\n<meta name=\"twitter:site\" content=\"@GrupoRecoletas\" \/>\n<meta name=\"twitter:label1\" content=\"Escrito por\" \/>\n\t<meta name=\"twitter:data1\" content=\"Recoletas Red Hospitalaria\" \/>\n\t<meta name=\"twitter:label2\" content=\"Tiempo de lectura\" \/>\n\t<meta name=\"twitter:data2\" content=\"5 minutos\" \/>\n<script type=\"application\/ld+json\" class=\"yoast-schema-graph\">{\"@context\":\"https:\\\/\\\/schema.org\",\"@graph\":[{\"@type\":\"Article\",\"@id\":\"https:\\\/\\\/www.gruporecoletas.com\\\/noticias\\\/virus-invernales-reaparecen\\\/#article\",\"isPartOf\":{\"@id\":\"https:\\\/\\\/www.gruporecoletas.com\\\/noticias\\\/virus-invernales-reaparecen\\\/\"},\"author\":{\"name\":\"Recoletas Red Hospitalaria\",\"@id\":\"https:\\\/\\\/www.gruporecoletas.com\\\/noticias\\\/#\\\/schema\\\/person\\\/3c6ac429828d1f5e3d3bd99f4da9b02c\"},\"headline\":\"Los virus invernales reaparecen en los m\u00e1s peque\u00f1os\",\"datePublished\":\"2021-12-22T16:20:01+00:00\",\"dateModified\":\"2021-12-22T16:20:02+00:00\",\"mainEntityOfPage\":{\"@id\":\"https:\\\/\\\/www.gruporecoletas.com\\\/noticias\\\/virus-invernales-reaparecen\\\/\"},\"wordCount\":1017,\"image\":{\"@id\":\"https:\\\/\\\/www.gruporecoletas.com\\\/noticias\\\/virus-invernales-reaparecen\\\/#primaryimage\"},\"thumbnailUrl\":\"https:\\\/\\\/www.gruporecoletas.com\\\/noticias\\\/wp-content\\\/uploads\\\/2021\\\/12\\\/patologias-invernales-web.png\",\"keywords\":[\"invierno\",\"Pediatr\u00eda\",\"virus\"],\"articleSection\":[\"Pediatr\u00eda\",\"Publicaciones\"],\"inLanguage\":\"es\"},{\"@type\":\"WebPage\",\"@id\":\"https:\\\/\\\/www.gruporecoletas.com\\\/noticias\\\/virus-invernales-reaparecen\\\/\",\"url\":\"https:\\\/\\\/www.gruporecoletas.com\\\/noticias\\\/virus-invernales-reaparecen\\\/\",\"name\":\"Los virus invernales reaparecen en los m\u00e1s peque\u00f1os - Noticias Grupo Recoletas\",\"isPartOf\":{\"@id\":\"https:\\\/\\\/www.gruporecoletas.com\\\/noticias\\\/#website\"},\"primaryImageOfPage\":{\"@id\":\"https:\\\/\\\/www.gruporecoletas.com\\\/noticias\\\/virus-invernales-reaparecen\\\/#primaryimage\"},\"image\":{\"@id\":\"https:\\\/\\\/www.gruporecoletas.com\\\/noticias\\\/virus-invernales-reaparecen\\\/#primaryimage\"},\"thumbnailUrl\":\"https:\\\/\\\/www.gruporecoletas.com\\\/noticias\\\/wp-content\\\/uploads\\\/2021\\\/12\\\/patologias-invernales-web.png\",\"datePublished\":\"2021-12-22T16:20:01+00:00\",\"dateModified\":\"2021-12-22T16:20:02+00:00\",\"author\":{\"@id\":\"https:\\\/\\\/www.gruporecoletas.com\\\/noticias\\\/#\\\/schema\\\/person\\\/3c6ac429828d1f5e3d3bd99f4da9b02c\"},\"description\":\"En las \u00faltimas semanas se ha detectado de forma habitual la presencia de rinovirus, adenovirus, bocavirus \u00a0o virus respiratorio sincitial entre otros.\",\"breadcrumb\":{\"@id\":\"https:\\\/\\\/www.gruporecoletas.com\\\/noticias\\\/virus-invernales-reaparecen\\\/#breadcrumb\"},\"inLanguage\":\"es\",\"potentialAction\":[{\"@type\":\"ReadAction\",\"target\":[\"https:\\\/\\\/www.gruporecoletas.com\\\/noticias\\\/virus-invernales-reaparecen\\\/\"]}]},{\"@type\":\"ImageObject\",\"inLanguage\":\"es\",\"@id\":\"https:\\\/\\\/www.gruporecoletas.com\\\/noticias\\\/virus-invernales-reaparecen\\\/#primaryimage\",\"url\":\"https:\\\/\\\/www.gruporecoletas.com\\\/noticias\\\/wp-content\\\/uploads\\\/2021\\\/12\\\/patologias-invernales-web.png\",\"contentUrl\":\"https:\\\/\\\/www.gruporecoletas.com\\\/noticias\\\/wp-content\\\/uploads\\\/2021\\\/12\\\/patologias-invernales-web.png\",\"width\":1366,\"height\":768,\"caption\":\"En las \u00faltimas semanas se ha detectado de forma habitual la presencia de rinovirus, adenovirus, bocavirus \u00a0o virus respiratorio sincitial entre otros.\"},{\"@type\":\"BreadcrumbList\",\"@id\":\"https:\\\/\\\/www.gruporecoletas.com\\\/noticias\\\/virus-invernales-reaparecen\\\/#breadcrumb\",\"itemListElement\":[{\"@type\":\"ListItem\",\"position\":1,\"name\":\"Portada\",\"item\":\"https:\\\/\\\/www.gruporecoletas.com\\\/noticias\\\/\"},{\"@type\":\"ListItem\",\"position\":2,\"name\":\"Los virus invernales reaparecen en los m\u00e1s peque\u00f1os\"}]},{\"@type\":\"WebSite\",\"@id\":\"https:\\\/\\\/www.gruporecoletas.com\\\/noticias\\\/#website\",\"url\":\"https:\\\/\\\/www.gruporecoletas.com\\\/noticias\\\/\",\"name\":\"Noticias Grupo Recoletas\",\"description\":\"Grupo Recoletas\",\"potentialAction\":[{\"@type\":\"SearchAction\",\"target\":{\"@type\":\"EntryPoint\",\"urlTemplate\":\"https:\\\/\\\/www.gruporecoletas.com\\\/noticias\\\/?s={search_term_string}\"},\"query-input\":{\"@type\":\"PropertyValueSpecification\",\"valueRequired\":true,\"valueName\":\"search_term_string\"}}],\"inLanguage\":\"es\"},{\"@type\":\"Person\",\"@id\":\"https:\\\/\\\/www.gruporecoletas.com\\\/noticias\\\/#\\\/schema\\\/person\\\/3c6ac429828d1f5e3d3bd99f4da9b02c\",\"name\":\"Recoletas Red Hospitalaria\",\"url\":\"https:\\\/\\\/www.gruporecoletas.com\\\/noticias\\\/author\\\/comunicacion\\\/\"}]}<\/script>\n<!-- \/ Yoast SEO Premium plugin. -->","yoast_head_json":{"title":"Los virus invernales reaparecen en los m\u00e1s peque\u00f1os - Noticias Grupo Recoletas","description":"En las \u00faltimas semanas se ha detectado de forma habitual la presencia de rinovirus, adenovirus, bocavirus \u00a0o virus respiratorio sincitial entre otros.","robots":{"index":"index","follow":"follow","max-snippet":"max-snippet:-1","max-image-preview":"max-image-preview:large","max-video-preview":"max-video-preview:-1"},"canonical":"https:\/\/www.gruporecoletas.com\/noticias\/virus-invernales-reaparecen\/","og_locale":"es_ES","og_type":"article","og_title":"Los virus invernales reaparecen en los m\u00e1s peque\u00f1os","og_description":"En las \u00faltimas semanas se ha detectado de forma habitual la presencia de rinovirus, adenovirus, bocavirus \u00a0o virus respiratorio sincitial entre otros.","og_url":"https:\/\/www.gruporecoletas.com\/noticias\/virus-invernales-reaparecen\/","og_site_name":"Noticias Grupo Recoletas","article_publisher":"https:\/\/www.facebook.com\/GrupoRecoletas\/","article_published_time":"2021-12-22T16:20:01+00:00","article_modified_time":"2021-12-22T16:20:02+00:00","og_image":[{"width":1366,"height":768,"url":"https:\/\/www.gruporecoletas.com\/noticias\/wp-content\/uploads\/2021\/12\/patologias-invernales-web.png","type":"image\/png"}],"author":"Recoletas Red Hospitalaria","twitter_card":"summary_large_image","twitter_creator":"@GrupoRecoletas","twitter_site":"@GrupoRecoletas","twitter_misc":{"Escrito por":"Recoletas Red Hospitalaria","Tiempo de lectura":"5 minutos"},"schema":{"@context":"https:\/\/schema.org","@graph":[{"@type":"Article","@id":"https:\/\/www.gruporecoletas.com\/noticias\/virus-invernales-reaparecen\/#article","isPartOf":{"@id":"https:\/\/www.gruporecoletas.com\/noticias\/virus-invernales-reaparecen\/"},"author":{"name":"Recoletas Red Hospitalaria","@id":"https:\/\/www.gruporecoletas.com\/noticias\/#\/schema\/person\/3c6ac429828d1f5e3d3bd99f4da9b02c"},"headline":"Los virus invernales reaparecen en los m\u00e1s peque\u00f1os","datePublished":"2021-12-22T16:20:01+00:00","dateModified":"2021-12-22T16:20:02+00:00","mainEntityOfPage":{"@id":"https:\/\/www.gruporecoletas.com\/noticias\/virus-invernales-reaparecen\/"},"wordCount":1017,"image":{"@id":"https:\/\/www.gruporecoletas.com\/noticias\/virus-invernales-reaparecen\/#primaryimage"},"thumbnailUrl":"https:\/\/www.gruporecoletas.com\/noticias\/wp-content\/uploads\/2021\/12\/patologias-invernales-web.png","keywords":["invierno","Pediatr\u00eda","virus"],"articleSection":["Pediatr\u00eda","Publicaciones"],"inLanguage":"es"},{"@type":"WebPage","@id":"https:\/\/www.gruporecoletas.com\/noticias\/virus-invernales-reaparecen\/","url":"https:\/\/www.gruporecoletas.com\/noticias\/virus-invernales-reaparecen\/","name":"Los virus invernales reaparecen en los m\u00e1s peque\u00f1os - Noticias Grupo Recoletas","isPartOf":{"@id":"https:\/\/www.gruporecoletas.com\/noticias\/#website"},"primaryImageOfPage":{"@id":"https:\/\/www.gruporecoletas.com\/noticias\/virus-invernales-reaparecen\/#primaryimage"},"image":{"@id":"https:\/\/www.gruporecoletas.com\/noticias\/virus-invernales-reaparecen\/#primaryimage"},"thumbnailUrl":"https:\/\/www.gruporecoletas.com\/noticias\/wp-content\/uploads\/2021\/12\/patologias-invernales-web.png","datePublished":"2021-12-22T16:20:01+00:00","dateModified":"2021-12-22T16:20:02+00:00","author":{"@id":"https:\/\/www.gruporecoletas.com\/noticias\/#\/schema\/person\/3c6ac429828d1f5e3d3bd99f4da9b02c"},"description":"En las \u00faltimas semanas se ha detectado de forma habitual la presencia de rinovirus, adenovirus, bocavirus \u00a0o virus respiratorio sincitial entre otros.","breadcrumb":{"@id":"https:\/\/www.gruporecoletas.com\/noticias\/virus-invernales-reaparecen\/#breadcrumb"},"inLanguage":"es","potentialAction":[{"@type":"ReadAction","target":["https:\/\/www.gruporecoletas.com\/noticias\/virus-invernales-reaparecen\/"]}]},{"@type":"ImageObject","inLanguage":"es","@id":"https:\/\/www.gruporecoletas.com\/noticias\/virus-invernales-reaparecen\/#primaryimage","url":"https:\/\/www.gruporecoletas.com\/noticias\/wp-content\/uploads\/2021\/12\/patologias-invernales-web.png","contentUrl":"https:\/\/www.gruporecoletas.com\/noticias\/wp-content\/uploads\/2021\/12\/patologias-invernales-web.png","width":1366,"height":768,"caption":"En las \u00faltimas semanas se ha detectado de forma habitual la presencia de rinovirus, adenovirus, bocavirus \u00a0o virus respiratorio sincitial entre otros."},{"@type":"BreadcrumbList","@id":"https:\/\/www.gruporecoletas.com\/noticias\/virus-invernales-reaparecen\/#breadcrumb","itemListElement":[{"@type":"ListItem","position":1,"name":"Portada","item":"https:\/\/www.gruporecoletas.com\/noticias\/"},{"@type":"ListItem","position":2,"name":"Los virus invernales reaparecen en los m\u00e1s peque\u00f1os"}]},{"@type":"WebSite","@id":"https:\/\/www.gruporecoletas.com\/noticias\/#website","url":"https:\/\/www.gruporecoletas.com\/noticias\/","name":"Noticias Grupo Recoletas","description":"Grupo Recoletas","potentialAction":[{"@type":"SearchAction","target":{"@type":"EntryPoint","urlTemplate":"https:\/\/www.gruporecoletas.com\/noticias\/?s={search_term_string}"},"query-input":{"@type":"PropertyValueSpecification","valueRequired":true,"valueName":"search_term_string"}}],"inLanguage":"es"},{"@type":"Person","@id":"https:\/\/www.gruporecoletas.com\/noticias\/#\/schema\/person\/3c6ac429828d1f5e3d3bd99f4da9b02c","name":"Recoletas Red Hospitalaria","url":"https:\/\/www.gruporecoletas.com\/noticias\/author\/comunicacion\/"}]}},"_links":{"self":[{"href":"https:\/\/www.gruporecoletas.com\/noticias\/wp-json\/wp\/v2\/posts\/15226","targetHints":{"allow":["GET"]}}],"collection":[{"href":"https:\/\/www.gruporecoletas.com\/noticias\/wp-json\/wp\/v2\/posts"}],"about":[{"href":"https:\/\/www.gruporecoletas.com\/noticias\/wp-json\/wp\/v2\/types\/post"}],"author":[{"embeddable":true,"href":"https:\/\/www.gruporecoletas.com\/noticias\/wp-json\/wp\/v2\/users\/2"}],"replies":[{"embeddable":true,"href":"https:\/\/www.gruporecoletas.com\/noticias\/wp-json\/wp\/v2\/comments?post=15226"}],"version-history":[{"count":1,"href":"https:\/\/www.gruporecoletas.com\/noticias\/wp-json\/wp\/v2\/posts\/15226\/revisions"}],"predecessor-version":[{"id":15228,"href":"https:\/\/www.gruporecoletas.com\/noticias\/wp-json\/wp\/v2\/posts\/15226\/revisions\/15228"}],"wp:featuredmedia":[{"embeddable":true,"href":"https:\/\/www.gruporecoletas.com\/noticias\/wp-json\/wp\/v2\/media\/15227"}],"wp:attachment":[{"href":"https:\/\/www.gruporecoletas.com\/noticias\/wp-json\/wp\/v2\/media?parent=15226"}],"wp:term":[{"taxonomy":"category","embeddable":true,"href":"https:\/\/www.gruporecoletas.com\/noticias\/wp-json\/wp\/v2\/categories?post=15226"},{"taxonomy":"post_tag","embeddable":true,"href":"https:\/\/www.gruporecoletas.com\/noticias\/wp-json\/wp\/v2\/tags?post=15226"}],"curies":[{"name":"wp","href":"https:\/\/api.w.org\/{rel}","templated":true}]}}