{"id":15245,"date":"2022-01-12T13:02:39","date_gmt":"2022-01-12T12:02:39","guid":{"rendered":"https:\/\/www.gruporecoletas.com\/noticias\/?p=15245"},"modified":"2022-01-12T13:02:41","modified_gmt":"2022-01-12T12:02:41","slug":"recoletas-cuenca-patrocinio-conquense","status":"publish","type":"post","link":"https:\/\/www.gruporecoletas.com\/noticias\/recoletas-cuenca-patrocinio-conquense\/","title":{"rendered":"Recoletas Cuenca renueva su patrocinio con la U.B. Conquense"},"content":{"rendered":"\n<p>El Hospital Recoletas Cuenca acaba de firmar un convenio de colaboraci\u00f3n con la Uni\u00f3n Balomp\u00e9dica Conquense para las temporadas 2021\/2022 y 2022\/2023. Con esta acci\u00f3n, el Hospital Recoletas Cuenca colabora un a\u00f1o m\u00e1s en la promoci\u00f3n del deporte local.<\/p>\n\n\n\n<p>Para el gerente del centro hospitalario de Cuenca, Javier Montero, el convenio es fruto de la apuesta de Recoletas Red Hospitalaria por la promoci\u00f3n del deporte local en todas aquellas ciudades en las que est\u00e1 presente.<\/p>\n\n\n\n<p>Una apuesta constante, a\u00f1adi\u00f3 Montero, ya que desde hace tres a\u00f1os el Hospital Recoletas Cuenca viene renovando esta colaboraci\u00f3n con el club con el que se ha establecido un importante v\u00ednculo de apoyo.<\/p>\n\n\n\n<blockquote class=\"wp-block-quote is-style-default is-layout-flow wp-block-quote-is-layout-flow\"><p><em>\u201cSabemos de la importancia que tiene el deporte para nuestra salud y sabemos tambi\u00e9n de la importancia que tiene para Cuenca contar con un club como el UB Conquense, con un equipo nacional en Tercera Divisi\u00f3n, tres equipos juveniles y una escuela deportiva con m\u00e1s de 400 ni\u00f1os\u201d<\/em>.<\/p><cite>Javier Montero<\/cite><\/blockquote>\n\n\n\n<p><\/p>\n","protected":false},"excerpt":{"rendered":"<p>El Hospital Recoletas Cuenca acaba de firmar un convenio de colaboraci\u00f3n con la Uni\u00f3n Balomp\u00e9dica Conquense para las temporadas 2021\/2022 y 2022\/2023. Con esta acci\u00f3n, el Hospital Recoletas Cuenca colabora un a\u00f1o m\u00e1s en la promoci\u00f3n del deporte local. Para el gerente del centro hospitalario de Cuenca, Javier Montero, el convenio es fruto de la [&hellip;]<\/p>\n","protected":false},"author":2,"featured_media":15246,"comment_status":"closed","ping_status":"closed","sticky":false,"template":"","format":"standard","meta":{"_acf_changed":false,"footnotes":""},"categories":[6,45],"tags":[1442,1349,1440],"class_list":["post-15245","post","type-post","status-publish","format-standard","has-post-thumbnail","hentry","category-cuenca","category-deporte","tag-deporte","tag-hospital-recoletas-cuenca","tag-patrocinios"],"acf":[],"yoast_head":"<!-- This site is optimized with the Yoast SEO Premium plugin v27.3 (Yoast SEO v27.3) - https:\/\/yoast.com\/product\/yoast-seo-premium-wordpress\/ -->\n<title>Recoletas Cuenca renueva su patrocinio con la U.B. Conquense - Noticias Grupo Recoletas<\/title>\n<meta name=\"description\" content=\"El Hospital Recoletas de Cuenca acaba de firmar un convenio de colaboraci\u00f3n con la Uni\u00f3n Balomp\u00e9dica Conquense para las temporadas 2021\/2022 y 2022\/2023.\" \/>\n<meta name=\"robots\" content=\"index, follow, max-snippet:-1, max-image-preview:large, max-video-preview:-1\" \/>\n<link rel=\"canonical\" href=\"https:\/\/www.gruporecoletas.com\/noticias\/recoletas-cuenca-patrocinio-conquense\/\" \/>\n<meta property=\"og:locale\" content=\"es_ES\" \/>\n<meta property=\"og:type\" content=\"article\" \/>\n<meta property=\"og:title\" content=\"Recoletas Cuenca renueva su patrocinio con la U.B. Conquense\" \/>\n<meta property=\"og:description\" content=\"El Hospital Recoletas de Cuenca acaba de firmar un convenio de colaboraci\u00f3n con la Uni\u00f3n Balomp\u00e9dica Conquense para las temporadas 2021\/2022 y 2022\/2023.\" \/>\n<meta property=\"og:url\" content=\"https:\/\/www.gruporecoletas.com\/noticias\/recoletas-cuenca-patrocinio-conquense\/\" \/>\n<meta property=\"og:site_name\" content=\"Noticias Grupo Recoletas\" \/>\n<meta property=\"article:publisher\" content=\"https:\/\/www.facebook.com\/GrupoRecoletas\/\" \/>\n<meta property=\"article:published_time\" content=\"2022-01-12T12:02:39+00:00\" \/>\n<meta property=\"article:modified_time\" content=\"2022-01-12T12:02:41+00:00\" \/>\n<meta property=\"og:image\" content=\"https:\/\/www.gruporecoletas.com\/noticias\/wp-content\/uploads\/2022\/01\/patrocinio-conquense-web.png\" \/>\n\t<meta property=\"og:image:width\" content=\"1366\" \/>\n\t<meta property=\"og:image:height\" content=\"768\" \/>\n\t<meta property=\"og:image:type\" content=\"image\/png\" \/>\n<meta name=\"author\" content=\"Recoletas Red Hospitalaria\" \/>\n<meta name=\"twitter:card\" content=\"summary_large_image\" \/>\n<meta name=\"twitter:creator\" content=\"@GrupoRecoletas\" \/>\n<meta name=\"twitter:site\" content=\"@GrupoRecoletas\" \/>\n<meta name=\"twitter:label1\" content=\"Escrito por\" \/>\n\t<meta name=\"twitter:data1\" content=\"Recoletas Red Hospitalaria\" \/>\n\t<meta name=\"twitter:label2\" content=\"Tiempo de lectura\" \/>\n\t<meta name=\"twitter:data2\" content=\"1 minuto\" \/>\n<script type=\"application\/ld+json\" class=\"yoast-schema-graph\">{\"@context\":\"https:\\\/\\\/schema.org\",\"@graph\":[{\"@type\":\"Article\",\"@id\":\"https:\\\/\\\/www.gruporecoletas.com\\\/noticias\\\/recoletas-cuenca-patrocinio-conquense\\\/#article\",\"isPartOf\":{\"@id\":\"https:\\\/\\\/www.gruporecoletas.com\\\/noticias\\\/recoletas-cuenca-patrocinio-conquense\\\/\"},\"author\":{\"name\":\"Recoletas Red Hospitalaria\",\"@id\":\"https:\\\/\\\/www.gruporecoletas.com\\\/noticias\\\/#\\\/schema\\\/person\\\/3c6ac429828d1f5e3d3bd99f4da9b02c\"},\"headline\":\"Recoletas Cuenca renueva su patrocinio con la U.B. Conquense\",\"datePublished\":\"2022-01-12T12:02:39+00:00\",\"dateModified\":\"2022-01-12T12:02:41+00:00\",\"mainEntityOfPage\":{\"@id\":\"https:\\\/\\\/www.gruporecoletas.com\\\/noticias\\\/recoletas-cuenca-patrocinio-conquense\\\/\"},\"wordCount\":181,\"image\":{\"@id\":\"https:\\\/\\\/www.gruporecoletas.com\\\/noticias\\\/recoletas-cuenca-patrocinio-conquense\\\/#primaryimage\"},\"thumbnailUrl\":\"https:\\\/\\\/www.gruporecoletas.com\\\/noticias\\\/wp-content\\\/uploads\\\/2022\\\/01\\\/patrocinio-conquense-web.png\",\"keywords\":[\"Deporte\",\"hospital recoletas cuenca\",\"Patrocinios\"],\"articleSection\":[\"Cuenca\",\"Deporte\"],\"inLanguage\":\"es\"},{\"@type\":\"WebPage\",\"@id\":\"https:\\\/\\\/www.gruporecoletas.com\\\/noticias\\\/recoletas-cuenca-patrocinio-conquense\\\/\",\"url\":\"https:\\\/\\\/www.gruporecoletas.com\\\/noticias\\\/recoletas-cuenca-patrocinio-conquense\\\/\",\"name\":\"Recoletas Cuenca renueva su patrocinio con la U.B. Conquense - Noticias Grupo Recoletas\",\"isPartOf\":{\"@id\":\"https:\\\/\\\/www.gruporecoletas.com\\\/noticias\\\/#website\"},\"primaryImageOfPage\":{\"@id\":\"https:\\\/\\\/www.gruporecoletas.com\\\/noticias\\\/recoletas-cuenca-patrocinio-conquense\\\/#primaryimage\"},\"image\":{\"@id\":\"https:\\\/\\\/www.gruporecoletas.com\\\/noticias\\\/recoletas-cuenca-patrocinio-conquense\\\/#primaryimage\"},\"thumbnailUrl\":\"https:\\\/\\\/www.gruporecoletas.com\\\/noticias\\\/wp-content\\\/uploads\\\/2022\\\/01\\\/patrocinio-conquense-web.png\",\"datePublished\":\"2022-01-12T12:02:39+00:00\",\"dateModified\":\"2022-01-12T12:02:41+00:00\",\"author\":{\"@id\":\"https:\\\/\\\/www.gruporecoletas.com\\\/noticias\\\/#\\\/schema\\\/person\\\/3c6ac429828d1f5e3d3bd99f4da9b02c\"},\"description\":\"El Hospital Recoletas de Cuenca acaba de firmar un convenio de colaboraci\u00f3n con la Uni\u00f3n Balomp\u00e9dica Conquense para las temporadas 2021\\\/2022 y 2022\\\/2023.\",\"breadcrumb\":{\"@id\":\"https:\\\/\\\/www.gruporecoletas.com\\\/noticias\\\/recoletas-cuenca-patrocinio-conquense\\\/#breadcrumb\"},\"inLanguage\":\"es\",\"potentialAction\":[{\"@type\":\"ReadAction\",\"target\":[\"https:\\\/\\\/www.gruporecoletas.com\\\/noticias\\\/recoletas-cuenca-patrocinio-conquense\\\/\"]}]},{\"@type\":\"ImageObject\",\"inLanguage\":\"es\",\"@id\":\"https:\\\/\\\/www.gruporecoletas.com\\\/noticias\\\/recoletas-cuenca-patrocinio-conquense\\\/#primaryimage\",\"url\":\"https:\\\/\\\/www.gruporecoletas.com\\\/noticias\\\/wp-content\\\/uploads\\\/2022\\\/01\\\/patrocinio-conquense-web.png\",\"contentUrl\":\"https:\\\/\\\/www.gruporecoletas.com\\\/noticias\\\/wp-content\\\/uploads\\\/2022\\\/01\\\/patrocinio-conquense-web.png\",\"width\":1366,\"height\":768,\"caption\":\"El Hospital Recoletas Cuenca acaba de firmar un convenio de colaboraci\u00f3n con la Uni\u00f3n Balomp\u00e9dica Conquense para las temporadas 2021\\\/2022 y 2022\\\/2023\"},{\"@type\":\"BreadcrumbList\",\"@id\":\"https:\\\/\\\/www.gruporecoletas.com\\\/noticias\\\/recoletas-cuenca-patrocinio-conquense\\\/#breadcrumb\",\"itemListElement\":[{\"@type\":\"ListItem\",\"position\":1,\"name\":\"Portada\",\"item\":\"https:\\\/\\\/www.gruporecoletas.com\\\/noticias\\\/\"},{\"@type\":\"ListItem\",\"position\":2,\"name\":\"Recoletas Cuenca renueva su patrocinio con la U.B. Conquense\"}]},{\"@type\":\"WebSite\",\"@id\":\"https:\\\/\\\/www.gruporecoletas.com\\\/noticias\\\/#website\",\"url\":\"https:\\\/\\\/www.gruporecoletas.com\\\/noticias\\\/\",\"name\":\"Noticias Grupo Recoletas\",\"description\":\"Grupo Recoletas\",\"potentialAction\":[{\"@type\":\"SearchAction\",\"target\":{\"@type\":\"EntryPoint\",\"urlTemplate\":\"https:\\\/\\\/www.gruporecoletas.com\\\/noticias\\\/?s={search_term_string}\"},\"query-input\":{\"@type\":\"PropertyValueSpecification\",\"valueRequired\":true,\"valueName\":\"search_term_string\"}}],\"inLanguage\":\"es\"},{\"@type\":\"Person\",\"@id\":\"https:\\\/\\\/www.gruporecoletas.com\\\/noticias\\\/#\\\/schema\\\/person\\\/3c6ac429828d1f5e3d3bd99f4da9b02c\",\"name\":\"Recoletas Red Hospitalaria\",\"url\":\"https:\\\/\\\/www.gruporecoletas.com\\\/noticias\\\/author\\\/comunicacion\\\/\"}]}<\/script>\n<!-- \/ Yoast SEO Premium plugin. -->","yoast_head_json":{"title":"Recoletas Cuenca renueva su patrocinio con la U.B. Conquense - Noticias Grupo Recoletas","description":"El Hospital Recoletas de Cuenca acaba de firmar un convenio de colaboraci\u00f3n con la Uni\u00f3n Balomp\u00e9dica Conquense para las temporadas 2021\/2022 y 2022\/2023.","robots":{"index":"index","follow":"follow","max-snippet":"max-snippet:-1","max-image-preview":"max-image-preview:large","max-video-preview":"max-video-preview:-1"},"canonical":"https:\/\/www.gruporecoletas.com\/noticias\/recoletas-cuenca-patrocinio-conquense\/","og_locale":"es_ES","og_type":"article","og_title":"Recoletas Cuenca renueva su patrocinio con la U.B. Conquense","og_description":"El Hospital Recoletas de Cuenca acaba de firmar un convenio de colaboraci\u00f3n con la Uni\u00f3n Balomp\u00e9dica Conquense para las temporadas 2021\/2022 y 2022\/2023.","og_url":"https:\/\/www.gruporecoletas.com\/noticias\/recoletas-cuenca-patrocinio-conquense\/","og_site_name":"Noticias Grupo Recoletas","article_publisher":"https:\/\/www.facebook.com\/GrupoRecoletas\/","article_published_time":"2022-01-12T12:02:39+00:00","article_modified_time":"2022-01-12T12:02:41+00:00","og_image":[{"width":1366,"height":768,"url":"https:\/\/www.gruporecoletas.com\/noticias\/wp-content\/uploads\/2022\/01\/patrocinio-conquense-web.png","type":"image\/png"}],"author":"Recoletas Red Hospitalaria","twitter_card":"summary_large_image","twitter_creator":"@GrupoRecoletas","twitter_site":"@GrupoRecoletas","twitter_misc":{"Escrito por":"Recoletas Red Hospitalaria","Tiempo de lectura":"1 minuto"},"schema":{"@context":"https:\/\/schema.org","@graph":[{"@type":"Article","@id":"https:\/\/www.gruporecoletas.com\/noticias\/recoletas-cuenca-patrocinio-conquense\/#article","isPartOf":{"@id":"https:\/\/www.gruporecoletas.com\/noticias\/recoletas-cuenca-patrocinio-conquense\/"},"author":{"name":"Recoletas Red Hospitalaria","@id":"https:\/\/www.gruporecoletas.com\/noticias\/#\/schema\/person\/3c6ac429828d1f5e3d3bd99f4da9b02c"},"headline":"Recoletas Cuenca renueva su patrocinio con la U.B. Conquense","datePublished":"2022-01-12T12:02:39+00:00","dateModified":"2022-01-12T12:02:41+00:00","mainEntityOfPage":{"@id":"https:\/\/www.gruporecoletas.com\/noticias\/recoletas-cuenca-patrocinio-conquense\/"},"wordCount":181,"image":{"@id":"https:\/\/www.gruporecoletas.com\/noticias\/recoletas-cuenca-patrocinio-conquense\/#primaryimage"},"thumbnailUrl":"https:\/\/www.gruporecoletas.com\/noticias\/wp-content\/uploads\/2022\/01\/patrocinio-conquense-web.png","keywords":["Deporte","hospital recoletas cuenca","Patrocinios"],"articleSection":["Cuenca","Deporte"],"inLanguage":"es"},{"@type":"WebPage","@id":"https:\/\/www.gruporecoletas.com\/noticias\/recoletas-cuenca-patrocinio-conquense\/","url":"https:\/\/www.gruporecoletas.com\/noticias\/recoletas-cuenca-patrocinio-conquense\/","name":"Recoletas Cuenca renueva su patrocinio con la U.B. Conquense - Noticias Grupo Recoletas","isPartOf":{"@id":"https:\/\/www.gruporecoletas.com\/noticias\/#website"},"primaryImageOfPage":{"@id":"https:\/\/www.gruporecoletas.com\/noticias\/recoletas-cuenca-patrocinio-conquense\/#primaryimage"},"image":{"@id":"https:\/\/www.gruporecoletas.com\/noticias\/recoletas-cuenca-patrocinio-conquense\/#primaryimage"},"thumbnailUrl":"https:\/\/www.gruporecoletas.com\/noticias\/wp-content\/uploads\/2022\/01\/patrocinio-conquense-web.png","datePublished":"2022-01-12T12:02:39+00:00","dateModified":"2022-01-12T12:02:41+00:00","author":{"@id":"https:\/\/www.gruporecoletas.com\/noticias\/#\/schema\/person\/3c6ac429828d1f5e3d3bd99f4da9b02c"},"description":"El Hospital Recoletas de Cuenca acaba de firmar un convenio de colaboraci\u00f3n con la Uni\u00f3n Balomp\u00e9dica Conquense para las temporadas 2021\/2022 y 2022\/2023.","breadcrumb":{"@id":"https:\/\/www.gruporecoletas.com\/noticias\/recoletas-cuenca-patrocinio-conquense\/#breadcrumb"},"inLanguage":"es","potentialAction":[{"@type":"ReadAction","target":["https:\/\/www.gruporecoletas.com\/noticias\/recoletas-cuenca-patrocinio-conquense\/"]}]},{"@type":"ImageObject","inLanguage":"es","@id":"https:\/\/www.gruporecoletas.com\/noticias\/recoletas-cuenca-patrocinio-conquense\/#primaryimage","url":"https:\/\/www.gruporecoletas.com\/noticias\/wp-content\/uploads\/2022\/01\/patrocinio-conquense-web.png","contentUrl":"https:\/\/www.gruporecoletas.com\/noticias\/wp-content\/uploads\/2022\/01\/patrocinio-conquense-web.png","width":1366,"height":768,"caption":"El Hospital Recoletas Cuenca acaba de firmar un convenio de colaboraci\u00f3n con la Uni\u00f3n Balomp\u00e9dica Conquense para las temporadas 2021\/2022 y 2022\/2023"},{"@type":"BreadcrumbList","@id":"https:\/\/www.gruporecoletas.com\/noticias\/recoletas-cuenca-patrocinio-conquense\/#breadcrumb","itemListElement":[{"@type":"ListItem","position":1,"name":"Portada","item":"https:\/\/www.gruporecoletas.com\/noticias\/"},{"@type":"ListItem","position":2,"name":"Recoletas Cuenca renueva su patrocinio con la U.B. Conquense"}]},{"@type":"WebSite","@id":"https:\/\/www.gruporecoletas.com\/noticias\/#website","url":"https:\/\/www.gruporecoletas.com\/noticias\/","name":"Noticias Grupo Recoletas","description":"Grupo Recoletas","potentialAction":[{"@type":"SearchAction","target":{"@type":"EntryPoint","urlTemplate":"https:\/\/www.gruporecoletas.com\/noticias\/?s={search_term_string}"},"query-input":{"@type":"PropertyValueSpecification","valueRequired":true,"valueName":"search_term_string"}}],"inLanguage":"es"},{"@type":"Person","@id":"https:\/\/www.gruporecoletas.com\/noticias\/#\/schema\/person\/3c6ac429828d1f5e3d3bd99f4da9b02c","name":"Recoletas Red Hospitalaria","url":"https:\/\/www.gruporecoletas.com\/noticias\/author\/comunicacion\/"}]}},"_links":{"self":[{"href":"https:\/\/www.gruporecoletas.com\/noticias\/wp-json\/wp\/v2\/posts\/15245","targetHints":{"allow":["GET"]}}],"collection":[{"href":"https:\/\/www.gruporecoletas.com\/noticias\/wp-json\/wp\/v2\/posts"}],"about":[{"href":"https:\/\/www.gruporecoletas.com\/noticias\/wp-json\/wp\/v2\/types\/post"}],"author":[{"embeddable":true,"href":"https:\/\/www.gruporecoletas.com\/noticias\/wp-json\/wp\/v2\/users\/2"}],"replies":[{"embeddable":true,"href":"https:\/\/www.gruporecoletas.com\/noticias\/wp-json\/wp\/v2\/comments?post=15245"}],"version-history":[{"count":1,"href":"https:\/\/www.gruporecoletas.com\/noticias\/wp-json\/wp\/v2\/posts\/15245\/revisions"}],"predecessor-version":[{"id":15247,"href":"https:\/\/www.gruporecoletas.com\/noticias\/wp-json\/wp\/v2\/posts\/15245\/revisions\/15247"}],"wp:featuredmedia":[{"embeddable":true,"href":"https:\/\/www.gruporecoletas.com\/noticias\/wp-json\/wp\/v2\/media\/15246"}],"wp:attachment":[{"href":"https:\/\/www.gruporecoletas.com\/noticias\/wp-json\/wp\/v2\/media?parent=15245"}],"wp:term":[{"taxonomy":"category","embeddable":true,"href":"https:\/\/www.gruporecoletas.com\/noticias\/wp-json\/wp\/v2\/categories?post=15245"},{"taxonomy":"post_tag","embeddable":true,"href":"https:\/\/www.gruporecoletas.com\/noticias\/wp-json\/wp\/v2\/tags?post=15245"}],"curies":[{"name":"wp","href":"https:\/\/api.w.org\/{rel}","templated":true}]}}