{"id":15320,"date":"2022-03-02T09:44:46","date_gmt":"2022-03-02T08:44:46","guid":{"rendered":"https:\/\/www.gruporecoletas.com\/noticias\/?p=15320"},"modified":"2022-04-12T11:16:05","modified_gmt":"2022-04-12T09:16:05","slug":"recoletas-pone-en-marcha-instituto-neuro-vertebral","status":"publish","type":"post","link":"https:\/\/www.gruporecoletas.com\/noticias\/recoletas-pone-en-marcha-instituto-neuro-vertebral\/","title":{"rendered":"Recoletas pone en marcha el nuevo Instituto Neuro Vertebral"},"content":{"rendered":"\n<p>Recoletas Red Hospitalaria pone en marcha el nuevo Instituto Neuro Vertebral que desarrollar\u00e1 servicios de Neurocirug\u00eda y Patolog\u00eda Vertebral en Burgos. Para ello, contar\u00e1 con un quir\u00f3fano polivalente de \u00faltima generaci\u00f3n. Una sala quir\u00fargica equipada con dispositivos avanzados de imagen que permiten realizar, en un mismo acto quir\u00fargico, procedimientos diagn\u00f3sticos y terap\u00e9uticos en tiempo real en cirug\u00eda de Alta Complejidad. &nbsp;<\/p>\n\n\n\n<p>Todo ello va a permitir una mayor precisi\u00f3n intraoperatoria, tratando la patolog\u00eda del paciente de forma precisa, menos invasiva, m\u00e1s segura y con menos riesgo, tanto en el abordaje de accesos complejos como puede ser en el cerebro o en la m\u00e9dula espinal y en la colocaci\u00f3n de implantes y cat\u00e9teres, realizando incisiones peque\u00f1as y precisas que eviten una reintervenci\u00f3n y riesgos de infecci\u00f3n. <\/p>\n\n\n\n<h2 class=\"wp-block-heading\">Equipo m\u00e9dico de primer nivel<\/h2>\n\n\n\n<p>El equipo contar\u00e1 con la presencia de neurocirujanos y traumat\u00f3logos de primer nivel especializados en el tratamiento de diferentes patolog\u00edas. Neurocirujanos especializados en toda patolog\u00eda, como el Dr. Antonio Rodr\u00edguez Salazar y Dr. Pedro Delgado L\u00f3pez; y traumat\u00f3logos especializados en Patolog\u00eda Vertebral y Deformidades, como el Dr. Vicente Garc\u00eda Gonz\u00e1lez. En Traumatolog\u00eda, el Dr. Antonio Rodr\u00edguez P\u00e9rez, que junto al servicio de Anestesia y Recuperaci\u00f3n, formar\u00e1 la Unidad del Dolor con los Dres. Avello Taboada y Guti\u00e9rrez Castanedo y Neurolog\u00eda con la Dra. Sandra Arnaiz Senderos y Dr. Pedro G\u00e1mez Beltr\u00e1n. Asimismo, en el Instituto Neuro Vertebral estar\u00e1n presentes especialidades como neurofisiolog\u00eda, rehabilitaci\u00f3n, oncolog\u00eda y diagn\u00f3stico por la imagen. <\/p>\n\n\n\n<p>Adem\u00e1s, se tiene previsto que las consultas de los diferentes especialistas que forman este Instituto Neuro Vertebral est\u00e9n situadas en la misma planta del hospital, de forma que la colaboraci\u00f3n en el trabajo sea la piedra angular que forme un excelente equipo de trabajo y una conexi\u00f3n directa entre ellos. Un \u00e1rea diferenciada dentro del hospital.<\/p>\n\n\n\n<p>Un equipo multidisciplinar que seguir\u00e1 creciendo y dar\u00e1 vida a un proyecto \u201cilusionante, con una calidad tecnol\u00f3gica y humana que nos permitir\u00e1 realizar una cirug\u00eda de precisi\u00f3n, reduciendo riesgos y acortando los tiempos de quir\u00fargicos\u201d.<\/p>\n\n\n\n<h2 class=\"wp-block-heading\">Un quir\u00f3fano dotado de alta tecnolog\u00eda<\/h2>\n\n\n\n<p>Por tanto, este quir\u00f3fano que puede convertirse en una sala multidisciplinar, donde podr\u00e1n trabajar distintas especialidades como Neurocirug\u00eda, Traumatolog\u00eda, Neurofisiolog\u00eda, Unidad del Dolor, Radiolog\u00eda Intervencionista, Otorrinolaringolog\u00eda, etc, contar\u00e1 con un esc\u00e1ner intraoperatorio; un navegador de \u00faltima generaci\u00f3n; magnificaci\u00f3n con microscopio con fluorescencia; motores de alta revoluci\u00f3n; aspirador ultras\u00f3nico y monitorizaci\u00f3n intraoperatoria.<\/p>\n\n\n\n<p>El Hospital Recoletas de Burgos ser\u00e1 el quinto Centro en Espa\u00f1a, en el \u00e1mbito de la sanidad privada, dotado con el Escaner Intraoperatorio LOOP-X y Neuronavegador Curve y ser\u00e1 el primero en Castilla y Le\u00f3n donde se podr\u00e1n realizar intervenciones quir\u00fargicas tanto de neurocirug\u00eda y como de patolog\u00eda vertebral.<\/p>\n\n\n\n<p>La obra del quir\u00f3fano ya ha finalizado y se est\u00e1 procediendo a la equipaci\u00f3n del mismo.<\/p>\n","protected":false},"excerpt":{"rendered":"<p>Recoletas Red Hospitalaria pone en marcha el nuevo Instituto Neuro Vertebral que desarrollar\u00e1 servicios de Neurocirug\u00eda y Patolog\u00eda Vertebral en Burgos. Para ello, contar\u00e1 con un quir\u00f3fano polivalente de \u00faltima generaci\u00f3n. Una sala quir\u00fargica equipada con dispositivos avanzados de imagen que permiten realizar, en un mismo acto quir\u00fargico, procedimientos diagn\u00f3sticos y terap\u00e9uticos en tiempo real [&hellip;]<\/p>\n","protected":false},"author":2,"featured_media":15321,"comment_status":"closed","ping_status":"closed","sticky":false,"template":"","format":"standard","meta":{"_acf_changed":false,"footnotes":""},"categories":[1,31,3241],"tags":[38,3242],"class_list":["post-15320","post","type-post","status-publish","format-standard","has-post-thumbnail","hentry","category-grupo-recoletas","category-hrbu","category-instituto-neuro-vertebral","tag-hospital-recoletas-burgos","tag-instituto-neuro-vertebral"],"acf":[],"yoast_head":"<!-- This site is optimized with the Yoast SEO Premium plugin v27.3 (Yoast SEO v27.3) - https:\/\/yoast.com\/product\/yoast-seo-premium-wordpress\/ -->\n<title>Recoletas pone en marcha el nuevo Instituto Neuro Vertebral - Noticias Grupo Recoletas<\/title>\n<meta name=\"description\" content=\"Recoletas Red Hospitalaria pone en marcha el nuevo Instituto Neuro Vertebral que desarrollar\u00e1 servicios de Neurocirug\u00eda y Patolog\u00eda Vertebral en Burgos\" \/>\n<meta name=\"robots\" content=\"index, follow, max-snippet:-1, max-image-preview:large, max-video-preview:-1\" \/>\n<link rel=\"canonical\" href=\"https:\/\/www.gruporecoletas.com\/noticias\/recoletas-pone-en-marcha-instituto-neuro-vertebral\/\" \/>\n<meta property=\"og:locale\" content=\"es_ES\" \/>\n<meta property=\"og:type\" content=\"article\" \/>\n<meta property=\"og:title\" content=\"Recoletas pone en marcha el nuevo Instituto Neuro Vertebral\" \/>\n<meta property=\"og:description\" content=\"Recoletas Red Hospitalaria pone en marcha el nuevo Instituto Neuro Vertebral que desarrollar\u00e1 servicios de Neurocirug\u00eda y Patolog\u00eda Vertebral en Burgos\" \/>\n<meta property=\"og:url\" content=\"https:\/\/www.gruporecoletas.com\/noticias\/recoletas-pone-en-marcha-instituto-neuro-vertebral\/\" \/>\n<meta property=\"og:site_name\" content=\"Noticias Grupo Recoletas\" \/>\n<meta property=\"article:publisher\" content=\"https:\/\/www.facebook.com\/GrupoRecoletas\/\" \/>\n<meta property=\"article:published_time\" content=\"2022-03-02T08:44:46+00:00\" \/>\n<meta property=\"article:modified_time\" content=\"2022-04-12T09:16:05+00:00\" \/>\n<meta property=\"og:image\" content=\"https:\/\/www.gruporecoletas.com\/noticias\/wp-content\/uploads\/2022\/03\/instituto-neuro-vertebral-burgos.png\" \/>\n\t<meta property=\"og:image:width\" content=\"1366\" \/>\n\t<meta property=\"og:image:height\" content=\"768\" \/>\n\t<meta property=\"og:image:type\" content=\"image\/png\" \/>\n<meta name=\"author\" content=\"Recoletas Red Hospitalaria\" \/>\n<meta name=\"twitter:card\" content=\"summary_large_image\" \/>\n<meta name=\"twitter:creator\" content=\"@GrupoRecoletas\" \/>\n<meta name=\"twitter:site\" content=\"@GrupoRecoletas\" \/>\n<meta name=\"twitter:label1\" content=\"Escrito por\" \/>\n\t<meta name=\"twitter:data1\" content=\"Recoletas Red Hospitalaria\" \/>\n\t<meta name=\"twitter:label2\" content=\"Tiempo de lectura\" \/>\n\t<meta name=\"twitter:data2\" content=\"3 minutos\" \/>\n<script type=\"application\/ld+json\" class=\"yoast-schema-graph\">{\"@context\":\"https:\\\/\\\/schema.org\",\"@graph\":[{\"@type\":\"Article\",\"@id\":\"https:\\\/\\\/www.gruporecoletas.com\\\/noticias\\\/recoletas-pone-en-marcha-instituto-neuro-vertebral\\\/#article\",\"isPartOf\":{\"@id\":\"https:\\\/\\\/www.gruporecoletas.com\\\/noticias\\\/recoletas-pone-en-marcha-instituto-neuro-vertebral\\\/\"},\"author\":{\"name\":\"Recoletas Red Hospitalaria\",\"@id\":\"https:\\\/\\\/www.gruporecoletas.com\\\/noticias\\\/#\\\/schema\\\/person\\\/3c6ac429828d1f5e3d3bd99f4da9b02c\"},\"headline\":\"Recoletas pone en marcha el nuevo Instituto Neuro Vertebral\",\"datePublished\":\"2022-03-02T08:44:46+00:00\",\"dateModified\":\"2022-04-12T09:16:05+00:00\",\"mainEntityOfPage\":{\"@id\":\"https:\\\/\\\/www.gruporecoletas.com\\\/noticias\\\/recoletas-pone-en-marcha-instituto-neuro-vertebral\\\/\"},\"wordCount\":533,\"image\":{\"@id\":\"https:\\\/\\\/www.gruporecoletas.com\\\/noticias\\\/recoletas-pone-en-marcha-instituto-neuro-vertebral\\\/#primaryimage\"},\"thumbnailUrl\":\"https:\\\/\\\/www.gruporecoletas.com\\\/noticias\\\/wp-content\\\/uploads\\\/2022\\\/03\\\/instituto-neuro-vertebral-burgos.png\",\"keywords\":[\"Hospital Recoletas Burgos\",\"Instituto Neuro Vertebral\"],\"articleSection\":[\"Grupo Recoletas\",\"HRBU\",\"Instituto Neuro Vertebral\"],\"inLanguage\":\"es\"},{\"@type\":\"WebPage\",\"@id\":\"https:\\\/\\\/www.gruporecoletas.com\\\/noticias\\\/recoletas-pone-en-marcha-instituto-neuro-vertebral\\\/\",\"url\":\"https:\\\/\\\/www.gruporecoletas.com\\\/noticias\\\/recoletas-pone-en-marcha-instituto-neuro-vertebral\\\/\",\"name\":\"Recoletas pone en marcha el nuevo Instituto Neuro Vertebral - Noticias Grupo Recoletas\",\"isPartOf\":{\"@id\":\"https:\\\/\\\/www.gruporecoletas.com\\\/noticias\\\/#website\"},\"primaryImageOfPage\":{\"@id\":\"https:\\\/\\\/www.gruporecoletas.com\\\/noticias\\\/recoletas-pone-en-marcha-instituto-neuro-vertebral\\\/#primaryimage\"},\"image\":{\"@id\":\"https:\\\/\\\/www.gruporecoletas.com\\\/noticias\\\/recoletas-pone-en-marcha-instituto-neuro-vertebral\\\/#primaryimage\"},\"thumbnailUrl\":\"https:\\\/\\\/www.gruporecoletas.com\\\/noticias\\\/wp-content\\\/uploads\\\/2022\\\/03\\\/instituto-neuro-vertebral-burgos.png\",\"datePublished\":\"2022-03-02T08:44:46+00:00\",\"dateModified\":\"2022-04-12T09:16:05+00:00\",\"author\":{\"@id\":\"https:\\\/\\\/www.gruporecoletas.com\\\/noticias\\\/#\\\/schema\\\/person\\\/3c6ac429828d1f5e3d3bd99f4da9b02c\"},\"description\":\"Recoletas Red Hospitalaria pone en marcha el nuevo Instituto Neuro Vertebral que desarrollar\u00e1 servicios de Neurocirug\u00eda y Patolog\u00eda Vertebral en Burgos\",\"breadcrumb\":{\"@id\":\"https:\\\/\\\/www.gruporecoletas.com\\\/noticias\\\/recoletas-pone-en-marcha-instituto-neuro-vertebral\\\/#breadcrumb\"},\"inLanguage\":\"es\",\"potentialAction\":[{\"@type\":\"ReadAction\",\"target\":[\"https:\\\/\\\/www.gruporecoletas.com\\\/noticias\\\/recoletas-pone-en-marcha-instituto-neuro-vertebral\\\/\"]}]},{\"@type\":\"ImageObject\",\"inLanguage\":\"es\",\"@id\":\"https:\\\/\\\/www.gruporecoletas.com\\\/noticias\\\/recoletas-pone-en-marcha-instituto-neuro-vertebral\\\/#primaryimage\",\"url\":\"https:\\\/\\\/www.gruporecoletas.com\\\/noticias\\\/wp-content\\\/uploads\\\/2022\\\/03\\\/instituto-neuro-vertebral-burgos.png\",\"contentUrl\":\"https:\\\/\\\/www.gruporecoletas.com\\\/noticias\\\/wp-content\\\/uploads\\\/2022\\\/03\\\/instituto-neuro-vertebral-burgos.png\",\"width\":1366,\"height\":768},{\"@type\":\"BreadcrumbList\",\"@id\":\"https:\\\/\\\/www.gruporecoletas.com\\\/noticias\\\/recoletas-pone-en-marcha-instituto-neuro-vertebral\\\/#breadcrumb\",\"itemListElement\":[{\"@type\":\"ListItem\",\"position\":1,\"name\":\"Portada\",\"item\":\"https:\\\/\\\/www.gruporecoletas.com\\\/noticias\\\/\"},{\"@type\":\"ListItem\",\"position\":2,\"name\":\"Recoletas pone en marcha el nuevo Instituto Neuro Vertebral\"}]},{\"@type\":\"WebSite\",\"@id\":\"https:\\\/\\\/www.gruporecoletas.com\\\/noticias\\\/#website\",\"url\":\"https:\\\/\\\/www.gruporecoletas.com\\\/noticias\\\/\",\"name\":\"Noticias Grupo Recoletas\",\"description\":\"Grupo Recoletas\",\"potentialAction\":[{\"@type\":\"SearchAction\",\"target\":{\"@type\":\"EntryPoint\",\"urlTemplate\":\"https:\\\/\\\/www.gruporecoletas.com\\\/noticias\\\/?s={search_term_string}\"},\"query-input\":{\"@type\":\"PropertyValueSpecification\",\"valueRequired\":true,\"valueName\":\"search_term_string\"}}],\"inLanguage\":\"es\"},{\"@type\":\"Person\",\"@id\":\"https:\\\/\\\/www.gruporecoletas.com\\\/noticias\\\/#\\\/schema\\\/person\\\/3c6ac429828d1f5e3d3bd99f4da9b02c\",\"name\":\"Recoletas Red Hospitalaria\",\"url\":\"https:\\\/\\\/www.gruporecoletas.com\\\/noticias\\\/author\\\/comunicacion\\\/\"}]}<\/script>\n<!-- \/ Yoast SEO Premium plugin. -->","yoast_head_json":{"title":"Recoletas pone en marcha el nuevo Instituto Neuro Vertebral - Noticias Grupo Recoletas","description":"Recoletas Red Hospitalaria pone en marcha el nuevo Instituto Neuro Vertebral que desarrollar\u00e1 servicios de Neurocirug\u00eda y Patolog\u00eda Vertebral en Burgos","robots":{"index":"index","follow":"follow","max-snippet":"max-snippet:-1","max-image-preview":"max-image-preview:large","max-video-preview":"max-video-preview:-1"},"canonical":"https:\/\/www.gruporecoletas.com\/noticias\/recoletas-pone-en-marcha-instituto-neuro-vertebral\/","og_locale":"es_ES","og_type":"article","og_title":"Recoletas pone en marcha el nuevo Instituto Neuro Vertebral","og_description":"Recoletas Red Hospitalaria pone en marcha el nuevo Instituto Neuro Vertebral que desarrollar\u00e1 servicios de Neurocirug\u00eda y Patolog\u00eda Vertebral en Burgos","og_url":"https:\/\/www.gruporecoletas.com\/noticias\/recoletas-pone-en-marcha-instituto-neuro-vertebral\/","og_site_name":"Noticias Grupo Recoletas","article_publisher":"https:\/\/www.facebook.com\/GrupoRecoletas\/","article_published_time":"2022-03-02T08:44:46+00:00","article_modified_time":"2022-04-12T09:16:05+00:00","og_image":[{"width":1366,"height":768,"url":"https:\/\/www.gruporecoletas.com\/noticias\/wp-content\/uploads\/2022\/03\/instituto-neuro-vertebral-burgos.png","type":"image\/png"}],"author":"Recoletas Red Hospitalaria","twitter_card":"summary_large_image","twitter_creator":"@GrupoRecoletas","twitter_site":"@GrupoRecoletas","twitter_misc":{"Escrito por":"Recoletas Red Hospitalaria","Tiempo de lectura":"3 minutos"},"schema":{"@context":"https:\/\/schema.org","@graph":[{"@type":"Article","@id":"https:\/\/www.gruporecoletas.com\/noticias\/recoletas-pone-en-marcha-instituto-neuro-vertebral\/#article","isPartOf":{"@id":"https:\/\/www.gruporecoletas.com\/noticias\/recoletas-pone-en-marcha-instituto-neuro-vertebral\/"},"author":{"name":"Recoletas Red Hospitalaria","@id":"https:\/\/www.gruporecoletas.com\/noticias\/#\/schema\/person\/3c6ac429828d1f5e3d3bd99f4da9b02c"},"headline":"Recoletas pone en marcha el nuevo Instituto Neuro Vertebral","datePublished":"2022-03-02T08:44:46+00:00","dateModified":"2022-04-12T09:16:05+00:00","mainEntityOfPage":{"@id":"https:\/\/www.gruporecoletas.com\/noticias\/recoletas-pone-en-marcha-instituto-neuro-vertebral\/"},"wordCount":533,"image":{"@id":"https:\/\/www.gruporecoletas.com\/noticias\/recoletas-pone-en-marcha-instituto-neuro-vertebral\/#primaryimage"},"thumbnailUrl":"https:\/\/www.gruporecoletas.com\/noticias\/wp-content\/uploads\/2022\/03\/instituto-neuro-vertebral-burgos.png","keywords":["Hospital Recoletas Burgos","Instituto Neuro Vertebral"],"articleSection":["Grupo Recoletas","HRBU","Instituto Neuro Vertebral"],"inLanguage":"es"},{"@type":"WebPage","@id":"https:\/\/www.gruporecoletas.com\/noticias\/recoletas-pone-en-marcha-instituto-neuro-vertebral\/","url":"https:\/\/www.gruporecoletas.com\/noticias\/recoletas-pone-en-marcha-instituto-neuro-vertebral\/","name":"Recoletas pone en marcha el nuevo Instituto Neuro Vertebral - Noticias Grupo Recoletas","isPartOf":{"@id":"https:\/\/www.gruporecoletas.com\/noticias\/#website"},"primaryImageOfPage":{"@id":"https:\/\/www.gruporecoletas.com\/noticias\/recoletas-pone-en-marcha-instituto-neuro-vertebral\/#primaryimage"},"image":{"@id":"https:\/\/www.gruporecoletas.com\/noticias\/recoletas-pone-en-marcha-instituto-neuro-vertebral\/#primaryimage"},"thumbnailUrl":"https:\/\/www.gruporecoletas.com\/noticias\/wp-content\/uploads\/2022\/03\/instituto-neuro-vertebral-burgos.png","datePublished":"2022-03-02T08:44:46+00:00","dateModified":"2022-04-12T09:16:05+00:00","author":{"@id":"https:\/\/www.gruporecoletas.com\/noticias\/#\/schema\/person\/3c6ac429828d1f5e3d3bd99f4da9b02c"},"description":"Recoletas Red Hospitalaria pone en marcha el nuevo Instituto Neuro Vertebral que desarrollar\u00e1 servicios de Neurocirug\u00eda y Patolog\u00eda Vertebral en Burgos","breadcrumb":{"@id":"https:\/\/www.gruporecoletas.com\/noticias\/recoletas-pone-en-marcha-instituto-neuro-vertebral\/#breadcrumb"},"inLanguage":"es","potentialAction":[{"@type":"ReadAction","target":["https:\/\/www.gruporecoletas.com\/noticias\/recoletas-pone-en-marcha-instituto-neuro-vertebral\/"]}]},{"@type":"ImageObject","inLanguage":"es","@id":"https:\/\/www.gruporecoletas.com\/noticias\/recoletas-pone-en-marcha-instituto-neuro-vertebral\/#primaryimage","url":"https:\/\/www.gruporecoletas.com\/noticias\/wp-content\/uploads\/2022\/03\/instituto-neuro-vertebral-burgos.png","contentUrl":"https:\/\/www.gruporecoletas.com\/noticias\/wp-content\/uploads\/2022\/03\/instituto-neuro-vertebral-burgos.png","width":1366,"height":768},{"@type":"BreadcrumbList","@id":"https:\/\/www.gruporecoletas.com\/noticias\/recoletas-pone-en-marcha-instituto-neuro-vertebral\/#breadcrumb","itemListElement":[{"@type":"ListItem","position":1,"name":"Portada","item":"https:\/\/www.gruporecoletas.com\/noticias\/"},{"@type":"ListItem","position":2,"name":"Recoletas pone en marcha el nuevo Instituto Neuro Vertebral"}]},{"@type":"WebSite","@id":"https:\/\/www.gruporecoletas.com\/noticias\/#website","url":"https:\/\/www.gruporecoletas.com\/noticias\/","name":"Noticias Grupo Recoletas","description":"Grupo Recoletas","potentialAction":[{"@type":"SearchAction","target":{"@type":"EntryPoint","urlTemplate":"https:\/\/www.gruporecoletas.com\/noticias\/?s={search_term_string}"},"query-input":{"@type":"PropertyValueSpecification","valueRequired":true,"valueName":"search_term_string"}}],"inLanguage":"es"},{"@type":"Person","@id":"https:\/\/www.gruporecoletas.com\/noticias\/#\/schema\/person\/3c6ac429828d1f5e3d3bd99f4da9b02c","name":"Recoletas Red Hospitalaria","url":"https:\/\/www.gruporecoletas.com\/noticias\/author\/comunicacion\/"}]}},"_links":{"self":[{"href":"https:\/\/www.gruporecoletas.com\/noticias\/wp-json\/wp\/v2\/posts\/15320","targetHints":{"allow":["GET"]}}],"collection":[{"href":"https:\/\/www.gruporecoletas.com\/noticias\/wp-json\/wp\/v2\/posts"}],"about":[{"href":"https:\/\/www.gruporecoletas.com\/noticias\/wp-json\/wp\/v2\/types\/post"}],"author":[{"embeddable":true,"href":"https:\/\/www.gruporecoletas.com\/noticias\/wp-json\/wp\/v2\/users\/2"}],"replies":[{"embeddable":true,"href":"https:\/\/www.gruporecoletas.com\/noticias\/wp-json\/wp\/v2\/comments?post=15320"}],"version-history":[{"count":4,"href":"https:\/\/www.gruporecoletas.com\/noticias\/wp-json\/wp\/v2\/posts\/15320\/revisions"}],"predecessor-version":[{"id":15394,"href":"https:\/\/www.gruporecoletas.com\/noticias\/wp-json\/wp\/v2\/posts\/15320\/revisions\/15394"}],"wp:featuredmedia":[{"embeddable":true,"href":"https:\/\/www.gruporecoletas.com\/noticias\/wp-json\/wp\/v2\/media\/15321"}],"wp:attachment":[{"href":"https:\/\/www.gruporecoletas.com\/noticias\/wp-json\/wp\/v2\/media?parent=15320"}],"wp:term":[{"taxonomy":"category","embeddable":true,"href":"https:\/\/www.gruporecoletas.com\/noticias\/wp-json\/wp\/v2\/categories?post=15320"},{"taxonomy":"post_tag","embeddable":true,"href":"https:\/\/www.gruporecoletas.com\/noticias\/wp-json\/wp\/v2\/tags?post=15320"}],"curies":[{"name":"wp","href":"https:\/\/api.w.org\/{rel}","templated":true}]}}