{"id":15326,"date":"2022-03-04T11:57:54","date_gmt":"2022-03-04T10:57:54","guid":{"rendered":"https:\/\/www.gruporecoletas.com\/noticias\/?p=15326"},"modified":"2022-03-04T11:57:56","modified_gmt":"2022-03-04T10:57:56","slug":"recoletas-participa-foro-obesidad-y-sobrepeso","status":"publish","type":"post","link":"https:\/\/www.gruporecoletas.com\/noticias\/recoletas-participa-foro-obesidad-y-sobrepeso\/","title":{"rendered":"Recoletas participa en un foro de an\u00e1lisis sobre obesidad y sobrepeso"},"content":{"rendered":"\n<p>Coincidiendo con la celebraci\u00f3n del D\u00eda Mundial de la Obesidad, el Foro Next Educaci\u00f3n, que dirige y modera el periodista Manuel Campo Vidal, ha abordado el problema de la obesidad y el sobrepeso en Espa\u00f1a en su \u00faltimo programa y, para ello, ha contado con la participaci\u00f3n de varios especialistas de Recoletas, en donde preocupados por los altos porcentajes de obesidad y sobrepeso que se registran cada a\u00f1o en Castilla y Le\u00f3n, recientemente han puesto en marcha en varios de sus hospitales unidades espec\u00edficas desde la que tratar estas enfermedades.<\/p>\n\n\n\n<p>En el transcurso del mismo, los ponentes han valorado la alarmante incidencia de la obesidad y el sobrepeso infantil en nuestra sociedad actual. Ahora mismo en Espa\u00f1a, cuatro de cada diez ni\u00f1os y ni\u00f1as tienen obesidad. \u00a0<\/p>\n\n\n\n<blockquote class=\"wp-block-quote is-layout-flow wp-block-quote-is-layout-flow\"><p>\u201c<em>Los datos empeoran cada a\u00f1o y convierten la obesidad y el sobrepeso infantil en factores de riesgo para otras enfermedades como la diabetes, la hipertensi\u00f3n, enfermedades cardiovasculares, algunos tipos de c\u00e1nceres y problemas de autoestima<\/em>.\u201d<\/p><cite>Dr. Fernando Centeno<\/cite><\/blockquote>\n\n\n\n<p>Para el Dr. Fernando Centeno, coordinador de pediatr\u00eda del Hospital Recoletas Campo Grande, el problema de la obesidad infantil se debe abordar de manera multidisciplinar e implicando siempre a las familias de los menores con el objetivo de tener en un futuro adultos sanos en una sociedad sana.<\/p>\n\n\n\n<p>En el caso de la poblaci\u00f3n adulta, la Dra. Pilar G\u00f3mez, m\u00e9dico de familia y coordinadora de la Unidad de Promoci\u00f3n de la Salud del Hospital Recoletas Campo Grande, insisti\u00f3 en la importancia de reconocer que la obesidad es una enfermedad cr\u00f3nica, que determina nuestra esperanza de vida, pero que se cura y es evitable mediante la recuperaci\u00f3n de h\u00e1bitos alimenticios saludables y la pr\u00e1ctica de ejercicio f\u00edsico, una recomendaci\u00f3n com\u00fan a la gente que vive en las ciudades y tambi\u00e9n en las zonas rurales porque seg\u00fan destac\u00f3 la doctora, \u00a0\u201c<em>la mecanizaci\u00f3n del trabajo en el campo, la dificultad de acceder a alimentos frescos, la carencia de centros deportivos\u2026 ha dado lugar a un incremento tambi\u00e9n de las tasas de obesidad y sobrepeso en nuestros pueblos.\u201d.\u00a0<\/em><\/p>\n\n\n\n<p>Adem\u00e1s, \u00a0la doctora insisti\u00f3 que en una de las consecuencias que se tiene poco en cuenta y a la que deber\u00eda ponerse remedio es que el exceso de peso dificulta el ejercicio\u00a0y la movilidad, lo que lleva a la persona que lo padece a una rueda de la que es dif\u00edcil salir.<\/p>\n\n\n\n<p>Para la nutricionista y coordinadora de la Unidad de Obesidad, Paula Crespo, una persona obesa es aquella que tiene un exceso de masa grasa que supera lo que deber\u00eda de tener conforme su sexo, edad y altura.&nbsp; En opini\u00f3n de la nutricionista, la obesidad es una enfermedad multifactorial, en la que no hay que olvidar el aspecto psicol\u00f3gico y la relaci\u00f3n de las personas con la comida y que exige actuaciones coordinadas y urgentes. <em>\u201cCualquier empresa, entidad, asociaci\u00f3n que pueda hacer algo efectivo para contener y prevenir esta enfermedad deber\u00eda hacerlo porque la situaci\u00f3n en Espa\u00f1a es alarmante\u201d, <\/em>se\u00f1al\u00f3.<\/p>\n\n\n\n<p>Por su parte, la gerente del hospital Recoletas Campo Grande, Bel\u00e9n Gallegos, se\u00f1al\u00f3 que la situaci\u00f3n de sobrepeso u obesidad es una cuesti\u00f3n que preocupa puesto que afecta a nuestro sistema de salud y a nuestra sociedad presente y futura.<\/p>\n\n\n\n<p>Gallegos a\u00f1adi\u00f3 que precisamente, para ofrecer un adecuado manejo de la enfermedad, se cuenta con una unidad dedicada a estos pacientes, donde se hace un abordaje multidisciplinar del mismo (psic\u00f3logos, nutricionistas, m\u00e9dicos de familia, endocrinos, cirujanos, digestivos, \u2026) &nbsp;y se ofrece un tratamiento adaptado a cada paciente ya sea m\u00e9dico, endosc\u00f3pico o quir\u00fargico, as\u00ed como un seguimiento del paciente con el objetivo siempre de alcanzar los resultados esperados.<\/p>\n\n\n\n<p>&nbsp;La gerente del hospital Recoletas Campo Grande concluy\u00f3 manifestando la importancia de fomentar unos h\u00e1bitos de vida saludables desde las propias familias, los colegios, el conjunto de las instituciones y la industria agroalimentaria.<\/p>\n\n\n\n<h2 class=\"wp-block-heading\">\u00bfQu\u00e9 es el Foro Next Educaci\u00f3n?<\/h2>\n\n\n\n<p>El&nbsp;Foro Next&nbsp;es un punto de encuentro informativo en el que participan distintas personalidades del mundo de la pol\u00edtica, de la tecnolog\u00eda y de la empresa para debatir sobre actualidad: la situaci\u00f3n pol\u00edtica, la educaci\u00f3n, la pol\u00edtica exterior, el big data, etc.<\/p>\n\n\n\n<p>Distinguidos ponentes como Josep Borrell, Jos\u00e9&nbsp;Mar\u00eda Aznar, Isaura Leal, Albert Rivera, Cristina Tard\u00e1guila, Leonel Fern\u00e1ndez, Clara Jim\u00e9nez, Enric Hern\u00e1ndez o Manuel Castells, han participado en este espacio informativo.&nbsp;<\/p>\n\n\n\n<p>Esta es la segunda ocasi\u00f3n en la que Recoletas es invitada a participar en este foro. Hace unos meses lo hizo para abordar el tema de la despoblaci\u00f3n en Castilla y Le\u00f3n.<\/p>\n\n\n\n<p><a href=\"https:\/\/www.gruporecoletas.com\/foro-next-obesidad-otra-pandemia\/\">\u00a1Disfruta del Foro completo! <\/a><\/p>\n","protected":false},"excerpt":{"rendered":"<p>Coincidiendo con la celebraci\u00f3n del D\u00eda Mundial de la Obesidad, el Foro Next Educaci\u00f3n, que dirige y modera el periodista Manuel Campo Vidal, ha abordado el problema de la obesidad y el sobrepeso en Espa\u00f1a en su \u00faltimo programa y, para ello, ha contado con la participaci\u00f3n de varios especialistas de Recoletas, en donde preocupados [&hellip;]<\/p>\n","protected":false},"author":2,"featured_media":15327,"comment_status":"closed","ping_status":"closed","sticky":false,"template":"","format":"standard","meta":{"_acf_changed":false,"footnotes":""},"categories":[1],"tags":[3243,1816],"class_list":["post-15326","post","type-post","status-publish","format-standard","has-post-thumbnail","hentry","category-grupo-recoletas","tag-foro-next-educacion","tag-obesidad"],"acf":[],"yoast_head":"<!-- This site is optimized with the Yoast SEO Premium plugin v27.3 (Yoast SEO v27.3) - https:\/\/yoast.com\/product\/yoast-seo-premium-wordpress\/ -->\n<title>Recoletas participa en un foro de an\u00e1lisis sobre obesidad y sobrepeso - Noticias Grupo Recoletas<\/title>\n<meta name=\"description\" content=\"Coincidiendo con el D\u00eda Mundial de la Obesidad, Recoletas participa en el Foro Next Educaci\u00f3n: &#039;Obesidad, la otra pandemia&#039;\" \/>\n<meta name=\"robots\" content=\"index, follow, max-snippet:-1, max-image-preview:large, max-video-preview:-1\" \/>\n<link rel=\"canonical\" href=\"https:\/\/www.gruporecoletas.com\/noticias\/recoletas-participa-foro-obesidad-y-sobrepeso\/\" \/>\n<meta property=\"og:locale\" content=\"es_ES\" \/>\n<meta property=\"og:type\" content=\"article\" \/>\n<meta property=\"og:title\" content=\"Recoletas participa en un foro de an\u00e1lisis sobre obesidad y sobrepeso\" \/>\n<meta property=\"og:description\" content=\"Coincidiendo con el D\u00eda Mundial de la Obesidad, Recoletas participa en el Foro Next Educaci\u00f3n: &#039;Obesidad, la otra pandemia&#039;\" \/>\n<meta property=\"og:url\" content=\"https:\/\/www.gruporecoletas.com\/noticias\/recoletas-participa-foro-obesidad-y-sobrepeso\/\" \/>\n<meta property=\"og:site_name\" content=\"Noticias Grupo Recoletas\" \/>\n<meta property=\"article:publisher\" content=\"https:\/\/www.facebook.com\/GrupoRecoletas\/\" \/>\n<meta property=\"article:published_time\" content=\"2022-03-04T10:57:54+00:00\" \/>\n<meta property=\"article:modified_time\" content=\"2022-03-04T10:57:56+00:00\" \/>\n<meta property=\"og:image\" content=\"https:\/\/www.gruporecoletas.com\/noticias\/wp-content\/uploads\/2022\/03\/Imagen-destacada-Blog.png\" \/>\n\t<meta property=\"og:image:width\" content=\"1366\" \/>\n\t<meta property=\"og:image:height\" content=\"768\" \/>\n\t<meta property=\"og:image:type\" content=\"image\/png\" \/>\n<meta name=\"author\" content=\"Recoletas Red Hospitalaria\" \/>\n<meta name=\"twitter:card\" content=\"summary_large_image\" \/>\n<meta name=\"twitter:creator\" content=\"@GrupoRecoletas\" \/>\n<meta name=\"twitter:site\" content=\"@GrupoRecoletas\" \/>\n<meta name=\"twitter:label1\" content=\"Escrito por\" \/>\n\t<meta name=\"twitter:data1\" content=\"Recoletas Red Hospitalaria\" \/>\n\t<meta name=\"twitter:label2\" content=\"Tiempo de lectura\" \/>\n\t<meta name=\"twitter:data2\" content=\"4 minutos\" \/>\n<script type=\"application\/ld+json\" class=\"yoast-schema-graph\">{\"@context\":\"https:\\\/\\\/schema.org\",\"@graph\":[{\"@type\":\"Article\",\"@id\":\"https:\\\/\\\/www.gruporecoletas.com\\\/noticias\\\/recoletas-participa-foro-obesidad-y-sobrepeso\\\/#article\",\"isPartOf\":{\"@id\":\"https:\\\/\\\/www.gruporecoletas.com\\\/noticias\\\/recoletas-participa-foro-obesidad-y-sobrepeso\\\/\"},\"author\":{\"name\":\"Recoletas Red Hospitalaria\",\"@id\":\"https:\\\/\\\/www.gruporecoletas.com\\\/noticias\\\/#\\\/schema\\\/person\\\/3c6ac429828d1f5e3d3bd99f4da9b02c\"},\"headline\":\"Recoletas participa en un foro de an\u00e1lisis sobre obesidad y sobrepeso\",\"datePublished\":\"2022-03-04T10:57:54+00:00\",\"dateModified\":\"2022-03-04T10:57:56+00:00\",\"mainEntityOfPage\":{\"@id\":\"https:\\\/\\\/www.gruporecoletas.com\\\/noticias\\\/recoletas-participa-foro-obesidad-y-sobrepeso\\\/\"},\"wordCount\":831,\"image\":{\"@id\":\"https:\\\/\\\/www.gruporecoletas.com\\\/noticias\\\/recoletas-participa-foro-obesidad-y-sobrepeso\\\/#primaryimage\"},\"thumbnailUrl\":\"https:\\\/\\\/www.gruporecoletas.com\\\/noticias\\\/wp-content\\\/uploads\\\/2022\\\/03\\\/Imagen-destacada-Blog.png\",\"keywords\":[\"Foro Next Educaci\u00f3n\",\"Obesidad\"],\"articleSection\":[\"Grupo Recoletas\"],\"inLanguage\":\"es\"},{\"@type\":\"WebPage\",\"@id\":\"https:\\\/\\\/www.gruporecoletas.com\\\/noticias\\\/recoletas-participa-foro-obesidad-y-sobrepeso\\\/\",\"url\":\"https:\\\/\\\/www.gruporecoletas.com\\\/noticias\\\/recoletas-participa-foro-obesidad-y-sobrepeso\\\/\",\"name\":\"Recoletas participa en un foro de an\u00e1lisis sobre obesidad y sobrepeso - Noticias Grupo Recoletas\",\"isPartOf\":{\"@id\":\"https:\\\/\\\/www.gruporecoletas.com\\\/noticias\\\/#website\"},\"primaryImageOfPage\":{\"@id\":\"https:\\\/\\\/www.gruporecoletas.com\\\/noticias\\\/recoletas-participa-foro-obesidad-y-sobrepeso\\\/#primaryimage\"},\"image\":{\"@id\":\"https:\\\/\\\/www.gruporecoletas.com\\\/noticias\\\/recoletas-participa-foro-obesidad-y-sobrepeso\\\/#primaryimage\"},\"thumbnailUrl\":\"https:\\\/\\\/www.gruporecoletas.com\\\/noticias\\\/wp-content\\\/uploads\\\/2022\\\/03\\\/Imagen-destacada-Blog.png\",\"datePublished\":\"2022-03-04T10:57:54+00:00\",\"dateModified\":\"2022-03-04T10:57:56+00:00\",\"author\":{\"@id\":\"https:\\\/\\\/www.gruporecoletas.com\\\/noticias\\\/#\\\/schema\\\/person\\\/3c6ac429828d1f5e3d3bd99f4da9b02c\"},\"description\":\"Coincidiendo con el D\u00eda Mundial de la Obesidad, Recoletas participa en el Foro Next Educaci\u00f3n: 'Obesidad, la otra pandemia'\",\"breadcrumb\":{\"@id\":\"https:\\\/\\\/www.gruporecoletas.com\\\/noticias\\\/recoletas-participa-foro-obesidad-y-sobrepeso\\\/#breadcrumb\"},\"inLanguage\":\"es\",\"potentialAction\":[{\"@type\":\"ReadAction\",\"target\":[\"https:\\\/\\\/www.gruporecoletas.com\\\/noticias\\\/recoletas-participa-foro-obesidad-y-sobrepeso\\\/\"]}]},{\"@type\":\"ImageObject\",\"inLanguage\":\"es\",\"@id\":\"https:\\\/\\\/www.gruporecoletas.com\\\/noticias\\\/recoletas-participa-foro-obesidad-y-sobrepeso\\\/#primaryimage\",\"url\":\"https:\\\/\\\/www.gruporecoletas.com\\\/noticias\\\/wp-content\\\/uploads\\\/2022\\\/03\\\/Imagen-destacada-Blog.png\",\"contentUrl\":\"https:\\\/\\\/www.gruporecoletas.com\\\/noticias\\\/wp-content\\\/uploads\\\/2022\\\/03\\\/Imagen-destacada-Blog.png\",\"width\":1366,\"height\":768,\"caption\":\"Coincidiendo con el D\u00eda Mundial de la Obesidad, Recoletas participa en el Foro Next Educaci\u00f3n: 'Obesidad, la otra pandemia'\"},{\"@type\":\"BreadcrumbList\",\"@id\":\"https:\\\/\\\/www.gruporecoletas.com\\\/noticias\\\/recoletas-participa-foro-obesidad-y-sobrepeso\\\/#breadcrumb\",\"itemListElement\":[{\"@type\":\"ListItem\",\"position\":1,\"name\":\"Portada\",\"item\":\"https:\\\/\\\/www.gruporecoletas.com\\\/noticias\\\/\"},{\"@type\":\"ListItem\",\"position\":2,\"name\":\"Recoletas participa en un foro de an\u00e1lisis sobre obesidad y sobrepeso\"}]},{\"@type\":\"WebSite\",\"@id\":\"https:\\\/\\\/www.gruporecoletas.com\\\/noticias\\\/#website\",\"url\":\"https:\\\/\\\/www.gruporecoletas.com\\\/noticias\\\/\",\"name\":\"Noticias Grupo Recoletas\",\"description\":\"Grupo Recoletas\",\"potentialAction\":[{\"@type\":\"SearchAction\",\"target\":{\"@type\":\"EntryPoint\",\"urlTemplate\":\"https:\\\/\\\/www.gruporecoletas.com\\\/noticias\\\/?s={search_term_string}\"},\"query-input\":{\"@type\":\"PropertyValueSpecification\",\"valueRequired\":true,\"valueName\":\"search_term_string\"}}],\"inLanguage\":\"es\"},{\"@type\":\"Person\",\"@id\":\"https:\\\/\\\/www.gruporecoletas.com\\\/noticias\\\/#\\\/schema\\\/person\\\/3c6ac429828d1f5e3d3bd99f4da9b02c\",\"name\":\"Recoletas Red Hospitalaria\",\"url\":\"https:\\\/\\\/www.gruporecoletas.com\\\/noticias\\\/author\\\/comunicacion\\\/\"}]}<\/script>\n<!-- \/ Yoast SEO Premium plugin. -->","yoast_head_json":{"title":"Recoletas participa en un foro de an\u00e1lisis sobre obesidad y sobrepeso - Noticias Grupo Recoletas","description":"Coincidiendo con el D\u00eda Mundial de la Obesidad, Recoletas participa en el Foro Next Educaci\u00f3n: 'Obesidad, la otra pandemia'","robots":{"index":"index","follow":"follow","max-snippet":"max-snippet:-1","max-image-preview":"max-image-preview:large","max-video-preview":"max-video-preview:-1"},"canonical":"https:\/\/www.gruporecoletas.com\/noticias\/recoletas-participa-foro-obesidad-y-sobrepeso\/","og_locale":"es_ES","og_type":"article","og_title":"Recoletas participa en un foro de an\u00e1lisis sobre obesidad y sobrepeso","og_description":"Coincidiendo con el D\u00eda Mundial de la Obesidad, Recoletas participa en el Foro Next Educaci\u00f3n: 'Obesidad, la otra pandemia'","og_url":"https:\/\/www.gruporecoletas.com\/noticias\/recoletas-participa-foro-obesidad-y-sobrepeso\/","og_site_name":"Noticias Grupo Recoletas","article_publisher":"https:\/\/www.facebook.com\/GrupoRecoletas\/","article_published_time":"2022-03-04T10:57:54+00:00","article_modified_time":"2022-03-04T10:57:56+00:00","og_image":[{"width":1366,"height":768,"url":"https:\/\/www.gruporecoletas.com\/noticias\/wp-content\/uploads\/2022\/03\/Imagen-destacada-Blog.png","type":"image\/png"}],"author":"Recoletas Red Hospitalaria","twitter_card":"summary_large_image","twitter_creator":"@GrupoRecoletas","twitter_site":"@GrupoRecoletas","twitter_misc":{"Escrito por":"Recoletas Red Hospitalaria","Tiempo de lectura":"4 minutos"},"schema":{"@context":"https:\/\/schema.org","@graph":[{"@type":"Article","@id":"https:\/\/www.gruporecoletas.com\/noticias\/recoletas-participa-foro-obesidad-y-sobrepeso\/#article","isPartOf":{"@id":"https:\/\/www.gruporecoletas.com\/noticias\/recoletas-participa-foro-obesidad-y-sobrepeso\/"},"author":{"name":"Recoletas Red Hospitalaria","@id":"https:\/\/www.gruporecoletas.com\/noticias\/#\/schema\/person\/3c6ac429828d1f5e3d3bd99f4da9b02c"},"headline":"Recoletas participa en un foro de an\u00e1lisis sobre obesidad y sobrepeso","datePublished":"2022-03-04T10:57:54+00:00","dateModified":"2022-03-04T10:57:56+00:00","mainEntityOfPage":{"@id":"https:\/\/www.gruporecoletas.com\/noticias\/recoletas-participa-foro-obesidad-y-sobrepeso\/"},"wordCount":831,"image":{"@id":"https:\/\/www.gruporecoletas.com\/noticias\/recoletas-participa-foro-obesidad-y-sobrepeso\/#primaryimage"},"thumbnailUrl":"https:\/\/www.gruporecoletas.com\/noticias\/wp-content\/uploads\/2022\/03\/Imagen-destacada-Blog.png","keywords":["Foro Next Educaci\u00f3n","Obesidad"],"articleSection":["Grupo Recoletas"],"inLanguage":"es"},{"@type":"WebPage","@id":"https:\/\/www.gruporecoletas.com\/noticias\/recoletas-participa-foro-obesidad-y-sobrepeso\/","url":"https:\/\/www.gruporecoletas.com\/noticias\/recoletas-participa-foro-obesidad-y-sobrepeso\/","name":"Recoletas participa en un foro de an\u00e1lisis sobre obesidad y sobrepeso - Noticias Grupo Recoletas","isPartOf":{"@id":"https:\/\/www.gruporecoletas.com\/noticias\/#website"},"primaryImageOfPage":{"@id":"https:\/\/www.gruporecoletas.com\/noticias\/recoletas-participa-foro-obesidad-y-sobrepeso\/#primaryimage"},"image":{"@id":"https:\/\/www.gruporecoletas.com\/noticias\/recoletas-participa-foro-obesidad-y-sobrepeso\/#primaryimage"},"thumbnailUrl":"https:\/\/www.gruporecoletas.com\/noticias\/wp-content\/uploads\/2022\/03\/Imagen-destacada-Blog.png","datePublished":"2022-03-04T10:57:54+00:00","dateModified":"2022-03-04T10:57:56+00:00","author":{"@id":"https:\/\/www.gruporecoletas.com\/noticias\/#\/schema\/person\/3c6ac429828d1f5e3d3bd99f4da9b02c"},"description":"Coincidiendo con el D\u00eda Mundial de la Obesidad, Recoletas participa en el Foro Next Educaci\u00f3n: 'Obesidad, la otra pandemia'","breadcrumb":{"@id":"https:\/\/www.gruporecoletas.com\/noticias\/recoletas-participa-foro-obesidad-y-sobrepeso\/#breadcrumb"},"inLanguage":"es","potentialAction":[{"@type":"ReadAction","target":["https:\/\/www.gruporecoletas.com\/noticias\/recoletas-participa-foro-obesidad-y-sobrepeso\/"]}]},{"@type":"ImageObject","inLanguage":"es","@id":"https:\/\/www.gruporecoletas.com\/noticias\/recoletas-participa-foro-obesidad-y-sobrepeso\/#primaryimage","url":"https:\/\/www.gruporecoletas.com\/noticias\/wp-content\/uploads\/2022\/03\/Imagen-destacada-Blog.png","contentUrl":"https:\/\/www.gruporecoletas.com\/noticias\/wp-content\/uploads\/2022\/03\/Imagen-destacada-Blog.png","width":1366,"height":768,"caption":"Coincidiendo con el D\u00eda Mundial de la Obesidad, Recoletas participa en el Foro Next Educaci\u00f3n: 'Obesidad, la otra pandemia'"},{"@type":"BreadcrumbList","@id":"https:\/\/www.gruporecoletas.com\/noticias\/recoletas-participa-foro-obesidad-y-sobrepeso\/#breadcrumb","itemListElement":[{"@type":"ListItem","position":1,"name":"Portada","item":"https:\/\/www.gruporecoletas.com\/noticias\/"},{"@type":"ListItem","position":2,"name":"Recoletas participa en un foro de an\u00e1lisis sobre obesidad y sobrepeso"}]},{"@type":"WebSite","@id":"https:\/\/www.gruporecoletas.com\/noticias\/#website","url":"https:\/\/www.gruporecoletas.com\/noticias\/","name":"Noticias Grupo Recoletas","description":"Grupo Recoletas","potentialAction":[{"@type":"SearchAction","target":{"@type":"EntryPoint","urlTemplate":"https:\/\/www.gruporecoletas.com\/noticias\/?s={search_term_string}"},"query-input":{"@type":"PropertyValueSpecification","valueRequired":true,"valueName":"search_term_string"}}],"inLanguage":"es"},{"@type":"Person","@id":"https:\/\/www.gruporecoletas.com\/noticias\/#\/schema\/person\/3c6ac429828d1f5e3d3bd99f4da9b02c","name":"Recoletas Red Hospitalaria","url":"https:\/\/www.gruporecoletas.com\/noticias\/author\/comunicacion\/"}]}},"_links":{"self":[{"href":"https:\/\/www.gruporecoletas.com\/noticias\/wp-json\/wp\/v2\/posts\/15326","targetHints":{"allow":["GET"]}}],"collection":[{"href":"https:\/\/www.gruporecoletas.com\/noticias\/wp-json\/wp\/v2\/posts"}],"about":[{"href":"https:\/\/www.gruporecoletas.com\/noticias\/wp-json\/wp\/v2\/types\/post"}],"author":[{"embeddable":true,"href":"https:\/\/www.gruporecoletas.com\/noticias\/wp-json\/wp\/v2\/users\/2"}],"replies":[{"embeddable":true,"href":"https:\/\/www.gruporecoletas.com\/noticias\/wp-json\/wp\/v2\/comments?post=15326"}],"version-history":[{"count":1,"href":"https:\/\/www.gruporecoletas.com\/noticias\/wp-json\/wp\/v2\/posts\/15326\/revisions"}],"predecessor-version":[{"id":15328,"href":"https:\/\/www.gruporecoletas.com\/noticias\/wp-json\/wp\/v2\/posts\/15326\/revisions\/15328"}],"wp:featuredmedia":[{"embeddable":true,"href":"https:\/\/www.gruporecoletas.com\/noticias\/wp-json\/wp\/v2\/media\/15327"}],"wp:attachment":[{"href":"https:\/\/www.gruporecoletas.com\/noticias\/wp-json\/wp\/v2\/media?parent=15326"}],"wp:term":[{"taxonomy":"category","embeddable":true,"href":"https:\/\/www.gruporecoletas.com\/noticias\/wp-json\/wp\/v2\/categories?post=15326"},{"taxonomy":"post_tag","embeddable":true,"href":"https:\/\/www.gruporecoletas.com\/noticias\/wp-json\/wp\/v2\/tags?post=15326"}],"curies":[{"name":"wp","href":"https:\/\/api.w.org\/{rel}","templated":true}]}}