{"id":15330,"date":"2022-03-07T08:12:40","date_gmt":"2022-03-07T07:12:40","guid":{"rendered":"https:\/\/www.gruporecoletas.com\/noticias\/?p=15330"},"modified":"2022-03-07T08:12:43","modified_gmt":"2022-03-07T07:12:43","slug":"recoletas-zamora-entrega-desfibrilador","status":"publish","type":"post","link":"https:\/\/www.gruporecoletas.com\/noticias\/recoletas-zamora-entrega-desfibrilador\/","title":{"rendered":"Recoletas Zamora entrega un desfibrilador al I. E. S. Claudio Moyano"},"content":{"rendered":"\n<p>El gerente del Hospital Recoletas Zamora, \u00d3scar Iglesias, ha entregado un dispositivo de desfibrilaci\u00f3n port\u00e1til a Mar\u00eda del Tr\u00e1nsito Mart\u00edn, directora del Instituto de Educaci\u00f3n Secundaria Claudio Moyano en el Pabell\u00f3n \u00c1ngel Nieto, en presencia del presidente del Recoletas Zamora, Carlos Baz. El acto ha tenido lugar durante el descanso del partido de la Liga Challenge que enfrentaba al Recoletas Zamora con el Joventut de Badalona.<\/p>\n\n\n\n<p>El Recoletas Zamora tiene un convenio de colaboraci\u00f3n con el I.E.S Claudio Moyano que cede sus instalaciones deportivas para la realizaci\u00f3n de sesiones de entrenamiento y partidos y realizan jornadas de sensibilizaci\u00f3n y promoci\u00f3n del baloncesto junto con el fomento de los buenos h\u00e1bitos en la pr\u00e1ctica deportiva.<\/p>\n\n\n\n<p>El gerente del Hospital Recoletas Zamora ha se\u00f1alado la importancia que tiene para Recoletas Red Hospitalaria de colaborar \u201cpara que haya cada vez m\u00e1s espacios cardioprotegidos, porque es importante y necesario llevar a cabo una labor de prevenci\u00f3n. No podemos olvidar que estos dispositivos contribuyen a salvar vidas, proporcionar seguridad y dar confianza a los cerca de 7.000 usuarios que anualmente utilizan las instalaciones del I.E.S Claudio Moyano\u201d.<\/p>\n\n\n\n<p>El desfibrilador estar\u00e1 ubicado en las instalaciones del Centro educativo que utiliza habitualmente alumnado propio del Instituto y diferentes clubes deportivos. Los equipos del Recoletas Zamora en las categor\u00edas de benjam\u00edn, alev\u00edn, infantil, cadete, junior y senior hacen uso semanal de sus instalaciones.<\/p>\n\n\n\n<p>Por ello, el acceso p\u00fablico a la desfibrilaci\u00f3n es fundamental para superar una muerte s\u00fabita, ya que por cada minuto que pasa tras una parada cardiaca las posibilidades de supervivencia se reducen un 10%, siendo a partir del s\u00e9ptimo minuto muy dif\u00edcil de rescatar a la v\u00edctima sin secuelas.&nbsp;<\/p>\n","protected":false},"excerpt":{"rendered":"<p>El gerente del Hospital Recoletas Zamora, \u00d3scar Iglesias, ha entregado un dispositivo de desfibrilaci\u00f3n port\u00e1til a Mar\u00eda del Tr\u00e1nsito Mart\u00edn, directora del Instituto de Educaci\u00f3n Secundaria Claudio Moyano en el Pabell\u00f3n \u00c1ngel Nieto, en presencia del presidente del Recoletas Zamora, Carlos Baz. El acto ha tenido lugar durante el descanso del partido de la Liga [&hellip;]<\/p>\n","protected":false},"author":2,"featured_media":15332,"comment_status":"closed","ping_status":"closed","sticky":false,"template":"","format":"standard","meta":{"_acf_changed":false,"footnotes":""},"categories":[1,16,21],"tags":[1442,1440],"class_list":["post-15330","post","type-post","status-publish","format-standard","has-post-thumbnail","hentry","category-grupo-recoletas","category-hrza","category-zamora","tag-deporte","tag-patrocinios"],"acf":[],"yoast_head":"<!-- This site is optimized with the Yoast SEO Premium plugin v27.3 (Yoast SEO v27.3) - https:\/\/yoast.com\/product\/yoast-seo-premium-wordpress\/ -->\n<title>Recoletas Zamora entrega un desfibrilador al I. E. S. Claudio Moyano - Noticias Grupo Recoletas<\/title>\n<meta name=\"description\" content=\"El gerente del Hospital Recoletas Zamora, \u00d3scar Iglesias, entrega un dispositivo de desfibrilaci\u00f3n port\u00e1til a la directora del I. E. S. Claudio Moyano\" \/>\n<meta name=\"robots\" content=\"index, follow, max-snippet:-1, max-image-preview:large, max-video-preview:-1\" \/>\n<link rel=\"canonical\" href=\"https:\/\/www.gruporecoletas.com\/noticias\/recoletas-zamora-entrega-desfibrilador\/\" \/>\n<meta property=\"og:locale\" content=\"es_ES\" \/>\n<meta property=\"og:type\" content=\"article\" \/>\n<meta property=\"og:title\" content=\"Recoletas Zamora entrega un desfibrilador al I. E. S. Claudio Moyano\" \/>\n<meta property=\"og:description\" content=\"El gerente del Hospital Recoletas Zamora, \u00d3scar Iglesias, entrega un dispositivo de desfibrilaci\u00f3n port\u00e1til a la directora del I. E. S. Claudio Moyano\" \/>\n<meta property=\"og:url\" content=\"https:\/\/www.gruporecoletas.com\/noticias\/recoletas-zamora-entrega-desfibrilador\/\" \/>\n<meta property=\"og:site_name\" content=\"Noticias Grupo Recoletas\" \/>\n<meta property=\"article:publisher\" content=\"https:\/\/www.facebook.com\/GrupoRecoletas\/\" \/>\n<meta property=\"article:published_time\" content=\"2022-03-07T07:12:40+00:00\" \/>\n<meta property=\"article:modified_time\" content=\"2022-03-07T07:12:43+00:00\" \/>\n<meta property=\"og:image\" content=\"https:\/\/www.gruporecoletas.com\/noticias\/wp-content\/uploads\/2022\/03\/Imagen-destacada-Blog1.png\" \/>\n\t<meta property=\"og:image:width\" content=\"1366\" \/>\n\t<meta property=\"og:image:height\" content=\"768\" \/>\n\t<meta property=\"og:image:type\" content=\"image\/png\" \/>\n<meta name=\"author\" content=\"Recoletas Red Hospitalaria\" \/>\n<meta name=\"twitter:card\" content=\"summary_large_image\" \/>\n<meta name=\"twitter:creator\" content=\"@GrupoRecoletas\" \/>\n<meta name=\"twitter:site\" content=\"@GrupoRecoletas\" \/>\n<meta name=\"twitter:label1\" content=\"Escrito por\" \/>\n\t<meta name=\"twitter:data1\" content=\"Recoletas Red Hospitalaria\" \/>\n\t<meta name=\"twitter:label2\" content=\"Tiempo de lectura\" \/>\n\t<meta name=\"twitter:data2\" content=\"2 minutos\" \/>\n<script type=\"application\/ld+json\" class=\"yoast-schema-graph\">{\"@context\":\"https:\\\/\\\/schema.org\",\"@graph\":[{\"@type\":\"Article\",\"@id\":\"https:\\\/\\\/www.gruporecoletas.com\\\/noticias\\\/recoletas-zamora-entrega-desfibrilador\\\/#article\",\"isPartOf\":{\"@id\":\"https:\\\/\\\/www.gruporecoletas.com\\\/noticias\\\/recoletas-zamora-entrega-desfibrilador\\\/\"},\"author\":{\"name\":\"Recoletas Red Hospitalaria\",\"@id\":\"https:\\\/\\\/www.gruporecoletas.com\\\/noticias\\\/#\\\/schema\\\/person\\\/3c6ac429828d1f5e3d3bd99f4da9b02c\"},\"headline\":\"Recoletas Zamora entrega un desfibrilador al I. E. S. Claudio Moyano\",\"datePublished\":\"2022-03-07T07:12:40+00:00\",\"dateModified\":\"2022-03-07T07:12:43+00:00\",\"mainEntityOfPage\":{\"@id\":\"https:\\\/\\\/www.gruporecoletas.com\\\/noticias\\\/recoletas-zamora-entrega-desfibrilador\\\/\"},\"wordCount\":313,\"image\":{\"@id\":\"https:\\\/\\\/www.gruporecoletas.com\\\/noticias\\\/recoletas-zamora-entrega-desfibrilador\\\/#primaryimage\"},\"thumbnailUrl\":\"https:\\\/\\\/www.gruporecoletas.com\\\/noticias\\\/wp-content\\\/uploads\\\/2022\\\/03\\\/Imagen-destacada-Blog1.png\",\"keywords\":[\"Deporte\",\"Patrocinios\"],\"articleSection\":[\"Grupo Recoletas\",\"HRZA\",\"Zamora\"],\"inLanguage\":\"es\"},{\"@type\":\"WebPage\",\"@id\":\"https:\\\/\\\/www.gruporecoletas.com\\\/noticias\\\/recoletas-zamora-entrega-desfibrilador\\\/\",\"url\":\"https:\\\/\\\/www.gruporecoletas.com\\\/noticias\\\/recoletas-zamora-entrega-desfibrilador\\\/\",\"name\":\"Recoletas Zamora entrega un desfibrilador al I. E. S. Claudio Moyano - Noticias Grupo Recoletas\",\"isPartOf\":{\"@id\":\"https:\\\/\\\/www.gruporecoletas.com\\\/noticias\\\/#website\"},\"primaryImageOfPage\":{\"@id\":\"https:\\\/\\\/www.gruporecoletas.com\\\/noticias\\\/recoletas-zamora-entrega-desfibrilador\\\/#primaryimage\"},\"image\":{\"@id\":\"https:\\\/\\\/www.gruporecoletas.com\\\/noticias\\\/recoletas-zamora-entrega-desfibrilador\\\/#primaryimage\"},\"thumbnailUrl\":\"https:\\\/\\\/www.gruporecoletas.com\\\/noticias\\\/wp-content\\\/uploads\\\/2022\\\/03\\\/Imagen-destacada-Blog1.png\",\"datePublished\":\"2022-03-07T07:12:40+00:00\",\"dateModified\":\"2022-03-07T07:12:43+00:00\",\"author\":{\"@id\":\"https:\\\/\\\/www.gruporecoletas.com\\\/noticias\\\/#\\\/schema\\\/person\\\/3c6ac429828d1f5e3d3bd99f4da9b02c\"},\"description\":\"El gerente del Hospital Recoletas Zamora, \u00d3scar Iglesias, entrega un dispositivo de desfibrilaci\u00f3n port\u00e1til a la directora del I. E. S. Claudio Moyano\",\"breadcrumb\":{\"@id\":\"https:\\\/\\\/www.gruporecoletas.com\\\/noticias\\\/recoletas-zamora-entrega-desfibrilador\\\/#breadcrumb\"},\"inLanguage\":\"es\",\"potentialAction\":[{\"@type\":\"ReadAction\",\"target\":[\"https:\\\/\\\/www.gruporecoletas.com\\\/noticias\\\/recoletas-zamora-entrega-desfibrilador\\\/\"]}]},{\"@type\":\"ImageObject\",\"inLanguage\":\"es\",\"@id\":\"https:\\\/\\\/www.gruporecoletas.com\\\/noticias\\\/recoletas-zamora-entrega-desfibrilador\\\/#primaryimage\",\"url\":\"https:\\\/\\\/www.gruporecoletas.com\\\/noticias\\\/wp-content\\\/uploads\\\/2022\\\/03\\\/Imagen-destacada-Blog1.png\",\"contentUrl\":\"https:\\\/\\\/www.gruporecoletas.com\\\/noticias\\\/wp-content\\\/uploads\\\/2022\\\/03\\\/Imagen-destacada-Blog1.png\",\"width\":1366,\"height\":768,\"caption\":\"El gerente del Hospital Recoletas Zamora, \u00d3scar Iglesias, entrega un dispositivo de desfibrilaci\u00f3n port\u00e1til a la directora del I. E. S. Claudio Moyano\"},{\"@type\":\"BreadcrumbList\",\"@id\":\"https:\\\/\\\/www.gruporecoletas.com\\\/noticias\\\/recoletas-zamora-entrega-desfibrilador\\\/#breadcrumb\",\"itemListElement\":[{\"@type\":\"ListItem\",\"position\":1,\"name\":\"Portada\",\"item\":\"https:\\\/\\\/www.gruporecoletas.com\\\/noticias\\\/\"},{\"@type\":\"ListItem\",\"position\":2,\"name\":\"Recoletas Zamora entrega un desfibrilador al I. E. S. Claudio Moyano\"}]},{\"@type\":\"WebSite\",\"@id\":\"https:\\\/\\\/www.gruporecoletas.com\\\/noticias\\\/#website\",\"url\":\"https:\\\/\\\/www.gruporecoletas.com\\\/noticias\\\/\",\"name\":\"Noticias Grupo Recoletas\",\"description\":\"Grupo Recoletas\",\"potentialAction\":[{\"@type\":\"SearchAction\",\"target\":{\"@type\":\"EntryPoint\",\"urlTemplate\":\"https:\\\/\\\/www.gruporecoletas.com\\\/noticias\\\/?s={search_term_string}\"},\"query-input\":{\"@type\":\"PropertyValueSpecification\",\"valueRequired\":true,\"valueName\":\"search_term_string\"}}],\"inLanguage\":\"es\"},{\"@type\":\"Person\",\"@id\":\"https:\\\/\\\/www.gruporecoletas.com\\\/noticias\\\/#\\\/schema\\\/person\\\/3c6ac429828d1f5e3d3bd99f4da9b02c\",\"name\":\"Recoletas Red Hospitalaria\",\"url\":\"https:\\\/\\\/www.gruporecoletas.com\\\/noticias\\\/author\\\/comunicacion\\\/\"}]}<\/script>\n<!-- \/ Yoast SEO Premium plugin. -->","yoast_head_json":{"title":"Recoletas Zamora entrega un desfibrilador al I. E. S. Claudio Moyano - Noticias Grupo Recoletas","description":"El gerente del Hospital Recoletas Zamora, \u00d3scar Iglesias, entrega un dispositivo de desfibrilaci\u00f3n port\u00e1til a la directora del I. E. S. Claudio Moyano","robots":{"index":"index","follow":"follow","max-snippet":"max-snippet:-1","max-image-preview":"max-image-preview:large","max-video-preview":"max-video-preview:-1"},"canonical":"https:\/\/www.gruporecoletas.com\/noticias\/recoletas-zamora-entrega-desfibrilador\/","og_locale":"es_ES","og_type":"article","og_title":"Recoletas Zamora entrega un desfibrilador al I. E. S. Claudio Moyano","og_description":"El gerente del Hospital Recoletas Zamora, \u00d3scar Iglesias, entrega un dispositivo de desfibrilaci\u00f3n port\u00e1til a la directora del I. E. S. Claudio Moyano","og_url":"https:\/\/www.gruporecoletas.com\/noticias\/recoletas-zamora-entrega-desfibrilador\/","og_site_name":"Noticias Grupo Recoletas","article_publisher":"https:\/\/www.facebook.com\/GrupoRecoletas\/","article_published_time":"2022-03-07T07:12:40+00:00","article_modified_time":"2022-03-07T07:12:43+00:00","og_image":[{"width":1366,"height":768,"url":"https:\/\/www.gruporecoletas.com\/noticias\/wp-content\/uploads\/2022\/03\/Imagen-destacada-Blog1.png","type":"image\/png"}],"author":"Recoletas Red Hospitalaria","twitter_card":"summary_large_image","twitter_creator":"@GrupoRecoletas","twitter_site":"@GrupoRecoletas","twitter_misc":{"Escrito por":"Recoletas Red Hospitalaria","Tiempo de lectura":"2 minutos"},"schema":{"@context":"https:\/\/schema.org","@graph":[{"@type":"Article","@id":"https:\/\/www.gruporecoletas.com\/noticias\/recoletas-zamora-entrega-desfibrilador\/#article","isPartOf":{"@id":"https:\/\/www.gruporecoletas.com\/noticias\/recoletas-zamora-entrega-desfibrilador\/"},"author":{"name":"Recoletas Red Hospitalaria","@id":"https:\/\/www.gruporecoletas.com\/noticias\/#\/schema\/person\/3c6ac429828d1f5e3d3bd99f4da9b02c"},"headline":"Recoletas Zamora entrega un desfibrilador al I. E. S. Claudio Moyano","datePublished":"2022-03-07T07:12:40+00:00","dateModified":"2022-03-07T07:12:43+00:00","mainEntityOfPage":{"@id":"https:\/\/www.gruporecoletas.com\/noticias\/recoletas-zamora-entrega-desfibrilador\/"},"wordCount":313,"image":{"@id":"https:\/\/www.gruporecoletas.com\/noticias\/recoletas-zamora-entrega-desfibrilador\/#primaryimage"},"thumbnailUrl":"https:\/\/www.gruporecoletas.com\/noticias\/wp-content\/uploads\/2022\/03\/Imagen-destacada-Blog1.png","keywords":["Deporte","Patrocinios"],"articleSection":["Grupo Recoletas","HRZA","Zamora"],"inLanguage":"es"},{"@type":"WebPage","@id":"https:\/\/www.gruporecoletas.com\/noticias\/recoletas-zamora-entrega-desfibrilador\/","url":"https:\/\/www.gruporecoletas.com\/noticias\/recoletas-zamora-entrega-desfibrilador\/","name":"Recoletas Zamora entrega un desfibrilador al I. E. S. Claudio Moyano - Noticias Grupo Recoletas","isPartOf":{"@id":"https:\/\/www.gruporecoletas.com\/noticias\/#website"},"primaryImageOfPage":{"@id":"https:\/\/www.gruporecoletas.com\/noticias\/recoletas-zamora-entrega-desfibrilador\/#primaryimage"},"image":{"@id":"https:\/\/www.gruporecoletas.com\/noticias\/recoletas-zamora-entrega-desfibrilador\/#primaryimage"},"thumbnailUrl":"https:\/\/www.gruporecoletas.com\/noticias\/wp-content\/uploads\/2022\/03\/Imagen-destacada-Blog1.png","datePublished":"2022-03-07T07:12:40+00:00","dateModified":"2022-03-07T07:12:43+00:00","author":{"@id":"https:\/\/www.gruporecoletas.com\/noticias\/#\/schema\/person\/3c6ac429828d1f5e3d3bd99f4da9b02c"},"description":"El gerente del Hospital Recoletas Zamora, \u00d3scar Iglesias, entrega un dispositivo de desfibrilaci\u00f3n port\u00e1til a la directora del I. E. S. Claudio Moyano","breadcrumb":{"@id":"https:\/\/www.gruporecoletas.com\/noticias\/recoletas-zamora-entrega-desfibrilador\/#breadcrumb"},"inLanguage":"es","potentialAction":[{"@type":"ReadAction","target":["https:\/\/www.gruporecoletas.com\/noticias\/recoletas-zamora-entrega-desfibrilador\/"]}]},{"@type":"ImageObject","inLanguage":"es","@id":"https:\/\/www.gruporecoletas.com\/noticias\/recoletas-zamora-entrega-desfibrilador\/#primaryimage","url":"https:\/\/www.gruporecoletas.com\/noticias\/wp-content\/uploads\/2022\/03\/Imagen-destacada-Blog1.png","contentUrl":"https:\/\/www.gruporecoletas.com\/noticias\/wp-content\/uploads\/2022\/03\/Imagen-destacada-Blog1.png","width":1366,"height":768,"caption":"El gerente del Hospital Recoletas Zamora, \u00d3scar Iglesias, entrega un dispositivo de desfibrilaci\u00f3n port\u00e1til a la directora del I. E. S. Claudio Moyano"},{"@type":"BreadcrumbList","@id":"https:\/\/www.gruporecoletas.com\/noticias\/recoletas-zamora-entrega-desfibrilador\/#breadcrumb","itemListElement":[{"@type":"ListItem","position":1,"name":"Portada","item":"https:\/\/www.gruporecoletas.com\/noticias\/"},{"@type":"ListItem","position":2,"name":"Recoletas Zamora entrega un desfibrilador al I. E. S. Claudio Moyano"}]},{"@type":"WebSite","@id":"https:\/\/www.gruporecoletas.com\/noticias\/#website","url":"https:\/\/www.gruporecoletas.com\/noticias\/","name":"Noticias Grupo Recoletas","description":"Grupo Recoletas","potentialAction":[{"@type":"SearchAction","target":{"@type":"EntryPoint","urlTemplate":"https:\/\/www.gruporecoletas.com\/noticias\/?s={search_term_string}"},"query-input":{"@type":"PropertyValueSpecification","valueRequired":true,"valueName":"search_term_string"}}],"inLanguage":"es"},{"@type":"Person","@id":"https:\/\/www.gruporecoletas.com\/noticias\/#\/schema\/person\/3c6ac429828d1f5e3d3bd99f4da9b02c","name":"Recoletas Red Hospitalaria","url":"https:\/\/www.gruporecoletas.com\/noticias\/author\/comunicacion\/"}]}},"_links":{"self":[{"href":"https:\/\/www.gruporecoletas.com\/noticias\/wp-json\/wp\/v2\/posts\/15330","targetHints":{"allow":["GET"]}}],"collection":[{"href":"https:\/\/www.gruporecoletas.com\/noticias\/wp-json\/wp\/v2\/posts"}],"about":[{"href":"https:\/\/www.gruporecoletas.com\/noticias\/wp-json\/wp\/v2\/types\/post"}],"author":[{"embeddable":true,"href":"https:\/\/www.gruporecoletas.com\/noticias\/wp-json\/wp\/v2\/users\/2"}],"replies":[{"embeddable":true,"href":"https:\/\/www.gruporecoletas.com\/noticias\/wp-json\/wp\/v2\/comments?post=15330"}],"version-history":[{"count":1,"href":"https:\/\/www.gruporecoletas.com\/noticias\/wp-json\/wp\/v2\/posts\/15330\/revisions"}],"predecessor-version":[{"id":15331,"href":"https:\/\/www.gruporecoletas.com\/noticias\/wp-json\/wp\/v2\/posts\/15330\/revisions\/15331"}],"wp:featuredmedia":[{"embeddable":true,"href":"https:\/\/www.gruporecoletas.com\/noticias\/wp-json\/wp\/v2\/media\/15332"}],"wp:attachment":[{"href":"https:\/\/www.gruporecoletas.com\/noticias\/wp-json\/wp\/v2\/media?parent=15330"}],"wp:term":[{"taxonomy":"category","embeddable":true,"href":"https:\/\/www.gruporecoletas.com\/noticias\/wp-json\/wp\/v2\/categories?post=15330"},{"taxonomy":"post_tag","embeddable":true,"href":"https:\/\/www.gruporecoletas.com\/noticias\/wp-json\/wp\/v2\/tags?post=15330"}],"curies":[{"name":"wp","href":"https:\/\/api.w.org\/{rel}","templated":true}]}}