{"id":15361,"date":"2022-03-25T11:11:37","date_gmt":"2022-03-25T10:11:37","guid":{"rendered":"https:\/\/www.gruporecoletas.com\/noticias\/?p=15361"},"modified":"2022-03-25T11:11:39","modified_gmt":"2022-03-25T10:11:39","slug":"equipo-instituto-neuro-vertebral-comienza-actividad-quirurgica","status":"publish","type":"post","link":"https:\/\/www.gruporecoletas.com\/noticias\/equipo-instituto-neuro-vertebral-comienza-actividad-quirurgica\/","title":{"rendered":"El equipo del Instituto Neuro Vertebral comienza la actividad quir\u00fargica"},"content":{"rendered":"\n<p>El equipo del Instituto Neuro Vertebral de Recoletas ha comenzado ya la actividad quir\u00fargica. Concretamente, los neurocirujanos Dr. Antonio Rodr\u00edguez Salazar y Dr. Pedro Delgado L\u00f3pez han trabajado en el quir\u00f3fano polivalente del Hospital Recoletas Burgos.<\/p>\n\n\n\n<p>Este equipo de profesionales ha utilizado el esc\u00e1ner intraoperatorio \u2013 LOOP-X- con el que cuenta este quir\u00f3fano y que permite a los cirujanos obtener en tiempo real las im\u00e1genes de la anatom\u00eda del paciente en el mismo acto quir\u00fargico y junto con el Neuro Navegador CURVE, guiarles con alta precisi\u00f3n y acortar los tiempos quir\u00fargicos.<\/p>\n\n\n\n<p>El esc\u00e1ner y el navegador son un adjunto importante para la realizaci\u00f3n de la cirug\u00eda y permite seguridad, as\u00ed como conocer la situaci\u00f3n real en la anatom\u00eda del paciente, contando con una sofisticada tecnolog\u00eda inform\u00e1tica que tiene como soporte un potente ordenador con un software espec\u00edfico que procesa las im\u00e1genes y las interacciona y empareja, obteniendo un mapa neuroanat\u00f3mico en 3D. Podemos decir que es similar a un guiado de GPS que utilizamos para llegar a una direcci\u00f3n concreta.<\/p>\n\n\n\n<p>El equipo de neurocirug\u00eda se ha mostrado satisfecho por el comienzo de la actividad y por la apuesta en innovaci\u00f3n y tecnolog\u00eda quir\u00fargica que \u201crepercute directamente en el paciente, ya que podemos hacer cirug\u00edas menos invasivas que facilitan su recuperaci\u00f3n y reduce la posibilidad de reintervenciones\u201d.<\/p>\n","protected":false},"excerpt":{"rendered":"<p>El equipo del Instituto Neuro Vertebral de Recoletas ha comenzado ya la actividad quir\u00fargica. Concretamente, los neurocirujanos Dr. Antonio Rodr\u00edguez Salazar y Dr. Pedro Delgado L\u00f3pez han trabajado en el quir\u00f3fano polivalente del Hospital Recoletas Burgos. Este equipo de profesionales ha utilizado el esc\u00e1ner intraoperatorio \u2013 LOOP-X- con el que cuenta este quir\u00f3fano y que [&hellip;]<\/p>\n","protected":false},"author":2,"featured_media":15362,"comment_status":"closed","ping_status":"closed","sticky":false,"template":"","format":"standard","meta":{"_acf_changed":false,"footnotes":""},"categories":[10,1,31,3241],"tags":[1350],"class_list":["post-15361","post","type-post","status-publish","format-standard","has-post-thumbnail","hentry","category-burgos","category-grupo-recoletas","category-hrbu","category-instituto-neuro-vertebral","tag-neurocirugia"],"acf":[],"yoast_head":"<!-- This site is optimized with the Yoast SEO Premium plugin v27.3 (Yoast SEO v27.3) - https:\/\/yoast.com\/product\/yoast-seo-premium-wordpress\/ -->\n<title>El equipo del Instituto Neuro Vertebral comienza la actividad quir\u00fargica - Noticias Grupo Recoletas<\/title>\n<meta name=\"description\" content=\"Los neurocirujanos Dr. Antonio Rodr\u00edguez Salazar y Dr. Pedro Delgado L\u00f3pez han inaugurado el quir\u00f3fano polivalente del Hospital Recoletas Burgos\" \/>\n<meta name=\"robots\" content=\"index, follow, max-snippet:-1, max-image-preview:large, max-video-preview:-1\" \/>\n<link rel=\"canonical\" href=\"https:\/\/www.gruporecoletas.com\/noticias\/equipo-instituto-neuro-vertebral-comienza-actividad-quirurgica\/\" \/>\n<meta property=\"og:locale\" content=\"es_ES\" \/>\n<meta property=\"og:type\" content=\"article\" \/>\n<meta property=\"og:title\" content=\"El equipo del Instituto Neuro Vertebral comienza la actividad quir\u00fargica\" \/>\n<meta property=\"og:description\" content=\"Los neurocirujanos Dr. Antonio Rodr\u00edguez Salazar y Dr. Pedro Delgado L\u00f3pez han inaugurado el quir\u00f3fano polivalente del Hospital Recoletas Burgos\" \/>\n<meta property=\"og:url\" content=\"https:\/\/www.gruporecoletas.com\/noticias\/equipo-instituto-neuro-vertebral-comienza-actividad-quirurgica\/\" \/>\n<meta property=\"og:site_name\" content=\"Noticias Grupo Recoletas\" \/>\n<meta property=\"article:publisher\" content=\"https:\/\/www.facebook.com\/GrupoRecoletas\/\" \/>\n<meta property=\"article:published_time\" content=\"2022-03-25T10:11:37+00:00\" \/>\n<meta property=\"article:modified_time\" content=\"2022-03-25T10:11:39+00:00\" \/>\n<meta property=\"og:image\" content=\"https:\/\/www.gruporecoletas.com\/noticias\/wp-content\/uploads\/2022\/03\/Imagen-destacada-Blog-2.png\" \/>\n\t<meta property=\"og:image:width\" content=\"1366\" \/>\n\t<meta property=\"og:image:height\" content=\"768\" \/>\n\t<meta property=\"og:image:type\" content=\"image\/png\" \/>\n<meta name=\"author\" content=\"Recoletas Red Hospitalaria\" \/>\n<meta name=\"twitter:card\" content=\"summary_large_image\" \/>\n<meta name=\"twitter:creator\" content=\"@GrupoRecoletas\" \/>\n<meta name=\"twitter:site\" content=\"@GrupoRecoletas\" \/>\n<meta name=\"twitter:label1\" content=\"Escrito por\" \/>\n\t<meta name=\"twitter:data1\" content=\"Recoletas Red Hospitalaria\" \/>\n\t<meta name=\"twitter:label2\" content=\"Tiempo de lectura\" \/>\n\t<meta name=\"twitter:data2\" content=\"1 minuto\" \/>\n<script type=\"application\/ld+json\" class=\"yoast-schema-graph\">{\"@context\":\"https:\\\/\\\/schema.org\",\"@graph\":[{\"@type\":\"Article\",\"@id\":\"https:\\\/\\\/www.gruporecoletas.com\\\/noticias\\\/equipo-instituto-neuro-vertebral-comienza-actividad-quirurgica\\\/#article\",\"isPartOf\":{\"@id\":\"https:\\\/\\\/www.gruporecoletas.com\\\/noticias\\\/equipo-instituto-neuro-vertebral-comienza-actividad-quirurgica\\\/\"},\"author\":{\"name\":\"Recoletas Red Hospitalaria\",\"@id\":\"https:\\\/\\\/www.gruporecoletas.com\\\/noticias\\\/#\\\/schema\\\/person\\\/3c6ac429828d1f5e3d3bd99f4da9b02c\"},\"headline\":\"El equipo del Instituto Neuro Vertebral comienza la actividad quir\u00fargica\",\"datePublished\":\"2022-03-25T10:11:37+00:00\",\"dateModified\":\"2022-03-25T10:11:39+00:00\",\"mainEntityOfPage\":{\"@id\":\"https:\\\/\\\/www.gruporecoletas.com\\\/noticias\\\/equipo-instituto-neuro-vertebral-comienza-actividad-quirurgica\\\/\"},\"wordCount\":254,\"image\":{\"@id\":\"https:\\\/\\\/www.gruporecoletas.com\\\/noticias\\\/equipo-instituto-neuro-vertebral-comienza-actividad-quirurgica\\\/#primaryimage\"},\"thumbnailUrl\":\"https:\\\/\\\/www.gruporecoletas.com\\\/noticias\\\/wp-content\\\/uploads\\\/2022\\\/03\\\/Imagen-destacada-Blog-2.png\",\"keywords\":[\"neurocirug\u00eda\"],\"articleSection\":[\"Burgos\",\"Grupo Recoletas\",\"HRBU\",\"Instituto Neuro Vertebral\"],\"inLanguage\":\"es\"},{\"@type\":\"WebPage\",\"@id\":\"https:\\\/\\\/www.gruporecoletas.com\\\/noticias\\\/equipo-instituto-neuro-vertebral-comienza-actividad-quirurgica\\\/\",\"url\":\"https:\\\/\\\/www.gruporecoletas.com\\\/noticias\\\/equipo-instituto-neuro-vertebral-comienza-actividad-quirurgica\\\/\",\"name\":\"El equipo del Instituto Neuro Vertebral comienza la actividad quir\u00fargica - Noticias Grupo Recoletas\",\"isPartOf\":{\"@id\":\"https:\\\/\\\/www.gruporecoletas.com\\\/noticias\\\/#website\"},\"primaryImageOfPage\":{\"@id\":\"https:\\\/\\\/www.gruporecoletas.com\\\/noticias\\\/equipo-instituto-neuro-vertebral-comienza-actividad-quirurgica\\\/#primaryimage\"},\"image\":{\"@id\":\"https:\\\/\\\/www.gruporecoletas.com\\\/noticias\\\/equipo-instituto-neuro-vertebral-comienza-actividad-quirurgica\\\/#primaryimage\"},\"thumbnailUrl\":\"https:\\\/\\\/www.gruporecoletas.com\\\/noticias\\\/wp-content\\\/uploads\\\/2022\\\/03\\\/Imagen-destacada-Blog-2.png\",\"datePublished\":\"2022-03-25T10:11:37+00:00\",\"dateModified\":\"2022-03-25T10:11:39+00:00\",\"author\":{\"@id\":\"https:\\\/\\\/www.gruporecoletas.com\\\/noticias\\\/#\\\/schema\\\/person\\\/3c6ac429828d1f5e3d3bd99f4da9b02c\"},\"description\":\"Los neurocirujanos Dr. Antonio Rodr\u00edguez Salazar y Dr. Pedro Delgado L\u00f3pez han inaugurado el quir\u00f3fano polivalente del Hospital Recoletas Burgos\",\"breadcrumb\":{\"@id\":\"https:\\\/\\\/www.gruporecoletas.com\\\/noticias\\\/equipo-instituto-neuro-vertebral-comienza-actividad-quirurgica\\\/#breadcrumb\"},\"inLanguage\":\"es\",\"potentialAction\":[{\"@type\":\"ReadAction\",\"target\":[\"https:\\\/\\\/www.gruporecoletas.com\\\/noticias\\\/equipo-instituto-neuro-vertebral-comienza-actividad-quirurgica\\\/\"]}]},{\"@type\":\"ImageObject\",\"inLanguage\":\"es\",\"@id\":\"https:\\\/\\\/www.gruporecoletas.com\\\/noticias\\\/equipo-instituto-neuro-vertebral-comienza-actividad-quirurgica\\\/#primaryimage\",\"url\":\"https:\\\/\\\/www.gruporecoletas.com\\\/noticias\\\/wp-content\\\/uploads\\\/2022\\\/03\\\/Imagen-destacada-Blog-2.png\",\"contentUrl\":\"https:\\\/\\\/www.gruporecoletas.com\\\/noticias\\\/wp-content\\\/uploads\\\/2022\\\/03\\\/Imagen-destacada-Blog-2.png\",\"width\":1366,\"height\":768,\"caption\":\"Los neurocirujanos Dr. Antonio Rodr\u00edguez Salazar y Dr. Pedro Delgado L\u00f3pez han inaugurado el quir\u00f3fano polivalente del Hospital Recoletas Burgos\"},{\"@type\":\"BreadcrumbList\",\"@id\":\"https:\\\/\\\/www.gruporecoletas.com\\\/noticias\\\/equipo-instituto-neuro-vertebral-comienza-actividad-quirurgica\\\/#breadcrumb\",\"itemListElement\":[{\"@type\":\"ListItem\",\"position\":1,\"name\":\"Portada\",\"item\":\"https:\\\/\\\/www.gruporecoletas.com\\\/noticias\\\/\"},{\"@type\":\"ListItem\",\"position\":2,\"name\":\"El equipo del Instituto Neuro Vertebral comienza la actividad quir\u00fargica\"}]},{\"@type\":\"WebSite\",\"@id\":\"https:\\\/\\\/www.gruporecoletas.com\\\/noticias\\\/#website\",\"url\":\"https:\\\/\\\/www.gruporecoletas.com\\\/noticias\\\/\",\"name\":\"Noticias Grupo Recoletas\",\"description\":\"Grupo Recoletas\",\"potentialAction\":[{\"@type\":\"SearchAction\",\"target\":{\"@type\":\"EntryPoint\",\"urlTemplate\":\"https:\\\/\\\/www.gruporecoletas.com\\\/noticias\\\/?s={search_term_string}\"},\"query-input\":{\"@type\":\"PropertyValueSpecification\",\"valueRequired\":true,\"valueName\":\"search_term_string\"}}],\"inLanguage\":\"es\"},{\"@type\":\"Person\",\"@id\":\"https:\\\/\\\/www.gruporecoletas.com\\\/noticias\\\/#\\\/schema\\\/person\\\/3c6ac429828d1f5e3d3bd99f4da9b02c\",\"name\":\"Recoletas Red Hospitalaria\",\"url\":\"https:\\\/\\\/www.gruporecoletas.com\\\/noticias\\\/author\\\/comunicacion\\\/\"}]}<\/script>\n<!-- \/ Yoast SEO Premium plugin. -->","yoast_head_json":{"title":"El equipo del Instituto Neuro Vertebral comienza la actividad quir\u00fargica - Noticias Grupo Recoletas","description":"Los neurocirujanos Dr. Antonio Rodr\u00edguez Salazar y Dr. Pedro Delgado L\u00f3pez han inaugurado el quir\u00f3fano polivalente del Hospital Recoletas Burgos","robots":{"index":"index","follow":"follow","max-snippet":"max-snippet:-1","max-image-preview":"max-image-preview:large","max-video-preview":"max-video-preview:-1"},"canonical":"https:\/\/www.gruporecoletas.com\/noticias\/equipo-instituto-neuro-vertebral-comienza-actividad-quirurgica\/","og_locale":"es_ES","og_type":"article","og_title":"El equipo del Instituto Neuro Vertebral comienza la actividad quir\u00fargica","og_description":"Los neurocirujanos Dr. Antonio Rodr\u00edguez Salazar y Dr. Pedro Delgado L\u00f3pez han inaugurado el quir\u00f3fano polivalente del Hospital Recoletas Burgos","og_url":"https:\/\/www.gruporecoletas.com\/noticias\/equipo-instituto-neuro-vertebral-comienza-actividad-quirurgica\/","og_site_name":"Noticias Grupo Recoletas","article_publisher":"https:\/\/www.facebook.com\/GrupoRecoletas\/","article_published_time":"2022-03-25T10:11:37+00:00","article_modified_time":"2022-03-25T10:11:39+00:00","og_image":[{"width":1366,"height":768,"url":"https:\/\/www.gruporecoletas.com\/noticias\/wp-content\/uploads\/2022\/03\/Imagen-destacada-Blog-2.png","type":"image\/png"}],"author":"Recoletas Red Hospitalaria","twitter_card":"summary_large_image","twitter_creator":"@GrupoRecoletas","twitter_site":"@GrupoRecoletas","twitter_misc":{"Escrito por":"Recoletas Red Hospitalaria","Tiempo de lectura":"1 minuto"},"schema":{"@context":"https:\/\/schema.org","@graph":[{"@type":"Article","@id":"https:\/\/www.gruporecoletas.com\/noticias\/equipo-instituto-neuro-vertebral-comienza-actividad-quirurgica\/#article","isPartOf":{"@id":"https:\/\/www.gruporecoletas.com\/noticias\/equipo-instituto-neuro-vertebral-comienza-actividad-quirurgica\/"},"author":{"name":"Recoletas Red Hospitalaria","@id":"https:\/\/www.gruporecoletas.com\/noticias\/#\/schema\/person\/3c6ac429828d1f5e3d3bd99f4da9b02c"},"headline":"El equipo del Instituto Neuro Vertebral comienza la actividad quir\u00fargica","datePublished":"2022-03-25T10:11:37+00:00","dateModified":"2022-03-25T10:11:39+00:00","mainEntityOfPage":{"@id":"https:\/\/www.gruporecoletas.com\/noticias\/equipo-instituto-neuro-vertebral-comienza-actividad-quirurgica\/"},"wordCount":254,"image":{"@id":"https:\/\/www.gruporecoletas.com\/noticias\/equipo-instituto-neuro-vertebral-comienza-actividad-quirurgica\/#primaryimage"},"thumbnailUrl":"https:\/\/www.gruporecoletas.com\/noticias\/wp-content\/uploads\/2022\/03\/Imagen-destacada-Blog-2.png","keywords":["neurocirug\u00eda"],"articleSection":["Burgos","Grupo Recoletas","HRBU","Instituto Neuro Vertebral"],"inLanguage":"es"},{"@type":"WebPage","@id":"https:\/\/www.gruporecoletas.com\/noticias\/equipo-instituto-neuro-vertebral-comienza-actividad-quirurgica\/","url":"https:\/\/www.gruporecoletas.com\/noticias\/equipo-instituto-neuro-vertebral-comienza-actividad-quirurgica\/","name":"El equipo del Instituto Neuro Vertebral comienza la actividad quir\u00fargica - Noticias Grupo Recoletas","isPartOf":{"@id":"https:\/\/www.gruporecoletas.com\/noticias\/#website"},"primaryImageOfPage":{"@id":"https:\/\/www.gruporecoletas.com\/noticias\/equipo-instituto-neuro-vertebral-comienza-actividad-quirurgica\/#primaryimage"},"image":{"@id":"https:\/\/www.gruporecoletas.com\/noticias\/equipo-instituto-neuro-vertebral-comienza-actividad-quirurgica\/#primaryimage"},"thumbnailUrl":"https:\/\/www.gruporecoletas.com\/noticias\/wp-content\/uploads\/2022\/03\/Imagen-destacada-Blog-2.png","datePublished":"2022-03-25T10:11:37+00:00","dateModified":"2022-03-25T10:11:39+00:00","author":{"@id":"https:\/\/www.gruporecoletas.com\/noticias\/#\/schema\/person\/3c6ac429828d1f5e3d3bd99f4da9b02c"},"description":"Los neurocirujanos Dr. Antonio Rodr\u00edguez Salazar y Dr. Pedro Delgado L\u00f3pez han inaugurado el quir\u00f3fano polivalente del Hospital Recoletas Burgos","breadcrumb":{"@id":"https:\/\/www.gruporecoletas.com\/noticias\/equipo-instituto-neuro-vertebral-comienza-actividad-quirurgica\/#breadcrumb"},"inLanguage":"es","potentialAction":[{"@type":"ReadAction","target":["https:\/\/www.gruporecoletas.com\/noticias\/equipo-instituto-neuro-vertebral-comienza-actividad-quirurgica\/"]}]},{"@type":"ImageObject","inLanguage":"es","@id":"https:\/\/www.gruporecoletas.com\/noticias\/equipo-instituto-neuro-vertebral-comienza-actividad-quirurgica\/#primaryimage","url":"https:\/\/www.gruporecoletas.com\/noticias\/wp-content\/uploads\/2022\/03\/Imagen-destacada-Blog-2.png","contentUrl":"https:\/\/www.gruporecoletas.com\/noticias\/wp-content\/uploads\/2022\/03\/Imagen-destacada-Blog-2.png","width":1366,"height":768,"caption":"Los neurocirujanos Dr. Antonio Rodr\u00edguez Salazar y Dr. Pedro Delgado L\u00f3pez han inaugurado el quir\u00f3fano polivalente del Hospital Recoletas Burgos"},{"@type":"BreadcrumbList","@id":"https:\/\/www.gruporecoletas.com\/noticias\/equipo-instituto-neuro-vertebral-comienza-actividad-quirurgica\/#breadcrumb","itemListElement":[{"@type":"ListItem","position":1,"name":"Portada","item":"https:\/\/www.gruporecoletas.com\/noticias\/"},{"@type":"ListItem","position":2,"name":"El equipo del Instituto Neuro Vertebral comienza la actividad quir\u00fargica"}]},{"@type":"WebSite","@id":"https:\/\/www.gruporecoletas.com\/noticias\/#website","url":"https:\/\/www.gruporecoletas.com\/noticias\/","name":"Noticias Grupo Recoletas","description":"Grupo Recoletas","potentialAction":[{"@type":"SearchAction","target":{"@type":"EntryPoint","urlTemplate":"https:\/\/www.gruporecoletas.com\/noticias\/?s={search_term_string}"},"query-input":{"@type":"PropertyValueSpecification","valueRequired":true,"valueName":"search_term_string"}}],"inLanguage":"es"},{"@type":"Person","@id":"https:\/\/www.gruporecoletas.com\/noticias\/#\/schema\/person\/3c6ac429828d1f5e3d3bd99f4da9b02c","name":"Recoletas Red Hospitalaria","url":"https:\/\/www.gruporecoletas.com\/noticias\/author\/comunicacion\/"}]}},"_links":{"self":[{"href":"https:\/\/www.gruporecoletas.com\/noticias\/wp-json\/wp\/v2\/posts\/15361","targetHints":{"allow":["GET"]}}],"collection":[{"href":"https:\/\/www.gruporecoletas.com\/noticias\/wp-json\/wp\/v2\/posts"}],"about":[{"href":"https:\/\/www.gruporecoletas.com\/noticias\/wp-json\/wp\/v2\/types\/post"}],"author":[{"embeddable":true,"href":"https:\/\/www.gruporecoletas.com\/noticias\/wp-json\/wp\/v2\/users\/2"}],"replies":[{"embeddable":true,"href":"https:\/\/www.gruporecoletas.com\/noticias\/wp-json\/wp\/v2\/comments?post=15361"}],"version-history":[{"count":1,"href":"https:\/\/www.gruporecoletas.com\/noticias\/wp-json\/wp\/v2\/posts\/15361\/revisions"}],"predecessor-version":[{"id":15363,"href":"https:\/\/www.gruporecoletas.com\/noticias\/wp-json\/wp\/v2\/posts\/15361\/revisions\/15363"}],"wp:featuredmedia":[{"embeddable":true,"href":"https:\/\/www.gruporecoletas.com\/noticias\/wp-json\/wp\/v2\/media\/15362"}],"wp:attachment":[{"href":"https:\/\/www.gruporecoletas.com\/noticias\/wp-json\/wp\/v2\/media?parent=15361"}],"wp:term":[{"taxonomy":"category","embeddable":true,"href":"https:\/\/www.gruporecoletas.com\/noticias\/wp-json\/wp\/v2\/categories?post=15361"},{"taxonomy":"post_tag","embeddable":true,"href":"https:\/\/www.gruporecoletas.com\/noticias\/wp-json\/wp\/v2\/tags?post=15361"}],"curies":[{"name":"wp","href":"https:\/\/api.w.org\/{rel}","templated":true}]}}