{"id":15395,"date":"2022-04-12T12:07:30","date_gmt":"2022-04-12T10:07:30","guid":{"rendered":"https:\/\/www.gruporecoletas.com\/noticias\/?p=15395"},"modified":"2022-04-12T12:07:31","modified_gmt":"2022-04-12T10:07:31","slug":"recoletas-finalista-premios-asion","status":"publish","type":"post","link":"https:\/\/www.gruporecoletas.com\/noticias\/recoletas-finalista-premios-asion\/","title":{"rendered":"Recoletas, finalista de los Premios Asion"},"content":{"rendered":"\n<p>Recoletas Red Hospitalaria ha resultado finalista en la edici\u00f3n de este a\u00f1o de los premios convocados por la Asociaci\u00f3n Infantil Oncol\u00f3gica de Madrid (ASION) en reconocimiento a la solidaridad de la empresa en favor del c\u00e1ncer infantil.<\/p>\n\n\n\n<p>El diploma fue recogido por Mar\u00eda Cuesta, responsable de los Centros de Diagn\u00f3stico de Recoletas, quien ha destacado la oportunidad de poder colaborar con una Asociaci\u00f3n como ASION que lleva m\u00e1s de 30 a\u00f1os apoyando a los ni\u00f1@s y adolescentes enfermos de c\u00e1ncer y a sus familias.<\/p>\n\n\n\n<p>\u201c<em>Para Recoletas es un honor poder aportar nuestro granito de arena y contribuir en la mejora de la calidad de vida de los ni\u00f1@s con c\u00e1ncer. Todos nuestros esfuerzos est\u00e1n siempre dirigidos a conseguir un mayor bienestar para las personas y, en el caso concreto del c\u00e1ncer infantil, este reconocimiento nos anima a seguir trabajando en nuevas iniciativas que lo hagan posible\u201d,<\/em> concluy\u00f3 Mar\u00eda Cuesta.<\/p>\n","protected":false},"excerpt":{"rendered":"<p>Recoletas Red Hospitalaria ha resultado finalista en la edici\u00f3n de este a\u00f1o de los premios convocados por la Asociaci\u00f3n Infantil Oncol\u00f3gica de Madrid (ASION) en reconocimiento a la solidaridad de la empresa en favor del c\u00e1ncer infantil. El diploma fue recogido por Mar\u00eda Cuesta, responsable de los Centros de Diagn\u00f3stico de Recoletas, quien ha destacado [&hellip;]<\/p>\n","protected":false},"author":2,"featured_media":15396,"comment_status":"closed","ping_status":"closed","sticky":false,"template":"","format":"standard","meta":{"_acf_changed":false,"footnotes":""},"categories":[1],"tags":[1682,3250,3236],"class_list":["post-15395","post","type-post","status-publish","format-standard","has-post-thumbnail","hentry","category-grupo-recoletas","tag-oncologia","tag-oncologia-infantil","tag-premios"],"acf":[],"yoast_head":"<!-- This site is optimized with the Yoast SEO Premium plugin v27.3 (Yoast SEO v27.3) - https:\/\/yoast.com\/product\/yoast-seo-premium-wordpress\/ -->\n<title>Recoletas, finalista de los Premios Asion - Noticias Grupo Recoletas<\/title>\n<meta name=\"description\" content=\"Recoletas, finalista de los premios convocados por la Asociaci\u00f3n Infantil Oncol\u00f3gica de Madrid (ASION) en reconocimiento a la solidaridad de la empresa.\" \/>\n<meta name=\"robots\" content=\"index, follow, max-snippet:-1, max-image-preview:large, max-video-preview:-1\" \/>\n<link rel=\"canonical\" href=\"https:\/\/www.gruporecoletas.com\/noticias\/recoletas-finalista-premios-asion\/\" \/>\n<meta property=\"og:locale\" content=\"es_ES\" \/>\n<meta property=\"og:type\" content=\"article\" \/>\n<meta property=\"og:title\" content=\"Recoletas, finalista de los Premios Asion\" \/>\n<meta property=\"og:description\" content=\"Recoletas, finalista de los premios convocados por la Asociaci\u00f3n Infantil Oncol\u00f3gica de Madrid (ASION) en reconocimiento a la solidaridad de la empresa.\" \/>\n<meta property=\"og:url\" content=\"https:\/\/www.gruporecoletas.com\/noticias\/recoletas-finalista-premios-asion\/\" \/>\n<meta property=\"og:site_name\" content=\"Noticias Grupo Recoletas\" \/>\n<meta property=\"article:publisher\" content=\"https:\/\/www.facebook.com\/GrupoRecoletas\/\" \/>\n<meta property=\"article:published_time\" content=\"2022-04-12T10:07:30+00:00\" \/>\n<meta property=\"article:modified_time\" content=\"2022-04-12T10:07:31+00:00\" \/>\n<meta property=\"og:image\" content=\"https:\/\/www.gruporecoletas.com\/noticias\/wp-content\/uploads\/2022\/04\/premios-asion-recoletas.png\" \/>\n\t<meta property=\"og:image:width\" content=\"1366\" \/>\n\t<meta property=\"og:image:height\" content=\"768\" \/>\n\t<meta property=\"og:image:type\" content=\"image\/png\" \/>\n<meta name=\"author\" content=\"Recoletas Red Hospitalaria\" \/>\n<meta name=\"twitter:card\" content=\"summary_large_image\" \/>\n<meta name=\"twitter:creator\" content=\"@GrupoRecoletas\" \/>\n<meta name=\"twitter:site\" content=\"@GrupoRecoletas\" \/>\n<meta name=\"twitter:label1\" content=\"Escrito por\" \/>\n\t<meta name=\"twitter:data1\" content=\"Recoletas Red Hospitalaria\" \/>\n\t<meta name=\"twitter:label2\" content=\"Tiempo de lectura\" \/>\n\t<meta name=\"twitter:data2\" content=\"1 minuto\" \/>\n<script type=\"application\/ld+json\" class=\"yoast-schema-graph\">{\"@context\":\"https:\\\/\\\/schema.org\",\"@graph\":[{\"@type\":\"Article\",\"@id\":\"https:\\\/\\\/www.gruporecoletas.com\\\/noticias\\\/recoletas-finalista-premios-asion\\\/#article\",\"isPartOf\":{\"@id\":\"https:\\\/\\\/www.gruporecoletas.com\\\/noticias\\\/recoletas-finalista-premios-asion\\\/\"},\"author\":{\"name\":\"Recoletas Red Hospitalaria\",\"@id\":\"https:\\\/\\\/www.gruporecoletas.com\\\/noticias\\\/#\\\/schema\\\/person\\\/3c6ac429828d1f5e3d3bd99f4da9b02c\"},\"headline\":\"Recoletas, finalista de los Premios Asion\",\"datePublished\":\"2022-04-12T10:07:30+00:00\",\"dateModified\":\"2022-04-12T10:07:31+00:00\",\"mainEntityOfPage\":{\"@id\":\"https:\\\/\\\/www.gruporecoletas.com\\\/noticias\\\/recoletas-finalista-premios-asion\\\/\"},\"wordCount\":171,\"image\":{\"@id\":\"https:\\\/\\\/www.gruporecoletas.com\\\/noticias\\\/recoletas-finalista-premios-asion\\\/#primaryimage\"},\"thumbnailUrl\":\"https:\\\/\\\/www.gruporecoletas.com\\\/noticias\\\/wp-content\\\/uploads\\\/2022\\\/04\\\/premios-asion-recoletas.png\",\"keywords\":[\"Oncolog\u00eda\",\"Oncolog\u00eda Infantil\",\"Premios\"],\"articleSection\":[\"Grupo Recoletas\"],\"inLanguage\":\"es\"},{\"@type\":\"WebPage\",\"@id\":\"https:\\\/\\\/www.gruporecoletas.com\\\/noticias\\\/recoletas-finalista-premios-asion\\\/\",\"url\":\"https:\\\/\\\/www.gruporecoletas.com\\\/noticias\\\/recoletas-finalista-premios-asion\\\/\",\"name\":\"Recoletas, finalista de los Premios Asion - Noticias Grupo Recoletas\",\"isPartOf\":{\"@id\":\"https:\\\/\\\/www.gruporecoletas.com\\\/noticias\\\/#website\"},\"primaryImageOfPage\":{\"@id\":\"https:\\\/\\\/www.gruporecoletas.com\\\/noticias\\\/recoletas-finalista-premios-asion\\\/#primaryimage\"},\"image\":{\"@id\":\"https:\\\/\\\/www.gruporecoletas.com\\\/noticias\\\/recoletas-finalista-premios-asion\\\/#primaryimage\"},\"thumbnailUrl\":\"https:\\\/\\\/www.gruporecoletas.com\\\/noticias\\\/wp-content\\\/uploads\\\/2022\\\/04\\\/premios-asion-recoletas.png\",\"datePublished\":\"2022-04-12T10:07:30+00:00\",\"dateModified\":\"2022-04-12T10:07:31+00:00\",\"author\":{\"@id\":\"https:\\\/\\\/www.gruporecoletas.com\\\/noticias\\\/#\\\/schema\\\/person\\\/3c6ac429828d1f5e3d3bd99f4da9b02c\"},\"description\":\"Recoletas, finalista de los premios convocados por la Asociaci\u00f3n Infantil Oncol\u00f3gica de Madrid (ASION) en reconocimiento a la solidaridad de la empresa.\",\"breadcrumb\":{\"@id\":\"https:\\\/\\\/www.gruporecoletas.com\\\/noticias\\\/recoletas-finalista-premios-asion\\\/#breadcrumb\"},\"inLanguage\":\"es\",\"potentialAction\":[{\"@type\":\"ReadAction\",\"target\":[\"https:\\\/\\\/www.gruporecoletas.com\\\/noticias\\\/recoletas-finalista-premios-asion\\\/\"]}]},{\"@type\":\"ImageObject\",\"inLanguage\":\"es\",\"@id\":\"https:\\\/\\\/www.gruporecoletas.com\\\/noticias\\\/recoletas-finalista-premios-asion\\\/#primaryimage\",\"url\":\"https:\\\/\\\/www.gruporecoletas.com\\\/noticias\\\/wp-content\\\/uploads\\\/2022\\\/04\\\/premios-asion-recoletas.png\",\"contentUrl\":\"https:\\\/\\\/www.gruporecoletas.com\\\/noticias\\\/wp-content\\\/uploads\\\/2022\\\/04\\\/premios-asion-recoletas.png\",\"width\":1366,\"height\":768,\"caption\":\"Recoletas Red Hospitalaria ha resultado finalista en la edici\u00f3n de este a\u00f1o de los premios convocados por la Asociaci\u00f3n Infantil Oncol\u00f3gica de Madrid (ASION) en reconocimiento a la solidaridad de la empresa en favor del c\u00e1ncer infantil.\"},{\"@type\":\"BreadcrumbList\",\"@id\":\"https:\\\/\\\/www.gruporecoletas.com\\\/noticias\\\/recoletas-finalista-premios-asion\\\/#breadcrumb\",\"itemListElement\":[{\"@type\":\"ListItem\",\"position\":1,\"name\":\"Portada\",\"item\":\"https:\\\/\\\/www.gruporecoletas.com\\\/noticias\\\/\"},{\"@type\":\"ListItem\",\"position\":2,\"name\":\"Recoletas, finalista de los Premios Asion\"}]},{\"@type\":\"WebSite\",\"@id\":\"https:\\\/\\\/www.gruporecoletas.com\\\/noticias\\\/#website\",\"url\":\"https:\\\/\\\/www.gruporecoletas.com\\\/noticias\\\/\",\"name\":\"Noticias Grupo Recoletas\",\"description\":\"Grupo Recoletas\",\"potentialAction\":[{\"@type\":\"SearchAction\",\"target\":{\"@type\":\"EntryPoint\",\"urlTemplate\":\"https:\\\/\\\/www.gruporecoletas.com\\\/noticias\\\/?s={search_term_string}\"},\"query-input\":{\"@type\":\"PropertyValueSpecification\",\"valueRequired\":true,\"valueName\":\"search_term_string\"}}],\"inLanguage\":\"es\"},{\"@type\":\"Person\",\"@id\":\"https:\\\/\\\/www.gruporecoletas.com\\\/noticias\\\/#\\\/schema\\\/person\\\/3c6ac429828d1f5e3d3bd99f4da9b02c\",\"name\":\"Recoletas Red Hospitalaria\",\"url\":\"https:\\\/\\\/www.gruporecoletas.com\\\/noticias\\\/author\\\/comunicacion\\\/\"}]}<\/script>\n<!-- \/ Yoast SEO Premium plugin. -->","yoast_head_json":{"title":"Recoletas, finalista de los Premios Asion - Noticias Grupo Recoletas","description":"Recoletas, finalista de los premios convocados por la Asociaci\u00f3n Infantil Oncol\u00f3gica de Madrid (ASION) en reconocimiento a la solidaridad de la empresa.","robots":{"index":"index","follow":"follow","max-snippet":"max-snippet:-1","max-image-preview":"max-image-preview:large","max-video-preview":"max-video-preview:-1"},"canonical":"https:\/\/www.gruporecoletas.com\/noticias\/recoletas-finalista-premios-asion\/","og_locale":"es_ES","og_type":"article","og_title":"Recoletas, finalista de los Premios Asion","og_description":"Recoletas, finalista de los premios convocados por la Asociaci\u00f3n Infantil Oncol\u00f3gica de Madrid (ASION) en reconocimiento a la solidaridad de la empresa.","og_url":"https:\/\/www.gruporecoletas.com\/noticias\/recoletas-finalista-premios-asion\/","og_site_name":"Noticias Grupo Recoletas","article_publisher":"https:\/\/www.facebook.com\/GrupoRecoletas\/","article_published_time":"2022-04-12T10:07:30+00:00","article_modified_time":"2022-04-12T10:07:31+00:00","og_image":[{"width":1366,"height":768,"url":"https:\/\/www.gruporecoletas.com\/noticias\/wp-content\/uploads\/2022\/04\/premios-asion-recoletas.png","type":"image\/png"}],"author":"Recoletas Red Hospitalaria","twitter_card":"summary_large_image","twitter_creator":"@GrupoRecoletas","twitter_site":"@GrupoRecoletas","twitter_misc":{"Escrito por":"Recoletas Red Hospitalaria","Tiempo de lectura":"1 minuto"},"schema":{"@context":"https:\/\/schema.org","@graph":[{"@type":"Article","@id":"https:\/\/www.gruporecoletas.com\/noticias\/recoletas-finalista-premios-asion\/#article","isPartOf":{"@id":"https:\/\/www.gruporecoletas.com\/noticias\/recoletas-finalista-premios-asion\/"},"author":{"name":"Recoletas Red Hospitalaria","@id":"https:\/\/www.gruporecoletas.com\/noticias\/#\/schema\/person\/3c6ac429828d1f5e3d3bd99f4da9b02c"},"headline":"Recoletas, finalista de los Premios Asion","datePublished":"2022-04-12T10:07:30+00:00","dateModified":"2022-04-12T10:07:31+00:00","mainEntityOfPage":{"@id":"https:\/\/www.gruporecoletas.com\/noticias\/recoletas-finalista-premios-asion\/"},"wordCount":171,"image":{"@id":"https:\/\/www.gruporecoletas.com\/noticias\/recoletas-finalista-premios-asion\/#primaryimage"},"thumbnailUrl":"https:\/\/www.gruporecoletas.com\/noticias\/wp-content\/uploads\/2022\/04\/premios-asion-recoletas.png","keywords":["Oncolog\u00eda","Oncolog\u00eda Infantil","Premios"],"articleSection":["Grupo Recoletas"],"inLanguage":"es"},{"@type":"WebPage","@id":"https:\/\/www.gruporecoletas.com\/noticias\/recoletas-finalista-premios-asion\/","url":"https:\/\/www.gruporecoletas.com\/noticias\/recoletas-finalista-premios-asion\/","name":"Recoletas, finalista de los Premios Asion - Noticias Grupo Recoletas","isPartOf":{"@id":"https:\/\/www.gruporecoletas.com\/noticias\/#website"},"primaryImageOfPage":{"@id":"https:\/\/www.gruporecoletas.com\/noticias\/recoletas-finalista-premios-asion\/#primaryimage"},"image":{"@id":"https:\/\/www.gruporecoletas.com\/noticias\/recoletas-finalista-premios-asion\/#primaryimage"},"thumbnailUrl":"https:\/\/www.gruporecoletas.com\/noticias\/wp-content\/uploads\/2022\/04\/premios-asion-recoletas.png","datePublished":"2022-04-12T10:07:30+00:00","dateModified":"2022-04-12T10:07:31+00:00","author":{"@id":"https:\/\/www.gruporecoletas.com\/noticias\/#\/schema\/person\/3c6ac429828d1f5e3d3bd99f4da9b02c"},"description":"Recoletas, finalista de los premios convocados por la Asociaci\u00f3n Infantil Oncol\u00f3gica de Madrid (ASION) en reconocimiento a la solidaridad de la empresa.","breadcrumb":{"@id":"https:\/\/www.gruporecoletas.com\/noticias\/recoletas-finalista-premios-asion\/#breadcrumb"},"inLanguage":"es","potentialAction":[{"@type":"ReadAction","target":["https:\/\/www.gruporecoletas.com\/noticias\/recoletas-finalista-premios-asion\/"]}]},{"@type":"ImageObject","inLanguage":"es","@id":"https:\/\/www.gruporecoletas.com\/noticias\/recoletas-finalista-premios-asion\/#primaryimage","url":"https:\/\/www.gruporecoletas.com\/noticias\/wp-content\/uploads\/2022\/04\/premios-asion-recoletas.png","contentUrl":"https:\/\/www.gruporecoletas.com\/noticias\/wp-content\/uploads\/2022\/04\/premios-asion-recoletas.png","width":1366,"height":768,"caption":"Recoletas Red Hospitalaria ha resultado finalista en la edici\u00f3n de este a\u00f1o de los premios convocados por la Asociaci\u00f3n Infantil Oncol\u00f3gica de Madrid (ASION) en reconocimiento a la solidaridad de la empresa en favor del c\u00e1ncer infantil."},{"@type":"BreadcrumbList","@id":"https:\/\/www.gruporecoletas.com\/noticias\/recoletas-finalista-premios-asion\/#breadcrumb","itemListElement":[{"@type":"ListItem","position":1,"name":"Portada","item":"https:\/\/www.gruporecoletas.com\/noticias\/"},{"@type":"ListItem","position":2,"name":"Recoletas, finalista de los Premios Asion"}]},{"@type":"WebSite","@id":"https:\/\/www.gruporecoletas.com\/noticias\/#website","url":"https:\/\/www.gruporecoletas.com\/noticias\/","name":"Noticias Grupo Recoletas","description":"Grupo Recoletas","potentialAction":[{"@type":"SearchAction","target":{"@type":"EntryPoint","urlTemplate":"https:\/\/www.gruporecoletas.com\/noticias\/?s={search_term_string}"},"query-input":{"@type":"PropertyValueSpecification","valueRequired":true,"valueName":"search_term_string"}}],"inLanguage":"es"},{"@type":"Person","@id":"https:\/\/www.gruporecoletas.com\/noticias\/#\/schema\/person\/3c6ac429828d1f5e3d3bd99f4da9b02c","name":"Recoletas Red Hospitalaria","url":"https:\/\/www.gruporecoletas.com\/noticias\/author\/comunicacion\/"}]}},"_links":{"self":[{"href":"https:\/\/www.gruporecoletas.com\/noticias\/wp-json\/wp\/v2\/posts\/15395","targetHints":{"allow":["GET"]}}],"collection":[{"href":"https:\/\/www.gruporecoletas.com\/noticias\/wp-json\/wp\/v2\/posts"}],"about":[{"href":"https:\/\/www.gruporecoletas.com\/noticias\/wp-json\/wp\/v2\/types\/post"}],"author":[{"embeddable":true,"href":"https:\/\/www.gruporecoletas.com\/noticias\/wp-json\/wp\/v2\/users\/2"}],"replies":[{"embeddable":true,"href":"https:\/\/www.gruporecoletas.com\/noticias\/wp-json\/wp\/v2\/comments?post=15395"}],"version-history":[{"count":1,"href":"https:\/\/www.gruporecoletas.com\/noticias\/wp-json\/wp\/v2\/posts\/15395\/revisions"}],"predecessor-version":[{"id":15397,"href":"https:\/\/www.gruporecoletas.com\/noticias\/wp-json\/wp\/v2\/posts\/15395\/revisions\/15397"}],"wp:featuredmedia":[{"embeddable":true,"href":"https:\/\/www.gruporecoletas.com\/noticias\/wp-json\/wp\/v2\/media\/15396"}],"wp:attachment":[{"href":"https:\/\/www.gruporecoletas.com\/noticias\/wp-json\/wp\/v2\/media?parent=15395"}],"wp:term":[{"taxonomy":"category","embeddable":true,"href":"https:\/\/www.gruporecoletas.com\/noticias\/wp-json\/wp\/v2\/categories?post=15395"},{"taxonomy":"post_tag","embeddable":true,"href":"https:\/\/www.gruporecoletas.com\/noticias\/wp-json\/wp\/v2\/tags?post=15395"}],"curies":[{"name":"wp","href":"https:\/\/api.w.org\/{rel}","templated":true}]}}