{"id":15494,"date":"2022-06-10T10:48:42","date_gmt":"2022-06-10T08:48:42","guid":{"rendered":"https:\/\/www.gruporecoletas.com\/noticias\/?p=15494"},"modified":"2022-06-10T12:48:13","modified_gmt":"2022-06-10T10:48:13","slug":"entra-funcionamiento-programa-recoletas-plus","status":"publish","type":"post","link":"https:\/\/www.gruporecoletas.com\/noticias\/entra-funcionamiento-programa-recoletas-plus\/","title":{"rendered":"Entra en funcionamiento en Guardo el programa \u00abRecoletas Plus\u00bb"},"content":{"rendered":"\n<p>Ya est\u00e1 en funcionamiento el programa de salud <strong>\u201cRecoletas Plus\u201d<\/strong> creado por y para las empresas y ciudadanos de <strong>Guardo<\/strong>, cuyo objetivo es dotarles de una <strong>asistencia personalizada<\/strong>, <strong>preferencial<\/strong> y de <strong>primer nivel <\/strong>en diferentes servicios sanitarios en funci\u00f3n de sus necesidades.<\/p>\n\n\n\n<p>Un programa que nace con vocaci\u00f3n de seguir favoreciendo a\u00fan m\u00e1s el tejido empresarial de Guardo, con el que actualmente el Centro M\u00e9dico Recoletas trabaja en distintos aspectos, tales como la <strong>atenci\u00f3n inmediata de accidentes laborales<\/strong>, <strong>valoraci\u00f3n de bajas laborales<\/strong>, la disposici\u00f3n de tratamientos a corto plazo y seguimientos de los tratamientos de recuperaci\u00f3n continuos y personalizados.<\/p>\n\n\n\n<p>En el <strong>Centro M\u00e9dico Recoletas Guardo <\/strong>se colabora tambi\u00e9n activamente con los servicios de prevenci\u00f3n de las empresas llevando a cabo los <strong>reconocimientos m\u00e9dicos<\/strong> de los empleados con una organizaci\u00f3n directa con la empresa y adapt\u00e1ndose siempre a sus necesidades.<\/p>\n\n\n\n<p>Rebeca B\u00e1scones, directora del Centro M\u00e9dico Recoletas Guardo, destac\u00f3 que Recoletas Red Hospitalaria tiene como uno de sus objetivos prioritarios <strong>aportar soluciones eficaces e innovadoras <\/strong>en la <strong>Espa\u00f1a despoblada<\/strong>. \u201cQue Recoletas haya creado este programa de salud para empresas y haya elegido Guardo para ponerlo en marcha y mejorar as\u00ed la vida de las personas trabajadoras de esta tierra a trav\u00e9s de la salud corporativa es una extraordinaria oportunidad para todos\u201d, se\u00f1al\u00f3.<\/p>\n\n\n\n<p>Por su parte, la gerente de Recoletas en Palencia, Bel\u00e9n Negro, insisti\u00f3 en los beneficios de este programa de salud, que proporciona una atenci\u00f3n sanitaria de excelencia a todos los vecinos de Guardo, sin necesidad de que \u00e9stos tengan que desplazarse fuera de sus municipios.<\/p>\n\n\n\n<p>El <strong>programa de salud corporativa <\/strong>que se ha presentado pone a disposici\u00f3n de los empresarios de la comarca y a sus trabajadores y familias grandes profesionales, <strong>tecnolog\u00eda m\u00e9dica avanzada<\/strong> y una cartera de <strong>servicios m\u00e9dicos de calidad.<\/strong><\/p>\n\n\n\n<p>Las principales ventajas de <strong>\u201cRecoletas Plus\u201d <\/strong>son la motivaci\u00f3n y estabilidad de los equipos de las empresas, la reducci\u00f3n del absentismo laboral, el aumento del rendimiento y la producci\u00f3n, un gasto totalmente deducible en el impuesto de sociedades y la puesta en valor de la empresa y la retribuci\u00f3n emocional.<\/p>\n\n\n\n<p>El acto de presentaci\u00f3n ha contado con la presencia del alcalde de Guardo, Juan Jes\u00fas Blanco Mu\u00f1iz, representaci\u00f3n del Ayuntamiento de Velillas del R\u00edo Carri\u00f3n y la asistencia de empresarios de la comarca que han depositado su confianza en este nuevo proyecto de Recoletas Red Hospitalaria.<\/p>\n","protected":false},"excerpt":{"rendered":"<p>Ya est\u00e1 en funcionamiento el programa de salud \u201cRecoletas Plus\u201d creado por y para las empresas y ciudadanos de Guardo, cuyo objetivo es dotarles de una asistencia personalizada, preferencial y de primer nivel en diferentes servicios sanitarios en funci\u00f3n de sus necesidades. Un programa que nace con vocaci\u00f3n de seguir favoreciendo a\u00fan m\u00e1s el tejido [&hellip;]<\/p>\n","protected":false},"author":2,"featured_media":15495,"comment_status":"closed","ping_status":"closed","sticky":false,"template":"","format":"standard","meta":{"_acf_changed":false,"footnotes":""},"categories":[43,1,11],"tags":[3267,3269],"class_list":["post-15494","post","type-post","status-publish","format-standard","has-post-thumbnail","hentry","category-centros","category-grupo-recoletas","category-palencia","tag-guardo","tag-recoletas-plus"],"acf":[],"yoast_head":"<!-- This site is optimized with the Yoast SEO Premium plugin v27.3 (Yoast SEO v27.3) - https:\/\/yoast.com\/product\/yoast-seo-premium-wordpress\/ -->\n<title>Entra en funcionamiento en Guardo el programa &quot;Recoletas Plus&quot; - Noticias Grupo Recoletas<\/title>\n<meta name=\"description\" content=\"Recoletas presenta en Guardo el programa de salud corporativa que pone a disposici\u00f3n de las empresas y sus trabajadores una atenci\u00f3n m\u00e9dica de calidad\" \/>\n<meta name=\"robots\" content=\"index, follow, max-snippet:-1, max-image-preview:large, max-video-preview:-1\" \/>\n<link rel=\"canonical\" href=\"https:\/\/www.gruporecoletas.com\/noticias\/entra-funcionamiento-programa-recoletas-plus\/\" \/>\n<meta property=\"og:locale\" content=\"es_ES\" \/>\n<meta property=\"og:type\" content=\"article\" \/>\n<meta property=\"og:title\" content=\"Entra en funcionamiento en Guardo el programa &quot;Recoletas Plus&quot;\" \/>\n<meta property=\"og:description\" content=\"Recoletas presenta en Guardo el programa de salud corporativa que pone a disposici\u00f3n de las empresas y sus trabajadores una atenci\u00f3n m\u00e9dica de calidad\" \/>\n<meta property=\"og:url\" content=\"https:\/\/www.gruporecoletas.com\/noticias\/entra-funcionamiento-programa-recoletas-plus\/\" \/>\n<meta property=\"og:site_name\" content=\"Noticias Grupo Recoletas\" \/>\n<meta property=\"article:publisher\" content=\"https:\/\/www.facebook.com\/GrupoRecoletas\/\" \/>\n<meta property=\"article:published_time\" content=\"2022-06-10T08:48:42+00:00\" \/>\n<meta property=\"article:modified_time\" content=\"2022-06-10T10:48:13+00:00\" \/>\n<meta property=\"og:image\" content=\"https:\/\/www.gruporecoletas.com\/noticias\/wp-content\/uploads\/2022\/06\/presentacion-recoletas-salud.png\" \/>\n\t<meta property=\"og:image:width\" content=\"1366\" \/>\n\t<meta property=\"og:image:height\" content=\"768\" \/>\n\t<meta property=\"og:image:type\" content=\"image\/png\" \/>\n<meta name=\"author\" content=\"Recoletas Red Hospitalaria\" \/>\n<meta name=\"twitter:card\" content=\"summary_large_image\" \/>\n<meta name=\"twitter:creator\" content=\"@GrupoRecoletas\" \/>\n<meta name=\"twitter:site\" content=\"@GrupoRecoletas\" \/>\n<meta name=\"twitter:label1\" content=\"Escrito por\" \/>\n\t<meta name=\"twitter:data1\" content=\"Recoletas Red Hospitalaria\" \/>\n\t<meta name=\"twitter:label2\" content=\"Tiempo de lectura\" \/>\n\t<meta name=\"twitter:data2\" content=\"2 minutos\" \/>\n<script type=\"application\/ld+json\" class=\"yoast-schema-graph\">{\"@context\":\"https:\\\/\\\/schema.org\",\"@graph\":[{\"@type\":\"Article\",\"@id\":\"https:\\\/\\\/www.gruporecoletas.com\\\/noticias\\\/entra-funcionamiento-programa-recoletas-plus\\\/#article\",\"isPartOf\":{\"@id\":\"https:\\\/\\\/www.gruporecoletas.com\\\/noticias\\\/entra-funcionamiento-programa-recoletas-plus\\\/\"},\"author\":{\"name\":\"Recoletas Red Hospitalaria\",\"@id\":\"https:\\\/\\\/www.gruporecoletas.com\\\/noticias\\\/#\\\/schema\\\/person\\\/3c6ac429828d1f5e3d3bd99f4da9b02c\"},\"headline\":\"Entra en funcionamiento en Guardo el programa \u00abRecoletas Plus\u00bb\",\"datePublished\":\"2022-06-10T08:48:42+00:00\",\"dateModified\":\"2022-06-10T10:48:13+00:00\",\"mainEntityOfPage\":{\"@id\":\"https:\\\/\\\/www.gruporecoletas.com\\\/noticias\\\/entra-funcionamiento-programa-recoletas-plus\\\/\"},\"wordCount\":434,\"image\":{\"@id\":\"https:\\\/\\\/www.gruporecoletas.com\\\/noticias\\\/entra-funcionamiento-programa-recoletas-plus\\\/#primaryimage\"},\"thumbnailUrl\":\"https:\\\/\\\/www.gruporecoletas.com\\\/noticias\\\/wp-content\\\/uploads\\\/2022\\\/06\\\/presentacion-recoletas-salud.png\",\"keywords\":[\"Guardo\",\"Recoletas Plus\"],\"articleSection\":[\"Centros\",\"Grupo Recoletas\",\"Palencia\"],\"inLanguage\":\"es\"},{\"@type\":\"WebPage\",\"@id\":\"https:\\\/\\\/www.gruporecoletas.com\\\/noticias\\\/entra-funcionamiento-programa-recoletas-plus\\\/\",\"url\":\"https:\\\/\\\/www.gruporecoletas.com\\\/noticias\\\/entra-funcionamiento-programa-recoletas-plus\\\/\",\"name\":\"Entra en funcionamiento en Guardo el programa \\\"Recoletas Plus\\\" - Noticias Grupo Recoletas\",\"isPartOf\":{\"@id\":\"https:\\\/\\\/www.gruporecoletas.com\\\/noticias\\\/#website\"},\"primaryImageOfPage\":{\"@id\":\"https:\\\/\\\/www.gruporecoletas.com\\\/noticias\\\/entra-funcionamiento-programa-recoletas-plus\\\/#primaryimage\"},\"image\":{\"@id\":\"https:\\\/\\\/www.gruporecoletas.com\\\/noticias\\\/entra-funcionamiento-programa-recoletas-plus\\\/#primaryimage\"},\"thumbnailUrl\":\"https:\\\/\\\/www.gruporecoletas.com\\\/noticias\\\/wp-content\\\/uploads\\\/2022\\\/06\\\/presentacion-recoletas-salud.png\",\"datePublished\":\"2022-06-10T08:48:42+00:00\",\"dateModified\":\"2022-06-10T10:48:13+00:00\",\"author\":{\"@id\":\"https:\\\/\\\/www.gruporecoletas.com\\\/noticias\\\/#\\\/schema\\\/person\\\/3c6ac429828d1f5e3d3bd99f4da9b02c\"},\"description\":\"Recoletas presenta en Guardo el programa de salud corporativa que pone a disposici\u00f3n de las empresas y sus trabajadores una atenci\u00f3n m\u00e9dica de calidad\",\"breadcrumb\":{\"@id\":\"https:\\\/\\\/www.gruporecoletas.com\\\/noticias\\\/entra-funcionamiento-programa-recoletas-plus\\\/#breadcrumb\"},\"inLanguage\":\"es\",\"potentialAction\":[{\"@type\":\"ReadAction\",\"target\":[\"https:\\\/\\\/www.gruporecoletas.com\\\/noticias\\\/entra-funcionamiento-programa-recoletas-plus\\\/\"]}]},{\"@type\":\"ImageObject\",\"inLanguage\":\"es\",\"@id\":\"https:\\\/\\\/www.gruporecoletas.com\\\/noticias\\\/entra-funcionamiento-programa-recoletas-plus\\\/#primaryimage\",\"url\":\"https:\\\/\\\/www.gruporecoletas.com\\\/noticias\\\/wp-content\\\/uploads\\\/2022\\\/06\\\/presentacion-recoletas-salud.png\",\"contentUrl\":\"https:\\\/\\\/www.gruporecoletas.com\\\/noticias\\\/wp-content\\\/uploads\\\/2022\\\/06\\\/presentacion-recoletas-salud.png\",\"width\":1366,\"height\":768,\"caption\":\"Recoletas presenta en Guardo el programa de salud corporativa que pone a disposici\u00f3n de las empresas y sus trabajadores una atenci\u00f3n m\u00e9dica de calidad\"},{\"@type\":\"BreadcrumbList\",\"@id\":\"https:\\\/\\\/www.gruporecoletas.com\\\/noticias\\\/entra-funcionamiento-programa-recoletas-plus\\\/#breadcrumb\",\"itemListElement\":[{\"@type\":\"ListItem\",\"position\":1,\"name\":\"Portada\",\"item\":\"https:\\\/\\\/www.gruporecoletas.com\\\/noticias\\\/\"},{\"@type\":\"ListItem\",\"position\":2,\"name\":\"Entra en funcionamiento en Guardo el programa \u00abRecoletas Plus\u00bb\"}]},{\"@type\":\"WebSite\",\"@id\":\"https:\\\/\\\/www.gruporecoletas.com\\\/noticias\\\/#website\",\"url\":\"https:\\\/\\\/www.gruporecoletas.com\\\/noticias\\\/\",\"name\":\"Noticias Grupo Recoletas\",\"description\":\"Grupo Recoletas\",\"potentialAction\":[{\"@type\":\"SearchAction\",\"target\":{\"@type\":\"EntryPoint\",\"urlTemplate\":\"https:\\\/\\\/www.gruporecoletas.com\\\/noticias\\\/?s={search_term_string}\"},\"query-input\":{\"@type\":\"PropertyValueSpecification\",\"valueRequired\":true,\"valueName\":\"search_term_string\"}}],\"inLanguage\":\"es\"},{\"@type\":\"Person\",\"@id\":\"https:\\\/\\\/www.gruporecoletas.com\\\/noticias\\\/#\\\/schema\\\/person\\\/3c6ac429828d1f5e3d3bd99f4da9b02c\",\"name\":\"Recoletas Red Hospitalaria\",\"url\":\"https:\\\/\\\/www.gruporecoletas.com\\\/noticias\\\/author\\\/comunicacion\\\/\"}]}<\/script>\n<!-- \/ Yoast SEO Premium plugin. -->","yoast_head_json":{"title":"Entra en funcionamiento en Guardo el programa \"Recoletas Plus\" - Noticias Grupo Recoletas","description":"Recoletas presenta en Guardo el programa de salud corporativa que pone a disposici\u00f3n de las empresas y sus trabajadores una atenci\u00f3n m\u00e9dica de calidad","robots":{"index":"index","follow":"follow","max-snippet":"max-snippet:-1","max-image-preview":"max-image-preview:large","max-video-preview":"max-video-preview:-1"},"canonical":"https:\/\/www.gruporecoletas.com\/noticias\/entra-funcionamiento-programa-recoletas-plus\/","og_locale":"es_ES","og_type":"article","og_title":"Entra en funcionamiento en Guardo el programa \"Recoletas Plus\"","og_description":"Recoletas presenta en Guardo el programa de salud corporativa que pone a disposici\u00f3n de las empresas y sus trabajadores una atenci\u00f3n m\u00e9dica de calidad","og_url":"https:\/\/www.gruporecoletas.com\/noticias\/entra-funcionamiento-programa-recoletas-plus\/","og_site_name":"Noticias Grupo Recoletas","article_publisher":"https:\/\/www.facebook.com\/GrupoRecoletas\/","article_published_time":"2022-06-10T08:48:42+00:00","article_modified_time":"2022-06-10T10:48:13+00:00","og_image":[{"width":1366,"height":768,"url":"https:\/\/www.gruporecoletas.com\/noticias\/wp-content\/uploads\/2022\/06\/presentacion-recoletas-salud.png","type":"image\/png"}],"author":"Recoletas Red Hospitalaria","twitter_card":"summary_large_image","twitter_creator":"@GrupoRecoletas","twitter_site":"@GrupoRecoletas","twitter_misc":{"Escrito por":"Recoletas Red Hospitalaria","Tiempo de lectura":"2 minutos"},"schema":{"@context":"https:\/\/schema.org","@graph":[{"@type":"Article","@id":"https:\/\/www.gruporecoletas.com\/noticias\/entra-funcionamiento-programa-recoletas-plus\/#article","isPartOf":{"@id":"https:\/\/www.gruporecoletas.com\/noticias\/entra-funcionamiento-programa-recoletas-plus\/"},"author":{"name":"Recoletas Red Hospitalaria","@id":"https:\/\/www.gruporecoletas.com\/noticias\/#\/schema\/person\/3c6ac429828d1f5e3d3bd99f4da9b02c"},"headline":"Entra en funcionamiento en Guardo el programa \u00abRecoletas Plus\u00bb","datePublished":"2022-06-10T08:48:42+00:00","dateModified":"2022-06-10T10:48:13+00:00","mainEntityOfPage":{"@id":"https:\/\/www.gruporecoletas.com\/noticias\/entra-funcionamiento-programa-recoletas-plus\/"},"wordCount":434,"image":{"@id":"https:\/\/www.gruporecoletas.com\/noticias\/entra-funcionamiento-programa-recoletas-plus\/#primaryimage"},"thumbnailUrl":"https:\/\/www.gruporecoletas.com\/noticias\/wp-content\/uploads\/2022\/06\/presentacion-recoletas-salud.png","keywords":["Guardo","Recoletas Plus"],"articleSection":["Centros","Grupo Recoletas","Palencia"],"inLanguage":"es"},{"@type":"WebPage","@id":"https:\/\/www.gruporecoletas.com\/noticias\/entra-funcionamiento-programa-recoletas-plus\/","url":"https:\/\/www.gruporecoletas.com\/noticias\/entra-funcionamiento-programa-recoletas-plus\/","name":"Entra en funcionamiento en Guardo el programa \"Recoletas Plus\" - Noticias Grupo Recoletas","isPartOf":{"@id":"https:\/\/www.gruporecoletas.com\/noticias\/#website"},"primaryImageOfPage":{"@id":"https:\/\/www.gruporecoletas.com\/noticias\/entra-funcionamiento-programa-recoletas-plus\/#primaryimage"},"image":{"@id":"https:\/\/www.gruporecoletas.com\/noticias\/entra-funcionamiento-programa-recoletas-plus\/#primaryimage"},"thumbnailUrl":"https:\/\/www.gruporecoletas.com\/noticias\/wp-content\/uploads\/2022\/06\/presentacion-recoletas-salud.png","datePublished":"2022-06-10T08:48:42+00:00","dateModified":"2022-06-10T10:48:13+00:00","author":{"@id":"https:\/\/www.gruporecoletas.com\/noticias\/#\/schema\/person\/3c6ac429828d1f5e3d3bd99f4da9b02c"},"description":"Recoletas presenta en Guardo el programa de salud corporativa que pone a disposici\u00f3n de las empresas y sus trabajadores una atenci\u00f3n m\u00e9dica de calidad","breadcrumb":{"@id":"https:\/\/www.gruporecoletas.com\/noticias\/entra-funcionamiento-programa-recoletas-plus\/#breadcrumb"},"inLanguage":"es","potentialAction":[{"@type":"ReadAction","target":["https:\/\/www.gruporecoletas.com\/noticias\/entra-funcionamiento-programa-recoletas-plus\/"]}]},{"@type":"ImageObject","inLanguage":"es","@id":"https:\/\/www.gruporecoletas.com\/noticias\/entra-funcionamiento-programa-recoletas-plus\/#primaryimage","url":"https:\/\/www.gruporecoletas.com\/noticias\/wp-content\/uploads\/2022\/06\/presentacion-recoletas-salud.png","contentUrl":"https:\/\/www.gruporecoletas.com\/noticias\/wp-content\/uploads\/2022\/06\/presentacion-recoletas-salud.png","width":1366,"height":768,"caption":"Recoletas presenta en Guardo el programa de salud corporativa que pone a disposici\u00f3n de las empresas y sus trabajadores una atenci\u00f3n m\u00e9dica de calidad"},{"@type":"BreadcrumbList","@id":"https:\/\/www.gruporecoletas.com\/noticias\/entra-funcionamiento-programa-recoletas-plus\/#breadcrumb","itemListElement":[{"@type":"ListItem","position":1,"name":"Portada","item":"https:\/\/www.gruporecoletas.com\/noticias\/"},{"@type":"ListItem","position":2,"name":"Entra en funcionamiento en Guardo el programa \u00abRecoletas Plus\u00bb"}]},{"@type":"WebSite","@id":"https:\/\/www.gruporecoletas.com\/noticias\/#website","url":"https:\/\/www.gruporecoletas.com\/noticias\/","name":"Noticias Grupo Recoletas","description":"Grupo Recoletas","potentialAction":[{"@type":"SearchAction","target":{"@type":"EntryPoint","urlTemplate":"https:\/\/www.gruporecoletas.com\/noticias\/?s={search_term_string}"},"query-input":{"@type":"PropertyValueSpecification","valueRequired":true,"valueName":"search_term_string"}}],"inLanguage":"es"},{"@type":"Person","@id":"https:\/\/www.gruporecoletas.com\/noticias\/#\/schema\/person\/3c6ac429828d1f5e3d3bd99f4da9b02c","name":"Recoletas Red Hospitalaria","url":"https:\/\/www.gruporecoletas.com\/noticias\/author\/comunicacion\/"}]}},"_links":{"self":[{"href":"https:\/\/www.gruporecoletas.com\/noticias\/wp-json\/wp\/v2\/posts\/15494","targetHints":{"allow":["GET"]}}],"collection":[{"href":"https:\/\/www.gruporecoletas.com\/noticias\/wp-json\/wp\/v2\/posts"}],"about":[{"href":"https:\/\/www.gruporecoletas.com\/noticias\/wp-json\/wp\/v2\/types\/post"}],"author":[{"embeddable":true,"href":"https:\/\/www.gruporecoletas.com\/noticias\/wp-json\/wp\/v2\/users\/2"}],"replies":[{"embeddable":true,"href":"https:\/\/www.gruporecoletas.com\/noticias\/wp-json\/wp\/v2\/comments?post=15494"}],"version-history":[{"count":2,"href":"https:\/\/www.gruporecoletas.com\/noticias\/wp-json\/wp\/v2\/posts\/15494\/revisions"}],"predecessor-version":[{"id":15501,"href":"https:\/\/www.gruporecoletas.com\/noticias\/wp-json\/wp\/v2\/posts\/15494\/revisions\/15501"}],"wp:featuredmedia":[{"embeddable":true,"href":"https:\/\/www.gruporecoletas.com\/noticias\/wp-json\/wp\/v2\/media\/15495"}],"wp:attachment":[{"href":"https:\/\/www.gruporecoletas.com\/noticias\/wp-json\/wp\/v2\/media?parent=15494"}],"wp:term":[{"taxonomy":"category","embeddable":true,"href":"https:\/\/www.gruporecoletas.com\/noticias\/wp-json\/wp\/v2\/categories?post=15494"},{"taxonomy":"post_tag","embeddable":true,"href":"https:\/\/www.gruporecoletas.com\/noticias\/wp-json\/wp\/v2\/tags?post=15494"}],"curies":[{"name":"wp","href":"https:\/\/api.w.org\/{rel}","templated":true}]}}