{"id":15511,"date":"2022-06-21T13:53:28","date_gmt":"2022-06-21T11:53:28","guid":{"rendered":"https:\/\/www.gruporecoletas.com\/noticias\/?p=15511"},"modified":"2022-06-21T13:53:33","modified_gmt":"2022-06-21T11:53:33","slug":"cuidado-piojos-verano","status":"publish","type":"post","link":"https:\/\/www.gruporecoletas.com\/noticias\/cuidado-piojos-verano\/","title":{"rendered":"\u00a1Cuidado con los piojos en verano!"},"content":{"rendered":"\n<p>Los <strong>piojos<\/strong>, como muchas personas, esperan con emoci\u00f3n la llegada del <strong>verano<\/strong> y las buenas temperaturas, pero no para ir de vacaciones, sino para comenzar su <strong>\u00e9poca de mayor apogeo<\/strong>. Lejos de  las temperaturas invernales que dificultan su supervivencia y acortan el tiempo que pueden subsistir fuera del cuerpo humano, aprovechan el calor para convertirse en un molesto invitado. <\/p>\n\n\n\n<p>Por eso, aunque la vuelta al cole est\u00e9 lejos y ya no tengas quebraderos de cabeza por los brotes originados en las clases de los m\u00e1s peque\u00f1os, durante el verano debes<a href=\"https:\/\/www.gruporecoletas.com\/noticias\/combatir-los-piojos\/\"> <strong>extremar los cuidados y la precauci\u00f3n<\/strong> para combatir los piojos<\/a>.<\/p>\n\n\n\n<p>Sigue leyendo y descubre <strong>qu\u00e9 son los piojos<\/strong>, c<strong>\u00f3mo puedes prevenir su aparici\u00f3n<\/strong>, <strong>cu\u00e1l es su tratamiento<\/strong> y muchas m\u00e1s curiosidades.<\/p>\n\n\n\n<h2 class=\"wp-block-heading\">\u00bfQu\u00e9 son los piojos?<\/h2>\n\n\n\n<p>Estos peque\u00f1os <strong>par\u00e1sitos<\/strong> se ubican en la <strong>cabeza de las personas<\/strong> y se nutren de su <strong>sangre<\/strong>. Cuando muerden el cuero cabelludo para alimentarse, la saliva que depositan provoca una r<strong>eacci\u00f3n al\u00e9rgica<\/strong> que ocasiona el <strong>picor<\/strong> caracter\u00edstico y molesto de estos insectos. <\/p>\n\n\n\n<h2 class=\"wp-block-heading\">\u00bfC\u00f3mo puedo prevenir los piojos en verano?<\/h2>\n\n\n\n<p>Las vacaciones, los campamentos y las largas tardes en el parque son algunos de los factores que favorecen que los piojos viajen de una cabeza a otra sin demasiada dificultad durante el verano. Sin embargo, estas f\u00e1ciles <strong>medidas de prevenci\u00f3n<\/strong> te ayudar\u00e1n a<strong> evitar su contagio<\/strong> o <strong>detectar su presencia lo antes posible<\/strong>:<\/p>\n\n\n\n<ul class=\"wp-block-list\"><li>Revisa frecuentemente el pelo de tus hijos para buscar liendres.<\/li><li>Evita que los ni\u00f1os intercambien cepillos, peines, gorras y toallas.<\/li><li>Si tienes el pelo largo, hazte un recogido para evitar que tu cabello entre en contacto con el de otras personas.<\/li><li>Usa peines de p\u00faas finas o una lendrera para la eliminaci\u00f3n de las liendres.<\/li><li>Limpia bien los cepillos y peines en agua caliente con frecuencia.<\/li><\/ul>\n\n\n\n<h2 class=\"wp-block-heading\">\u00bfC\u00f3mo puedo eliminar los piojos?<\/h2>\n\n\n\n<p>Y, si tus hijos se han contagiado, no te preocupes, los piojos de la cabeza (porque existen otros tipos) no transmiten ning\u00fan tipo de enfermedad y tienen f\u00e1cil soluci\u00f3n. Acude a tu pediatra y sigue todas su indicaciones sobre c\u00f3mo actuar para eliminar los par\u00e1sitos de una manera eficaz. En los casos m\u00e1s persistentes, es posible que necesites visitar a un dermat\u00f3logo.<\/p>\n\n\n\n<p>No obstante, los <strong>tratamientos m\u00e1s comunes<\/strong> son:<\/p>\n\n\n\n<ul class=\"wp-block-list\"><li>La <strong>permetrina <\/strong>es una sustancia qu\u00edmica que se ha usado durante a\u00f1os para combatir a estos par\u00e1sitos. Hasta tal punto que existe un alto porcentaje de <strong>piojos resistentes<\/strong> a este tratamiento.<\/li><li>Por el contrario, las <strong>dimeticonas<\/strong>\u00a0son una opci\u00f3n de<strong> tratamiento m\u00e1s moderno<\/strong>: son siliconas de alta densidad que asfixian al piojo por mecanismos f\u00edsicos. Este tipo de sustancia es recomendable en <strong>ni\u00f1os asm\u00e1ticos, at\u00f3picos o con la piel m\u00e1s sensible<\/strong>. Se suele utilizar en los casos en los que la permetrina no ha funcionado.<\/li><li><strong>Alcohol benc\u00edlico<\/strong>. Un compuesto org\u00e1nico muy eficaz que, a pesar de estar autorizado en Estados Unidos desde 2009, ha tardado en llegar a Espa\u00f1a. Act\u00faa matando a los piojos, pero no a los huevos. Por eso, es necesario <strong>repetir el proceso <\/strong>cuando hayan eclosionado.<\/li><\/ul>\n\n\n\n<p>Por lo general, estos compuestos se suelen encontrar en lociones y champ\u00fas para facilitar su uso y aplicaci\u00f3n. Sin embargo, estas no son las \u00fanicas soluciones, existen ciertos remedios naturales que pueden ayudar su eliminaci\u00f3n. <\/p>\n\n\n\n<h2 class=\"wp-block-heading\">10 cosas que no sab\u00edas sobre los piojos<\/h2>\n\n\n\n<p>Ahora que ya conoces qu\u00e9 son, c\u00f3mo se previenen y cu\u00e1les son los tratamientos para eliminar los piojos durante el verano, descubre estas 10 curiosidades que seguro no conoc\u00edas. <\/p>\n\n\n\n<ul class=\"wp-block-list\"><li>Un piojo adulto mide 3 o 4 mm.<\/li><li>Son transparentes y cambian de color cuando se alimentan.<\/li><li>Los piojos no pueden volar y tampoco saltan.<\/li><li>Son muy r\u00e1pidos.<\/li><li>Se adhieren mejor al pelo limpio y rizado.<\/li><li>Tienen las patas en forma de gancho.<\/li><li>Pasan de una cabeza otra por el contacto directo del cabello.<\/li><li>Huyen de la luz.<\/li><li>Viven aproximadamente durante 30 d\u00edas y, en ese tiempo, las hembras pueden depositar entre 200 y 300 huevos.<\/li><li>Sin alimento, solo sobreviven durante dos d\u00edas.<\/li><\/ul>\n","protected":false},"excerpt":{"rendered":"<p>Los piojos, como muchas personas, esperan con emoci\u00f3n la llegada del verano y las buenas temperaturas, pero no para ir de vacaciones, sino para comenzar su \u00e9poca de mayor apogeo. Lejos de las temperaturas invernales que dificultan su supervivencia y acortan el tiempo que pueden subsistir fuera del cuerpo humano, aprovechan el calor para convertirse [&hellip;]<\/p>\n","protected":false},"author":2,"featured_media":15512,"comment_status":"closed","ping_status":"closed","sticky":false,"template":"","format":"standard","meta":{"_acf_changed":false,"footnotes":""},"categories":[1,44],"tags":[2608,3272,3271],"class_list":["post-15511","post","type-post","status-publish","format-standard","has-post-thumbnail","hentry","category-grupo-recoletas","category-pediatria","tag-cuidados-en-verano","tag-piojos","tag-verano"],"acf":[],"yoast_head":"<!-- This site is optimized with the Yoast SEO Premium plugin v27.3 (Yoast SEO v27.3) - https:\/\/yoast.com\/product\/yoast-seo-premium-wordpress\/ -->\n<title>\u00a1Cuidado con los piojos en verano! - Noticias Grupo Recoletas<\/title>\n<meta name=\"description\" content=\"Los piojos esperan con emoci\u00f3n la llegada del verano y las buenas temperaturas, pero no para ir de vacaciones, sino para comenzar su \u00e9poca de mayor apogeo\" \/>\n<meta name=\"robots\" content=\"index, follow, max-snippet:-1, max-image-preview:large, max-video-preview:-1\" \/>\n<link rel=\"canonical\" href=\"https:\/\/www.gruporecoletas.com\/noticias\/cuidado-piojos-verano\/\" \/>\n<meta property=\"og:locale\" content=\"es_ES\" \/>\n<meta property=\"og:type\" content=\"article\" \/>\n<meta property=\"og:title\" content=\"\u00a1Cuidado con los piojos en verano!\" \/>\n<meta property=\"og:description\" content=\"Los piojos esperan con emoci\u00f3n la llegada del verano y las buenas temperaturas, pero no para ir de vacaciones, sino para comenzar su \u00e9poca de mayor apogeo\" \/>\n<meta property=\"og:url\" content=\"https:\/\/www.gruporecoletas.com\/noticias\/cuidado-piojos-verano\/\" \/>\n<meta property=\"og:site_name\" content=\"Noticias Grupo Recoletas\" \/>\n<meta property=\"article:publisher\" content=\"https:\/\/www.facebook.com\/GrupoRecoletas\/\" \/>\n<meta property=\"article:published_time\" content=\"2022-06-21T11:53:28+00:00\" \/>\n<meta property=\"article:modified_time\" content=\"2022-06-21T11:53:33+00:00\" \/>\n<meta property=\"og:image\" content=\"https:\/\/www.gruporecoletas.com\/noticias\/wp-content\/uploads\/2022\/06\/post-blog-piojos-verano-recoletas.png\" \/>\n\t<meta property=\"og:image:width\" content=\"1366\" \/>\n\t<meta property=\"og:image:height\" content=\"768\" \/>\n\t<meta property=\"og:image:type\" content=\"image\/png\" \/>\n<meta name=\"author\" content=\"Recoletas Red Hospitalaria\" \/>\n<meta name=\"twitter:card\" content=\"summary_large_image\" \/>\n<meta name=\"twitter:creator\" content=\"@GrupoRecoletas\" \/>\n<meta name=\"twitter:site\" content=\"@GrupoRecoletas\" \/>\n<meta name=\"twitter:label1\" content=\"Escrito por\" \/>\n\t<meta name=\"twitter:data1\" content=\"Recoletas Red Hospitalaria\" \/>\n\t<meta name=\"twitter:label2\" content=\"Tiempo de lectura\" \/>\n\t<meta name=\"twitter:data2\" content=\"3 minutos\" \/>\n<script type=\"application\/ld+json\" class=\"yoast-schema-graph\">{\"@context\":\"https:\\\/\\\/schema.org\",\"@graph\":[{\"@type\":\"Article\",\"@id\":\"https:\\\/\\\/www.gruporecoletas.com\\\/noticias\\\/cuidado-piojos-verano\\\/#article\",\"isPartOf\":{\"@id\":\"https:\\\/\\\/www.gruporecoletas.com\\\/noticias\\\/cuidado-piojos-verano\\\/\"},\"author\":{\"name\":\"Recoletas Red Hospitalaria\",\"@id\":\"https:\\\/\\\/www.gruporecoletas.com\\\/noticias\\\/#\\\/schema\\\/person\\\/3c6ac429828d1f5e3d3bd99f4da9b02c\"},\"headline\":\"\u00a1Cuidado con los piojos en verano!\",\"datePublished\":\"2022-06-21T11:53:28+00:00\",\"dateModified\":\"2022-06-21T11:53:33+00:00\",\"mainEntityOfPage\":{\"@id\":\"https:\\\/\\\/www.gruporecoletas.com\\\/noticias\\\/cuidado-piojos-verano\\\/\"},\"wordCount\":702,\"image\":{\"@id\":\"https:\\\/\\\/www.gruporecoletas.com\\\/noticias\\\/cuidado-piojos-verano\\\/#primaryimage\"},\"thumbnailUrl\":\"https:\\\/\\\/www.gruporecoletas.com\\\/noticias\\\/wp-content\\\/uploads\\\/2022\\\/06\\\/post-blog-piojos-verano-recoletas.png\",\"keywords\":[\"cuidados en verano\",\"piojos\",\"verano\"],\"articleSection\":[\"Grupo Recoletas\",\"Pediatr\u00eda\"],\"inLanguage\":\"es\"},{\"@type\":\"WebPage\",\"@id\":\"https:\\\/\\\/www.gruporecoletas.com\\\/noticias\\\/cuidado-piojos-verano\\\/\",\"url\":\"https:\\\/\\\/www.gruporecoletas.com\\\/noticias\\\/cuidado-piojos-verano\\\/\",\"name\":\"\u00a1Cuidado con los piojos en verano! - Noticias Grupo Recoletas\",\"isPartOf\":{\"@id\":\"https:\\\/\\\/www.gruporecoletas.com\\\/noticias\\\/#website\"},\"primaryImageOfPage\":{\"@id\":\"https:\\\/\\\/www.gruporecoletas.com\\\/noticias\\\/cuidado-piojos-verano\\\/#primaryimage\"},\"image\":{\"@id\":\"https:\\\/\\\/www.gruporecoletas.com\\\/noticias\\\/cuidado-piojos-verano\\\/#primaryimage\"},\"thumbnailUrl\":\"https:\\\/\\\/www.gruporecoletas.com\\\/noticias\\\/wp-content\\\/uploads\\\/2022\\\/06\\\/post-blog-piojos-verano-recoletas.png\",\"datePublished\":\"2022-06-21T11:53:28+00:00\",\"dateModified\":\"2022-06-21T11:53:33+00:00\",\"author\":{\"@id\":\"https:\\\/\\\/www.gruporecoletas.com\\\/noticias\\\/#\\\/schema\\\/person\\\/3c6ac429828d1f5e3d3bd99f4da9b02c\"},\"description\":\"Los piojos esperan con emoci\u00f3n la llegada del verano y las buenas temperaturas, pero no para ir de vacaciones, sino para comenzar su \u00e9poca de mayor apogeo\",\"breadcrumb\":{\"@id\":\"https:\\\/\\\/www.gruporecoletas.com\\\/noticias\\\/cuidado-piojos-verano\\\/#breadcrumb\"},\"inLanguage\":\"es\",\"potentialAction\":[{\"@type\":\"ReadAction\",\"target\":[\"https:\\\/\\\/www.gruporecoletas.com\\\/noticias\\\/cuidado-piojos-verano\\\/\"]}]},{\"@type\":\"ImageObject\",\"inLanguage\":\"es\",\"@id\":\"https:\\\/\\\/www.gruporecoletas.com\\\/noticias\\\/cuidado-piojos-verano\\\/#primaryimage\",\"url\":\"https:\\\/\\\/www.gruporecoletas.com\\\/noticias\\\/wp-content\\\/uploads\\\/2022\\\/06\\\/post-blog-piojos-verano-recoletas.png\",\"contentUrl\":\"https:\\\/\\\/www.gruporecoletas.com\\\/noticias\\\/wp-content\\\/uploads\\\/2022\\\/06\\\/post-blog-piojos-verano-recoletas.png\",\"width\":1366,\"height\":768,\"caption\":\"Los piojos, como muchas personas, esperan con emoci\u00f3n la llegada del verano y las buenas temperaturas, pero no para ir de vacaciones, sino para comenzar su \u00e9poca de mayor apogeo.\"},{\"@type\":\"BreadcrumbList\",\"@id\":\"https:\\\/\\\/www.gruporecoletas.com\\\/noticias\\\/cuidado-piojos-verano\\\/#breadcrumb\",\"itemListElement\":[{\"@type\":\"ListItem\",\"position\":1,\"name\":\"Portada\",\"item\":\"https:\\\/\\\/www.gruporecoletas.com\\\/noticias\\\/\"},{\"@type\":\"ListItem\",\"position\":2,\"name\":\"\u00a1Cuidado con los piojos en verano!\"}]},{\"@type\":\"WebSite\",\"@id\":\"https:\\\/\\\/www.gruporecoletas.com\\\/noticias\\\/#website\",\"url\":\"https:\\\/\\\/www.gruporecoletas.com\\\/noticias\\\/\",\"name\":\"Noticias Grupo Recoletas\",\"description\":\"Grupo Recoletas\",\"potentialAction\":[{\"@type\":\"SearchAction\",\"target\":{\"@type\":\"EntryPoint\",\"urlTemplate\":\"https:\\\/\\\/www.gruporecoletas.com\\\/noticias\\\/?s={search_term_string}\"},\"query-input\":{\"@type\":\"PropertyValueSpecification\",\"valueRequired\":true,\"valueName\":\"search_term_string\"}}],\"inLanguage\":\"es\"},{\"@type\":\"Person\",\"@id\":\"https:\\\/\\\/www.gruporecoletas.com\\\/noticias\\\/#\\\/schema\\\/person\\\/3c6ac429828d1f5e3d3bd99f4da9b02c\",\"name\":\"Recoletas Red Hospitalaria\",\"url\":\"https:\\\/\\\/www.gruporecoletas.com\\\/noticias\\\/author\\\/comunicacion\\\/\"}]}<\/script>\n<!-- \/ Yoast SEO Premium plugin. -->","yoast_head_json":{"title":"\u00a1Cuidado con los piojos en verano! - Noticias Grupo Recoletas","description":"Los piojos esperan con emoci\u00f3n la llegada del verano y las buenas temperaturas, pero no para ir de vacaciones, sino para comenzar su \u00e9poca de mayor apogeo","robots":{"index":"index","follow":"follow","max-snippet":"max-snippet:-1","max-image-preview":"max-image-preview:large","max-video-preview":"max-video-preview:-1"},"canonical":"https:\/\/www.gruporecoletas.com\/noticias\/cuidado-piojos-verano\/","og_locale":"es_ES","og_type":"article","og_title":"\u00a1Cuidado con los piojos en verano!","og_description":"Los piojos esperan con emoci\u00f3n la llegada del verano y las buenas temperaturas, pero no para ir de vacaciones, sino para comenzar su \u00e9poca de mayor apogeo","og_url":"https:\/\/www.gruporecoletas.com\/noticias\/cuidado-piojos-verano\/","og_site_name":"Noticias Grupo Recoletas","article_publisher":"https:\/\/www.facebook.com\/GrupoRecoletas\/","article_published_time":"2022-06-21T11:53:28+00:00","article_modified_time":"2022-06-21T11:53:33+00:00","og_image":[{"width":1366,"height":768,"url":"https:\/\/www.gruporecoletas.com\/noticias\/wp-content\/uploads\/2022\/06\/post-blog-piojos-verano-recoletas.png","type":"image\/png"}],"author":"Recoletas Red Hospitalaria","twitter_card":"summary_large_image","twitter_creator":"@GrupoRecoletas","twitter_site":"@GrupoRecoletas","twitter_misc":{"Escrito por":"Recoletas Red Hospitalaria","Tiempo de lectura":"3 minutos"},"schema":{"@context":"https:\/\/schema.org","@graph":[{"@type":"Article","@id":"https:\/\/www.gruporecoletas.com\/noticias\/cuidado-piojos-verano\/#article","isPartOf":{"@id":"https:\/\/www.gruporecoletas.com\/noticias\/cuidado-piojos-verano\/"},"author":{"name":"Recoletas Red Hospitalaria","@id":"https:\/\/www.gruporecoletas.com\/noticias\/#\/schema\/person\/3c6ac429828d1f5e3d3bd99f4da9b02c"},"headline":"\u00a1Cuidado con los piojos en verano!","datePublished":"2022-06-21T11:53:28+00:00","dateModified":"2022-06-21T11:53:33+00:00","mainEntityOfPage":{"@id":"https:\/\/www.gruporecoletas.com\/noticias\/cuidado-piojos-verano\/"},"wordCount":702,"image":{"@id":"https:\/\/www.gruporecoletas.com\/noticias\/cuidado-piojos-verano\/#primaryimage"},"thumbnailUrl":"https:\/\/www.gruporecoletas.com\/noticias\/wp-content\/uploads\/2022\/06\/post-blog-piojos-verano-recoletas.png","keywords":["cuidados en verano","piojos","verano"],"articleSection":["Grupo Recoletas","Pediatr\u00eda"],"inLanguage":"es"},{"@type":"WebPage","@id":"https:\/\/www.gruporecoletas.com\/noticias\/cuidado-piojos-verano\/","url":"https:\/\/www.gruporecoletas.com\/noticias\/cuidado-piojos-verano\/","name":"\u00a1Cuidado con los piojos en verano! - Noticias Grupo Recoletas","isPartOf":{"@id":"https:\/\/www.gruporecoletas.com\/noticias\/#website"},"primaryImageOfPage":{"@id":"https:\/\/www.gruporecoletas.com\/noticias\/cuidado-piojos-verano\/#primaryimage"},"image":{"@id":"https:\/\/www.gruporecoletas.com\/noticias\/cuidado-piojos-verano\/#primaryimage"},"thumbnailUrl":"https:\/\/www.gruporecoletas.com\/noticias\/wp-content\/uploads\/2022\/06\/post-blog-piojos-verano-recoletas.png","datePublished":"2022-06-21T11:53:28+00:00","dateModified":"2022-06-21T11:53:33+00:00","author":{"@id":"https:\/\/www.gruporecoletas.com\/noticias\/#\/schema\/person\/3c6ac429828d1f5e3d3bd99f4da9b02c"},"description":"Los piojos esperan con emoci\u00f3n la llegada del verano y las buenas temperaturas, pero no para ir de vacaciones, sino para comenzar su \u00e9poca de mayor apogeo","breadcrumb":{"@id":"https:\/\/www.gruporecoletas.com\/noticias\/cuidado-piojos-verano\/#breadcrumb"},"inLanguage":"es","potentialAction":[{"@type":"ReadAction","target":["https:\/\/www.gruporecoletas.com\/noticias\/cuidado-piojos-verano\/"]}]},{"@type":"ImageObject","inLanguage":"es","@id":"https:\/\/www.gruporecoletas.com\/noticias\/cuidado-piojos-verano\/#primaryimage","url":"https:\/\/www.gruporecoletas.com\/noticias\/wp-content\/uploads\/2022\/06\/post-blog-piojos-verano-recoletas.png","contentUrl":"https:\/\/www.gruporecoletas.com\/noticias\/wp-content\/uploads\/2022\/06\/post-blog-piojos-verano-recoletas.png","width":1366,"height":768,"caption":"Los piojos, como muchas personas, esperan con emoci\u00f3n la llegada del verano y las buenas temperaturas, pero no para ir de vacaciones, sino para comenzar su \u00e9poca de mayor apogeo."},{"@type":"BreadcrumbList","@id":"https:\/\/www.gruporecoletas.com\/noticias\/cuidado-piojos-verano\/#breadcrumb","itemListElement":[{"@type":"ListItem","position":1,"name":"Portada","item":"https:\/\/www.gruporecoletas.com\/noticias\/"},{"@type":"ListItem","position":2,"name":"\u00a1Cuidado con los piojos en verano!"}]},{"@type":"WebSite","@id":"https:\/\/www.gruporecoletas.com\/noticias\/#website","url":"https:\/\/www.gruporecoletas.com\/noticias\/","name":"Noticias Grupo Recoletas","description":"Grupo Recoletas","potentialAction":[{"@type":"SearchAction","target":{"@type":"EntryPoint","urlTemplate":"https:\/\/www.gruporecoletas.com\/noticias\/?s={search_term_string}"},"query-input":{"@type":"PropertyValueSpecification","valueRequired":true,"valueName":"search_term_string"}}],"inLanguage":"es"},{"@type":"Person","@id":"https:\/\/www.gruporecoletas.com\/noticias\/#\/schema\/person\/3c6ac429828d1f5e3d3bd99f4da9b02c","name":"Recoletas Red Hospitalaria","url":"https:\/\/www.gruporecoletas.com\/noticias\/author\/comunicacion\/"}]}},"_links":{"self":[{"href":"https:\/\/www.gruporecoletas.com\/noticias\/wp-json\/wp\/v2\/posts\/15511","targetHints":{"allow":["GET"]}}],"collection":[{"href":"https:\/\/www.gruporecoletas.com\/noticias\/wp-json\/wp\/v2\/posts"}],"about":[{"href":"https:\/\/www.gruporecoletas.com\/noticias\/wp-json\/wp\/v2\/types\/post"}],"author":[{"embeddable":true,"href":"https:\/\/www.gruporecoletas.com\/noticias\/wp-json\/wp\/v2\/users\/2"}],"replies":[{"embeddable":true,"href":"https:\/\/www.gruporecoletas.com\/noticias\/wp-json\/wp\/v2\/comments?post=15511"}],"version-history":[{"count":1,"href":"https:\/\/www.gruporecoletas.com\/noticias\/wp-json\/wp\/v2\/posts\/15511\/revisions"}],"predecessor-version":[{"id":15513,"href":"https:\/\/www.gruporecoletas.com\/noticias\/wp-json\/wp\/v2\/posts\/15511\/revisions\/15513"}],"wp:featuredmedia":[{"embeddable":true,"href":"https:\/\/www.gruporecoletas.com\/noticias\/wp-json\/wp\/v2\/media\/15512"}],"wp:attachment":[{"href":"https:\/\/www.gruporecoletas.com\/noticias\/wp-json\/wp\/v2\/media?parent=15511"}],"wp:term":[{"taxonomy":"category","embeddable":true,"href":"https:\/\/www.gruporecoletas.com\/noticias\/wp-json\/wp\/v2\/categories?post=15511"},{"taxonomy":"post_tag","embeddable":true,"href":"https:\/\/www.gruporecoletas.com\/noticias\/wp-json\/wp\/v2\/tags?post=15511"}],"curies":[{"name":"wp","href":"https:\/\/api.w.org\/{rel}","templated":true}]}}