{"id":15521,"date":"2022-06-30T09:20:57","date_gmt":"2022-06-30T07:20:57","guid":{"rendered":"https:\/\/www.gruporecoletas.com\/noticias\/?p=15521"},"modified":"2022-06-30T09:20:59","modified_gmt":"2022-06-30T07:20:59","slug":"entra-funcionamiento-centro-medico-recoletas-jardin-botanico","status":"publish","type":"post","link":"https:\/\/www.gruporecoletas.com\/noticias\/entra-funcionamiento-centro-medico-recoletas-jardin-botanico\/","title":{"rendered":"Entra en funcionamiento el Centro M\u00e9dico Recoletas Jard\u00edn Bot\u00e1nico"},"content":{"rendered":"\n<p>Acaba de entrar en funcionamiento un nuevo centro m\u00e9dico de Recoletas, en el Paseo Jard\u00edn Bot\u00e1nico con el objetivo de atender las necesidades de salud de las numerosas personas que residen en esta zona de Valladolid, que ahora mismo se encuentra en fase de expansi\u00f3n.<\/p>\n\n\n\n<p>Ana L\u00eda Ju\u00e1rez, gerente del Hospital Recoletas Felipe II, del que depender\u00e1 el nuevo centro m\u00e9dico, mostr\u00f3 su satisfacci\u00f3n por poder prestar una atenci\u00f3n sanitaria de calidad y cercana a las numerosas familias que viven en ese entorno, quienes a partir de ahora tendr\u00e1n a su alcance, cerca de sus domicilios, la posibilidad de ser atendidos por un equipo de veinte profesionales sanitarios y socio sanitarios.<\/p>\n\n\n\n<p>En concreto, el equipo lo conforman 2 auxiliares de enfermer\u00eda, 1 enfermera, 14 m\u00e9dicos especialistas y 3 fisioterapeutas, adem\u00e1s de dos auxiliares de administraci\u00f3n.<\/p>\n\n\n\n<p>El nuevo centro m\u00e9dico Jard\u00edn Bot\u00e1nico ofrece un amplio cat\u00e1logo de servicios: alergolog\u00eda, cirug\u00eda general y del aparato digestivo, proctolog\u00eda, cirug\u00eda ortop\u00e9dica y traumatolog\u00eda, dermatolog\u00eda, enfermer\u00eda, logopedia, medicina general y de familia, obtenci\u00f3n de muestras, pediatr\u00eda, podolog\u00eda, psicolog\u00eda, psiquiatr\u00eda, urolog\u00eda, psicot\u00e9cnicos para obtenci\u00f3n de permisos de conducir, armas, perros peligrosos, gr\u00faas, reconocimientos para deportistas y chequeos m\u00e9dicos.<\/p>\n\n\n\n<p>Tambi\u00e9n cuenta con una consulta de cardiolog\u00eda, desde la que se realizan evaluaciones de riesgo cardiol\u00f3gico a deportistas mediante pruebas de electrocardiograma, ecocardiograma y esfuerzo con intercambio de gases (ergoespirometr\u00eda).<\/p>\n\n\n\n<p>Y finalmente, fisioterapia (punci\u00f3n seca, drenaje linf\u00e1tico, presoterapia, recuperaci\u00f3n de lesiones, etc.).<\/p>\n\n\n\n<p>El nuevo centro m\u00e9dico consta de cinco consultas, una sala de pruebas, dos salas de espera, un gimnasio de fisioterapia y zona de admisi\u00f3n para la recepci\u00f3n de pacientes y est\u00e1 equipado con la tecnolog\u00eda m\u00e1s actual para poder ofrecer una atenci\u00f3n completa y personalizada en cualquiera de las especialidades existentes: ec\u00f3grafo, erg\u00f3metro, electrocardi\u00f3grafo, ecocardiograma doppler color, cabina de audiometr\u00eda, equipos de magnetoterapia, equipos de microondas, l\u00e1mparas de infrarrojos, tanque de parafina, ondas de choque, cabinas para terapia manual, sill\u00f3n de podolog\u00eda y diversa aparatolog\u00eda para ejercicios espec\u00edficos.<\/p>\n\n\n\n<p>El horario del centro ser\u00e1 de 8:00 a 21:00 horas ininterrumpido de lunes a viernes.<\/p>\n","protected":false},"excerpt":{"rendered":"<p>Acaba de entrar en funcionamiento un nuevo centro m\u00e9dico de Recoletas, en el Paseo Jard\u00edn Bot\u00e1nico con el objetivo de atender las necesidades de salud de las numerosas personas que residen en esta zona de Valladolid, que ahora mismo se encuentra en fase de expansi\u00f3n. Ana L\u00eda Ju\u00e1rez, gerente del Hospital Recoletas Felipe II, del [&hellip;]<\/p>\n","protected":false},"author":2,"featured_media":15522,"comment_status":"closed","ping_status":"closed","sticky":false,"template":"","format":"standard","meta":{"_acf_changed":false,"footnotes":""},"categories":[43,1,4],"tags":[3275,3276,39],"class_list":["post-15521","post","type-post","status-publish","format-standard","has-post-thumbnail","hentry","category-centros","category-grupo-recoletas","category-valladolid","tag-centro-medico-2","tag-centro-medico-recoletas-jardin-botanico","tag-valladolid"],"acf":[],"yoast_head":"<!-- This site is optimized with the Yoast SEO Premium plugin v27.3 (Yoast SEO v27.3) - https:\/\/yoast.com\/product\/yoast-seo-premium-wordpress\/ -->\n<title>Entra en funcionamiento el Centro M\u00e9dico Recoletas Jard\u00edn Bot\u00e1nico - Noticias Grupo Recoletas<\/title>\n<meta name=\"description\" content=\"El nuevo Centro M\u00e9dico Recoletas Jard\u00edn Bot\u00e1nico abre sus puertas para ofrecer una asistencia m\u00e9dica cercana y de calidad en Valladolid\" \/>\n<meta name=\"robots\" content=\"index, follow, max-snippet:-1, max-image-preview:large, max-video-preview:-1\" \/>\n<link rel=\"canonical\" href=\"https:\/\/www.gruporecoletas.com\/noticias\/entra-funcionamiento-centro-medico-recoletas-jardin-botanico\/\" \/>\n<meta property=\"og:locale\" content=\"es_ES\" \/>\n<meta property=\"og:type\" content=\"article\" \/>\n<meta property=\"og:title\" content=\"Entra en funcionamiento el Centro M\u00e9dico Recoletas Jard\u00edn Bot\u00e1nico\" \/>\n<meta property=\"og:description\" content=\"El nuevo Centro M\u00e9dico Recoletas Jard\u00edn Bot\u00e1nico abre sus puertas para ofrecer una asistencia m\u00e9dica cercana y de calidad en Valladolid\" \/>\n<meta property=\"og:url\" content=\"https:\/\/www.gruporecoletas.com\/noticias\/entra-funcionamiento-centro-medico-recoletas-jardin-botanico\/\" \/>\n<meta property=\"og:site_name\" content=\"Noticias Grupo Recoletas\" \/>\n<meta property=\"article:publisher\" content=\"https:\/\/www.facebook.com\/GrupoRecoletas\/\" \/>\n<meta property=\"article:published_time\" content=\"2022-06-30T07:20:57+00:00\" \/>\n<meta property=\"article:modified_time\" content=\"2022-06-30T07:20:59+00:00\" \/>\n<meta property=\"og:image\" content=\"https:\/\/www.gruporecoletas.com\/noticias\/wp-content\/uploads\/2022\/06\/Sin-titulo-1-1024x683.png\" \/>\n\t<meta property=\"og:image:width\" content=\"1024\" \/>\n\t<meta property=\"og:image:height\" content=\"683\" \/>\n\t<meta property=\"og:image:type\" content=\"image\/png\" \/>\n<meta name=\"author\" content=\"Recoletas Red Hospitalaria\" \/>\n<meta name=\"twitter:card\" content=\"summary_large_image\" \/>\n<meta name=\"twitter:creator\" content=\"@GrupoRecoletas\" \/>\n<meta name=\"twitter:site\" content=\"@GrupoRecoletas\" \/>\n<meta name=\"twitter:label1\" content=\"Escrito por\" \/>\n\t<meta name=\"twitter:data1\" content=\"Recoletas Red Hospitalaria\" \/>\n\t<meta name=\"twitter:label2\" content=\"Tiempo de lectura\" \/>\n\t<meta name=\"twitter:data2\" content=\"2 minutos\" \/>\n<script type=\"application\/ld+json\" class=\"yoast-schema-graph\">{\"@context\":\"https:\\\/\\\/schema.org\",\"@graph\":[{\"@type\":\"Article\",\"@id\":\"https:\\\/\\\/www.gruporecoletas.com\\\/noticias\\\/entra-funcionamiento-centro-medico-recoletas-jardin-botanico\\\/#article\",\"isPartOf\":{\"@id\":\"https:\\\/\\\/www.gruporecoletas.com\\\/noticias\\\/entra-funcionamiento-centro-medico-recoletas-jardin-botanico\\\/\"},\"author\":{\"name\":\"Recoletas Red Hospitalaria\",\"@id\":\"https:\\\/\\\/www.gruporecoletas.com\\\/noticias\\\/#\\\/schema\\\/person\\\/3c6ac429828d1f5e3d3bd99f4da9b02c\"},\"headline\":\"Entra en funcionamiento el Centro M\u00e9dico Recoletas Jard\u00edn Bot\u00e1nico\",\"datePublished\":\"2022-06-30T07:20:57+00:00\",\"dateModified\":\"2022-06-30T07:20:59+00:00\",\"mainEntityOfPage\":{\"@id\":\"https:\\\/\\\/www.gruporecoletas.com\\\/noticias\\\/entra-funcionamiento-centro-medico-recoletas-jardin-botanico\\\/\"},\"wordCount\":401,\"image\":{\"@id\":\"https:\\\/\\\/www.gruporecoletas.com\\\/noticias\\\/entra-funcionamiento-centro-medico-recoletas-jardin-botanico\\\/#primaryimage\"},\"thumbnailUrl\":\"https:\\\/\\\/www.gruporecoletas.com\\\/noticias\\\/wp-content\\\/uploads\\\/2022\\\/06\\\/Sin-titulo-1.png\",\"keywords\":[\"centro m\u00e9dico\",\"Centro M\u00e9dico Recoletas Jard\u00edn Bot\u00e1nico\",\"Valladolid\"],\"articleSection\":[\"Centros\",\"Grupo Recoletas\",\"Valladolid\"],\"inLanguage\":\"es\"},{\"@type\":\"WebPage\",\"@id\":\"https:\\\/\\\/www.gruporecoletas.com\\\/noticias\\\/entra-funcionamiento-centro-medico-recoletas-jardin-botanico\\\/\",\"url\":\"https:\\\/\\\/www.gruporecoletas.com\\\/noticias\\\/entra-funcionamiento-centro-medico-recoletas-jardin-botanico\\\/\",\"name\":\"Entra en funcionamiento el Centro M\u00e9dico Recoletas Jard\u00edn Bot\u00e1nico - Noticias Grupo Recoletas\",\"isPartOf\":{\"@id\":\"https:\\\/\\\/www.gruporecoletas.com\\\/noticias\\\/#website\"},\"primaryImageOfPage\":{\"@id\":\"https:\\\/\\\/www.gruporecoletas.com\\\/noticias\\\/entra-funcionamiento-centro-medico-recoletas-jardin-botanico\\\/#primaryimage\"},\"image\":{\"@id\":\"https:\\\/\\\/www.gruporecoletas.com\\\/noticias\\\/entra-funcionamiento-centro-medico-recoletas-jardin-botanico\\\/#primaryimage\"},\"thumbnailUrl\":\"https:\\\/\\\/www.gruporecoletas.com\\\/noticias\\\/wp-content\\\/uploads\\\/2022\\\/06\\\/Sin-titulo-1.png\",\"datePublished\":\"2022-06-30T07:20:57+00:00\",\"dateModified\":\"2022-06-30T07:20:59+00:00\",\"author\":{\"@id\":\"https:\\\/\\\/www.gruporecoletas.com\\\/noticias\\\/#\\\/schema\\\/person\\\/3c6ac429828d1f5e3d3bd99f4da9b02c\"},\"description\":\"El nuevo Centro M\u00e9dico Recoletas Jard\u00edn Bot\u00e1nico abre sus puertas para ofrecer una asistencia m\u00e9dica cercana y de calidad en Valladolid\",\"breadcrumb\":{\"@id\":\"https:\\\/\\\/www.gruporecoletas.com\\\/noticias\\\/entra-funcionamiento-centro-medico-recoletas-jardin-botanico\\\/#breadcrumb\"},\"inLanguage\":\"es\",\"potentialAction\":[{\"@type\":\"ReadAction\",\"target\":[\"https:\\\/\\\/www.gruporecoletas.com\\\/noticias\\\/entra-funcionamiento-centro-medico-recoletas-jardin-botanico\\\/\"]}]},{\"@type\":\"ImageObject\",\"inLanguage\":\"es\",\"@id\":\"https:\\\/\\\/www.gruporecoletas.com\\\/noticias\\\/entra-funcionamiento-centro-medico-recoletas-jardin-botanico\\\/#primaryimage\",\"url\":\"https:\\\/\\\/www.gruporecoletas.com\\\/noticias\\\/wp-content\\\/uploads\\\/2022\\\/06\\\/Sin-titulo-1.png\",\"contentUrl\":\"https:\\\/\\\/www.gruporecoletas.com\\\/noticias\\\/wp-content\\\/uploads\\\/2022\\\/06\\\/Sin-titulo-1.png\",\"width\":1920,\"height\":1280,\"caption\":\"Acaba de entrar en funcionamiento un nuevo centro m\u00e9dico de Recoletas, en el Paseo Jard\u00edn Bot\u00e1nico con el objetivo de atender las necesidades de salud de las numerosas personas que residen en esta zona de Valladolid, que ahora mismo se encuentra en fase de expansi\u00f3n.\"},{\"@type\":\"BreadcrumbList\",\"@id\":\"https:\\\/\\\/www.gruporecoletas.com\\\/noticias\\\/entra-funcionamiento-centro-medico-recoletas-jardin-botanico\\\/#breadcrumb\",\"itemListElement\":[{\"@type\":\"ListItem\",\"position\":1,\"name\":\"Portada\",\"item\":\"https:\\\/\\\/www.gruporecoletas.com\\\/noticias\\\/\"},{\"@type\":\"ListItem\",\"position\":2,\"name\":\"Entra en funcionamiento el Centro M\u00e9dico Recoletas Jard\u00edn Bot\u00e1nico\"}]},{\"@type\":\"WebSite\",\"@id\":\"https:\\\/\\\/www.gruporecoletas.com\\\/noticias\\\/#website\",\"url\":\"https:\\\/\\\/www.gruporecoletas.com\\\/noticias\\\/\",\"name\":\"Noticias Grupo Recoletas\",\"description\":\"Grupo Recoletas\",\"potentialAction\":[{\"@type\":\"SearchAction\",\"target\":{\"@type\":\"EntryPoint\",\"urlTemplate\":\"https:\\\/\\\/www.gruporecoletas.com\\\/noticias\\\/?s={search_term_string}\"},\"query-input\":{\"@type\":\"PropertyValueSpecification\",\"valueRequired\":true,\"valueName\":\"search_term_string\"}}],\"inLanguage\":\"es\"},{\"@type\":\"Person\",\"@id\":\"https:\\\/\\\/www.gruporecoletas.com\\\/noticias\\\/#\\\/schema\\\/person\\\/3c6ac429828d1f5e3d3bd99f4da9b02c\",\"name\":\"Recoletas Red Hospitalaria\",\"url\":\"https:\\\/\\\/www.gruporecoletas.com\\\/noticias\\\/author\\\/comunicacion\\\/\"}]}<\/script>\n<!-- \/ Yoast SEO Premium plugin. -->","yoast_head_json":{"title":"Entra en funcionamiento el Centro M\u00e9dico Recoletas Jard\u00edn Bot\u00e1nico - Noticias Grupo Recoletas","description":"El nuevo Centro M\u00e9dico Recoletas Jard\u00edn Bot\u00e1nico abre sus puertas para ofrecer una asistencia m\u00e9dica cercana y de calidad en Valladolid","robots":{"index":"index","follow":"follow","max-snippet":"max-snippet:-1","max-image-preview":"max-image-preview:large","max-video-preview":"max-video-preview:-1"},"canonical":"https:\/\/www.gruporecoletas.com\/noticias\/entra-funcionamiento-centro-medico-recoletas-jardin-botanico\/","og_locale":"es_ES","og_type":"article","og_title":"Entra en funcionamiento el Centro M\u00e9dico Recoletas Jard\u00edn Bot\u00e1nico","og_description":"El nuevo Centro M\u00e9dico Recoletas Jard\u00edn Bot\u00e1nico abre sus puertas para ofrecer una asistencia m\u00e9dica cercana y de calidad en Valladolid","og_url":"https:\/\/www.gruporecoletas.com\/noticias\/entra-funcionamiento-centro-medico-recoletas-jardin-botanico\/","og_site_name":"Noticias Grupo Recoletas","article_publisher":"https:\/\/www.facebook.com\/GrupoRecoletas\/","article_published_time":"2022-06-30T07:20:57+00:00","article_modified_time":"2022-06-30T07:20:59+00:00","og_image":[{"width":1024,"height":683,"url":"https:\/\/www.gruporecoletas.com\/noticias\/wp-content\/uploads\/2022\/06\/Sin-titulo-1-1024x683.png","type":"image\/png"}],"author":"Recoletas Red Hospitalaria","twitter_card":"summary_large_image","twitter_creator":"@GrupoRecoletas","twitter_site":"@GrupoRecoletas","twitter_misc":{"Escrito por":"Recoletas Red Hospitalaria","Tiempo de lectura":"2 minutos"},"schema":{"@context":"https:\/\/schema.org","@graph":[{"@type":"Article","@id":"https:\/\/www.gruporecoletas.com\/noticias\/entra-funcionamiento-centro-medico-recoletas-jardin-botanico\/#article","isPartOf":{"@id":"https:\/\/www.gruporecoletas.com\/noticias\/entra-funcionamiento-centro-medico-recoletas-jardin-botanico\/"},"author":{"name":"Recoletas Red Hospitalaria","@id":"https:\/\/www.gruporecoletas.com\/noticias\/#\/schema\/person\/3c6ac429828d1f5e3d3bd99f4da9b02c"},"headline":"Entra en funcionamiento el Centro M\u00e9dico Recoletas Jard\u00edn Bot\u00e1nico","datePublished":"2022-06-30T07:20:57+00:00","dateModified":"2022-06-30T07:20:59+00:00","mainEntityOfPage":{"@id":"https:\/\/www.gruporecoletas.com\/noticias\/entra-funcionamiento-centro-medico-recoletas-jardin-botanico\/"},"wordCount":401,"image":{"@id":"https:\/\/www.gruporecoletas.com\/noticias\/entra-funcionamiento-centro-medico-recoletas-jardin-botanico\/#primaryimage"},"thumbnailUrl":"https:\/\/www.gruporecoletas.com\/noticias\/wp-content\/uploads\/2022\/06\/Sin-titulo-1.png","keywords":["centro m\u00e9dico","Centro M\u00e9dico Recoletas Jard\u00edn Bot\u00e1nico","Valladolid"],"articleSection":["Centros","Grupo Recoletas","Valladolid"],"inLanguage":"es"},{"@type":"WebPage","@id":"https:\/\/www.gruporecoletas.com\/noticias\/entra-funcionamiento-centro-medico-recoletas-jardin-botanico\/","url":"https:\/\/www.gruporecoletas.com\/noticias\/entra-funcionamiento-centro-medico-recoletas-jardin-botanico\/","name":"Entra en funcionamiento el Centro M\u00e9dico Recoletas Jard\u00edn Bot\u00e1nico - Noticias Grupo Recoletas","isPartOf":{"@id":"https:\/\/www.gruporecoletas.com\/noticias\/#website"},"primaryImageOfPage":{"@id":"https:\/\/www.gruporecoletas.com\/noticias\/entra-funcionamiento-centro-medico-recoletas-jardin-botanico\/#primaryimage"},"image":{"@id":"https:\/\/www.gruporecoletas.com\/noticias\/entra-funcionamiento-centro-medico-recoletas-jardin-botanico\/#primaryimage"},"thumbnailUrl":"https:\/\/www.gruporecoletas.com\/noticias\/wp-content\/uploads\/2022\/06\/Sin-titulo-1.png","datePublished":"2022-06-30T07:20:57+00:00","dateModified":"2022-06-30T07:20:59+00:00","author":{"@id":"https:\/\/www.gruporecoletas.com\/noticias\/#\/schema\/person\/3c6ac429828d1f5e3d3bd99f4da9b02c"},"description":"El nuevo Centro M\u00e9dico Recoletas Jard\u00edn Bot\u00e1nico abre sus puertas para ofrecer una asistencia m\u00e9dica cercana y de calidad en Valladolid","breadcrumb":{"@id":"https:\/\/www.gruporecoletas.com\/noticias\/entra-funcionamiento-centro-medico-recoletas-jardin-botanico\/#breadcrumb"},"inLanguage":"es","potentialAction":[{"@type":"ReadAction","target":["https:\/\/www.gruporecoletas.com\/noticias\/entra-funcionamiento-centro-medico-recoletas-jardin-botanico\/"]}]},{"@type":"ImageObject","inLanguage":"es","@id":"https:\/\/www.gruporecoletas.com\/noticias\/entra-funcionamiento-centro-medico-recoletas-jardin-botanico\/#primaryimage","url":"https:\/\/www.gruporecoletas.com\/noticias\/wp-content\/uploads\/2022\/06\/Sin-titulo-1.png","contentUrl":"https:\/\/www.gruporecoletas.com\/noticias\/wp-content\/uploads\/2022\/06\/Sin-titulo-1.png","width":1920,"height":1280,"caption":"Acaba de entrar en funcionamiento un nuevo centro m\u00e9dico de Recoletas, en el Paseo Jard\u00edn Bot\u00e1nico con el objetivo de atender las necesidades de salud de las numerosas personas que residen en esta zona de Valladolid, que ahora mismo se encuentra en fase de expansi\u00f3n."},{"@type":"BreadcrumbList","@id":"https:\/\/www.gruporecoletas.com\/noticias\/entra-funcionamiento-centro-medico-recoletas-jardin-botanico\/#breadcrumb","itemListElement":[{"@type":"ListItem","position":1,"name":"Portada","item":"https:\/\/www.gruporecoletas.com\/noticias\/"},{"@type":"ListItem","position":2,"name":"Entra en funcionamiento el Centro M\u00e9dico Recoletas Jard\u00edn Bot\u00e1nico"}]},{"@type":"WebSite","@id":"https:\/\/www.gruporecoletas.com\/noticias\/#website","url":"https:\/\/www.gruporecoletas.com\/noticias\/","name":"Noticias Grupo Recoletas","description":"Grupo Recoletas","potentialAction":[{"@type":"SearchAction","target":{"@type":"EntryPoint","urlTemplate":"https:\/\/www.gruporecoletas.com\/noticias\/?s={search_term_string}"},"query-input":{"@type":"PropertyValueSpecification","valueRequired":true,"valueName":"search_term_string"}}],"inLanguage":"es"},{"@type":"Person","@id":"https:\/\/www.gruporecoletas.com\/noticias\/#\/schema\/person\/3c6ac429828d1f5e3d3bd99f4da9b02c","name":"Recoletas Red Hospitalaria","url":"https:\/\/www.gruporecoletas.com\/noticias\/author\/comunicacion\/"}]}},"_links":{"self":[{"href":"https:\/\/www.gruporecoletas.com\/noticias\/wp-json\/wp\/v2\/posts\/15521","targetHints":{"allow":["GET"]}}],"collection":[{"href":"https:\/\/www.gruporecoletas.com\/noticias\/wp-json\/wp\/v2\/posts"}],"about":[{"href":"https:\/\/www.gruporecoletas.com\/noticias\/wp-json\/wp\/v2\/types\/post"}],"author":[{"embeddable":true,"href":"https:\/\/www.gruporecoletas.com\/noticias\/wp-json\/wp\/v2\/users\/2"}],"replies":[{"embeddable":true,"href":"https:\/\/www.gruporecoletas.com\/noticias\/wp-json\/wp\/v2\/comments?post=15521"}],"version-history":[{"count":1,"href":"https:\/\/www.gruporecoletas.com\/noticias\/wp-json\/wp\/v2\/posts\/15521\/revisions"}],"predecessor-version":[{"id":15523,"href":"https:\/\/www.gruporecoletas.com\/noticias\/wp-json\/wp\/v2\/posts\/15521\/revisions\/15523"}],"wp:featuredmedia":[{"embeddable":true,"href":"https:\/\/www.gruporecoletas.com\/noticias\/wp-json\/wp\/v2\/media\/15522"}],"wp:attachment":[{"href":"https:\/\/www.gruporecoletas.com\/noticias\/wp-json\/wp\/v2\/media?parent=15521"}],"wp:term":[{"taxonomy":"category","embeddable":true,"href":"https:\/\/www.gruporecoletas.com\/noticias\/wp-json\/wp\/v2\/categories?post=15521"},{"taxonomy":"post_tag","embeddable":true,"href":"https:\/\/www.gruporecoletas.com\/noticias\/wp-json\/wp\/v2\/tags?post=15521"}],"curies":[{"name":"wp","href":"https:\/\/api.w.org\/{rel}","templated":true}]}}