{"id":15536,"date":"2022-07-14T14:29:56","date_gmt":"2022-07-14T12:29:56","guid":{"rendered":"https:\/\/www.gruporecoletas.com\/noticias\/?p=15536"},"modified":"2022-07-14T14:29:59","modified_gmt":"2022-07-14T12:29:59","slug":"recoletas-presenta-el-proyecto-pulso-vital","status":"publish","type":"post","link":"https:\/\/www.gruporecoletas.com\/noticias\/recoletas-presenta-el-proyecto-pulso-vital\/","title":{"rendered":"Recoletas presenta el proyecto Pulso Vital"},"content":{"rendered":"\n<p>Recoletas ha presentado Pulso Vital, un proyecto cuyo objetivo es <strong>concienciar a la sociedad zamorana de la importancia de prevenir el ictus y facilitar su prevenci\u00f3n<\/strong> mediante la detecci\u00f3n precoz de la fibrilaci\u00f3n auricular (asociada a m\u00e1s del 30% de los ictus). El objetivo es <strong>llegar al 80% de la poblaci\u00f3n de Zamora<\/strong> para convertir a la provincia en un \u00e1rea cardioprotegida.<\/p>\n\n\n\n<p>El proyecto cuenta con el apoyo de la <a href=\"http:\/\/www.diputaciondezamora.es\/\">Diputaci\u00f3n de Zamora<\/a>, la <a href=\"https:\/\/www.cajaruraldigital.com\/particulares\/sobre-grupo-caja-rural\">Fundaci\u00f3n Caja Rural de Zamora<\/a>, la <a href=\"https:\/\/secardiologia.es\/\">Sociedad Espa\u00f1ola de Cardiolog\u00eda<\/a>, la <a href=\"https:\/\/fundaciondelcorazon.com\/\">Fundaci\u00f3n Espa\u00f1ola del Coraz\u00f3n<\/a> y <a href=\"https:\/\/www.laopiniondezamora.es\/\">La Opini\u00f3n de Zamora<\/a>. Est\u00e1 previsto que la primera fase arranque en las pr\u00f3ximas semanas y <strong>se extender\u00e1 por 50 municipios<\/strong> de la provincia.<\/p>\n\n\n\n<p>Cualquier persona, aunque est\u00e9 asintom\u00e1tica, puede <strong>conocer si presenta fibrilaci\u00f3n auricular acerc\u00e1ndose a los t\u00f3tems permanentes de Pulso Vital<\/strong>, ubicados en diferentes localidades de Zamora, o al veh\u00edculo que recorrer\u00e1 la provincia. En caso de detectarse esta patolog\u00eda entre los ciudadanos que utilicen el dispositivo, se pondr\u00e1 en marcha todo un <strong>protocolo de atenci\u00f3n al usuario \u00abcon el fin de hacer efectivo todo el circuito de prevenci\u00f3n\u00bb<\/strong>, seg\u00fan indica el <a href=\"https:\/\/www.gruporecoletas.com\/profesionales\/dr-santos-iglesias\/\">doctor Jos\u00e9 Luis Santos Iglesias<\/a>, jefe del servicio de Cardiolog\u00eda del <a href=\"https:\/\/www.gruporecoletas.com\/hospitales\/hospital-recoletas-zamora\/\">Hospital Recoletas Zamora<\/a>.<\/p>\n\n\n\n<h4 class=\"wp-block-heading\">El ictus en Espa\u00f1a<\/h4>\n\n\n\n<p>La fibrilaci\u00f3n auricular est\u00e1 directamente relacionada con el <strong>riesgo de accidente cardiovascular\/ictus multiplicando por 5 la posibilidad de padecerlo<\/strong>. Esta patolog\u00eda es <strong>una de las arritmias m\u00e1s frecuentes<\/strong> en la pr\u00e1ctica cl\u00ednica. Cada a\u00f1o se contabilizan <strong>m\u00e1s de 120.000 casos de ictus en Espa\u00f1a<\/strong>, una patolog\u00eda que se ha agravado con la pandemia.<\/p>\n\n\n\n<p>Por ello, actuar en iniciativas de prevenci\u00f3n es vital. Es importante<strong> concienciar a la sociedad de la importancia de conocer los s\u00edntomas de un ictus<\/strong> pero es igualmente necesario impulsar <strong>programas de prevenci\u00f3n<\/strong> dando visibilidad a los datos de esta patolog\u00eda cuya incidencia aumenta cuanto m\u00e1s envejecida sea la poblaci\u00f3n de una zona.<\/p>\n","protected":false},"excerpt":{"rendered":"<p>Recoletas ha presentado Pulso Vital, un proyecto cuyo objetivo es concienciar a la sociedad zamorana de la importancia de prevenir el ictus y facilitar su prevenci\u00f3n mediante la detecci\u00f3n precoz de la fibrilaci\u00f3n auricular (asociada a m\u00e1s del 30% de los ictus). El objetivo es llegar al 80% de la poblaci\u00f3n de Zamora para convertir [&hellip;]<\/p>\n","protected":false},"author":2,"featured_media":15537,"comment_status":"closed","ping_status":"closed","sticky":false,"template":"","format":"standard","meta":{"_acf_changed":false,"footnotes":""},"categories":[16,21],"tags":[3216,3083,2218,3277],"class_list":["post-15536","post","type-post","status-publish","format-standard","has-post-thumbnail","hentry","category-hrza","category-zamora","tag-fibrilacion-auricular","tag-ictus","tag-prevencion","tag-pulso-vital"],"acf":[],"yoast_head":"<!-- This site is optimized with the Yoast SEO Premium plugin v27.3 (Yoast SEO v27.3) - https:\/\/yoast.com\/product\/yoast-seo-premium-wordpress\/ -->\n<title>Recoletas presenta el proyecto Pulso Vital - Noticias Grupo Recoletas<\/title>\n<meta name=\"robots\" content=\"index, follow, max-snippet:-1, max-image-preview:large, max-video-preview:-1\" \/>\n<link rel=\"canonical\" href=\"https:\/\/www.gruporecoletas.com\/noticias\/recoletas-presenta-el-proyecto-pulso-vital\/\" \/>\n<meta property=\"og:locale\" content=\"es_ES\" \/>\n<meta property=\"og:type\" content=\"article\" \/>\n<meta property=\"og:title\" content=\"Recoletas presenta el proyecto Pulso Vital\" \/>\n<meta property=\"og:description\" content=\"Recoletas ha presentado Pulso Vital, un proyecto cuyo objetivo es concienciar a la sociedad zamorana de la importancia de prevenir el ictus y facilitar su prevenci\u00f3n mediante la detecci\u00f3n precoz de la fibrilaci\u00f3n auricular (asociada a m\u00e1s del 30% de los ictus). El objetivo es llegar al 80% de la poblaci\u00f3n de Zamora para convertir [&hellip;]\" \/>\n<meta property=\"og:url\" content=\"https:\/\/www.gruporecoletas.com\/noticias\/recoletas-presenta-el-proyecto-pulso-vital\/\" \/>\n<meta property=\"og:site_name\" content=\"Noticias Grupo Recoletas\" \/>\n<meta property=\"article:publisher\" content=\"https:\/\/www.facebook.com\/GrupoRecoletas\/\" \/>\n<meta property=\"article:published_time\" content=\"2022-07-14T12:29:56+00:00\" \/>\n<meta property=\"article:modified_time\" content=\"2022-07-14T12:29:59+00:00\" \/>\n<meta property=\"og:image\" content=\"https:\/\/www.gruporecoletas.com\/noticias\/wp-content\/uploads\/2022\/07\/presentacion-pulso-vital-scaled.jpg\" \/>\n\t<meta property=\"og:image:width\" content=\"2560\" \/>\n\t<meta property=\"og:image:height\" content=\"1439\" \/>\n\t<meta property=\"og:image:type\" content=\"image\/jpeg\" \/>\n<meta name=\"author\" content=\"Recoletas Red Hospitalaria\" \/>\n<meta name=\"twitter:card\" content=\"summary_large_image\" \/>\n<meta name=\"twitter:creator\" content=\"@GrupoRecoletas\" \/>\n<meta name=\"twitter:site\" content=\"@GrupoRecoletas\" \/>\n<meta name=\"twitter:label1\" content=\"Escrito por\" \/>\n\t<meta name=\"twitter:data1\" content=\"Recoletas Red Hospitalaria\" \/>\n\t<meta name=\"twitter:label2\" content=\"Tiempo de lectura\" \/>\n\t<meta name=\"twitter:data2\" content=\"2 minutos\" \/>\n<script type=\"application\/ld+json\" class=\"yoast-schema-graph\">{\"@context\":\"https:\\\/\\\/schema.org\",\"@graph\":[{\"@type\":\"Article\",\"@id\":\"https:\\\/\\\/www.gruporecoletas.com\\\/noticias\\\/recoletas-presenta-el-proyecto-pulso-vital\\\/#article\",\"isPartOf\":{\"@id\":\"https:\\\/\\\/www.gruporecoletas.com\\\/noticias\\\/recoletas-presenta-el-proyecto-pulso-vital\\\/\"},\"author\":{\"name\":\"Recoletas Red Hospitalaria\",\"@id\":\"https:\\\/\\\/www.gruporecoletas.com\\\/noticias\\\/#\\\/schema\\\/person\\\/3c6ac429828d1f5e3d3bd99f4da9b02c\"},\"headline\":\"Recoletas presenta el proyecto Pulso Vital\",\"datePublished\":\"2022-07-14T12:29:56+00:00\",\"dateModified\":\"2022-07-14T12:29:59+00:00\",\"mainEntityOfPage\":{\"@id\":\"https:\\\/\\\/www.gruporecoletas.com\\\/noticias\\\/recoletas-presenta-el-proyecto-pulso-vital\\\/\"},\"wordCount\":350,\"image\":{\"@id\":\"https:\\\/\\\/www.gruporecoletas.com\\\/noticias\\\/recoletas-presenta-el-proyecto-pulso-vital\\\/#primaryimage\"},\"thumbnailUrl\":\"https:\\\/\\\/www.gruporecoletas.com\\\/noticias\\\/wp-content\\\/uploads\\\/2022\\\/07\\\/presentacion-pulso-vital-scaled.jpg\",\"keywords\":[\"fibrilacion auricular\",\"ictus\",\"prevenci\u00f3n\",\"pulso vital\"],\"articleSection\":[\"HRZA\",\"Zamora\"],\"inLanguage\":\"es\"},{\"@type\":\"WebPage\",\"@id\":\"https:\\\/\\\/www.gruporecoletas.com\\\/noticias\\\/recoletas-presenta-el-proyecto-pulso-vital\\\/\",\"url\":\"https:\\\/\\\/www.gruporecoletas.com\\\/noticias\\\/recoletas-presenta-el-proyecto-pulso-vital\\\/\",\"name\":\"Recoletas presenta el proyecto Pulso Vital - Noticias Grupo Recoletas\",\"isPartOf\":{\"@id\":\"https:\\\/\\\/www.gruporecoletas.com\\\/noticias\\\/#website\"},\"primaryImageOfPage\":{\"@id\":\"https:\\\/\\\/www.gruporecoletas.com\\\/noticias\\\/recoletas-presenta-el-proyecto-pulso-vital\\\/#primaryimage\"},\"image\":{\"@id\":\"https:\\\/\\\/www.gruporecoletas.com\\\/noticias\\\/recoletas-presenta-el-proyecto-pulso-vital\\\/#primaryimage\"},\"thumbnailUrl\":\"https:\\\/\\\/www.gruporecoletas.com\\\/noticias\\\/wp-content\\\/uploads\\\/2022\\\/07\\\/presentacion-pulso-vital-scaled.jpg\",\"datePublished\":\"2022-07-14T12:29:56+00:00\",\"dateModified\":\"2022-07-14T12:29:59+00:00\",\"author\":{\"@id\":\"https:\\\/\\\/www.gruporecoletas.com\\\/noticias\\\/#\\\/schema\\\/person\\\/3c6ac429828d1f5e3d3bd99f4da9b02c\"},\"breadcrumb\":{\"@id\":\"https:\\\/\\\/www.gruporecoletas.com\\\/noticias\\\/recoletas-presenta-el-proyecto-pulso-vital\\\/#breadcrumb\"},\"inLanguage\":\"es\",\"potentialAction\":[{\"@type\":\"ReadAction\",\"target\":[\"https:\\\/\\\/www.gruporecoletas.com\\\/noticias\\\/recoletas-presenta-el-proyecto-pulso-vital\\\/\"]}]},{\"@type\":\"ImageObject\",\"inLanguage\":\"es\",\"@id\":\"https:\\\/\\\/www.gruporecoletas.com\\\/noticias\\\/recoletas-presenta-el-proyecto-pulso-vital\\\/#primaryimage\",\"url\":\"https:\\\/\\\/www.gruporecoletas.com\\\/noticias\\\/wp-content\\\/uploads\\\/2022\\\/07\\\/presentacion-pulso-vital-scaled.jpg\",\"contentUrl\":\"https:\\\/\\\/www.gruporecoletas.com\\\/noticias\\\/wp-content\\\/uploads\\\/2022\\\/07\\\/presentacion-pulso-vital-scaled.jpg\",\"width\":2560,\"height\":1439},{\"@type\":\"BreadcrumbList\",\"@id\":\"https:\\\/\\\/www.gruporecoletas.com\\\/noticias\\\/recoletas-presenta-el-proyecto-pulso-vital\\\/#breadcrumb\",\"itemListElement\":[{\"@type\":\"ListItem\",\"position\":1,\"name\":\"Portada\",\"item\":\"https:\\\/\\\/www.gruporecoletas.com\\\/noticias\\\/\"},{\"@type\":\"ListItem\",\"position\":2,\"name\":\"Recoletas presenta el proyecto Pulso Vital\"}]},{\"@type\":\"WebSite\",\"@id\":\"https:\\\/\\\/www.gruporecoletas.com\\\/noticias\\\/#website\",\"url\":\"https:\\\/\\\/www.gruporecoletas.com\\\/noticias\\\/\",\"name\":\"Noticias Grupo Recoletas\",\"description\":\"Grupo Recoletas\",\"potentialAction\":[{\"@type\":\"SearchAction\",\"target\":{\"@type\":\"EntryPoint\",\"urlTemplate\":\"https:\\\/\\\/www.gruporecoletas.com\\\/noticias\\\/?s={search_term_string}\"},\"query-input\":{\"@type\":\"PropertyValueSpecification\",\"valueRequired\":true,\"valueName\":\"search_term_string\"}}],\"inLanguage\":\"es\"},{\"@type\":\"Person\",\"@id\":\"https:\\\/\\\/www.gruporecoletas.com\\\/noticias\\\/#\\\/schema\\\/person\\\/3c6ac429828d1f5e3d3bd99f4da9b02c\",\"name\":\"Recoletas Red Hospitalaria\",\"url\":\"https:\\\/\\\/www.gruporecoletas.com\\\/noticias\\\/author\\\/comunicacion\\\/\"}]}<\/script>\n<!-- \/ Yoast SEO Premium plugin. -->","yoast_head_json":{"title":"Recoletas presenta el proyecto Pulso Vital - Noticias Grupo Recoletas","robots":{"index":"index","follow":"follow","max-snippet":"max-snippet:-1","max-image-preview":"max-image-preview:large","max-video-preview":"max-video-preview:-1"},"canonical":"https:\/\/www.gruporecoletas.com\/noticias\/recoletas-presenta-el-proyecto-pulso-vital\/","og_locale":"es_ES","og_type":"article","og_title":"Recoletas presenta el proyecto Pulso Vital","og_description":"Recoletas ha presentado Pulso Vital, un proyecto cuyo objetivo es concienciar a la sociedad zamorana de la importancia de prevenir el ictus y facilitar su prevenci\u00f3n mediante la detecci\u00f3n precoz de la fibrilaci\u00f3n auricular (asociada a m\u00e1s del 30% de los ictus). El objetivo es llegar al 80% de la poblaci\u00f3n de Zamora para convertir [&hellip;]","og_url":"https:\/\/www.gruporecoletas.com\/noticias\/recoletas-presenta-el-proyecto-pulso-vital\/","og_site_name":"Noticias Grupo Recoletas","article_publisher":"https:\/\/www.facebook.com\/GrupoRecoletas\/","article_published_time":"2022-07-14T12:29:56+00:00","article_modified_time":"2022-07-14T12:29:59+00:00","og_image":[{"width":2560,"height":1439,"url":"https:\/\/www.gruporecoletas.com\/noticias\/wp-content\/uploads\/2022\/07\/presentacion-pulso-vital-scaled.jpg","type":"image\/jpeg"}],"author":"Recoletas Red Hospitalaria","twitter_card":"summary_large_image","twitter_creator":"@GrupoRecoletas","twitter_site":"@GrupoRecoletas","twitter_misc":{"Escrito por":"Recoletas Red Hospitalaria","Tiempo de lectura":"2 minutos"},"schema":{"@context":"https:\/\/schema.org","@graph":[{"@type":"Article","@id":"https:\/\/www.gruporecoletas.com\/noticias\/recoletas-presenta-el-proyecto-pulso-vital\/#article","isPartOf":{"@id":"https:\/\/www.gruporecoletas.com\/noticias\/recoletas-presenta-el-proyecto-pulso-vital\/"},"author":{"name":"Recoletas Red Hospitalaria","@id":"https:\/\/www.gruporecoletas.com\/noticias\/#\/schema\/person\/3c6ac429828d1f5e3d3bd99f4da9b02c"},"headline":"Recoletas presenta el proyecto Pulso Vital","datePublished":"2022-07-14T12:29:56+00:00","dateModified":"2022-07-14T12:29:59+00:00","mainEntityOfPage":{"@id":"https:\/\/www.gruporecoletas.com\/noticias\/recoletas-presenta-el-proyecto-pulso-vital\/"},"wordCount":350,"image":{"@id":"https:\/\/www.gruporecoletas.com\/noticias\/recoletas-presenta-el-proyecto-pulso-vital\/#primaryimage"},"thumbnailUrl":"https:\/\/www.gruporecoletas.com\/noticias\/wp-content\/uploads\/2022\/07\/presentacion-pulso-vital-scaled.jpg","keywords":["fibrilacion auricular","ictus","prevenci\u00f3n","pulso vital"],"articleSection":["HRZA","Zamora"],"inLanguage":"es"},{"@type":"WebPage","@id":"https:\/\/www.gruporecoletas.com\/noticias\/recoletas-presenta-el-proyecto-pulso-vital\/","url":"https:\/\/www.gruporecoletas.com\/noticias\/recoletas-presenta-el-proyecto-pulso-vital\/","name":"Recoletas presenta el proyecto Pulso Vital - Noticias Grupo Recoletas","isPartOf":{"@id":"https:\/\/www.gruporecoletas.com\/noticias\/#website"},"primaryImageOfPage":{"@id":"https:\/\/www.gruporecoletas.com\/noticias\/recoletas-presenta-el-proyecto-pulso-vital\/#primaryimage"},"image":{"@id":"https:\/\/www.gruporecoletas.com\/noticias\/recoletas-presenta-el-proyecto-pulso-vital\/#primaryimage"},"thumbnailUrl":"https:\/\/www.gruporecoletas.com\/noticias\/wp-content\/uploads\/2022\/07\/presentacion-pulso-vital-scaled.jpg","datePublished":"2022-07-14T12:29:56+00:00","dateModified":"2022-07-14T12:29:59+00:00","author":{"@id":"https:\/\/www.gruporecoletas.com\/noticias\/#\/schema\/person\/3c6ac429828d1f5e3d3bd99f4da9b02c"},"breadcrumb":{"@id":"https:\/\/www.gruporecoletas.com\/noticias\/recoletas-presenta-el-proyecto-pulso-vital\/#breadcrumb"},"inLanguage":"es","potentialAction":[{"@type":"ReadAction","target":["https:\/\/www.gruporecoletas.com\/noticias\/recoletas-presenta-el-proyecto-pulso-vital\/"]}]},{"@type":"ImageObject","inLanguage":"es","@id":"https:\/\/www.gruporecoletas.com\/noticias\/recoletas-presenta-el-proyecto-pulso-vital\/#primaryimage","url":"https:\/\/www.gruporecoletas.com\/noticias\/wp-content\/uploads\/2022\/07\/presentacion-pulso-vital-scaled.jpg","contentUrl":"https:\/\/www.gruporecoletas.com\/noticias\/wp-content\/uploads\/2022\/07\/presentacion-pulso-vital-scaled.jpg","width":2560,"height":1439},{"@type":"BreadcrumbList","@id":"https:\/\/www.gruporecoletas.com\/noticias\/recoletas-presenta-el-proyecto-pulso-vital\/#breadcrumb","itemListElement":[{"@type":"ListItem","position":1,"name":"Portada","item":"https:\/\/www.gruporecoletas.com\/noticias\/"},{"@type":"ListItem","position":2,"name":"Recoletas presenta el proyecto Pulso Vital"}]},{"@type":"WebSite","@id":"https:\/\/www.gruporecoletas.com\/noticias\/#website","url":"https:\/\/www.gruporecoletas.com\/noticias\/","name":"Noticias Grupo Recoletas","description":"Grupo Recoletas","potentialAction":[{"@type":"SearchAction","target":{"@type":"EntryPoint","urlTemplate":"https:\/\/www.gruporecoletas.com\/noticias\/?s={search_term_string}"},"query-input":{"@type":"PropertyValueSpecification","valueRequired":true,"valueName":"search_term_string"}}],"inLanguage":"es"},{"@type":"Person","@id":"https:\/\/www.gruporecoletas.com\/noticias\/#\/schema\/person\/3c6ac429828d1f5e3d3bd99f4da9b02c","name":"Recoletas Red Hospitalaria","url":"https:\/\/www.gruporecoletas.com\/noticias\/author\/comunicacion\/"}]}},"_links":{"self":[{"href":"https:\/\/www.gruporecoletas.com\/noticias\/wp-json\/wp\/v2\/posts\/15536","targetHints":{"allow":["GET"]}}],"collection":[{"href":"https:\/\/www.gruporecoletas.com\/noticias\/wp-json\/wp\/v2\/posts"}],"about":[{"href":"https:\/\/www.gruporecoletas.com\/noticias\/wp-json\/wp\/v2\/types\/post"}],"author":[{"embeddable":true,"href":"https:\/\/www.gruporecoletas.com\/noticias\/wp-json\/wp\/v2\/users\/2"}],"replies":[{"embeddable":true,"href":"https:\/\/www.gruporecoletas.com\/noticias\/wp-json\/wp\/v2\/comments?post=15536"}],"version-history":[{"count":1,"href":"https:\/\/www.gruporecoletas.com\/noticias\/wp-json\/wp\/v2\/posts\/15536\/revisions"}],"predecessor-version":[{"id":15538,"href":"https:\/\/www.gruporecoletas.com\/noticias\/wp-json\/wp\/v2\/posts\/15536\/revisions\/15538"}],"wp:featuredmedia":[{"embeddable":true,"href":"https:\/\/www.gruporecoletas.com\/noticias\/wp-json\/wp\/v2\/media\/15537"}],"wp:attachment":[{"href":"https:\/\/www.gruporecoletas.com\/noticias\/wp-json\/wp\/v2\/media?parent=15536"}],"wp:term":[{"taxonomy":"category","embeddable":true,"href":"https:\/\/www.gruporecoletas.com\/noticias\/wp-json\/wp\/v2\/categories?post=15536"},{"taxonomy":"post_tag","embeddable":true,"href":"https:\/\/www.gruporecoletas.com\/noticias\/wp-json\/wp\/v2\/tags?post=15536"}],"curies":[{"name":"wp","href":"https:\/\/api.w.org\/{rel}","templated":true}]}}