{"id":15543,"date":"2022-07-26T13:25:07","date_gmt":"2022-07-26T11:25:07","guid":{"rendered":"https:\/\/www.gruporecoletas.com\/noticias\/?p=15543"},"modified":"2022-07-26T13:53:06","modified_gmt":"2022-07-26T11:53:06","slug":"que-es-dismorfia-corporal","status":"publish","type":"post","link":"https:\/\/www.gruporecoletas.com\/noticias\/que-es-dismorfia-corporal\/","title":{"rendered":"\u00bfQu\u00e9 es la dismorfia corporal?"},"content":{"rendered":"\n<p>La obsesi\u00f3n y la preocupaci\u00f3n insana por cumplir los c\u00e1nones de belleza puede llevar a desarrollar trastornos compulsivos por la imagen propia que elevan los niveles de ansiedad, generan ideas irracionales sobre el estado f\u00edsico y afectan directamente a la autoestima. Hasta tal punto que los h\u00e1bitos diarios afectan de manera negativa a la calidad de vida de las personas que lo sufren. <\/p>\n\n\n\n<p>De este modo, la dismorfia corporal es un trastorno psicol\u00f3gico dif\u00edcil de diagnosticar que provoca una visi\u00f3n y un concepto err\u00f3neo del propio cuerpo. Una imagen alterada de la realidad, causada por circunstancias de distinta \u00edndole, que, por normal general, aparece en los primeros a\u00f1os de la adolescencia y afecta tanto a hombres como a mujeres.<\/p>\n\n\n\n<h4 class=\"wp-block-heading\">\u00bfQu\u00e9 causa la dismorfia corporal? <\/h4>\n\n\n\n<p>As\u00ed bien, como la mayor\u00eda de patolog\u00edas que afectan a la <a href=\"https:\/\/www.gruporecoletas.com\/noticias\/que-es-la-salud-mental\/\">salud mental<\/a>, la dismorfia corporal puede ser la consecuencia de la combinaci\u00f3n de varios factores. <\/p>\n\n\n\n<ul class=\"wp-block-list\"><li>Gen\u00e9tica. <\/li><li>Cultura de la imagen.<\/li><li>Bullying. <\/li><li>Rasgos de la personalidad.<\/li><li>Padecer otra afecci\u00f3n de salud mental.  <\/li><\/ul>\n\n\n\n<p>Pero, \u00bfc\u00f3mo se puede saber si una persona padece dismorfia corporal? <\/p>\n\n\n\n<h4 class=\"wp-block-heading\">\u00bfCu\u00e1les son sus s\u00edntomas?<\/h4>\n\n\n\n<p>Las personas que padecen dismorfia corporal se obsesionan con una zona del cuerpo y centran toda su atenci\u00f3n en la apariencia f\u00edsica. Por lo que podemos definir una serie de signos, conductas y s\u00edntomas que evidencian la presencia de esta afecci\u00f3n:<\/p>\n\n\n\n<ul class=\"wp-block-list\"><li>Extrema preocupaci\u00f3n por un defecto m\u00ednimo e imperceptible para los dem\u00e1s.<\/li><li>Estar convencido de la existencia de un defecto que te hace feo o deforme.<\/li><li>Tener la creencia infundada de que los dem\u00e1s poseen una imagen negativa y se burlan de una persona por su apariencia f\u00edsica.<\/li><li>Comportamientos irrefrenables dirigidos a ocultar una imperfecci\u00f3n.<\/li><li>Intentar ocultar los defectos con el estilo, el maquillaje o la ropa.<\/li><li>Comparaci\u00f3n constante del aspecto f\u00edsico.<\/li><li>B\u00fasqueda de la aprobaci\u00f3n de la apariencia por parte de los dem\u00e1s.<\/li><li>Ser demasiado perfeccionista.<\/li><li>Realizaci\u00f3n de numerosos procedimientos est\u00e9ticos.<\/li><li>Evitar situaciones sociales.<\/li><\/ul>\n\n\n\n<p>La preocupaci\u00f3n por tu apariencia, los pensamientos excesivos y los comportamientos repetitivos pueden ser indeseables, dif\u00edciles de controlar y pueden causar un gran trastorno en tu vida social y laboral.<\/p>\n\n\n\n<h4 class=\"wp-block-heading\">Principales preocupaciones<\/h4>\n\n\n\n<p>Sin embargo, la dismorfia corporal no se presenta de la misma forma en todos los pacientes que lo padecen. Aunque es habitual que las personas se obsesionen con una parte concreta del cuerpo, existe la posibilidad de que esta atenci\u00f3n enfermiza cambie con el tiempo. As\u00ed, como foco de este tema podemos destacar. <\/p>\n\n\n\n<ul class=\"wp-block-list\"><li>Rostro. La nariz, el cutis, las arrugas, el acn\u00e9 y otras imperfecciones.<\/li><li>Cabello. Apariencia, debilitamiento o calvicie.<\/li><li>Apariencia de la piel y las venas.<\/li><li>Tama\u00f1o de las mamas.<\/li><li>Tama\u00f1o y tono muscular.<\/li><li>Genitales.<\/li><\/ul>\n\n\n\n<p>La preocupaci\u00f3n insana de que la constituci\u00f3n del cuerpo sea demasiado peque\u00f1a o no sea lo suficientemente musculosa (dismorfia muscular) ocurre, casi exclusivamente, en los hombres.<\/p>\n\n\n\n<h4 class=\"wp-block-heading\">Diagn\u00f3stico y tratamiento<\/h4>\n\n\n\n<p>A pesar de todo lo que conocemos, no existe una manera de prevenir y es muy complicado diagnosticar la dismorfia corporal. Sin embargo, cuidar la salud mental es un primer gran paso para mejorar la vida de las personas. Por eso, es importante acudir a la consulta de un especialista para realiar una valoraci\u00f3n inicial y sentar las pautas de un posible tratamiento,<\/p>\n\n\n\n<p>En la actualidad, el tratamiento de la dismorfia corporal se centra en el desarrollo de terapia cognitiva conductual y el uso de medicamentos- <\/p>\n\n\n\n<p>Recuerda que Recoletas Red Hospitalaria pone a tu disposici\u00f3n un especializado servicio de <a href=\"https:\/\/www.gruporecoletas.com\/especialidades\/psicologia-clinica\/\">psciolog\u00eda cl\u00ednica<\/a>, formado por profesionales de primer nivel, para ayudarte a cuidar y mejorar la salud mental. <\/p>\n","protected":false},"excerpt":{"rendered":"<p>La obsesi\u00f3n y la preocupaci\u00f3n insana por cumplir los c\u00e1nones de belleza puede llevar a desarrollar trastornos compulsivos por la imagen propia que elevan los niveles de ansiedad, generan ideas irracionales sobre el estado f\u00edsico y afectan directamente a la autoestima. Hasta tal punto que los h\u00e1bitos diarios afectan de manera negativa a la calidad [&hellip;]<\/p>\n","protected":false},"author":2,"featured_media":15546,"comment_status":"closed","ping_status":"closed","sticky":false,"template":"","format":"standard","meta":{"_acf_changed":false,"footnotes":""},"categories":[1,49,50],"tags":[],"class_list":["post-15543","post","type-post","status-publish","format-standard","has-post-thumbnail","hentry","category-grupo-recoletas","category-medicina-general","category-patologias"],"acf":[],"yoast_head":"<!-- This site is optimized with the Yoast SEO Premium plugin v27.3 (Yoast SEO v27.3) - https:\/\/yoast.com\/product\/yoast-seo-premium-wordpress\/ -->\n<title>\u00bfQu\u00e9 es la dismorfia corporal? - Noticias Grupo Recoletas<\/title>\n<meta name=\"description\" content=\"La dismorfia corporal es un trastorno psicol\u00f3gico dif\u00edcil de diagnosticar que provoca una visi\u00f3n y una idea err\u00f3nea del propio cuerpo.\" \/>\n<meta name=\"robots\" content=\"index, follow, max-snippet:-1, max-image-preview:large, max-video-preview:-1\" \/>\n<link rel=\"canonical\" href=\"https:\/\/www.gruporecoletas.com\/noticias\/que-es-dismorfia-corporal\/\" \/>\n<meta property=\"og:locale\" content=\"es_ES\" \/>\n<meta property=\"og:type\" content=\"article\" \/>\n<meta property=\"og:title\" content=\"\u00bfQu\u00e9 es la dismorfia corporal?\" \/>\n<meta property=\"og:description\" content=\"La dismorfia corporal es un trastorno psicol\u00f3gico dif\u00edcil de diagnosticar que provoca una visi\u00f3n y una idea err\u00f3nea del propio cuerpo.\" \/>\n<meta property=\"og:url\" content=\"https:\/\/www.gruporecoletas.com\/noticias\/que-es-dismorfia-corporal\/\" \/>\n<meta property=\"og:site_name\" content=\"Noticias Grupo Recoletas\" \/>\n<meta property=\"article:publisher\" content=\"https:\/\/www.facebook.com\/GrupoRecoletas\/\" \/>\n<meta property=\"article:published_time\" content=\"2022-07-26T11:25:07+00:00\" \/>\n<meta property=\"article:modified_time\" content=\"2022-07-26T11:53:06+00:00\" \/>\n<meta property=\"og:image\" content=\"https:\/\/www.gruporecoletas.com\/noticias\/wp-content\/uploads\/2022\/07\/dismorfia-corporal-blog.png\" \/>\n\t<meta property=\"og:image:width\" content=\"1366\" \/>\n\t<meta property=\"og:image:height\" content=\"768\" \/>\n\t<meta property=\"og:image:type\" content=\"image\/png\" \/>\n<meta name=\"author\" content=\"Recoletas Red Hospitalaria\" \/>\n<meta name=\"twitter:card\" content=\"summary_large_image\" \/>\n<meta name=\"twitter:creator\" content=\"@GrupoRecoletas\" \/>\n<meta name=\"twitter:site\" content=\"@GrupoRecoletas\" \/>\n<meta name=\"twitter:label1\" content=\"Escrito por\" \/>\n\t<meta name=\"twitter:data1\" content=\"Recoletas Red Hospitalaria\" \/>\n\t<meta name=\"twitter:label2\" content=\"Tiempo de lectura\" \/>\n\t<meta name=\"twitter:data2\" content=\"3 minutos\" \/>\n<script type=\"application\/ld+json\" class=\"yoast-schema-graph\">{\"@context\":\"https:\\\/\\\/schema.org\",\"@graph\":[{\"@type\":\"Article\",\"@id\":\"https:\\\/\\\/www.gruporecoletas.com\\\/noticias\\\/que-es-dismorfia-corporal\\\/#article\",\"isPartOf\":{\"@id\":\"https:\\\/\\\/www.gruporecoletas.com\\\/noticias\\\/que-es-dismorfia-corporal\\\/\"},\"author\":{\"name\":\"Recoletas Red Hospitalaria\",\"@id\":\"https:\\\/\\\/www.gruporecoletas.com\\\/noticias\\\/#\\\/schema\\\/person\\\/3c6ac429828d1f5e3d3bd99f4da9b02c\"},\"headline\":\"\u00bfQu\u00e9 es la dismorfia corporal?\",\"datePublished\":\"2022-07-26T11:25:07+00:00\",\"dateModified\":\"2022-07-26T11:53:06+00:00\",\"mainEntityOfPage\":{\"@id\":\"https:\\\/\\\/www.gruporecoletas.com\\\/noticias\\\/que-es-dismorfia-corporal\\\/\"},\"wordCount\":632,\"image\":{\"@id\":\"https:\\\/\\\/www.gruporecoletas.com\\\/noticias\\\/que-es-dismorfia-corporal\\\/#primaryimage\"},\"thumbnailUrl\":\"https:\\\/\\\/www.gruporecoletas.com\\\/noticias\\\/wp-content\\\/uploads\\\/2022\\\/07\\\/dismorfia-corporal-blog.png\",\"articleSection\":[\"Grupo Recoletas\",\"Medicina General\",\"Patolog\u00edas\"],\"inLanguage\":\"es\"},{\"@type\":\"WebPage\",\"@id\":\"https:\\\/\\\/www.gruporecoletas.com\\\/noticias\\\/que-es-dismorfia-corporal\\\/\",\"url\":\"https:\\\/\\\/www.gruporecoletas.com\\\/noticias\\\/que-es-dismorfia-corporal\\\/\",\"name\":\"\u00bfQu\u00e9 es la dismorfia corporal? - Noticias Grupo Recoletas\",\"isPartOf\":{\"@id\":\"https:\\\/\\\/www.gruporecoletas.com\\\/noticias\\\/#website\"},\"primaryImageOfPage\":{\"@id\":\"https:\\\/\\\/www.gruporecoletas.com\\\/noticias\\\/que-es-dismorfia-corporal\\\/#primaryimage\"},\"image\":{\"@id\":\"https:\\\/\\\/www.gruporecoletas.com\\\/noticias\\\/que-es-dismorfia-corporal\\\/#primaryimage\"},\"thumbnailUrl\":\"https:\\\/\\\/www.gruporecoletas.com\\\/noticias\\\/wp-content\\\/uploads\\\/2022\\\/07\\\/dismorfia-corporal-blog.png\",\"datePublished\":\"2022-07-26T11:25:07+00:00\",\"dateModified\":\"2022-07-26T11:53:06+00:00\",\"author\":{\"@id\":\"https:\\\/\\\/www.gruporecoletas.com\\\/noticias\\\/#\\\/schema\\\/person\\\/3c6ac429828d1f5e3d3bd99f4da9b02c\"},\"description\":\"La dismorfia corporal es un trastorno psicol\u00f3gico dif\u00edcil de diagnosticar que provoca una visi\u00f3n y una idea err\u00f3nea del propio cuerpo.\",\"breadcrumb\":{\"@id\":\"https:\\\/\\\/www.gruporecoletas.com\\\/noticias\\\/que-es-dismorfia-corporal\\\/#breadcrumb\"},\"inLanguage\":\"es\",\"potentialAction\":[{\"@type\":\"ReadAction\",\"target\":[\"https:\\\/\\\/www.gruporecoletas.com\\\/noticias\\\/que-es-dismorfia-corporal\\\/\"]}]},{\"@type\":\"ImageObject\",\"inLanguage\":\"es\",\"@id\":\"https:\\\/\\\/www.gruporecoletas.com\\\/noticias\\\/que-es-dismorfia-corporal\\\/#primaryimage\",\"url\":\"https:\\\/\\\/www.gruporecoletas.com\\\/noticias\\\/wp-content\\\/uploads\\\/2022\\\/07\\\/dismorfia-corporal-blog.png\",\"contentUrl\":\"https:\\\/\\\/www.gruporecoletas.com\\\/noticias\\\/wp-content\\\/uploads\\\/2022\\\/07\\\/dismorfia-corporal-blog.png\",\"width\":1366,\"height\":768,\"caption\":\"La dismorfia corporal es un trastorno psicol\u00f3gico dif\u00edcil de diagnosticar que provoca una visi\u00f3n y una idea err\u00f3nea del propio cuerpo.\"},{\"@type\":\"BreadcrumbList\",\"@id\":\"https:\\\/\\\/www.gruporecoletas.com\\\/noticias\\\/que-es-dismorfia-corporal\\\/#breadcrumb\",\"itemListElement\":[{\"@type\":\"ListItem\",\"position\":1,\"name\":\"Portada\",\"item\":\"https:\\\/\\\/www.gruporecoletas.com\\\/noticias\\\/\"},{\"@type\":\"ListItem\",\"position\":2,\"name\":\"\u00bfQu\u00e9 es la dismorfia corporal?\"}]},{\"@type\":\"WebSite\",\"@id\":\"https:\\\/\\\/www.gruporecoletas.com\\\/noticias\\\/#website\",\"url\":\"https:\\\/\\\/www.gruporecoletas.com\\\/noticias\\\/\",\"name\":\"Noticias Grupo Recoletas\",\"description\":\"Grupo Recoletas\",\"potentialAction\":[{\"@type\":\"SearchAction\",\"target\":{\"@type\":\"EntryPoint\",\"urlTemplate\":\"https:\\\/\\\/www.gruporecoletas.com\\\/noticias\\\/?s={search_term_string}\"},\"query-input\":{\"@type\":\"PropertyValueSpecification\",\"valueRequired\":true,\"valueName\":\"search_term_string\"}}],\"inLanguage\":\"es\"},{\"@type\":\"Person\",\"@id\":\"https:\\\/\\\/www.gruporecoletas.com\\\/noticias\\\/#\\\/schema\\\/person\\\/3c6ac429828d1f5e3d3bd99f4da9b02c\",\"name\":\"Recoletas Red Hospitalaria\",\"url\":\"https:\\\/\\\/www.gruporecoletas.com\\\/noticias\\\/author\\\/comunicacion\\\/\"}]}<\/script>\n<!-- \/ Yoast SEO Premium plugin. -->","yoast_head_json":{"title":"\u00bfQu\u00e9 es la dismorfia corporal? - Noticias Grupo Recoletas","description":"La dismorfia corporal es un trastorno psicol\u00f3gico dif\u00edcil de diagnosticar que provoca una visi\u00f3n y una idea err\u00f3nea del propio cuerpo.","robots":{"index":"index","follow":"follow","max-snippet":"max-snippet:-1","max-image-preview":"max-image-preview:large","max-video-preview":"max-video-preview:-1"},"canonical":"https:\/\/www.gruporecoletas.com\/noticias\/que-es-dismorfia-corporal\/","og_locale":"es_ES","og_type":"article","og_title":"\u00bfQu\u00e9 es la dismorfia corporal?","og_description":"La dismorfia corporal es un trastorno psicol\u00f3gico dif\u00edcil de diagnosticar que provoca una visi\u00f3n y una idea err\u00f3nea del propio cuerpo.","og_url":"https:\/\/www.gruporecoletas.com\/noticias\/que-es-dismorfia-corporal\/","og_site_name":"Noticias Grupo Recoletas","article_publisher":"https:\/\/www.facebook.com\/GrupoRecoletas\/","article_published_time":"2022-07-26T11:25:07+00:00","article_modified_time":"2022-07-26T11:53:06+00:00","og_image":[{"width":1366,"height":768,"url":"https:\/\/www.gruporecoletas.com\/noticias\/wp-content\/uploads\/2022\/07\/dismorfia-corporal-blog.png","type":"image\/png"}],"author":"Recoletas Red Hospitalaria","twitter_card":"summary_large_image","twitter_creator":"@GrupoRecoletas","twitter_site":"@GrupoRecoletas","twitter_misc":{"Escrito por":"Recoletas Red Hospitalaria","Tiempo de lectura":"3 minutos"},"schema":{"@context":"https:\/\/schema.org","@graph":[{"@type":"Article","@id":"https:\/\/www.gruporecoletas.com\/noticias\/que-es-dismorfia-corporal\/#article","isPartOf":{"@id":"https:\/\/www.gruporecoletas.com\/noticias\/que-es-dismorfia-corporal\/"},"author":{"name":"Recoletas Red Hospitalaria","@id":"https:\/\/www.gruporecoletas.com\/noticias\/#\/schema\/person\/3c6ac429828d1f5e3d3bd99f4da9b02c"},"headline":"\u00bfQu\u00e9 es la dismorfia corporal?","datePublished":"2022-07-26T11:25:07+00:00","dateModified":"2022-07-26T11:53:06+00:00","mainEntityOfPage":{"@id":"https:\/\/www.gruporecoletas.com\/noticias\/que-es-dismorfia-corporal\/"},"wordCount":632,"image":{"@id":"https:\/\/www.gruporecoletas.com\/noticias\/que-es-dismorfia-corporal\/#primaryimage"},"thumbnailUrl":"https:\/\/www.gruporecoletas.com\/noticias\/wp-content\/uploads\/2022\/07\/dismorfia-corporal-blog.png","articleSection":["Grupo Recoletas","Medicina General","Patolog\u00edas"],"inLanguage":"es"},{"@type":"WebPage","@id":"https:\/\/www.gruporecoletas.com\/noticias\/que-es-dismorfia-corporal\/","url":"https:\/\/www.gruporecoletas.com\/noticias\/que-es-dismorfia-corporal\/","name":"\u00bfQu\u00e9 es la dismorfia corporal? - Noticias Grupo Recoletas","isPartOf":{"@id":"https:\/\/www.gruporecoletas.com\/noticias\/#website"},"primaryImageOfPage":{"@id":"https:\/\/www.gruporecoletas.com\/noticias\/que-es-dismorfia-corporal\/#primaryimage"},"image":{"@id":"https:\/\/www.gruporecoletas.com\/noticias\/que-es-dismorfia-corporal\/#primaryimage"},"thumbnailUrl":"https:\/\/www.gruporecoletas.com\/noticias\/wp-content\/uploads\/2022\/07\/dismorfia-corporal-blog.png","datePublished":"2022-07-26T11:25:07+00:00","dateModified":"2022-07-26T11:53:06+00:00","author":{"@id":"https:\/\/www.gruporecoletas.com\/noticias\/#\/schema\/person\/3c6ac429828d1f5e3d3bd99f4da9b02c"},"description":"La dismorfia corporal es un trastorno psicol\u00f3gico dif\u00edcil de diagnosticar que provoca una visi\u00f3n y una idea err\u00f3nea del propio cuerpo.","breadcrumb":{"@id":"https:\/\/www.gruporecoletas.com\/noticias\/que-es-dismorfia-corporal\/#breadcrumb"},"inLanguage":"es","potentialAction":[{"@type":"ReadAction","target":["https:\/\/www.gruporecoletas.com\/noticias\/que-es-dismorfia-corporal\/"]}]},{"@type":"ImageObject","inLanguage":"es","@id":"https:\/\/www.gruporecoletas.com\/noticias\/que-es-dismorfia-corporal\/#primaryimage","url":"https:\/\/www.gruporecoletas.com\/noticias\/wp-content\/uploads\/2022\/07\/dismorfia-corporal-blog.png","contentUrl":"https:\/\/www.gruporecoletas.com\/noticias\/wp-content\/uploads\/2022\/07\/dismorfia-corporal-blog.png","width":1366,"height":768,"caption":"La dismorfia corporal es un trastorno psicol\u00f3gico dif\u00edcil de diagnosticar que provoca una visi\u00f3n y una idea err\u00f3nea del propio cuerpo."},{"@type":"BreadcrumbList","@id":"https:\/\/www.gruporecoletas.com\/noticias\/que-es-dismorfia-corporal\/#breadcrumb","itemListElement":[{"@type":"ListItem","position":1,"name":"Portada","item":"https:\/\/www.gruporecoletas.com\/noticias\/"},{"@type":"ListItem","position":2,"name":"\u00bfQu\u00e9 es la dismorfia corporal?"}]},{"@type":"WebSite","@id":"https:\/\/www.gruporecoletas.com\/noticias\/#website","url":"https:\/\/www.gruporecoletas.com\/noticias\/","name":"Noticias Grupo Recoletas","description":"Grupo Recoletas","potentialAction":[{"@type":"SearchAction","target":{"@type":"EntryPoint","urlTemplate":"https:\/\/www.gruporecoletas.com\/noticias\/?s={search_term_string}"},"query-input":{"@type":"PropertyValueSpecification","valueRequired":true,"valueName":"search_term_string"}}],"inLanguage":"es"},{"@type":"Person","@id":"https:\/\/www.gruporecoletas.com\/noticias\/#\/schema\/person\/3c6ac429828d1f5e3d3bd99f4da9b02c","name":"Recoletas Red Hospitalaria","url":"https:\/\/www.gruporecoletas.com\/noticias\/author\/comunicacion\/"}]}},"_links":{"self":[{"href":"https:\/\/www.gruporecoletas.com\/noticias\/wp-json\/wp\/v2\/posts\/15543","targetHints":{"allow":["GET"]}}],"collection":[{"href":"https:\/\/www.gruporecoletas.com\/noticias\/wp-json\/wp\/v2\/posts"}],"about":[{"href":"https:\/\/www.gruporecoletas.com\/noticias\/wp-json\/wp\/v2\/types\/post"}],"author":[{"embeddable":true,"href":"https:\/\/www.gruporecoletas.com\/noticias\/wp-json\/wp\/v2\/users\/2"}],"replies":[{"embeddable":true,"href":"https:\/\/www.gruporecoletas.com\/noticias\/wp-json\/wp\/v2\/comments?post=15543"}],"version-history":[{"count":3,"href":"https:\/\/www.gruporecoletas.com\/noticias\/wp-json\/wp\/v2\/posts\/15543\/revisions"}],"predecessor-version":[{"id":15548,"href":"https:\/\/www.gruporecoletas.com\/noticias\/wp-json\/wp\/v2\/posts\/15543\/revisions\/15548"}],"wp:featuredmedia":[{"embeddable":true,"href":"https:\/\/www.gruporecoletas.com\/noticias\/wp-json\/wp\/v2\/media\/15546"}],"wp:attachment":[{"href":"https:\/\/www.gruporecoletas.com\/noticias\/wp-json\/wp\/v2\/media?parent=15543"}],"wp:term":[{"taxonomy":"category","embeddable":true,"href":"https:\/\/www.gruporecoletas.com\/noticias\/wp-json\/wp\/v2\/categories?post=15543"},{"taxonomy":"post_tag","embeddable":true,"href":"https:\/\/www.gruporecoletas.com\/noticias\/wp-json\/wp\/v2\/tags?post=15543"}],"curies":[{"name":"wp","href":"https:\/\/api.w.org\/{rel}","templated":true}]}}