{"id":15611,"date":"2022-09-30T13:44:01","date_gmt":"2022-09-30T11:44:01","guid":{"rendered":"https:\/\/www.gruporecoletas.com\/noticias\/?p=15611"},"modified":"2022-09-30T13:44:02","modified_gmt":"2022-09-30T11:44:02","slug":"recoletas-patrocina-seminci","status":"publish","type":"post","link":"https:\/\/www.gruporecoletas.com\/noticias\/recoletas-patrocina-seminci\/","title":{"rendered":"Recoletas Red Hospitalaria patrocina una nueva edici\u00f3n de Seminci"},"content":{"rendered":"\n<p>La concejala de Cultura y Turismo, Ana Redondo, y el presidente de Recoletas Red Hospitalaria, Amando Rodr\u00edguez, han firmado el convenio de colaboraci\u00f3n por el que la entidad sanitaria renueva su patrocinio con la Semana Internacional de Cine de Valladolid, cuya 67 edici\u00f3n se celebrar\u00e1 del 22 al 29 de octubre. Al acto han acudido el alcalde de Valladolid, \u00d3scar Puente, y el director de Seminci, Javier Angulo.<\/p>\n\n\n\n<p>\u201cRecoletas Red Hospitalaria est\u00e1 estrechamente unida a la ciudad de Valladolid desde su inicio y por ello para nosotros, poder formar parte un a\u00f1o m\u00e1s de este Festival de Cine es una oportunidad extraordinaria para demostrar que nuestro compromiso con esta tierra va mucho m\u00e1s all\u00e1 de la prestaci\u00f3n de una oferta sanitaria ambiciosa y de calidad\u201d. \u201cNosotros sentimos Valladolid y por eso, colaboramos en este gran evento, que es ya una se\u00f1a de identidad y una referencia de nuestra ciudad en la industria del cine.\u201d<\/p>\n\n\n\n<p>El firme compromiso de Recoletas Red Hospitalaria con Valladolid y Castilla y Le\u00f3n se refleja en esta iniciativa de apoyo a la SEMINCI, el evento cultural m\u00e1s importante de la ciudad y de la regi\u00f3n, con el que mantiene un compromiso que se inici\u00f3 hace seis a\u00f1os.<\/p>\n\n\n\n<p>La 67 Semana Internacional de Cine de Valladolid se inaugurar\u00e1 el pr\u00f3ximo 22 de octubre con el estreno de la pel\u00edcula espa\u00f1ola, <em>No mires a los ojos, <\/em>de F\u00e9lix Viscarret. La programaci\u00f3n de esta nueva edici\u00f3n incluir\u00e1, junto a las diferentes secciones del certamen, los ciclos: \u2018Pasolini\/Bardem: 100 a\u00f1os. Dos faros del cine europeo\u2019; el dedicado al director rumano \u2018Mungiu por Mungiu\u2019 y \u2018Cine irland\u00e9s del siglo XXI\u2019, con Irlanda como pa\u00eds invitado del festival. Adem\u00e1s se llevar\u00e1 a cabo una nueva edici\u00f3n del&nbsp;Foro de Mujeres Cineastas en Espa\u00f1a, dedicado este a\u00f1o a las mujeres en la cr\u00edtica de cine, y el VI Encuentro de Distribuidores de Cine independiente espa\u00f1oles.<\/p>\n","protected":false},"excerpt":{"rendered":"<p>La concejala de Cultura y Turismo, Ana Redondo, y el presidente de Recoletas Red Hospitalaria, Amando Rodr\u00edguez, han firmado el convenio de colaboraci\u00f3n por el que la entidad sanitaria renueva su patrocinio con la Semana Internacional de Cine de Valladolid, cuya 67 edici\u00f3n se celebrar\u00e1 del 22 al 29 de octubre. Al acto han acudido [&hellip;]<\/p>\n","protected":false},"author":2,"featured_media":15612,"comment_status":"closed","ping_status":"closed","sticky":false,"template":"","format":"standard","meta":{"_acf_changed":false,"footnotes":""},"categories":[1],"tags":[],"class_list":["post-15611","post","type-post","status-publish","format-standard","has-post-thumbnail","hentry","category-grupo-recoletas"],"acf":[],"yoast_head":"<!-- This site is optimized with the Yoast SEO Premium plugin v27.3 (Yoast SEO v27.3) - https:\/\/yoast.com\/product\/yoast-seo-premium-wordpress\/ -->\n<title>Recoletas Red Hospitalaria patrocina una nueva edici\u00f3n de Seminci - Noticias Grupo Recoletas<\/title>\n<meta name=\"description\" content=\"Amando Rodr\u00edguez, presidente de Recoletas, y la concejala de Cultura y Turismo, Ana Redondo, han firmado el nuevo convenio de patrocinio de Seminci\" \/>\n<meta name=\"robots\" content=\"index, follow, max-snippet:-1, max-image-preview:large, max-video-preview:-1\" \/>\n<link rel=\"canonical\" href=\"https:\/\/www.gruporecoletas.com\/noticias\/recoletas-patrocina-seminci\/\" \/>\n<meta property=\"og:locale\" content=\"es_ES\" \/>\n<meta property=\"og:type\" content=\"article\" \/>\n<meta property=\"og:title\" content=\"Recoletas Red Hospitalaria patrocina una nueva edici\u00f3n de Seminci\" \/>\n<meta property=\"og:description\" content=\"Amando Rodr\u00edguez, presidente de Recoletas, y la concejala de Cultura y Turismo, Ana Redondo, han firmado el nuevo convenio de patrocinio de Seminci\" \/>\n<meta property=\"og:url\" content=\"https:\/\/www.gruporecoletas.com\/noticias\/recoletas-patrocina-seminci\/\" \/>\n<meta property=\"og:site_name\" content=\"Noticias Grupo Recoletas\" \/>\n<meta property=\"article:publisher\" content=\"https:\/\/www.facebook.com\/GrupoRecoletas\/\" \/>\n<meta property=\"article:published_time\" content=\"2022-09-30T11:44:01+00:00\" \/>\n<meta property=\"article:modified_time\" content=\"2022-09-30T11:44:02+00:00\" \/>\n<meta property=\"og:image\" content=\"https:\/\/www.gruporecoletas.com\/noticias\/wp-content\/uploads\/2022\/09\/FIRMA-SEMINCI-RECOLETAS.png\" \/>\n\t<meta property=\"og:image:width\" content=\"1366\" \/>\n\t<meta property=\"og:image:height\" content=\"768\" \/>\n\t<meta property=\"og:image:type\" content=\"image\/png\" \/>\n<meta name=\"author\" content=\"Recoletas Red Hospitalaria\" \/>\n<meta name=\"twitter:card\" content=\"summary_large_image\" \/>\n<meta name=\"twitter:creator\" content=\"@GrupoRecoletas\" \/>\n<meta name=\"twitter:site\" content=\"@GrupoRecoletas\" \/>\n<meta name=\"twitter:label1\" content=\"Escrito por\" \/>\n\t<meta name=\"twitter:data1\" content=\"Recoletas Red Hospitalaria\" \/>\n\t<meta name=\"twitter:label2\" content=\"Tiempo de lectura\" \/>\n\t<meta name=\"twitter:data2\" content=\"2 minutos\" \/>\n<script type=\"application\/ld+json\" class=\"yoast-schema-graph\">{\"@context\":\"https:\\\/\\\/schema.org\",\"@graph\":[{\"@type\":\"Article\",\"@id\":\"https:\\\/\\\/www.gruporecoletas.com\\\/noticias\\\/recoletas-patrocina-seminci\\\/#article\",\"isPartOf\":{\"@id\":\"https:\\\/\\\/www.gruporecoletas.com\\\/noticias\\\/recoletas-patrocina-seminci\\\/\"},\"author\":{\"name\":\"Recoletas Red Hospitalaria\",\"@id\":\"https:\\\/\\\/www.gruporecoletas.com\\\/noticias\\\/#\\\/schema\\\/person\\\/3c6ac429828d1f5e3d3bd99f4da9b02c\"},\"headline\":\"Recoletas Red Hospitalaria patrocina una nueva edici\u00f3n de Seminci\",\"datePublished\":\"2022-09-30T11:44:01+00:00\",\"dateModified\":\"2022-09-30T11:44:02+00:00\",\"mainEntityOfPage\":{\"@id\":\"https:\\\/\\\/www.gruporecoletas.com\\\/noticias\\\/recoletas-patrocina-seminci\\\/\"},\"wordCount\":345,\"image\":{\"@id\":\"https:\\\/\\\/www.gruporecoletas.com\\\/noticias\\\/recoletas-patrocina-seminci\\\/#primaryimage\"},\"thumbnailUrl\":\"https:\\\/\\\/www.gruporecoletas.com\\\/noticias\\\/wp-content\\\/uploads\\\/2022\\\/09\\\/FIRMA-SEMINCI-RECOLETAS.png\",\"articleSection\":[\"Grupo Recoletas\"],\"inLanguage\":\"es\"},{\"@type\":\"WebPage\",\"@id\":\"https:\\\/\\\/www.gruporecoletas.com\\\/noticias\\\/recoletas-patrocina-seminci\\\/\",\"url\":\"https:\\\/\\\/www.gruporecoletas.com\\\/noticias\\\/recoletas-patrocina-seminci\\\/\",\"name\":\"Recoletas Red Hospitalaria patrocina una nueva edici\u00f3n de Seminci - Noticias Grupo Recoletas\",\"isPartOf\":{\"@id\":\"https:\\\/\\\/www.gruporecoletas.com\\\/noticias\\\/#website\"},\"primaryImageOfPage\":{\"@id\":\"https:\\\/\\\/www.gruporecoletas.com\\\/noticias\\\/recoletas-patrocina-seminci\\\/#primaryimage\"},\"image\":{\"@id\":\"https:\\\/\\\/www.gruporecoletas.com\\\/noticias\\\/recoletas-patrocina-seminci\\\/#primaryimage\"},\"thumbnailUrl\":\"https:\\\/\\\/www.gruporecoletas.com\\\/noticias\\\/wp-content\\\/uploads\\\/2022\\\/09\\\/FIRMA-SEMINCI-RECOLETAS.png\",\"datePublished\":\"2022-09-30T11:44:01+00:00\",\"dateModified\":\"2022-09-30T11:44:02+00:00\",\"author\":{\"@id\":\"https:\\\/\\\/www.gruporecoletas.com\\\/noticias\\\/#\\\/schema\\\/person\\\/3c6ac429828d1f5e3d3bd99f4da9b02c\"},\"description\":\"Amando Rodr\u00edguez, presidente de Recoletas, y la concejala de Cultura y Turismo, Ana Redondo, han firmado el nuevo convenio de patrocinio de Seminci\",\"breadcrumb\":{\"@id\":\"https:\\\/\\\/www.gruporecoletas.com\\\/noticias\\\/recoletas-patrocina-seminci\\\/#breadcrumb\"},\"inLanguage\":\"es\",\"potentialAction\":[{\"@type\":\"ReadAction\",\"target\":[\"https:\\\/\\\/www.gruporecoletas.com\\\/noticias\\\/recoletas-patrocina-seminci\\\/\"]}]},{\"@type\":\"ImageObject\",\"inLanguage\":\"es\",\"@id\":\"https:\\\/\\\/www.gruporecoletas.com\\\/noticias\\\/recoletas-patrocina-seminci\\\/#primaryimage\",\"url\":\"https:\\\/\\\/www.gruporecoletas.com\\\/noticias\\\/wp-content\\\/uploads\\\/2022\\\/09\\\/FIRMA-SEMINCI-RECOLETAS.png\",\"contentUrl\":\"https:\\\/\\\/www.gruporecoletas.com\\\/noticias\\\/wp-content\\\/uploads\\\/2022\\\/09\\\/FIRMA-SEMINCI-RECOLETAS.png\",\"width\":1366,\"height\":768,\"caption\":\"La concejala de Cultura y Turismo, Ana Redondo, y el presidente de Recoletas Red Hospitalaria, Amando Rodr\u00edguez, han firmado el convenio de colaboraci\u00f3n por el que la entidad sanitaria renueva su patrocinio con la Semana Internacional de Cine de Valladolid\"},{\"@type\":\"BreadcrumbList\",\"@id\":\"https:\\\/\\\/www.gruporecoletas.com\\\/noticias\\\/recoletas-patrocina-seminci\\\/#breadcrumb\",\"itemListElement\":[{\"@type\":\"ListItem\",\"position\":1,\"name\":\"Portada\",\"item\":\"https:\\\/\\\/www.gruporecoletas.com\\\/noticias\\\/\"},{\"@type\":\"ListItem\",\"position\":2,\"name\":\"Recoletas Red Hospitalaria patrocina una nueva edici\u00f3n de Seminci\"}]},{\"@type\":\"WebSite\",\"@id\":\"https:\\\/\\\/www.gruporecoletas.com\\\/noticias\\\/#website\",\"url\":\"https:\\\/\\\/www.gruporecoletas.com\\\/noticias\\\/\",\"name\":\"Noticias Grupo Recoletas\",\"description\":\"Grupo Recoletas\",\"potentialAction\":[{\"@type\":\"SearchAction\",\"target\":{\"@type\":\"EntryPoint\",\"urlTemplate\":\"https:\\\/\\\/www.gruporecoletas.com\\\/noticias\\\/?s={search_term_string}\"},\"query-input\":{\"@type\":\"PropertyValueSpecification\",\"valueRequired\":true,\"valueName\":\"search_term_string\"}}],\"inLanguage\":\"es\"},{\"@type\":\"Person\",\"@id\":\"https:\\\/\\\/www.gruporecoletas.com\\\/noticias\\\/#\\\/schema\\\/person\\\/3c6ac429828d1f5e3d3bd99f4da9b02c\",\"name\":\"Recoletas Red Hospitalaria\",\"url\":\"https:\\\/\\\/www.gruporecoletas.com\\\/noticias\\\/author\\\/comunicacion\\\/\"}]}<\/script>\n<!-- \/ Yoast SEO Premium plugin. -->","yoast_head_json":{"title":"Recoletas Red Hospitalaria patrocina una nueva edici\u00f3n de Seminci - Noticias Grupo Recoletas","description":"Amando Rodr\u00edguez, presidente de Recoletas, y la concejala de Cultura y Turismo, Ana Redondo, han firmado el nuevo convenio de patrocinio de Seminci","robots":{"index":"index","follow":"follow","max-snippet":"max-snippet:-1","max-image-preview":"max-image-preview:large","max-video-preview":"max-video-preview:-1"},"canonical":"https:\/\/www.gruporecoletas.com\/noticias\/recoletas-patrocina-seminci\/","og_locale":"es_ES","og_type":"article","og_title":"Recoletas Red Hospitalaria patrocina una nueva edici\u00f3n de Seminci","og_description":"Amando Rodr\u00edguez, presidente de Recoletas, y la concejala de Cultura y Turismo, Ana Redondo, han firmado el nuevo convenio de patrocinio de Seminci","og_url":"https:\/\/www.gruporecoletas.com\/noticias\/recoletas-patrocina-seminci\/","og_site_name":"Noticias Grupo Recoletas","article_publisher":"https:\/\/www.facebook.com\/GrupoRecoletas\/","article_published_time":"2022-09-30T11:44:01+00:00","article_modified_time":"2022-09-30T11:44:02+00:00","og_image":[{"width":1366,"height":768,"url":"https:\/\/www.gruporecoletas.com\/noticias\/wp-content\/uploads\/2022\/09\/FIRMA-SEMINCI-RECOLETAS.png","type":"image\/png"}],"author":"Recoletas Red Hospitalaria","twitter_card":"summary_large_image","twitter_creator":"@GrupoRecoletas","twitter_site":"@GrupoRecoletas","twitter_misc":{"Escrito por":"Recoletas Red Hospitalaria","Tiempo de lectura":"2 minutos"},"schema":{"@context":"https:\/\/schema.org","@graph":[{"@type":"Article","@id":"https:\/\/www.gruporecoletas.com\/noticias\/recoletas-patrocina-seminci\/#article","isPartOf":{"@id":"https:\/\/www.gruporecoletas.com\/noticias\/recoletas-patrocina-seminci\/"},"author":{"name":"Recoletas Red Hospitalaria","@id":"https:\/\/www.gruporecoletas.com\/noticias\/#\/schema\/person\/3c6ac429828d1f5e3d3bd99f4da9b02c"},"headline":"Recoletas Red Hospitalaria patrocina una nueva edici\u00f3n de Seminci","datePublished":"2022-09-30T11:44:01+00:00","dateModified":"2022-09-30T11:44:02+00:00","mainEntityOfPage":{"@id":"https:\/\/www.gruporecoletas.com\/noticias\/recoletas-patrocina-seminci\/"},"wordCount":345,"image":{"@id":"https:\/\/www.gruporecoletas.com\/noticias\/recoletas-patrocina-seminci\/#primaryimage"},"thumbnailUrl":"https:\/\/www.gruporecoletas.com\/noticias\/wp-content\/uploads\/2022\/09\/FIRMA-SEMINCI-RECOLETAS.png","articleSection":["Grupo Recoletas"],"inLanguage":"es"},{"@type":"WebPage","@id":"https:\/\/www.gruporecoletas.com\/noticias\/recoletas-patrocina-seminci\/","url":"https:\/\/www.gruporecoletas.com\/noticias\/recoletas-patrocina-seminci\/","name":"Recoletas Red Hospitalaria patrocina una nueva edici\u00f3n de Seminci - Noticias Grupo Recoletas","isPartOf":{"@id":"https:\/\/www.gruporecoletas.com\/noticias\/#website"},"primaryImageOfPage":{"@id":"https:\/\/www.gruporecoletas.com\/noticias\/recoletas-patrocina-seminci\/#primaryimage"},"image":{"@id":"https:\/\/www.gruporecoletas.com\/noticias\/recoletas-patrocina-seminci\/#primaryimage"},"thumbnailUrl":"https:\/\/www.gruporecoletas.com\/noticias\/wp-content\/uploads\/2022\/09\/FIRMA-SEMINCI-RECOLETAS.png","datePublished":"2022-09-30T11:44:01+00:00","dateModified":"2022-09-30T11:44:02+00:00","author":{"@id":"https:\/\/www.gruporecoletas.com\/noticias\/#\/schema\/person\/3c6ac429828d1f5e3d3bd99f4da9b02c"},"description":"Amando Rodr\u00edguez, presidente de Recoletas, y la concejala de Cultura y Turismo, Ana Redondo, han firmado el nuevo convenio de patrocinio de Seminci","breadcrumb":{"@id":"https:\/\/www.gruporecoletas.com\/noticias\/recoletas-patrocina-seminci\/#breadcrumb"},"inLanguage":"es","potentialAction":[{"@type":"ReadAction","target":["https:\/\/www.gruporecoletas.com\/noticias\/recoletas-patrocina-seminci\/"]}]},{"@type":"ImageObject","inLanguage":"es","@id":"https:\/\/www.gruporecoletas.com\/noticias\/recoletas-patrocina-seminci\/#primaryimage","url":"https:\/\/www.gruporecoletas.com\/noticias\/wp-content\/uploads\/2022\/09\/FIRMA-SEMINCI-RECOLETAS.png","contentUrl":"https:\/\/www.gruporecoletas.com\/noticias\/wp-content\/uploads\/2022\/09\/FIRMA-SEMINCI-RECOLETAS.png","width":1366,"height":768,"caption":"La concejala de Cultura y Turismo, Ana Redondo, y el presidente de Recoletas Red Hospitalaria, Amando Rodr\u00edguez, han firmado el convenio de colaboraci\u00f3n por el que la entidad sanitaria renueva su patrocinio con la Semana Internacional de Cine de Valladolid"},{"@type":"BreadcrumbList","@id":"https:\/\/www.gruporecoletas.com\/noticias\/recoletas-patrocina-seminci\/#breadcrumb","itemListElement":[{"@type":"ListItem","position":1,"name":"Portada","item":"https:\/\/www.gruporecoletas.com\/noticias\/"},{"@type":"ListItem","position":2,"name":"Recoletas Red Hospitalaria patrocina una nueva edici\u00f3n de Seminci"}]},{"@type":"WebSite","@id":"https:\/\/www.gruporecoletas.com\/noticias\/#website","url":"https:\/\/www.gruporecoletas.com\/noticias\/","name":"Noticias Grupo Recoletas","description":"Grupo Recoletas","potentialAction":[{"@type":"SearchAction","target":{"@type":"EntryPoint","urlTemplate":"https:\/\/www.gruporecoletas.com\/noticias\/?s={search_term_string}"},"query-input":{"@type":"PropertyValueSpecification","valueRequired":true,"valueName":"search_term_string"}}],"inLanguage":"es"},{"@type":"Person","@id":"https:\/\/www.gruporecoletas.com\/noticias\/#\/schema\/person\/3c6ac429828d1f5e3d3bd99f4da9b02c","name":"Recoletas Red Hospitalaria","url":"https:\/\/www.gruporecoletas.com\/noticias\/author\/comunicacion\/"}]}},"_links":{"self":[{"href":"https:\/\/www.gruporecoletas.com\/noticias\/wp-json\/wp\/v2\/posts\/15611","targetHints":{"allow":["GET"]}}],"collection":[{"href":"https:\/\/www.gruporecoletas.com\/noticias\/wp-json\/wp\/v2\/posts"}],"about":[{"href":"https:\/\/www.gruporecoletas.com\/noticias\/wp-json\/wp\/v2\/types\/post"}],"author":[{"embeddable":true,"href":"https:\/\/www.gruporecoletas.com\/noticias\/wp-json\/wp\/v2\/users\/2"}],"replies":[{"embeddable":true,"href":"https:\/\/www.gruporecoletas.com\/noticias\/wp-json\/wp\/v2\/comments?post=15611"}],"version-history":[{"count":1,"href":"https:\/\/www.gruporecoletas.com\/noticias\/wp-json\/wp\/v2\/posts\/15611\/revisions"}],"predecessor-version":[{"id":15613,"href":"https:\/\/www.gruporecoletas.com\/noticias\/wp-json\/wp\/v2\/posts\/15611\/revisions\/15613"}],"wp:featuredmedia":[{"embeddable":true,"href":"https:\/\/www.gruporecoletas.com\/noticias\/wp-json\/wp\/v2\/media\/15612"}],"wp:attachment":[{"href":"https:\/\/www.gruporecoletas.com\/noticias\/wp-json\/wp\/v2\/media?parent=15611"}],"wp:term":[{"taxonomy":"category","embeddable":true,"href":"https:\/\/www.gruporecoletas.com\/noticias\/wp-json\/wp\/v2\/categories?post=15611"},{"taxonomy":"post_tag","embeddable":true,"href":"https:\/\/www.gruporecoletas.com\/noticias\/wp-json\/wp\/v2\/tags?post=15611"}],"curies":[{"name":"wp","href":"https:\/\/api.w.org\/{rel}","templated":true}]}}