{"id":15631,"date":"2022-10-19T15:46:42","date_gmt":"2022-10-19T13:46:42","guid":{"rendered":"https:\/\/www.gruporecoletas.com\/noticias\/?p=15631"},"modified":"2022-10-20T12:12:01","modified_gmt":"2022-10-20T10:12:01","slug":"recoletas-se-tine-de-rosa","status":"publish","type":"post","link":"https:\/\/www.gruporecoletas.com\/noticias\/recoletas-se-tine-de-rosa\/","title":{"rendered":"Recoletas se ti\u00f1e de rosa"},"content":{"rendered":"\n<p>Los empleados de Recoletas se suman a la celebraci\u00f3n del D\u00eda Mundial de la Lucha contra el C\u00e1ncer de Mama<\/p>\n\n\n\n<figure class=\"wp-block-gallery has-nested-images columns-4 is-cropped wp-block-gallery-1 is-layout-flex wp-block-gallery-is-layout-flex\">\n<figure class=\"wp-block-image size-large\"><img loading=\"lazy\" decoding=\"async\" width=\"1024\" height=\"791\" data-id=\"15635\" src=\"https:\/\/www.gruporecoletas.com\/noticias\/wp-content\/uploads\/2022\/10\/Felipe-II-2-1024x791.jpg\" alt=\"\" class=\"wp-image-15635\" srcset=\"https:\/\/www.gruporecoletas.com\/noticias\/wp-content\/uploads\/2022\/10\/Felipe-II-2-1024x791.jpg 1024w, https:\/\/www.gruporecoletas.com\/noticias\/wp-content\/uploads\/2022\/10\/Felipe-II-2-300x232.jpg 300w, https:\/\/www.gruporecoletas.com\/noticias\/wp-content\/uploads\/2022\/10\/Felipe-II-2-768x593.jpg 768w, https:\/\/www.gruporecoletas.com\/noticias\/wp-content\/uploads\/2022\/10\/Felipe-II-2-1536x1187.jpg 1536w, https:\/\/www.gruporecoletas.com\/noticias\/wp-content\/uploads\/2022\/10\/Felipe-II-2.jpg 2048w\" sizes=\"auto, (max-width: 1024px) 100vw, 1024px\" \/><\/figure>\n\n\n\n<figure class=\"wp-block-image size-large\"><img loading=\"lazy\" decoding=\"async\" width=\"1024\" height=\"768\" data-id=\"15634\" src=\"https:\/\/www.gruporecoletas.com\/noticias\/wp-content\/uploads\/2022\/10\/Palencia-2-1024x768.jpg\" alt=\"\" class=\"wp-image-15634\" srcset=\"https:\/\/www.gruporecoletas.com\/noticias\/wp-content\/uploads\/2022\/10\/Palencia-2-1024x768.jpg 1024w, https:\/\/www.gruporecoletas.com\/noticias\/wp-content\/uploads\/2022\/10\/Palencia-2-300x225.jpg 300w, https:\/\/www.gruporecoletas.com\/noticias\/wp-content\/uploads\/2022\/10\/Palencia-2-768x576.jpg 768w, https:\/\/www.gruporecoletas.com\/noticias\/wp-content\/uploads\/2022\/10\/Palencia-2-1536x1152.jpg 1536w, https:\/\/www.gruporecoletas.com\/noticias\/wp-content\/uploads\/2022\/10\/Palencia-2.jpg 2048w\" sizes=\"auto, (max-width: 1024px) 100vw, 1024px\" \/><\/figure>\n\n\n\n<figure class=\"wp-block-image size-large\"><img loading=\"lazy\" decoding=\"async\" width=\"1024\" height=\"768\" data-id=\"15632\" src=\"https:\/\/www.gruporecoletas.com\/noticias\/wp-content\/uploads\/2022\/10\/Palencia-4-1024x768.jpg\" alt=\"\" class=\"wp-image-15632\" srcset=\"https:\/\/www.gruporecoletas.com\/noticias\/wp-content\/uploads\/2022\/10\/Palencia-4-1024x768.jpg 1024w, https:\/\/www.gruporecoletas.com\/noticias\/wp-content\/uploads\/2022\/10\/Palencia-4-300x225.jpg 300w, https:\/\/www.gruporecoletas.com\/noticias\/wp-content\/uploads\/2022\/10\/Palencia-4-768x576.jpg 768w, https:\/\/www.gruporecoletas.com\/noticias\/wp-content\/uploads\/2022\/10\/Palencia-4-1536x1152.jpg 1536w, https:\/\/www.gruporecoletas.com\/noticias\/wp-content\/uploads\/2022\/10\/Palencia-4.jpg 2048w\" sizes=\"auto, (max-width: 1024px) 100vw, 1024px\" \/><\/figure>\n\n\n\n<figure class=\"wp-block-image size-large\"><img loading=\"lazy\" decoding=\"async\" width=\"1024\" height=\"768\" data-id=\"15636\" src=\"https:\/\/www.gruporecoletas.com\/noticias\/wp-content\/uploads\/2022\/10\/Segovia-2-1024x768.jpg\" alt=\"\" class=\"wp-image-15636\" srcset=\"https:\/\/www.gruporecoletas.com\/noticias\/wp-content\/uploads\/2022\/10\/Segovia-2-1024x768.jpg 1024w, https:\/\/www.gruporecoletas.com\/noticias\/wp-content\/uploads\/2022\/10\/Segovia-2-300x225.jpg 300w, https:\/\/www.gruporecoletas.com\/noticias\/wp-content\/uploads\/2022\/10\/Segovia-2-768x576.jpg 768w, https:\/\/www.gruporecoletas.com\/noticias\/wp-content\/uploads\/2022\/10\/Segovia-2-1536x1152.jpg 1536w, https:\/\/www.gruporecoletas.com\/noticias\/wp-content\/uploads\/2022\/10\/Segovia-2.jpg 1600w\" sizes=\"auto, (max-width: 1024px) 100vw, 1024px\" \/><\/figure>\n\n\n\n<figure class=\"wp-block-image size-large\"><img loading=\"lazy\" decoding=\"async\" width=\"768\" height=\"1024\" data-id=\"15633\" src=\"https:\/\/www.gruporecoletas.com\/noticias\/wp-content\/uploads\/2022\/10\/Segovia-4-768x1024.jpg\" alt=\"\" class=\"wp-image-15633\" srcset=\"https:\/\/www.gruporecoletas.com\/noticias\/wp-content\/uploads\/2022\/10\/Segovia-4-768x1024.jpg 768w, https:\/\/www.gruporecoletas.com\/noticias\/wp-content\/uploads\/2022\/10\/Segovia-4-225x300.jpg 225w, https:\/\/www.gruporecoletas.com\/noticias\/wp-content\/uploads\/2022\/10\/Segovia-4-1152x1536.jpg 1152w, https:\/\/www.gruporecoletas.com\/noticias\/wp-content\/uploads\/2022\/10\/Segovia-4.jpg 1536w\" sizes=\"auto, (max-width: 768px) 100vw, 768px\" \/><\/figure>\n\n\n\n<figure class=\"wp-block-image size-large\"><img loading=\"lazy\" decoding=\"async\" width=\"1024\" height=\"769\" data-id=\"15638\" src=\"https:\/\/www.gruporecoletas.com\/noticias\/wp-content\/uploads\/2022\/10\/Segovia-7-1024x769.jpg\" alt=\"\" class=\"wp-image-15638\" srcset=\"https:\/\/www.gruporecoletas.com\/noticias\/wp-content\/uploads\/2022\/10\/Segovia-7-1024x769.jpg 1024w, https:\/\/www.gruporecoletas.com\/noticias\/wp-content\/uploads\/2022\/10\/Segovia-7-300x225.jpg 300w, https:\/\/www.gruporecoletas.com\/noticias\/wp-content\/uploads\/2022\/10\/Segovia-7-768x577.jpg 768w, https:\/\/www.gruporecoletas.com\/noticias\/wp-content\/uploads\/2022\/10\/Segovia-7-1536x1154.jpg 1536w, https:\/\/www.gruporecoletas.com\/noticias\/wp-content\/uploads\/2022\/10\/Segovia-7.jpg 1600w\" sizes=\"auto, (max-width: 1024px) 100vw, 1024px\" \/><\/figure>\n\n\n\n<figure class=\"wp-block-image size-large\"><img loading=\"lazy\" decoding=\"async\" width=\"768\" height=\"1024\" data-id=\"15637\" src=\"https:\/\/www.gruporecoletas.com\/noticias\/wp-content\/uploads\/2022\/10\/Segovia-6-768x1024.jpg\" alt=\"\" class=\"wp-image-15637\" srcset=\"https:\/\/www.gruporecoletas.com\/noticias\/wp-content\/uploads\/2022\/10\/Segovia-6-768x1024.jpg 768w, https:\/\/www.gruporecoletas.com\/noticias\/wp-content\/uploads\/2022\/10\/Segovia-6-225x300.jpg 225w, https:\/\/www.gruporecoletas.com\/noticias\/wp-content\/uploads\/2022\/10\/Segovia-6-1152x1536.jpg 1152w, https:\/\/www.gruporecoletas.com\/noticias\/wp-content\/uploads\/2022\/10\/Segovia-6.jpg 1536w\" sizes=\"auto, (max-width: 768px) 100vw, 768px\" \/><\/figure>\n\n\n\n<figure class=\"wp-block-image size-large\"><img loading=\"lazy\" decoding=\"async\" width=\"1024\" height=\"768\" data-id=\"15640\" src=\"https:\/\/www.gruporecoletas.com\/noticias\/wp-content\/uploads\/2022\/10\/Zamora-2-1024x768.jpg\" alt=\"\" class=\"wp-image-15640\" srcset=\"https:\/\/www.gruporecoletas.com\/noticias\/wp-content\/uploads\/2022\/10\/Zamora-2-1024x768.jpg 1024w, https:\/\/www.gruporecoletas.com\/noticias\/wp-content\/uploads\/2022\/10\/Zamora-2-300x225.jpg 300w, https:\/\/www.gruporecoletas.com\/noticias\/wp-content\/uploads\/2022\/10\/Zamora-2-768x576.jpg 768w, https:\/\/www.gruporecoletas.com\/noticias\/wp-content\/uploads\/2022\/10\/Zamora-2-1536x1152.jpg 1536w, https:\/\/www.gruporecoletas.com\/noticias\/wp-content\/uploads\/2022\/10\/Zamora-2.jpg 1600w\" sizes=\"auto, (max-width: 1024px) 100vw, 1024px\" \/><\/figure>\n\n\n\n<figure class=\"wp-block-image size-large\"><img loading=\"lazy\" decoding=\"async\" width=\"1024\" height=\"768\" data-id=\"15639\" src=\"https:\/\/www.gruporecoletas.com\/noticias\/wp-content\/uploads\/2022\/10\/Segovia-12.jpg\" alt=\"\" class=\"wp-image-15639\" srcset=\"https:\/\/www.gruporecoletas.com\/noticias\/wp-content\/uploads\/2022\/10\/Segovia-12.jpg 1024w, https:\/\/www.gruporecoletas.com\/noticias\/wp-content\/uploads\/2022\/10\/Segovia-12-300x225.jpg 300w, https:\/\/www.gruporecoletas.com\/noticias\/wp-content\/uploads\/2022\/10\/Segovia-12-768x576.jpg 768w\" sizes=\"auto, (max-width: 1024px) 100vw, 1024px\" \/><\/figure>\n\n\n\n<figure class=\"wp-block-image size-large\"><img loading=\"lazy\" decoding=\"async\" width=\"1024\" height=\"461\" data-id=\"15641\" src=\"https:\/\/www.gruporecoletas.com\/noticias\/wp-content\/uploads\/2022\/10\/Zamora-3-1024x461.jpg\" alt=\"\" class=\"wp-image-15641\" srcset=\"https:\/\/www.gruporecoletas.com\/noticias\/wp-content\/uploads\/2022\/10\/Zamora-3-1024x461.jpg 1024w, https:\/\/www.gruporecoletas.com\/noticias\/wp-content\/uploads\/2022\/10\/Zamora-3-300x135.jpg 300w, https:\/\/www.gruporecoletas.com\/noticias\/wp-content\/uploads\/2022\/10\/Zamora-3-768x346.jpg 768w, https:\/\/www.gruporecoletas.com\/noticias\/wp-content\/uploads\/2022\/10\/Zamora-3-1536x691.jpg 1536w, https:\/\/www.gruporecoletas.com\/noticias\/wp-content\/uploads\/2022\/10\/Zamora-3.jpg 2000w\" sizes=\"auto, (max-width: 1024px) 100vw, 1024px\" \/><\/figure>\n\n\n\n<figure class=\"wp-block-image size-large\"><img loading=\"lazy\" decoding=\"async\" width=\"1024\" height=\"768\" data-id=\"15642\" src=\"https:\/\/www.gruporecoletas.com\/noticias\/wp-content\/uploads\/2022\/10\/Burgos-3-1024x768.jpg\" alt=\"\" class=\"wp-image-15642\" srcset=\"https:\/\/www.gruporecoletas.com\/noticias\/wp-content\/uploads\/2022\/10\/Burgos-3-1024x768.jpg 1024w, https:\/\/www.gruporecoletas.com\/noticias\/wp-content\/uploads\/2022\/10\/Burgos-3-300x225.jpg 300w, https:\/\/www.gruporecoletas.com\/noticias\/wp-content\/uploads\/2022\/10\/Burgos-3-768x576.jpg 768w, https:\/\/www.gruporecoletas.com\/noticias\/wp-content\/uploads\/2022\/10\/Burgos-3-1536x1152.jpg 1536w, https:\/\/www.gruporecoletas.com\/noticias\/wp-content\/uploads\/2022\/10\/Burgos-3.jpg 2048w\" sizes=\"auto, (max-width: 1024px) 100vw, 1024px\" \/><\/figure>\n\n\n\n<figure class=\"wp-block-image size-large\"><img loading=\"lazy\" decoding=\"async\" width=\"1024\" height=\"939\" data-id=\"15644\" src=\"https:\/\/www.gruporecoletas.com\/noticias\/wp-content\/uploads\/2022\/10\/Call-center-3-1024x939.jpg\" alt=\"\" class=\"wp-image-15644\" srcset=\"https:\/\/www.gruporecoletas.com\/noticias\/wp-content\/uploads\/2022\/10\/Call-center-3-1024x939.jpg 1024w, https:\/\/www.gruporecoletas.com\/noticias\/wp-content\/uploads\/2022\/10\/Call-center-3-300x275.jpg 300w, https:\/\/www.gruporecoletas.com\/noticias\/wp-content\/uploads\/2022\/10\/Call-center-3-768x704.jpg 768w, https:\/\/www.gruporecoletas.com\/noticias\/wp-content\/uploads\/2022\/10\/Call-center-3-1536x1408.jpg 1536w, https:\/\/www.gruporecoletas.com\/noticias\/wp-content\/uploads\/2022\/10\/Call-center-3.jpg 1600w\" sizes=\"auto, (max-width: 1024px) 100vw, 1024px\" \/><\/figure>\n\n\n\n<figure class=\"wp-block-image size-large\"><img loading=\"lazy\" decoding=\"async\" width=\"1024\" height=\"768\" data-id=\"15643\" src=\"https:\/\/www.gruporecoletas.com\/noticias\/wp-content\/uploads\/2022\/10\/Cuenca-1024x768.jpg\" alt=\"\" class=\"wp-image-15643\" srcset=\"https:\/\/www.gruporecoletas.com\/noticias\/wp-content\/uploads\/2022\/10\/Cuenca-1024x768.jpg 1024w, https:\/\/www.gruporecoletas.com\/noticias\/wp-content\/uploads\/2022\/10\/Cuenca-300x225.jpg 300w, https:\/\/www.gruporecoletas.com\/noticias\/wp-content\/uploads\/2022\/10\/Cuenca-768x576.jpg 768w, https:\/\/www.gruporecoletas.com\/noticias\/wp-content\/uploads\/2022\/10\/Cuenca-1536x1152.jpg 1536w, https:\/\/www.gruporecoletas.com\/noticias\/wp-content\/uploads\/2022\/10\/Cuenca.jpg 2048w\" sizes=\"auto, (max-width: 1024px) 100vw, 1024px\" \/><\/figure>\n\n\n\n<figure class=\"wp-block-image size-large\"><img loading=\"lazy\" decoding=\"async\" width=\"1024\" height=\"768\" data-id=\"15645\" src=\"https:\/\/www.gruporecoletas.com\/noticias\/wp-content\/uploads\/2022\/10\/DxI-2-1024x768.jpg\" alt=\"\" class=\"wp-image-15645\" srcset=\"https:\/\/www.gruporecoletas.com\/noticias\/wp-content\/uploads\/2022\/10\/DxI-2-1024x768.jpg 1024w, https:\/\/www.gruporecoletas.com\/noticias\/wp-content\/uploads\/2022\/10\/DxI-2-300x225.jpg 300w, https:\/\/www.gruporecoletas.com\/noticias\/wp-content\/uploads\/2022\/10\/DxI-2-768x576.jpg 768w, https:\/\/www.gruporecoletas.com\/noticias\/wp-content\/uploads\/2022\/10\/DxI-2-1536x1152.jpg 1536w, https:\/\/www.gruporecoletas.com\/noticias\/wp-content\/uploads\/2022\/10\/DxI-2.jpg 2048w\" sizes=\"auto, (max-width: 1024px) 100vw, 1024px\" \/><\/figure>\n\n\n\n<figure class=\"wp-block-image size-large\"><img loading=\"lazy\" decoding=\"async\" width=\"1024\" height=\"768\" data-id=\"15646\" src=\"https:\/\/www.gruporecoletas.com\/noticias\/wp-content\/uploads\/2022\/10\/DxI-7.jpg\" alt=\"\" class=\"wp-image-15646\" srcset=\"https:\/\/www.gruporecoletas.com\/noticias\/wp-content\/uploads\/2022\/10\/DxI-7.jpg 1024w, https:\/\/www.gruporecoletas.com\/noticias\/wp-content\/uploads\/2022\/10\/DxI-7-300x225.jpg 300w, https:\/\/www.gruporecoletas.com\/noticias\/wp-content\/uploads\/2022\/10\/DxI-7-768x576.jpg 768w\" sizes=\"auto, (max-width: 1024px) 100vw, 1024px\" \/><\/figure>\n\n\n\n<figure class=\"wp-block-image size-large\"><img loading=\"lazy\" decoding=\"async\" width=\"1024\" height=\"768\" data-id=\"15647\" src=\"https:\/\/www.gruporecoletas.com\/noticias\/wp-content\/uploads\/2022\/10\/Felipe-II-1-1024x768.jpg\" alt=\"\" class=\"wp-image-15647\" srcset=\"https:\/\/www.gruporecoletas.com\/noticias\/wp-content\/uploads\/2022\/10\/Felipe-II-1-1024x768.jpg 1024w, https:\/\/www.gruporecoletas.com\/noticias\/wp-content\/uploads\/2022\/10\/Felipe-II-1-300x225.jpg 300w, https:\/\/www.gruporecoletas.com\/noticias\/wp-content\/uploads\/2022\/10\/Felipe-II-1-768x576.jpg 768w, https:\/\/www.gruporecoletas.com\/noticias\/wp-content\/uploads\/2022\/10\/Felipe-II-1-1536x1152.jpg 1536w, https:\/\/www.gruporecoletas.com\/noticias\/wp-content\/uploads\/2022\/10\/Felipe-II-1.jpg 1600w\" sizes=\"auto, (max-width: 1024px) 100vw, 1024px\" \/><\/figure>\n\n\n\n<figure class=\"wp-block-image size-large\"><img loading=\"lazy\" decoding=\"async\" width=\"576\" height=\"1024\" data-id=\"15654\" src=\"https:\/\/www.gruporecoletas.com\/noticias\/wp-content\/uploads\/2022\/10\/Campo-Grande-1.jpg\" alt=\"\" class=\"wp-image-15654\" srcset=\"https:\/\/www.gruporecoletas.com\/noticias\/wp-content\/uploads\/2022\/10\/Campo-Grande-1.jpg 576w, https:\/\/www.gruporecoletas.com\/noticias\/wp-content\/uploads\/2022\/10\/Campo-Grande-1-169x300.jpg 169w\" sizes=\"auto, (max-width: 576px) 100vw, 576px\" \/><\/figure>\n\n\n\n<figure class=\"wp-block-image size-large\"><img loading=\"lazy\" decoding=\"async\" width=\"576\" height=\"1024\" data-id=\"15653\" src=\"https:\/\/www.gruporecoletas.com\/noticias\/wp-content\/uploads\/2022\/10\/Campo-Grande-6.jpg\" alt=\"\" class=\"wp-image-15653\" srcset=\"https:\/\/www.gruporecoletas.com\/noticias\/wp-content\/uploads\/2022\/10\/Campo-Grande-6.jpg 576w, https:\/\/www.gruporecoletas.com\/noticias\/wp-content\/uploads\/2022\/10\/Campo-Grande-6-169x300.jpg 169w\" sizes=\"auto, (max-width: 576px) 100vw, 576px\" \/><\/figure>\n\n\n\n<figure class=\"wp-block-image size-large\"><img loading=\"lazy\" decoding=\"async\" width=\"768\" height=\"1024\" data-id=\"15655\" src=\"https:\/\/www.gruporecoletas.com\/noticias\/wp-content\/uploads\/2022\/10\/DxI-3-768x1024.jpg\" alt=\"\" class=\"wp-image-15655\" srcset=\"https:\/\/www.gruporecoletas.com\/noticias\/wp-content\/uploads\/2022\/10\/DxI-3-768x1024.jpg 768w, https:\/\/www.gruporecoletas.com\/noticias\/wp-content\/uploads\/2022\/10\/DxI-3-225x300.jpg 225w, https:\/\/www.gruporecoletas.com\/noticias\/wp-content\/uploads\/2022\/10\/DxI-3-1152x1536.jpg 1152w, https:\/\/www.gruporecoletas.com\/noticias\/wp-content\/uploads\/2022\/10\/DxI-3.jpg 1536w\" sizes=\"auto, (max-width: 768px) 100vw, 768px\" \/><\/figure>\n\n\n\n<figure class=\"wp-block-image size-large\"><img loading=\"lazy\" decoding=\"async\" width=\"967\" height=\"1024\" data-id=\"15652\" src=\"https:\/\/www.gruporecoletas.com\/noticias\/wp-content\/uploads\/2022\/10\/DxI-14.jpg\" alt=\"\" class=\"wp-image-15652\" srcset=\"https:\/\/www.gruporecoletas.com\/noticias\/wp-content\/uploads\/2022\/10\/DxI-14.jpg 967w, https:\/\/www.gruporecoletas.com\/noticias\/wp-content\/uploads\/2022\/10\/DxI-14-283x300.jpg 283w, https:\/\/www.gruporecoletas.com\/noticias\/wp-content\/uploads\/2022\/10\/DxI-14-768x813.jpg 768w\" sizes=\"auto, (max-width: 967px) 100vw, 967px\" \/><\/figure>\n<\/figure>\n","protected":false},"excerpt":{"rendered":"<p>Los empleados de Recoletas se suman a la celebraci\u00f3n del D\u00eda Mundial de la Lucha contra el C\u00e1ncer de Mama<\/p>\n","protected":false},"author":2,"featured_media":15649,"comment_status":"closed","ping_status":"closed","sticky":false,"template":"","format":"standard","meta":{"_acf_changed":false,"footnotes":""},"categories":[1],"tags":[],"class_list":["post-15631","post","type-post","status-publish","format-standard","has-post-thumbnail","hentry","category-grupo-recoletas"],"acf":[],"yoast_head":"<!-- This site is optimized with the Yoast SEO Premium plugin v27.3 (Yoast SEO v27.3) - https:\/\/yoast.com\/product\/yoast-seo-premium-wordpress\/ -->\n<title>Recoletas se ti\u00f1e de rosa - Noticias Grupo Recoletas<\/title>\n<meta name=\"robots\" content=\"index, follow, max-snippet:-1, max-image-preview:large, max-video-preview:-1\" \/>\n<link rel=\"canonical\" href=\"https:\/\/www.gruporecoletas.com\/noticias\/recoletas-se-tine-de-rosa\/\" \/>\n<meta property=\"og:locale\" content=\"es_ES\" \/>\n<meta property=\"og:type\" content=\"article\" \/>\n<meta property=\"og:title\" content=\"Recoletas se ti\u00f1e de rosa\" \/>\n<meta property=\"og:description\" content=\"Los empleados de Recoletas se suman a la celebraci\u00f3n del D\u00eda Mundial de la Lucha contra el C\u00e1ncer de Mama\" \/>\n<meta property=\"og:url\" content=\"https:\/\/www.gruporecoletas.com\/noticias\/recoletas-se-tine-de-rosa\/\" \/>\n<meta property=\"og:site_name\" content=\"Noticias Grupo Recoletas\" \/>\n<meta property=\"article:publisher\" content=\"https:\/\/www.facebook.com\/GrupoRecoletas\/\" \/>\n<meta property=\"article:published_time\" content=\"2022-10-19T13:46:42+00:00\" \/>\n<meta property=\"article:modified_time\" content=\"2022-10-20T10:12:01+00:00\" \/>\n<meta property=\"og:image\" content=\"https:\/\/www.gruporecoletas.com\/noticias\/wp-content\/uploads\/2022\/10\/dm-cancer-mama.jpg\" \/>\n\t<meta property=\"og:image:width\" content=\"1366\" \/>\n\t<meta property=\"og:image:height\" content=\"768\" \/>\n\t<meta property=\"og:image:type\" content=\"image\/jpeg\" \/>\n<meta name=\"author\" content=\"Recoletas Red Hospitalaria\" \/>\n<meta name=\"twitter:card\" content=\"summary_large_image\" \/>\n<meta name=\"twitter:creator\" content=\"@GrupoRecoletas\" \/>\n<meta name=\"twitter:site\" content=\"@GrupoRecoletas\" \/>\n<meta name=\"twitter:label1\" content=\"Escrito por\" \/>\n\t<meta name=\"twitter:data1\" content=\"Recoletas Red Hospitalaria\" \/>\n<script type=\"application\/ld+json\" class=\"yoast-schema-graph\">{\"@context\":\"https:\\\/\\\/schema.org\",\"@graph\":[{\"@type\":\"Article\",\"@id\":\"https:\\\/\\\/www.gruporecoletas.com\\\/noticias\\\/recoletas-se-tine-de-rosa\\\/#article\",\"isPartOf\":{\"@id\":\"https:\\\/\\\/www.gruporecoletas.com\\\/noticias\\\/recoletas-se-tine-de-rosa\\\/\"},\"author\":{\"name\":\"Recoletas Red Hospitalaria\",\"@id\":\"https:\\\/\\\/www.gruporecoletas.com\\\/noticias\\\/#\\\/schema\\\/person\\\/3c6ac429828d1f5e3d3bd99f4da9b02c\"},\"headline\":\"Recoletas se ti\u00f1e de rosa\",\"datePublished\":\"2022-10-19T13:46:42+00:00\",\"dateModified\":\"2022-10-20T10:12:01+00:00\",\"mainEntityOfPage\":{\"@id\":\"https:\\\/\\\/www.gruporecoletas.com\\\/noticias\\\/recoletas-se-tine-de-rosa\\\/\"},\"wordCount\":29,\"image\":{\"@id\":\"https:\\\/\\\/www.gruporecoletas.com\\\/noticias\\\/recoletas-se-tine-de-rosa\\\/#primaryimage\"},\"thumbnailUrl\":\"https:\\\/\\\/www.gruporecoletas.com\\\/noticias\\\/wp-content\\\/uploads\\\/2022\\\/10\\\/dm-cancer-mama.jpg\",\"articleSection\":[\"Grupo Recoletas\"],\"inLanguage\":\"es\"},{\"@type\":\"WebPage\",\"@id\":\"https:\\\/\\\/www.gruporecoletas.com\\\/noticias\\\/recoletas-se-tine-de-rosa\\\/\",\"url\":\"https:\\\/\\\/www.gruporecoletas.com\\\/noticias\\\/recoletas-se-tine-de-rosa\\\/\",\"name\":\"Recoletas se ti\u00f1e de rosa - Noticias Grupo Recoletas\",\"isPartOf\":{\"@id\":\"https:\\\/\\\/www.gruporecoletas.com\\\/noticias\\\/#website\"},\"primaryImageOfPage\":{\"@id\":\"https:\\\/\\\/www.gruporecoletas.com\\\/noticias\\\/recoletas-se-tine-de-rosa\\\/#primaryimage\"},\"image\":{\"@id\":\"https:\\\/\\\/www.gruporecoletas.com\\\/noticias\\\/recoletas-se-tine-de-rosa\\\/#primaryimage\"},\"thumbnailUrl\":\"https:\\\/\\\/www.gruporecoletas.com\\\/noticias\\\/wp-content\\\/uploads\\\/2022\\\/10\\\/dm-cancer-mama.jpg\",\"datePublished\":\"2022-10-19T13:46:42+00:00\",\"dateModified\":\"2022-10-20T10:12:01+00:00\",\"author\":{\"@id\":\"https:\\\/\\\/www.gruporecoletas.com\\\/noticias\\\/#\\\/schema\\\/person\\\/3c6ac429828d1f5e3d3bd99f4da9b02c\"},\"breadcrumb\":{\"@id\":\"https:\\\/\\\/www.gruporecoletas.com\\\/noticias\\\/recoletas-se-tine-de-rosa\\\/#breadcrumb\"},\"inLanguage\":\"es\",\"potentialAction\":[{\"@type\":\"ReadAction\",\"target\":[\"https:\\\/\\\/www.gruporecoletas.com\\\/noticias\\\/recoletas-se-tine-de-rosa\\\/\"]}]},{\"@type\":\"ImageObject\",\"inLanguage\":\"es\",\"@id\":\"https:\\\/\\\/www.gruporecoletas.com\\\/noticias\\\/recoletas-se-tine-de-rosa\\\/#primaryimage\",\"url\":\"https:\\\/\\\/www.gruporecoletas.com\\\/noticias\\\/wp-content\\\/uploads\\\/2022\\\/10\\\/dm-cancer-mama.jpg\",\"contentUrl\":\"https:\\\/\\\/www.gruporecoletas.com\\\/noticias\\\/wp-content\\\/uploads\\\/2022\\\/10\\\/dm-cancer-mama.jpg\",\"width\":1366,\"height\":768},{\"@type\":\"BreadcrumbList\",\"@id\":\"https:\\\/\\\/www.gruporecoletas.com\\\/noticias\\\/recoletas-se-tine-de-rosa\\\/#breadcrumb\",\"itemListElement\":[{\"@type\":\"ListItem\",\"position\":1,\"name\":\"Portada\",\"item\":\"https:\\\/\\\/www.gruporecoletas.com\\\/noticias\\\/\"},{\"@type\":\"ListItem\",\"position\":2,\"name\":\"Recoletas se ti\u00f1e de rosa\"}]},{\"@type\":\"WebSite\",\"@id\":\"https:\\\/\\\/www.gruporecoletas.com\\\/noticias\\\/#website\",\"url\":\"https:\\\/\\\/www.gruporecoletas.com\\\/noticias\\\/\",\"name\":\"Noticias Grupo Recoletas\",\"description\":\"Grupo Recoletas\",\"potentialAction\":[{\"@type\":\"SearchAction\",\"target\":{\"@type\":\"EntryPoint\",\"urlTemplate\":\"https:\\\/\\\/www.gruporecoletas.com\\\/noticias\\\/?s={search_term_string}\"},\"query-input\":{\"@type\":\"PropertyValueSpecification\",\"valueRequired\":true,\"valueName\":\"search_term_string\"}}],\"inLanguage\":\"es\"},{\"@type\":\"Person\",\"@id\":\"https:\\\/\\\/www.gruporecoletas.com\\\/noticias\\\/#\\\/schema\\\/person\\\/3c6ac429828d1f5e3d3bd99f4da9b02c\",\"name\":\"Recoletas Red Hospitalaria\",\"url\":\"https:\\\/\\\/www.gruporecoletas.com\\\/noticias\\\/author\\\/comunicacion\\\/\"}]}<\/script>\n<!-- \/ Yoast SEO Premium plugin. -->","yoast_head_json":{"title":"Recoletas se ti\u00f1e de rosa - Noticias Grupo Recoletas","robots":{"index":"index","follow":"follow","max-snippet":"max-snippet:-1","max-image-preview":"max-image-preview:large","max-video-preview":"max-video-preview:-1"},"canonical":"https:\/\/www.gruporecoletas.com\/noticias\/recoletas-se-tine-de-rosa\/","og_locale":"es_ES","og_type":"article","og_title":"Recoletas se ti\u00f1e de rosa","og_description":"Los empleados de Recoletas se suman a la celebraci\u00f3n del D\u00eda Mundial de la Lucha contra el C\u00e1ncer de Mama","og_url":"https:\/\/www.gruporecoletas.com\/noticias\/recoletas-se-tine-de-rosa\/","og_site_name":"Noticias Grupo Recoletas","article_publisher":"https:\/\/www.facebook.com\/GrupoRecoletas\/","article_published_time":"2022-10-19T13:46:42+00:00","article_modified_time":"2022-10-20T10:12:01+00:00","og_image":[{"width":1366,"height":768,"url":"https:\/\/www.gruporecoletas.com\/noticias\/wp-content\/uploads\/2022\/10\/dm-cancer-mama.jpg","type":"image\/jpeg"}],"author":"Recoletas Red Hospitalaria","twitter_card":"summary_large_image","twitter_creator":"@GrupoRecoletas","twitter_site":"@GrupoRecoletas","twitter_misc":{"Escrito por":"Recoletas Red Hospitalaria"},"schema":{"@context":"https:\/\/schema.org","@graph":[{"@type":"Article","@id":"https:\/\/www.gruporecoletas.com\/noticias\/recoletas-se-tine-de-rosa\/#article","isPartOf":{"@id":"https:\/\/www.gruporecoletas.com\/noticias\/recoletas-se-tine-de-rosa\/"},"author":{"name":"Recoletas Red Hospitalaria","@id":"https:\/\/www.gruporecoletas.com\/noticias\/#\/schema\/person\/3c6ac429828d1f5e3d3bd99f4da9b02c"},"headline":"Recoletas se ti\u00f1e de rosa","datePublished":"2022-10-19T13:46:42+00:00","dateModified":"2022-10-20T10:12:01+00:00","mainEntityOfPage":{"@id":"https:\/\/www.gruporecoletas.com\/noticias\/recoletas-se-tine-de-rosa\/"},"wordCount":29,"image":{"@id":"https:\/\/www.gruporecoletas.com\/noticias\/recoletas-se-tine-de-rosa\/#primaryimage"},"thumbnailUrl":"https:\/\/www.gruporecoletas.com\/noticias\/wp-content\/uploads\/2022\/10\/dm-cancer-mama.jpg","articleSection":["Grupo Recoletas"],"inLanguage":"es"},{"@type":"WebPage","@id":"https:\/\/www.gruporecoletas.com\/noticias\/recoletas-se-tine-de-rosa\/","url":"https:\/\/www.gruporecoletas.com\/noticias\/recoletas-se-tine-de-rosa\/","name":"Recoletas se ti\u00f1e de rosa - Noticias Grupo Recoletas","isPartOf":{"@id":"https:\/\/www.gruporecoletas.com\/noticias\/#website"},"primaryImageOfPage":{"@id":"https:\/\/www.gruporecoletas.com\/noticias\/recoletas-se-tine-de-rosa\/#primaryimage"},"image":{"@id":"https:\/\/www.gruporecoletas.com\/noticias\/recoletas-se-tine-de-rosa\/#primaryimage"},"thumbnailUrl":"https:\/\/www.gruporecoletas.com\/noticias\/wp-content\/uploads\/2022\/10\/dm-cancer-mama.jpg","datePublished":"2022-10-19T13:46:42+00:00","dateModified":"2022-10-20T10:12:01+00:00","author":{"@id":"https:\/\/www.gruporecoletas.com\/noticias\/#\/schema\/person\/3c6ac429828d1f5e3d3bd99f4da9b02c"},"breadcrumb":{"@id":"https:\/\/www.gruporecoletas.com\/noticias\/recoletas-se-tine-de-rosa\/#breadcrumb"},"inLanguage":"es","potentialAction":[{"@type":"ReadAction","target":["https:\/\/www.gruporecoletas.com\/noticias\/recoletas-se-tine-de-rosa\/"]}]},{"@type":"ImageObject","inLanguage":"es","@id":"https:\/\/www.gruporecoletas.com\/noticias\/recoletas-se-tine-de-rosa\/#primaryimage","url":"https:\/\/www.gruporecoletas.com\/noticias\/wp-content\/uploads\/2022\/10\/dm-cancer-mama.jpg","contentUrl":"https:\/\/www.gruporecoletas.com\/noticias\/wp-content\/uploads\/2022\/10\/dm-cancer-mama.jpg","width":1366,"height":768},{"@type":"BreadcrumbList","@id":"https:\/\/www.gruporecoletas.com\/noticias\/recoletas-se-tine-de-rosa\/#breadcrumb","itemListElement":[{"@type":"ListItem","position":1,"name":"Portada","item":"https:\/\/www.gruporecoletas.com\/noticias\/"},{"@type":"ListItem","position":2,"name":"Recoletas se ti\u00f1e de rosa"}]},{"@type":"WebSite","@id":"https:\/\/www.gruporecoletas.com\/noticias\/#website","url":"https:\/\/www.gruporecoletas.com\/noticias\/","name":"Noticias Grupo Recoletas","description":"Grupo Recoletas","potentialAction":[{"@type":"SearchAction","target":{"@type":"EntryPoint","urlTemplate":"https:\/\/www.gruporecoletas.com\/noticias\/?s={search_term_string}"},"query-input":{"@type":"PropertyValueSpecification","valueRequired":true,"valueName":"search_term_string"}}],"inLanguage":"es"},{"@type":"Person","@id":"https:\/\/www.gruporecoletas.com\/noticias\/#\/schema\/person\/3c6ac429828d1f5e3d3bd99f4da9b02c","name":"Recoletas Red Hospitalaria","url":"https:\/\/www.gruporecoletas.com\/noticias\/author\/comunicacion\/"}]}},"_links":{"self":[{"href":"https:\/\/www.gruporecoletas.com\/noticias\/wp-json\/wp\/v2\/posts\/15631","targetHints":{"allow":["GET"]}}],"collection":[{"href":"https:\/\/www.gruporecoletas.com\/noticias\/wp-json\/wp\/v2\/posts"}],"about":[{"href":"https:\/\/www.gruporecoletas.com\/noticias\/wp-json\/wp\/v2\/types\/post"}],"author":[{"embeddable":true,"href":"https:\/\/www.gruporecoletas.com\/noticias\/wp-json\/wp\/v2\/users\/2"}],"replies":[{"embeddable":true,"href":"https:\/\/www.gruporecoletas.com\/noticias\/wp-json\/wp\/v2\/comments?post=15631"}],"version-history":[{"count":3,"href":"https:\/\/www.gruporecoletas.com\/noticias\/wp-json\/wp\/v2\/posts\/15631\/revisions"}],"predecessor-version":[{"id":15656,"href":"https:\/\/www.gruporecoletas.com\/noticias\/wp-json\/wp\/v2\/posts\/15631\/revisions\/15656"}],"wp:featuredmedia":[{"embeddable":true,"href":"https:\/\/www.gruporecoletas.com\/noticias\/wp-json\/wp\/v2\/media\/15649"}],"wp:attachment":[{"href":"https:\/\/www.gruporecoletas.com\/noticias\/wp-json\/wp\/v2\/media?parent=15631"}],"wp:term":[{"taxonomy":"category","embeddable":true,"href":"https:\/\/www.gruporecoletas.com\/noticias\/wp-json\/wp\/v2\/categories?post=15631"},{"taxonomy":"post_tag","embeddable":true,"href":"https:\/\/www.gruporecoletas.com\/noticias\/wp-json\/wp\/v2\/tags?post=15631"}],"curies":[{"name":"wp","href":"https:\/\/api.w.org\/{rel}","templated":true}]}}