{"id":15667,"date":"2022-10-20T14:43:08","date_gmt":"2022-10-20T12:43:08","guid":{"rendered":"https:\/\/www.gruporecoletas.com\/noticias\/?p=15667"},"modified":"2022-10-20T14:43:10","modified_gmt":"2022-10-20T12:43:10","slug":"recoletas-participa-en-el-i-congreso-internacional-de-ecografia-para-tsid","status":"publish","type":"post","link":"https:\/\/www.gruporecoletas.com\/noticias\/recoletas-participa-en-el-i-congreso-internacional-de-ecografia-para-tsid\/","title":{"rendered":"Recoletas participa en el I Congreso Internacional de Ecograf\u00eda para TSID"},"content":{"rendered":"\n<p>M\u00f3nica Bermejo, supervisora TSID del servicio de Diagn\u00f3stico por la Imagen del <a href=\"https:\/\/www.gruporecoletas.com\/hospitales\/hospital-recoletas-segovia\/\">Hospital Recoletas Segovia<\/a>, ha presentado el <strong>trabajo \u00abScreening caderas neonatales\u00bb<\/strong> en formato oral durante el \u00abI Congreso Internacional de Ecograf\u00eda para TSID\u00bb. Este encuentro pretende <strong>posicionar la Profesi\u00f3n del TSID como profesional sanitario<\/strong> que ejerce esta t\u00e9cnica de aproximaci\u00f3n diagn\u00f3stica, en un trabajo conjunto junto a los M\u00e9dicos Radi\u00f3logos, y elevar tanto la <strong>capacidad de atenci\u00f3n al usuario como la calidad de las t\u00e9cnicas<\/strong> que se realizan.\u00a0<\/p>\n\n\n\n<p>El congreso, organizado por el Colegio Profesional de T\u00e9cnicos Superiores Sanitarios de la Comunidad Valenciana, ha tenido lugar los d\u00edas 13, 14 y\u00a015 de octubre\u00a0en el Hospital Universitario de Getafe de Madrid.<\/p>\n","protected":false},"excerpt":{"rendered":"<p>M\u00f3nica Bermejo, supervisora TSID del servicio de Diagn\u00f3stico por la Imagen del Hospital Recoletas Segovia, ha presentado el trabajo \u00abScreening caderas neonatales\u00bb en formato oral durante el \u00abI Congreso Internacional de Ecograf\u00eda para TSID\u00bb. Este encuentro pretende posicionar la Profesi\u00f3n del TSID como profesional sanitario que ejerce esta t\u00e9cnica de aproximaci\u00f3n diagn\u00f3stica, en un trabajo [&hellip;]<\/p>\n","protected":false},"author":2,"featured_media":15669,"comment_status":"closed","ping_status":"closed","sticky":false,"template":"","format":"standard","meta":{"_acf_changed":false,"footnotes":""},"categories":[3282,5],"tags":[3285,3283,3284,3286],"class_list":["post-15667","post","type-post","status-publish","format-standard","has-post-thumbnail","hentry","category-id","category-segovia","tag-congreso-profesional","tag-diagnostico-por-la-imagen","tag-ecografia","tag-id"],"acf":[],"yoast_head":"<!-- This site is optimized with the Yoast SEO Premium plugin v27.3 (Yoast SEO v27.3) - https:\/\/yoast.com\/product\/yoast-seo-premium-wordpress\/ -->\n<title>Recoletas participa en el I Congreso Internacional de Ecograf\u00eda para TSID - Noticias Grupo Recoletas<\/title>\n<meta name=\"robots\" content=\"index, follow, max-snippet:-1, max-image-preview:large, max-video-preview:-1\" \/>\n<link rel=\"canonical\" href=\"https:\/\/www.gruporecoletas.com\/noticias\/recoletas-participa-en-el-i-congreso-internacional-de-ecografia-para-tsid\/\" \/>\n<meta property=\"og:locale\" content=\"es_ES\" \/>\n<meta property=\"og:type\" content=\"article\" \/>\n<meta property=\"og:title\" content=\"Recoletas participa en el I Congreso Internacional de Ecograf\u00eda para TSID\" \/>\n<meta property=\"og:description\" content=\"M\u00f3nica Bermejo, supervisora TSID del servicio de Diagn\u00f3stico por la Imagen del Hospital Recoletas Segovia, ha presentado el trabajo \u00abScreening caderas neonatales\u00bb en formato oral durante el \u00abI Congreso Internacional de Ecograf\u00eda para TSID\u00bb. Este encuentro pretende posicionar la Profesi\u00f3n del TSID como profesional sanitario que ejerce esta t\u00e9cnica de aproximaci\u00f3n diagn\u00f3stica, en un trabajo [&hellip;]\" \/>\n<meta property=\"og:url\" content=\"https:\/\/www.gruporecoletas.com\/noticias\/recoletas-participa-en-el-i-congreso-internacional-de-ecografia-para-tsid\/\" \/>\n<meta property=\"og:site_name\" content=\"Noticias Grupo Recoletas\" \/>\n<meta property=\"article:publisher\" content=\"https:\/\/www.facebook.com\/GrupoRecoletas\/\" \/>\n<meta property=\"article:published_time\" content=\"2022-10-20T12:43:08+00:00\" \/>\n<meta property=\"article:modified_time\" content=\"2022-10-20T12:43:10+00:00\" \/>\n<meta property=\"og:image\" content=\"https:\/\/www.gruporecoletas.com\/noticias\/wp-content\/uploads\/2022\/10\/monica-bermejo-tsid-recoletas-congreso-ecografia.jpg\" \/>\n\t<meta property=\"og:image:width\" content=\"1366\" \/>\n\t<meta property=\"og:image:height\" content=\"768\" \/>\n\t<meta property=\"og:image:type\" content=\"image\/jpeg\" \/>\n<meta name=\"author\" content=\"Recoletas Red Hospitalaria\" \/>\n<meta name=\"twitter:card\" content=\"summary_large_image\" \/>\n<meta name=\"twitter:creator\" content=\"@GrupoRecoletas\" \/>\n<meta name=\"twitter:site\" content=\"@GrupoRecoletas\" \/>\n<meta name=\"twitter:label1\" content=\"Escrito por\" \/>\n\t<meta name=\"twitter:data1\" content=\"Recoletas Red Hospitalaria\" \/>\n\t<meta name=\"twitter:label2\" content=\"Tiempo de lectura\" \/>\n\t<meta name=\"twitter:data2\" content=\"1 minuto\" \/>\n<script type=\"application\/ld+json\" class=\"yoast-schema-graph\">{\"@context\":\"https:\\\/\\\/schema.org\",\"@graph\":[{\"@type\":\"Article\",\"@id\":\"https:\\\/\\\/www.gruporecoletas.com\\\/noticias\\\/recoletas-participa-en-el-i-congreso-internacional-de-ecografia-para-tsid\\\/#article\",\"isPartOf\":{\"@id\":\"https:\\\/\\\/www.gruporecoletas.com\\\/noticias\\\/recoletas-participa-en-el-i-congreso-internacional-de-ecografia-para-tsid\\\/\"},\"author\":{\"name\":\"Recoletas Red Hospitalaria\",\"@id\":\"https:\\\/\\\/www.gruporecoletas.com\\\/noticias\\\/#\\\/schema\\\/person\\\/3c6ac429828d1f5e3d3bd99f4da9b02c\"},\"headline\":\"Recoletas participa en el I Congreso Internacional de Ecograf\u00eda para TSID\",\"datePublished\":\"2022-10-20T12:43:08+00:00\",\"dateModified\":\"2022-10-20T12:43:10+00:00\",\"mainEntityOfPage\":{\"@id\":\"https:\\\/\\\/www.gruporecoletas.com\\\/noticias\\\/recoletas-participa-en-el-i-congreso-internacional-de-ecografia-para-tsid\\\/\"},\"wordCount\":135,\"image\":{\"@id\":\"https:\\\/\\\/www.gruporecoletas.com\\\/noticias\\\/recoletas-participa-en-el-i-congreso-internacional-de-ecografia-para-tsid\\\/#primaryimage\"},\"thumbnailUrl\":\"https:\\\/\\\/www.gruporecoletas.com\\\/noticias\\\/wp-content\\\/uploads\\\/2022\\\/10\\\/monica-bermejo-tsid-recoletas-congreso-ecografia.jpg\",\"keywords\":[\"congreso profesional\",\"diagnostico por la imagen\",\"ecograf\u00eda\",\"i+d\"],\"articleSection\":[\"I+D\",\"Segovia\"],\"inLanguage\":\"es\"},{\"@type\":\"WebPage\",\"@id\":\"https:\\\/\\\/www.gruporecoletas.com\\\/noticias\\\/recoletas-participa-en-el-i-congreso-internacional-de-ecografia-para-tsid\\\/\",\"url\":\"https:\\\/\\\/www.gruporecoletas.com\\\/noticias\\\/recoletas-participa-en-el-i-congreso-internacional-de-ecografia-para-tsid\\\/\",\"name\":\"Recoletas participa en el I Congreso Internacional de Ecograf\u00eda para TSID - Noticias Grupo Recoletas\",\"isPartOf\":{\"@id\":\"https:\\\/\\\/www.gruporecoletas.com\\\/noticias\\\/#website\"},\"primaryImageOfPage\":{\"@id\":\"https:\\\/\\\/www.gruporecoletas.com\\\/noticias\\\/recoletas-participa-en-el-i-congreso-internacional-de-ecografia-para-tsid\\\/#primaryimage\"},\"image\":{\"@id\":\"https:\\\/\\\/www.gruporecoletas.com\\\/noticias\\\/recoletas-participa-en-el-i-congreso-internacional-de-ecografia-para-tsid\\\/#primaryimage\"},\"thumbnailUrl\":\"https:\\\/\\\/www.gruporecoletas.com\\\/noticias\\\/wp-content\\\/uploads\\\/2022\\\/10\\\/monica-bermejo-tsid-recoletas-congreso-ecografia.jpg\",\"datePublished\":\"2022-10-20T12:43:08+00:00\",\"dateModified\":\"2022-10-20T12:43:10+00:00\",\"author\":{\"@id\":\"https:\\\/\\\/www.gruporecoletas.com\\\/noticias\\\/#\\\/schema\\\/person\\\/3c6ac429828d1f5e3d3bd99f4da9b02c\"},\"breadcrumb\":{\"@id\":\"https:\\\/\\\/www.gruporecoletas.com\\\/noticias\\\/recoletas-participa-en-el-i-congreso-internacional-de-ecografia-para-tsid\\\/#breadcrumb\"},\"inLanguage\":\"es\",\"potentialAction\":[{\"@type\":\"ReadAction\",\"target\":[\"https:\\\/\\\/www.gruporecoletas.com\\\/noticias\\\/recoletas-participa-en-el-i-congreso-internacional-de-ecografia-para-tsid\\\/\"]}]},{\"@type\":\"ImageObject\",\"inLanguage\":\"es\",\"@id\":\"https:\\\/\\\/www.gruporecoletas.com\\\/noticias\\\/recoletas-participa-en-el-i-congreso-internacional-de-ecografia-para-tsid\\\/#primaryimage\",\"url\":\"https:\\\/\\\/www.gruporecoletas.com\\\/noticias\\\/wp-content\\\/uploads\\\/2022\\\/10\\\/monica-bermejo-tsid-recoletas-congreso-ecografia.jpg\",\"contentUrl\":\"https:\\\/\\\/www.gruporecoletas.com\\\/noticias\\\/wp-content\\\/uploads\\\/2022\\\/10\\\/monica-bermejo-tsid-recoletas-congreso-ecografia.jpg\",\"width\":1366,\"height\":768},{\"@type\":\"BreadcrumbList\",\"@id\":\"https:\\\/\\\/www.gruporecoletas.com\\\/noticias\\\/recoletas-participa-en-el-i-congreso-internacional-de-ecografia-para-tsid\\\/#breadcrumb\",\"itemListElement\":[{\"@type\":\"ListItem\",\"position\":1,\"name\":\"Portada\",\"item\":\"https:\\\/\\\/www.gruporecoletas.com\\\/noticias\\\/\"},{\"@type\":\"ListItem\",\"position\":2,\"name\":\"Recoletas participa en el I Congreso Internacional de Ecograf\u00eda para TSID\"}]},{\"@type\":\"WebSite\",\"@id\":\"https:\\\/\\\/www.gruporecoletas.com\\\/noticias\\\/#website\",\"url\":\"https:\\\/\\\/www.gruporecoletas.com\\\/noticias\\\/\",\"name\":\"Noticias Grupo Recoletas\",\"description\":\"Grupo Recoletas\",\"potentialAction\":[{\"@type\":\"SearchAction\",\"target\":{\"@type\":\"EntryPoint\",\"urlTemplate\":\"https:\\\/\\\/www.gruporecoletas.com\\\/noticias\\\/?s={search_term_string}\"},\"query-input\":{\"@type\":\"PropertyValueSpecification\",\"valueRequired\":true,\"valueName\":\"search_term_string\"}}],\"inLanguage\":\"es\"},{\"@type\":\"Person\",\"@id\":\"https:\\\/\\\/www.gruporecoletas.com\\\/noticias\\\/#\\\/schema\\\/person\\\/3c6ac429828d1f5e3d3bd99f4da9b02c\",\"name\":\"Recoletas Red Hospitalaria\",\"url\":\"https:\\\/\\\/www.gruporecoletas.com\\\/noticias\\\/author\\\/comunicacion\\\/\"}]}<\/script>\n<!-- \/ Yoast SEO Premium plugin. -->","yoast_head_json":{"title":"Recoletas participa en el I Congreso Internacional de Ecograf\u00eda para TSID - Noticias Grupo Recoletas","robots":{"index":"index","follow":"follow","max-snippet":"max-snippet:-1","max-image-preview":"max-image-preview:large","max-video-preview":"max-video-preview:-1"},"canonical":"https:\/\/www.gruporecoletas.com\/noticias\/recoletas-participa-en-el-i-congreso-internacional-de-ecografia-para-tsid\/","og_locale":"es_ES","og_type":"article","og_title":"Recoletas participa en el I Congreso Internacional de Ecograf\u00eda para TSID","og_description":"M\u00f3nica Bermejo, supervisora TSID del servicio de Diagn\u00f3stico por la Imagen del Hospital Recoletas Segovia, ha presentado el trabajo \u00abScreening caderas neonatales\u00bb en formato oral durante el \u00abI Congreso Internacional de Ecograf\u00eda para TSID\u00bb. Este encuentro pretende posicionar la Profesi\u00f3n del TSID como profesional sanitario que ejerce esta t\u00e9cnica de aproximaci\u00f3n diagn\u00f3stica, en un trabajo [&hellip;]","og_url":"https:\/\/www.gruporecoletas.com\/noticias\/recoletas-participa-en-el-i-congreso-internacional-de-ecografia-para-tsid\/","og_site_name":"Noticias Grupo Recoletas","article_publisher":"https:\/\/www.facebook.com\/GrupoRecoletas\/","article_published_time":"2022-10-20T12:43:08+00:00","article_modified_time":"2022-10-20T12:43:10+00:00","og_image":[{"width":1366,"height":768,"url":"https:\/\/www.gruporecoletas.com\/noticias\/wp-content\/uploads\/2022\/10\/monica-bermejo-tsid-recoletas-congreso-ecografia.jpg","type":"image\/jpeg"}],"author":"Recoletas Red Hospitalaria","twitter_card":"summary_large_image","twitter_creator":"@GrupoRecoletas","twitter_site":"@GrupoRecoletas","twitter_misc":{"Escrito por":"Recoletas Red Hospitalaria","Tiempo de lectura":"1 minuto"},"schema":{"@context":"https:\/\/schema.org","@graph":[{"@type":"Article","@id":"https:\/\/www.gruporecoletas.com\/noticias\/recoletas-participa-en-el-i-congreso-internacional-de-ecografia-para-tsid\/#article","isPartOf":{"@id":"https:\/\/www.gruporecoletas.com\/noticias\/recoletas-participa-en-el-i-congreso-internacional-de-ecografia-para-tsid\/"},"author":{"name":"Recoletas Red Hospitalaria","@id":"https:\/\/www.gruporecoletas.com\/noticias\/#\/schema\/person\/3c6ac429828d1f5e3d3bd99f4da9b02c"},"headline":"Recoletas participa en el I Congreso Internacional de Ecograf\u00eda para TSID","datePublished":"2022-10-20T12:43:08+00:00","dateModified":"2022-10-20T12:43:10+00:00","mainEntityOfPage":{"@id":"https:\/\/www.gruporecoletas.com\/noticias\/recoletas-participa-en-el-i-congreso-internacional-de-ecografia-para-tsid\/"},"wordCount":135,"image":{"@id":"https:\/\/www.gruporecoletas.com\/noticias\/recoletas-participa-en-el-i-congreso-internacional-de-ecografia-para-tsid\/#primaryimage"},"thumbnailUrl":"https:\/\/www.gruporecoletas.com\/noticias\/wp-content\/uploads\/2022\/10\/monica-bermejo-tsid-recoletas-congreso-ecografia.jpg","keywords":["congreso profesional","diagnostico por la imagen","ecograf\u00eda","i+d"],"articleSection":["I+D","Segovia"],"inLanguage":"es"},{"@type":"WebPage","@id":"https:\/\/www.gruporecoletas.com\/noticias\/recoletas-participa-en-el-i-congreso-internacional-de-ecografia-para-tsid\/","url":"https:\/\/www.gruporecoletas.com\/noticias\/recoletas-participa-en-el-i-congreso-internacional-de-ecografia-para-tsid\/","name":"Recoletas participa en el I Congreso Internacional de Ecograf\u00eda para TSID - Noticias Grupo Recoletas","isPartOf":{"@id":"https:\/\/www.gruporecoletas.com\/noticias\/#website"},"primaryImageOfPage":{"@id":"https:\/\/www.gruporecoletas.com\/noticias\/recoletas-participa-en-el-i-congreso-internacional-de-ecografia-para-tsid\/#primaryimage"},"image":{"@id":"https:\/\/www.gruporecoletas.com\/noticias\/recoletas-participa-en-el-i-congreso-internacional-de-ecografia-para-tsid\/#primaryimage"},"thumbnailUrl":"https:\/\/www.gruporecoletas.com\/noticias\/wp-content\/uploads\/2022\/10\/monica-bermejo-tsid-recoletas-congreso-ecografia.jpg","datePublished":"2022-10-20T12:43:08+00:00","dateModified":"2022-10-20T12:43:10+00:00","author":{"@id":"https:\/\/www.gruporecoletas.com\/noticias\/#\/schema\/person\/3c6ac429828d1f5e3d3bd99f4da9b02c"},"breadcrumb":{"@id":"https:\/\/www.gruporecoletas.com\/noticias\/recoletas-participa-en-el-i-congreso-internacional-de-ecografia-para-tsid\/#breadcrumb"},"inLanguage":"es","potentialAction":[{"@type":"ReadAction","target":["https:\/\/www.gruporecoletas.com\/noticias\/recoletas-participa-en-el-i-congreso-internacional-de-ecografia-para-tsid\/"]}]},{"@type":"ImageObject","inLanguage":"es","@id":"https:\/\/www.gruporecoletas.com\/noticias\/recoletas-participa-en-el-i-congreso-internacional-de-ecografia-para-tsid\/#primaryimage","url":"https:\/\/www.gruporecoletas.com\/noticias\/wp-content\/uploads\/2022\/10\/monica-bermejo-tsid-recoletas-congreso-ecografia.jpg","contentUrl":"https:\/\/www.gruporecoletas.com\/noticias\/wp-content\/uploads\/2022\/10\/monica-bermejo-tsid-recoletas-congreso-ecografia.jpg","width":1366,"height":768},{"@type":"BreadcrumbList","@id":"https:\/\/www.gruporecoletas.com\/noticias\/recoletas-participa-en-el-i-congreso-internacional-de-ecografia-para-tsid\/#breadcrumb","itemListElement":[{"@type":"ListItem","position":1,"name":"Portada","item":"https:\/\/www.gruporecoletas.com\/noticias\/"},{"@type":"ListItem","position":2,"name":"Recoletas participa en el I Congreso Internacional de Ecograf\u00eda para TSID"}]},{"@type":"WebSite","@id":"https:\/\/www.gruporecoletas.com\/noticias\/#website","url":"https:\/\/www.gruporecoletas.com\/noticias\/","name":"Noticias Grupo Recoletas","description":"Grupo Recoletas","potentialAction":[{"@type":"SearchAction","target":{"@type":"EntryPoint","urlTemplate":"https:\/\/www.gruporecoletas.com\/noticias\/?s={search_term_string}"},"query-input":{"@type":"PropertyValueSpecification","valueRequired":true,"valueName":"search_term_string"}}],"inLanguage":"es"},{"@type":"Person","@id":"https:\/\/www.gruporecoletas.com\/noticias\/#\/schema\/person\/3c6ac429828d1f5e3d3bd99f4da9b02c","name":"Recoletas Red Hospitalaria","url":"https:\/\/www.gruporecoletas.com\/noticias\/author\/comunicacion\/"}]}},"_links":{"self":[{"href":"https:\/\/www.gruporecoletas.com\/noticias\/wp-json\/wp\/v2\/posts\/15667","targetHints":{"allow":["GET"]}}],"collection":[{"href":"https:\/\/www.gruporecoletas.com\/noticias\/wp-json\/wp\/v2\/posts"}],"about":[{"href":"https:\/\/www.gruporecoletas.com\/noticias\/wp-json\/wp\/v2\/types\/post"}],"author":[{"embeddable":true,"href":"https:\/\/www.gruporecoletas.com\/noticias\/wp-json\/wp\/v2\/users\/2"}],"replies":[{"embeddable":true,"href":"https:\/\/www.gruporecoletas.com\/noticias\/wp-json\/wp\/v2\/comments?post=15667"}],"version-history":[{"count":1,"href":"https:\/\/www.gruporecoletas.com\/noticias\/wp-json\/wp\/v2\/posts\/15667\/revisions"}],"predecessor-version":[{"id":15670,"href":"https:\/\/www.gruporecoletas.com\/noticias\/wp-json\/wp\/v2\/posts\/15667\/revisions\/15670"}],"wp:featuredmedia":[{"embeddable":true,"href":"https:\/\/www.gruporecoletas.com\/noticias\/wp-json\/wp\/v2\/media\/15669"}],"wp:attachment":[{"href":"https:\/\/www.gruporecoletas.com\/noticias\/wp-json\/wp\/v2\/media?parent=15667"}],"wp:term":[{"taxonomy":"category","embeddable":true,"href":"https:\/\/www.gruporecoletas.com\/noticias\/wp-json\/wp\/v2\/categories?post=15667"},{"taxonomy":"post_tag","embeddable":true,"href":"https:\/\/www.gruporecoletas.com\/noticias\/wp-json\/wp\/v2\/tags?post=15667"}],"curies":[{"name":"wp","href":"https:\/\/api.w.org\/{rel}","templated":true}]}}