{"id":15684,"date":"2022-10-25T14:58:45","date_gmt":"2022-10-25T12:58:45","guid":{"rendered":"https:\/\/www.gruporecoletas.com\/noticias\/?p=15684"},"modified":"2022-10-25T14:58:46","modified_gmt":"2022-10-25T12:58:46","slug":"recoletas-participa-foro-it-digital-security-sobre-seguridad-digital","status":"publish","type":"post","link":"https:\/\/www.gruporecoletas.com\/noticias\/recoletas-participa-foro-it-digital-security-sobre-seguridad-digital\/","title":{"rendered":"Recoletas participa en el foro IT Digital Security sobre seguridad digital"},"content":{"rendered":"\n<p>Recoletas, de la mano de Josep Bardallo, CISO de la compa\u00f1\u00eda, participa en el foro IT Digital Security 2022, \u201cProtegiendo el nuevo per\u00edmetro\u201d, que tendr\u00e1 lugar durante los d\u00edas 25 y 26 de octubre, para hablar acerca de los nuevos entornos digitales y la necesidad de constante adaptaci\u00f3n y adecuaci\u00f3n de las herramientas para garantizar la seguridad digital de los datos.<\/p>\n\n\n\n<p>De este modo, el CISO de Recoletas ha asegurado que \u201clos entornos son cada vez m\u00e1s heterog\u00e9neos y m\u00e1s amplios y hay que aprender a convivir con ellos. Por lo que necesitas herramientas de seguridad que sepan adaptarse a todo eso\u201d. Adem\u00e1s, ha asegurado que \u00abnos ayuda cualquier elemento o tecnolog\u00eda que nos permita detectar el ataque porque tenemos asumido que el incidente de seguridad va a llegar\u201d. <\/p>\n\n\n\n<p>Con esta participaci\u00f3n, Josep Bardallo, ha querido poner en valor el trabajo que se realiza en Recoletas para garantizar la seguridad de los datos de la empresa y los pacientes en un nuevo contexto digital en el que cada vez est\u00e1n m\u00e1s expuestos y recordar la importancia de aumentar la concienciaci\u00f3n<strong> <\/strong>de los empleados para convertirlos en aliados en los procesos de ciberdefensa.<\/p>\n","protected":false},"excerpt":{"rendered":"<p>Recoletas, de la mano de Josep Bardallo, CISO de la compa\u00f1\u00eda, participa en el foro IT Digital Security 2022, \u201cProtegiendo el nuevo per\u00edmetro\u201d, que tendr\u00e1 lugar durante los d\u00edas 25 y 26 de octubre, para hablar acerca de los nuevos entornos digitales y la necesidad de constante adaptaci\u00f3n y adecuaci\u00f3n de las herramientas para garantizar [&hellip;]<\/p>\n","protected":false},"author":2,"featured_media":15685,"comment_status":"closed","ping_status":"closed","sticky":false,"template":"","format":"standard","meta":{"_acf_changed":false,"footnotes":""},"categories":[1,3282],"tags":[3286,3290],"class_list":["post-15684","post","type-post","status-publish","format-standard","has-post-thumbnail","hentry","category-grupo-recoletas","category-id","tag-id","tag-seguridad"],"acf":[],"yoast_head":"<!-- This site is optimized with the Yoast SEO Premium plugin v27.3 (Yoast SEO v27.3) - https:\/\/yoast.com\/product\/yoast-seo-premium-wordpress\/ -->\n<title>Recoletas participa en el foro IT Digital Security sobre seguridad digital - Noticias Grupo Recoletas<\/title>\n<meta name=\"description\" content=\"Recoletas, de la mano de Josep Bardallo, CISO de la compa\u00f1\u00eda, participa en IT Digital Security para poner en valor el trabajo realizado en ciberseguridad\" \/>\n<meta name=\"robots\" content=\"index, follow, max-snippet:-1, max-image-preview:large, max-video-preview:-1\" \/>\n<link rel=\"canonical\" href=\"https:\/\/www.gruporecoletas.com\/noticias\/recoletas-participa-foro-it-digital-security-sobre-seguridad-digital\/\" \/>\n<meta property=\"og:locale\" content=\"es_ES\" \/>\n<meta property=\"og:type\" content=\"article\" \/>\n<meta property=\"og:title\" content=\"Recoletas participa en el foro IT Digital Security sobre seguridad digital\" \/>\n<meta property=\"og:description\" content=\"Recoletas, de la mano de Josep Bardallo, CISO de la compa\u00f1\u00eda, participa en IT Digital Security para poner en valor el trabajo realizado en ciberseguridad\" \/>\n<meta property=\"og:url\" content=\"https:\/\/www.gruporecoletas.com\/noticias\/recoletas-participa-foro-it-digital-security-sobre-seguridad-digital\/\" \/>\n<meta property=\"og:site_name\" content=\"Noticias Grupo Recoletas\" \/>\n<meta property=\"article:publisher\" content=\"https:\/\/www.facebook.com\/GrupoRecoletas\/\" \/>\n<meta property=\"article:published_time\" content=\"2022-10-25T12:58:45+00:00\" \/>\n<meta property=\"article:modified_time\" content=\"2022-10-25T12:58:46+00:00\" \/>\n<meta property=\"og:image\" content=\"https:\/\/www.gruporecoletas.com\/noticias\/wp-content\/uploads\/2022\/10\/evento-sistemas-recoletas-blog.png\" \/>\n\t<meta property=\"og:image:width\" content=\"1366\" \/>\n\t<meta property=\"og:image:height\" content=\"768\" \/>\n\t<meta property=\"og:image:type\" content=\"image\/png\" \/>\n<meta name=\"author\" content=\"Recoletas Red Hospitalaria\" \/>\n<meta name=\"twitter:card\" content=\"summary_large_image\" \/>\n<meta name=\"twitter:creator\" content=\"@GrupoRecoletas\" \/>\n<meta name=\"twitter:site\" content=\"@GrupoRecoletas\" \/>\n<meta name=\"twitter:label1\" content=\"Escrito por\" \/>\n\t<meta name=\"twitter:data1\" content=\"Recoletas Red Hospitalaria\" \/>\n\t<meta name=\"twitter:label2\" content=\"Tiempo de lectura\" \/>\n\t<meta name=\"twitter:data2\" content=\"1 minuto\" \/>\n<script type=\"application\/ld+json\" class=\"yoast-schema-graph\">{\"@context\":\"https:\\\/\\\/schema.org\",\"@graph\":[{\"@type\":\"Article\",\"@id\":\"https:\\\/\\\/www.gruporecoletas.com\\\/noticias\\\/recoletas-participa-foro-it-digital-security-sobre-seguridad-digital\\\/#article\",\"isPartOf\":{\"@id\":\"https:\\\/\\\/www.gruporecoletas.com\\\/noticias\\\/recoletas-participa-foro-it-digital-security-sobre-seguridad-digital\\\/\"},\"author\":{\"name\":\"Recoletas Red Hospitalaria\",\"@id\":\"https:\\\/\\\/www.gruporecoletas.com\\\/noticias\\\/#\\\/schema\\\/person\\\/3c6ac429828d1f5e3d3bd99f4da9b02c\"},\"headline\":\"Recoletas participa en el foro IT Digital Security sobre seguridad digital\",\"datePublished\":\"2022-10-25T12:58:45+00:00\",\"dateModified\":\"2022-10-25T12:58:46+00:00\",\"mainEntityOfPage\":{\"@id\":\"https:\\\/\\\/www.gruporecoletas.com\\\/noticias\\\/recoletas-participa-foro-it-digital-security-sobre-seguridad-digital\\\/\"},\"wordCount\":214,\"image\":{\"@id\":\"https:\\\/\\\/www.gruporecoletas.com\\\/noticias\\\/recoletas-participa-foro-it-digital-security-sobre-seguridad-digital\\\/#primaryimage\"},\"thumbnailUrl\":\"https:\\\/\\\/www.gruporecoletas.com\\\/noticias\\\/wp-content\\\/uploads\\\/2022\\\/10\\\/evento-sistemas-recoletas-blog.png\",\"keywords\":[\"i+d\",\"seguridad\"],\"articleSection\":[\"Grupo Recoletas\",\"I+D\"],\"inLanguage\":\"es\"},{\"@type\":\"WebPage\",\"@id\":\"https:\\\/\\\/www.gruporecoletas.com\\\/noticias\\\/recoletas-participa-foro-it-digital-security-sobre-seguridad-digital\\\/\",\"url\":\"https:\\\/\\\/www.gruporecoletas.com\\\/noticias\\\/recoletas-participa-foro-it-digital-security-sobre-seguridad-digital\\\/\",\"name\":\"Recoletas participa en el foro IT Digital Security sobre seguridad digital - Noticias Grupo Recoletas\",\"isPartOf\":{\"@id\":\"https:\\\/\\\/www.gruporecoletas.com\\\/noticias\\\/#website\"},\"primaryImageOfPage\":{\"@id\":\"https:\\\/\\\/www.gruporecoletas.com\\\/noticias\\\/recoletas-participa-foro-it-digital-security-sobre-seguridad-digital\\\/#primaryimage\"},\"image\":{\"@id\":\"https:\\\/\\\/www.gruporecoletas.com\\\/noticias\\\/recoletas-participa-foro-it-digital-security-sobre-seguridad-digital\\\/#primaryimage\"},\"thumbnailUrl\":\"https:\\\/\\\/www.gruporecoletas.com\\\/noticias\\\/wp-content\\\/uploads\\\/2022\\\/10\\\/evento-sistemas-recoletas-blog.png\",\"datePublished\":\"2022-10-25T12:58:45+00:00\",\"dateModified\":\"2022-10-25T12:58:46+00:00\",\"author\":{\"@id\":\"https:\\\/\\\/www.gruporecoletas.com\\\/noticias\\\/#\\\/schema\\\/person\\\/3c6ac429828d1f5e3d3bd99f4da9b02c\"},\"description\":\"Recoletas, de la mano de Josep Bardallo, CISO de la compa\u00f1\u00eda, participa en IT Digital Security para poner en valor el trabajo realizado en ciberseguridad\",\"breadcrumb\":{\"@id\":\"https:\\\/\\\/www.gruporecoletas.com\\\/noticias\\\/recoletas-participa-foro-it-digital-security-sobre-seguridad-digital\\\/#breadcrumb\"},\"inLanguage\":\"es\",\"potentialAction\":[{\"@type\":\"ReadAction\",\"target\":[\"https:\\\/\\\/www.gruporecoletas.com\\\/noticias\\\/recoletas-participa-foro-it-digital-security-sobre-seguridad-digital\\\/\"]}]},{\"@type\":\"ImageObject\",\"inLanguage\":\"es\",\"@id\":\"https:\\\/\\\/www.gruporecoletas.com\\\/noticias\\\/recoletas-participa-foro-it-digital-security-sobre-seguridad-digital\\\/#primaryimage\",\"url\":\"https:\\\/\\\/www.gruporecoletas.com\\\/noticias\\\/wp-content\\\/uploads\\\/2022\\\/10\\\/evento-sistemas-recoletas-blog.png\",\"contentUrl\":\"https:\\\/\\\/www.gruporecoletas.com\\\/noticias\\\/wp-content\\\/uploads\\\/2022\\\/10\\\/evento-sistemas-recoletas-blog.png\",\"width\":1366,\"height\":768,\"caption\":\"Recoletas participa en el foro IT Digital Security sobre seguridad digital\"},{\"@type\":\"BreadcrumbList\",\"@id\":\"https:\\\/\\\/www.gruporecoletas.com\\\/noticias\\\/recoletas-participa-foro-it-digital-security-sobre-seguridad-digital\\\/#breadcrumb\",\"itemListElement\":[{\"@type\":\"ListItem\",\"position\":1,\"name\":\"Portada\",\"item\":\"https:\\\/\\\/www.gruporecoletas.com\\\/noticias\\\/\"},{\"@type\":\"ListItem\",\"position\":2,\"name\":\"Recoletas participa en el foro IT Digital Security sobre seguridad digital\"}]},{\"@type\":\"WebSite\",\"@id\":\"https:\\\/\\\/www.gruporecoletas.com\\\/noticias\\\/#website\",\"url\":\"https:\\\/\\\/www.gruporecoletas.com\\\/noticias\\\/\",\"name\":\"Noticias Grupo Recoletas\",\"description\":\"Grupo Recoletas\",\"potentialAction\":[{\"@type\":\"SearchAction\",\"target\":{\"@type\":\"EntryPoint\",\"urlTemplate\":\"https:\\\/\\\/www.gruporecoletas.com\\\/noticias\\\/?s={search_term_string}\"},\"query-input\":{\"@type\":\"PropertyValueSpecification\",\"valueRequired\":true,\"valueName\":\"search_term_string\"}}],\"inLanguage\":\"es\"},{\"@type\":\"Person\",\"@id\":\"https:\\\/\\\/www.gruporecoletas.com\\\/noticias\\\/#\\\/schema\\\/person\\\/3c6ac429828d1f5e3d3bd99f4da9b02c\",\"name\":\"Recoletas Red Hospitalaria\",\"url\":\"https:\\\/\\\/www.gruporecoletas.com\\\/noticias\\\/author\\\/comunicacion\\\/\"}]}<\/script>\n<!-- \/ Yoast SEO Premium plugin. -->","yoast_head_json":{"title":"Recoletas participa en el foro IT Digital Security sobre seguridad digital - Noticias Grupo Recoletas","description":"Recoletas, de la mano de Josep Bardallo, CISO de la compa\u00f1\u00eda, participa en IT Digital Security para poner en valor el trabajo realizado en ciberseguridad","robots":{"index":"index","follow":"follow","max-snippet":"max-snippet:-1","max-image-preview":"max-image-preview:large","max-video-preview":"max-video-preview:-1"},"canonical":"https:\/\/www.gruporecoletas.com\/noticias\/recoletas-participa-foro-it-digital-security-sobre-seguridad-digital\/","og_locale":"es_ES","og_type":"article","og_title":"Recoletas participa en el foro IT Digital Security sobre seguridad digital","og_description":"Recoletas, de la mano de Josep Bardallo, CISO de la compa\u00f1\u00eda, participa en IT Digital Security para poner en valor el trabajo realizado en ciberseguridad","og_url":"https:\/\/www.gruporecoletas.com\/noticias\/recoletas-participa-foro-it-digital-security-sobre-seguridad-digital\/","og_site_name":"Noticias Grupo Recoletas","article_publisher":"https:\/\/www.facebook.com\/GrupoRecoletas\/","article_published_time":"2022-10-25T12:58:45+00:00","article_modified_time":"2022-10-25T12:58:46+00:00","og_image":[{"width":1366,"height":768,"url":"https:\/\/www.gruporecoletas.com\/noticias\/wp-content\/uploads\/2022\/10\/evento-sistemas-recoletas-blog.png","type":"image\/png"}],"author":"Recoletas Red Hospitalaria","twitter_card":"summary_large_image","twitter_creator":"@GrupoRecoletas","twitter_site":"@GrupoRecoletas","twitter_misc":{"Escrito por":"Recoletas Red Hospitalaria","Tiempo de lectura":"1 minuto"},"schema":{"@context":"https:\/\/schema.org","@graph":[{"@type":"Article","@id":"https:\/\/www.gruporecoletas.com\/noticias\/recoletas-participa-foro-it-digital-security-sobre-seguridad-digital\/#article","isPartOf":{"@id":"https:\/\/www.gruporecoletas.com\/noticias\/recoletas-participa-foro-it-digital-security-sobre-seguridad-digital\/"},"author":{"name":"Recoletas Red Hospitalaria","@id":"https:\/\/www.gruporecoletas.com\/noticias\/#\/schema\/person\/3c6ac429828d1f5e3d3bd99f4da9b02c"},"headline":"Recoletas participa en el foro IT Digital Security sobre seguridad digital","datePublished":"2022-10-25T12:58:45+00:00","dateModified":"2022-10-25T12:58:46+00:00","mainEntityOfPage":{"@id":"https:\/\/www.gruporecoletas.com\/noticias\/recoletas-participa-foro-it-digital-security-sobre-seguridad-digital\/"},"wordCount":214,"image":{"@id":"https:\/\/www.gruporecoletas.com\/noticias\/recoletas-participa-foro-it-digital-security-sobre-seguridad-digital\/#primaryimage"},"thumbnailUrl":"https:\/\/www.gruporecoletas.com\/noticias\/wp-content\/uploads\/2022\/10\/evento-sistemas-recoletas-blog.png","keywords":["i+d","seguridad"],"articleSection":["Grupo Recoletas","I+D"],"inLanguage":"es"},{"@type":"WebPage","@id":"https:\/\/www.gruporecoletas.com\/noticias\/recoletas-participa-foro-it-digital-security-sobre-seguridad-digital\/","url":"https:\/\/www.gruporecoletas.com\/noticias\/recoletas-participa-foro-it-digital-security-sobre-seguridad-digital\/","name":"Recoletas participa en el foro IT Digital Security sobre seguridad digital - Noticias Grupo Recoletas","isPartOf":{"@id":"https:\/\/www.gruporecoletas.com\/noticias\/#website"},"primaryImageOfPage":{"@id":"https:\/\/www.gruporecoletas.com\/noticias\/recoletas-participa-foro-it-digital-security-sobre-seguridad-digital\/#primaryimage"},"image":{"@id":"https:\/\/www.gruporecoletas.com\/noticias\/recoletas-participa-foro-it-digital-security-sobre-seguridad-digital\/#primaryimage"},"thumbnailUrl":"https:\/\/www.gruporecoletas.com\/noticias\/wp-content\/uploads\/2022\/10\/evento-sistemas-recoletas-blog.png","datePublished":"2022-10-25T12:58:45+00:00","dateModified":"2022-10-25T12:58:46+00:00","author":{"@id":"https:\/\/www.gruporecoletas.com\/noticias\/#\/schema\/person\/3c6ac429828d1f5e3d3bd99f4da9b02c"},"description":"Recoletas, de la mano de Josep Bardallo, CISO de la compa\u00f1\u00eda, participa en IT Digital Security para poner en valor el trabajo realizado en ciberseguridad","breadcrumb":{"@id":"https:\/\/www.gruporecoletas.com\/noticias\/recoletas-participa-foro-it-digital-security-sobre-seguridad-digital\/#breadcrumb"},"inLanguage":"es","potentialAction":[{"@type":"ReadAction","target":["https:\/\/www.gruporecoletas.com\/noticias\/recoletas-participa-foro-it-digital-security-sobre-seguridad-digital\/"]}]},{"@type":"ImageObject","inLanguage":"es","@id":"https:\/\/www.gruporecoletas.com\/noticias\/recoletas-participa-foro-it-digital-security-sobre-seguridad-digital\/#primaryimage","url":"https:\/\/www.gruporecoletas.com\/noticias\/wp-content\/uploads\/2022\/10\/evento-sistemas-recoletas-blog.png","contentUrl":"https:\/\/www.gruporecoletas.com\/noticias\/wp-content\/uploads\/2022\/10\/evento-sistemas-recoletas-blog.png","width":1366,"height":768,"caption":"Recoletas participa en el foro IT Digital Security sobre seguridad digital"},{"@type":"BreadcrumbList","@id":"https:\/\/www.gruporecoletas.com\/noticias\/recoletas-participa-foro-it-digital-security-sobre-seguridad-digital\/#breadcrumb","itemListElement":[{"@type":"ListItem","position":1,"name":"Portada","item":"https:\/\/www.gruporecoletas.com\/noticias\/"},{"@type":"ListItem","position":2,"name":"Recoletas participa en el foro IT Digital Security sobre seguridad digital"}]},{"@type":"WebSite","@id":"https:\/\/www.gruporecoletas.com\/noticias\/#website","url":"https:\/\/www.gruporecoletas.com\/noticias\/","name":"Noticias Grupo Recoletas","description":"Grupo Recoletas","potentialAction":[{"@type":"SearchAction","target":{"@type":"EntryPoint","urlTemplate":"https:\/\/www.gruporecoletas.com\/noticias\/?s={search_term_string}"},"query-input":{"@type":"PropertyValueSpecification","valueRequired":true,"valueName":"search_term_string"}}],"inLanguage":"es"},{"@type":"Person","@id":"https:\/\/www.gruporecoletas.com\/noticias\/#\/schema\/person\/3c6ac429828d1f5e3d3bd99f4da9b02c","name":"Recoletas Red Hospitalaria","url":"https:\/\/www.gruporecoletas.com\/noticias\/author\/comunicacion\/"}]}},"_links":{"self":[{"href":"https:\/\/www.gruporecoletas.com\/noticias\/wp-json\/wp\/v2\/posts\/15684","targetHints":{"allow":["GET"]}}],"collection":[{"href":"https:\/\/www.gruporecoletas.com\/noticias\/wp-json\/wp\/v2\/posts"}],"about":[{"href":"https:\/\/www.gruporecoletas.com\/noticias\/wp-json\/wp\/v2\/types\/post"}],"author":[{"embeddable":true,"href":"https:\/\/www.gruporecoletas.com\/noticias\/wp-json\/wp\/v2\/users\/2"}],"replies":[{"embeddable":true,"href":"https:\/\/www.gruporecoletas.com\/noticias\/wp-json\/wp\/v2\/comments?post=15684"}],"version-history":[{"count":1,"href":"https:\/\/www.gruporecoletas.com\/noticias\/wp-json\/wp\/v2\/posts\/15684\/revisions"}],"predecessor-version":[{"id":15686,"href":"https:\/\/www.gruporecoletas.com\/noticias\/wp-json\/wp\/v2\/posts\/15684\/revisions\/15686"}],"wp:featuredmedia":[{"embeddable":true,"href":"https:\/\/www.gruporecoletas.com\/noticias\/wp-json\/wp\/v2\/media\/15685"}],"wp:attachment":[{"href":"https:\/\/www.gruporecoletas.com\/noticias\/wp-json\/wp\/v2\/media?parent=15684"}],"wp:term":[{"taxonomy":"category","embeddable":true,"href":"https:\/\/www.gruporecoletas.com\/noticias\/wp-json\/wp\/v2\/categories?post=15684"},{"taxonomy":"post_tag","embeddable":true,"href":"https:\/\/www.gruporecoletas.com\/noticias\/wp-json\/wp\/v2\/tags?post=15684"}],"curies":[{"name":"wp","href":"https:\/\/api.w.org\/{rel}","templated":true}]}}