{"id":15687,"date":"2022-10-31T09:05:40","date_gmt":"2022-10-31T08:05:40","guid":{"rendered":"https:\/\/www.gruporecoletas.com\/noticias\/?p=15687"},"modified":"2022-10-31T09:20:42","modified_gmt":"2022-10-31T08:20:42","slug":"recoletas-celebra-el-dia-mundial-del-ictus-con-pulso-vital-en-las-calles-de-zamora","status":"publish","type":"post","link":"https:\/\/www.gruporecoletas.com\/noticias\/recoletas-celebra-el-dia-mundial-del-ictus-con-pulso-vital-en-las-calles-de-zamora\/","title":{"rendered":"Recoletas celebra el D\u00eda Mundial del Ictus con Pulso Vital en las calles de Zamora"},"content":{"rendered":"\n<p>El grupo Recoletas ha celebrado hoy, s\u00e1bado, 29 de octubre, el D\u00eda Mundial del Ictus, en colaboraci\u00f3n con la Fundaci\u00f3n Caja Rural. Desde las 10:30h y hasta las 14:00h la Plaza de la Marina se ha convertido en un gran punto de salud de PULSO VITAL, el programa de detecci\u00f3n de la fibrilaci\u00f3n auricular que recorre la provincia de Zamora y en el que ya han participado m\u00e1s de 4.000 personas.<\/p>\n\n\n\n<p>\u00d3scar Iglesias, gerente del hospital Recoletas de Zamora y el secretario general de la Fundaci\u00f3n Caja Rural, Feliciano Ferrero, han recibido al presidente de la Diputaci\u00f3n de Zamora, Francisco Jos\u00e9 Requejo, que se ha acercado a la plaza de la Marina, mostrando as\u00ed su apoyo a esta jornada.<\/p>\n\n\n\n<p>El veh\u00edculo carrozado del programa \u201cPulso Vital\u201d, as\u00ed como cuatro Puntos de Salud han sido instalados y han realizado un electrocardiograma profesional a los centenares de personas que se han acercado a lo largo de la ma\u00f1ana. Un sencillo dispositivo que permite detectar, en tan solo 30 segundos, fibrilaci\u00f3n auricular, bradicardia, taquicardia o un ritmo cardiaco normal.<\/p>\n\n\n\n<p>Varios especialistas del centro hospitalario han tenido una participaci\u00f3n activa y han informado a centenares de personas que se han acercado hasta el centro de la capital zamorana en una jornada en la que la prevenci\u00f3n ha sido la protagonista en el d\u00eda mundial del ictus.<\/p>\n\n\n\n<p>Una enfermedad que es la primera causa de mortalidad entre las mujeres espa\u00f1olas y la segunda de los varones, seg\u00fan los \u00faltimos datos aportados por estudios realizados al respecto, afectando a 40.000 personas cada a\u00f1o.<\/p>\n\n\n\n<p>M\u00e1s de una treintena de localidades de la provincia de Zamora cuenta ya con puntos de salud de forma permanente en los lugares elegidos por los Ayuntamientos\u2013 la mayor\u00eda en los propios Consistorios -. Y es que una sencilla prueba puede salvar vidas<\/p>\n\n\n\n<p>El gerente del hospital Recoletas Zamora ha mostrado su satisfacci\u00f3n con la acogida que est\u00e1 teniendo Pulso Vital que \u201c desde que se instalara el primer Punto de Salud, el pasado 21 de septiembre, m\u00e1s de 4.000 personas han participado ya en este programa de salud rural y en los casos en los que, a trav\u00e9s del electrocardiograma, &nbsp;se ha detectado cualquier anomal\u00eda, han podido acudir a una consulta completa y gratuita en el servicio de cardiolog\u00eda del hospital Recoletas y el Centro M\u00e9dico de Benavente\u201d.<\/p>\n\n\n\n<p>Las jugadoras del equipo femenino de baloncesto \u201cRecoletas Zamora\u201d se han querido tambi\u00e9n sumar a esta celebraci\u00f3n.<\/p>\n","protected":false},"excerpt":{"rendered":"<p>El grupo Recoletas ha celebrado hoy, s\u00e1bado, 29 de octubre, el D\u00eda Mundial del Ictus, en colaboraci\u00f3n con la Fundaci\u00f3n Caja Rural. Desde las 10:30h y hasta las 14:00h la Plaza de la Marina se ha convertido en un gran punto de salud de PULSO VITAL, el programa de detecci\u00f3n de la fibrilaci\u00f3n auricular que [&hellip;]<\/p>\n","protected":false},"author":2,"featured_media":15692,"comment_status":"closed","ping_status":"closed","sticky":false,"template":"","format":"standard","meta":{"_acf_changed":false,"footnotes":""},"categories":[1],"tags":[],"class_list":["post-15687","post","type-post","status-publish","format-standard","has-post-thumbnail","hentry","category-grupo-recoletas"],"acf":[],"yoast_head":"<!-- This site is optimized with the Yoast SEO Premium plugin v27.3 (Yoast SEO v27.3) - https:\/\/yoast.com\/product\/yoast-seo-premium-wordpress\/ -->\n<title>Recoletas celebra el D\u00eda Mundial del Ictus con Pulso Vital en las calles de Zamora - Noticias Grupo Recoletas<\/title>\n<meta name=\"description\" content=\"Recoletas celebra el D\u00eda Mundial del Ictus con Pulso Vital y la realizaci\u00f3n de electros gratuitos para la prevenci\u00f3n del ictus.\" \/>\n<meta name=\"robots\" content=\"index, follow, max-snippet:-1, max-image-preview:large, max-video-preview:-1\" \/>\n<link rel=\"canonical\" href=\"https:\/\/www.gruporecoletas.com\/noticias\/recoletas-celebra-el-dia-mundial-del-ictus-con-pulso-vital-en-las-calles-de-zamora\/\" \/>\n<meta property=\"og:locale\" content=\"es_ES\" \/>\n<meta property=\"og:type\" content=\"article\" \/>\n<meta property=\"og:title\" content=\"Recoletas celebra el D\u00eda Mundial del Ictus con Pulso Vital en las calles de Zamora\" \/>\n<meta property=\"og:description\" content=\"Recoletas celebra el D\u00eda Mundial del Ictus con Pulso Vital y la realizaci\u00f3n de electros gratuitos para la prevenci\u00f3n del ictus.\" \/>\n<meta property=\"og:url\" content=\"https:\/\/www.gruporecoletas.com\/noticias\/recoletas-celebra-el-dia-mundial-del-ictus-con-pulso-vital-en-las-calles-de-zamora\/\" \/>\n<meta property=\"og:site_name\" content=\"Noticias Grupo Recoletas\" \/>\n<meta property=\"article:publisher\" content=\"https:\/\/www.facebook.com\/GrupoRecoletas\/\" \/>\n<meta property=\"article:published_time\" content=\"2022-10-31T08:05:40+00:00\" \/>\n<meta property=\"article:modified_time\" content=\"2022-10-31T08:20:42+00:00\" \/>\n<meta property=\"og:image\" content=\"https:\/\/www.gruporecoletas.com\/noticias\/wp-content\/uploads\/2022\/10\/blog.jpg\" \/>\n\t<meta property=\"og:image:width\" content=\"1366\" \/>\n\t<meta property=\"og:image:height\" content=\"768\" \/>\n\t<meta property=\"og:image:type\" content=\"image\/jpeg\" \/>\n<meta name=\"author\" content=\"Recoletas Red Hospitalaria\" \/>\n<meta name=\"twitter:card\" content=\"summary_large_image\" \/>\n<meta name=\"twitter:creator\" content=\"@GrupoRecoletas\" \/>\n<meta name=\"twitter:site\" content=\"@GrupoRecoletas\" \/>\n<meta name=\"twitter:label1\" content=\"Escrito por\" \/>\n\t<meta name=\"twitter:data1\" content=\"Recoletas Red Hospitalaria\" \/>\n\t<meta name=\"twitter:label2\" content=\"Tiempo de lectura\" \/>\n\t<meta name=\"twitter:data2\" content=\"2 minutos\" \/>\n<script type=\"application\/ld+json\" class=\"yoast-schema-graph\">{\"@context\":\"https:\\\/\\\/schema.org\",\"@graph\":[{\"@type\":\"Article\",\"@id\":\"https:\\\/\\\/www.gruporecoletas.com\\\/noticias\\\/recoletas-celebra-el-dia-mundial-del-ictus-con-pulso-vital-en-las-calles-de-zamora\\\/#article\",\"isPartOf\":{\"@id\":\"https:\\\/\\\/www.gruporecoletas.com\\\/noticias\\\/recoletas-celebra-el-dia-mundial-del-ictus-con-pulso-vital-en-las-calles-de-zamora\\\/\"},\"author\":{\"name\":\"Recoletas Red Hospitalaria\",\"@id\":\"https:\\\/\\\/www.gruporecoletas.com\\\/noticias\\\/#\\\/schema\\\/person\\\/3c6ac429828d1f5e3d3bd99f4da9b02c\"},\"headline\":\"Recoletas celebra el D\u00eda Mundial del Ictus con Pulso Vital en las calles de Zamora\",\"datePublished\":\"2022-10-31T08:05:40+00:00\",\"dateModified\":\"2022-10-31T08:20:42+00:00\",\"mainEntityOfPage\":{\"@id\":\"https:\\\/\\\/www.gruporecoletas.com\\\/noticias\\\/recoletas-celebra-el-dia-mundial-del-ictus-con-pulso-vital-en-las-calles-de-zamora\\\/\"},\"wordCount\":441,\"image\":{\"@id\":\"https:\\\/\\\/www.gruporecoletas.com\\\/noticias\\\/recoletas-celebra-el-dia-mundial-del-ictus-con-pulso-vital-en-las-calles-de-zamora\\\/#primaryimage\"},\"thumbnailUrl\":\"https:\\\/\\\/www.gruporecoletas.com\\\/noticias\\\/wp-content\\\/uploads\\\/2022\\\/10\\\/blog.jpg\",\"articleSection\":[\"Grupo Recoletas\"],\"inLanguage\":\"es\"},{\"@type\":\"WebPage\",\"@id\":\"https:\\\/\\\/www.gruporecoletas.com\\\/noticias\\\/recoletas-celebra-el-dia-mundial-del-ictus-con-pulso-vital-en-las-calles-de-zamora\\\/\",\"url\":\"https:\\\/\\\/www.gruporecoletas.com\\\/noticias\\\/recoletas-celebra-el-dia-mundial-del-ictus-con-pulso-vital-en-las-calles-de-zamora\\\/\",\"name\":\"Recoletas celebra el D\u00eda Mundial del Ictus con Pulso Vital en las calles de Zamora - Noticias Grupo Recoletas\",\"isPartOf\":{\"@id\":\"https:\\\/\\\/www.gruporecoletas.com\\\/noticias\\\/#website\"},\"primaryImageOfPage\":{\"@id\":\"https:\\\/\\\/www.gruporecoletas.com\\\/noticias\\\/recoletas-celebra-el-dia-mundial-del-ictus-con-pulso-vital-en-las-calles-de-zamora\\\/#primaryimage\"},\"image\":{\"@id\":\"https:\\\/\\\/www.gruporecoletas.com\\\/noticias\\\/recoletas-celebra-el-dia-mundial-del-ictus-con-pulso-vital-en-las-calles-de-zamora\\\/#primaryimage\"},\"thumbnailUrl\":\"https:\\\/\\\/www.gruporecoletas.com\\\/noticias\\\/wp-content\\\/uploads\\\/2022\\\/10\\\/blog.jpg\",\"datePublished\":\"2022-10-31T08:05:40+00:00\",\"dateModified\":\"2022-10-31T08:20:42+00:00\",\"author\":{\"@id\":\"https:\\\/\\\/www.gruporecoletas.com\\\/noticias\\\/#\\\/schema\\\/person\\\/3c6ac429828d1f5e3d3bd99f4da9b02c\"},\"description\":\"Recoletas celebra el D\u00eda Mundial del Ictus con Pulso Vital y la realizaci\u00f3n de electros gratuitos para la prevenci\u00f3n del ictus.\",\"breadcrumb\":{\"@id\":\"https:\\\/\\\/www.gruporecoletas.com\\\/noticias\\\/recoletas-celebra-el-dia-mundial-del-ictus-con-pulso-vital-en-las-calles-de-zamora\\\/#breadcrumb\"},\"inLanguage\":\"es\",\"potentialAction\":[{\"@type\":\"ReadAction\",\"target\":[\"https:\\\/\\\/www.gruporecoletas.com\\\/noticias\\\/recoletas-celebra-el-dia-mundial-del-ictus-con-pulso-vital-en-las-calles-de-zamora\\\/\"]}]},{\"@type\":\"ImageObject\",\"inLanguage\":\"es\",\"@id\":\"https:\\\/\\\/www.gruporecoletas.com\\\/noticias\\\/recoletas-celebra-el-dia-mundial-del-ictus-con-pulso-vital-en-las-calles-de-zamora\\\/#primaryimage\",\"url\":\"https:\\\/\\\/www.gruporecoletas.com\\\/noticias\\\/wp-content\\\/uploads\\\/2022\\\/10\\\/blog.jpg\",\"contentUrl\":\"https:\\\/\\\/www.gruporecoletas.com\\\/noticias\\\/wp-content\\\/uploads\\\/2022\\\/10\\\/blog.jpg\",\"width\":1366,\"height\":768,\"caption\":\"Recoletas celebra el D\u00eda Mundial del Ictus con Pulso Vital en las calles de Zamora Recoletas Red Hospitalaria Pulso Vital\"},{\"@type\":\"BreadcrumbList\",\"@id\":\"https:\\\/\\\/www.gruporecoletas.com\\\/noticias\\\/recoletas-celebra-el-dia-mundial-del-ictus-con-pulso-vital-en-las-calles-de-zamora\\\/#breadcrumb\",\"itemListElement\":[{\"@type\":\"ListItem\",\"position\":1,\"name\":\"Portada\",\"item\":\"https:\\\/\\\/www.gruporecoletas.com\\\/noticias\\\/\"},{\"@type\":\"ListItem\",\"position\":2,\"name\":\"Recoletas celebra el D\u00eda Mundial del Ictus con Pulso Vital en las calles de Zamora\"}]},{\"@type\":\"WebSite\",\"@id\":\"https:\\\/\\\/www.gruporecoletas.com\\\/noticias\\\/#website\",\"url\":\"https:\\\/\\\/www.gruporecoletas.com\\\/noticias\\\/\",\"name\":\"Noticias Grupo Recoletas\",\"description\":\"Grupo Recoletas\",\"potentialAction\":[{\"@type\":\"SearchAction\",\"target\":{\"@type\":\"EntryPoint\",\"urlTemplate\":\"https:\\\/\\\/www.gruporecoletas.com\\\/noticias\\\/?s={search_term_string}\"},\"query-input\":{\"@type\":\"PropertyValueSpecification\",\"valueRequired\":true,\"valueName\":\"search_term_string\"}}],\"inLanguage\":\"es\"},{\"@type\":\"Person\",\"@id\":\"https:\\\/\\\/www.gruporecoletas.com\\\/noticias\\\/#\\\/schema\\\/person\\\/3c6ac429828d1f5e3d3bd99f4da9b02c\",\"name\":\"Recoletas Red Hospitalaria\",\"url\":\"https:\\\/\\\/www.gruporecoletas.com\\\/noticias\\\/author\\\/comunicacion\\\/\"}]}<\/script>\n<!-- \/ Yoast SEO Premium plugin. -->","yoast_head_json":{"title":"Recoletas celebra el D\u00eda Mundial del Ictus con Pulso Vital en las calles de Zamora - Noticias Grupo Recoletas","description":"Recoletas celebra el D\u00eda Mundial del Ictus con Pulso Vital y la realizaci\u00f3n de electros gratuitos para la prevenci\u00f3n del ictus.","robots":{"index":"index","follow":"follow","max-snippet":"max-snippet:-1","max-image-preview":"max-image-preview:large","max-video-preview":"max-video-preview:-1"},"canonical":"https:\/\/www.gruporecoletas.com\/noticias\/recoletas-celebra-el-dia-mundial-del-ictus-con-pulso-vital-en-las-calles-de-zamora\/","og_locale":"es_ES","og_type":"article","og_title":"Recoletas celebra el D\u00eda Mundial del Ictus con Pulso Vital en las calles de Zamora","og_description":"Recoletas celebra el D\u00eda Mundial del Ictus con Pulso Vital y la realizaci\u00f3n de electros gratuitos para la prevenci\u00f3n del ictus.","og_url":"https:\/\/www.gruporecoletas.com\/noticias\/recoletas-celebra-el-dia-mundial-del-ictus-con-pulso-vital-en-las-calles-de-zamora\/","og_site_name":"Noticias Grupo Recoletas","article_publisher":"https:\/\/www.facebook.com\/GrupoRecoletas\/","article_published_time":"2022-10-31T08:05:40+00:00","article_modified_time":"2022-10-31T08:20:42+00:00","og_image":[{"width":1366,"height":768,"url":"https:\/\/www.gruporecoletas.com\/noticias\/wp-content\/uploads\/2022\/10\/blog.jpg","type":"image\/jpeg"}],"author":"Recoletas Red Hospitalaria","twitter_card":"summary_large_image","twitter_creator":"@GrupoRecoletas","twitter_site":"@GrupoRecoletas","twitter_misc":{"Escrito por":"Recoletas Red Hospitalaria","Tiempo de lectura":"2 minutos"},"schema":{"@context":"https:\/\/schema.org","@graph":[{"@type":"Article","@id":"https:\/\/www.gruporecoletas.com\/noticias\/recoletas-celebra-el-dia-mundial-del-ictus-con-pulso-vital-en-las-calles-de-zamora\/#article","isPartOf":{"@id":"https:\/\/www.gruporecoletas.com\/noticias\/recoletas-celebra-el-dia-mundial-del-ictus-con-pulso-vital-en-las-calles-de-zamora\/"},"author":{"name":"Recoletas Red Hospitalaria","@id":"https:\/\/www.gruporecoletas.com\/noticias\/#\/schema\/person\/3c6ac429828d1f5e3d3bd99f4da9b02c"},"headline":"Recoletas celebra el D\u00eda Mundial del Ictus con Pulso Vital en las calles de Zamora","datePublished":"2022-10-31T08:05:40+00:00","dateModified":"2022-10-31T08:20:42+00:00","mainEntityOfPage":{"@id":"https:\/\/www.gruporecoletas.com\/noticias\/recoletas-celebra-el-dia-mundial-del-ictus-con-pulso-vital-en-las-calles-de-zamora\/"},"wordCount":441,"image":{"@id":"https:\/\/www.gruporecoletas.com\/noticias\/recoletas-celebra-el-dia-mundial-del-ictus-con-pulso-vital-en-las-calles-de-zamora\/#primaryimage"},"thumbnailUrl":"https:\/\/www.gruporecoletas.com\/noticias\/wp-content\/uploads\/2022\/10\/blog.jpg","articleSection":["Grupo Recoletas"],"inLanguage":"es"},{"@type":"WebPage","@id":"https:\/\/www.gruporecoletas.com\/noticias\/recoletas-celebra-el-dia-mundial-del-ictus-con-pulso-vital-en-las-calles-de-zamora\/","url":"https:\/\/www.gruporecoletas.com\/noticias\/recoletas-celebra-el-dia-mundial-del-ictus-con-pulso-vital-en-las-calles-de-zamora\/","name":"Recoletas celebra el D\u00eda Mundial del Ictus con Pulso Vital en las calles de Zamora - Noticias Grupo Recoletas","isPartOf":{"@id":"https:\/\/www.gruporecoletas.com\/noticias\/#website"},"primaryImageOfPage":{"@id":"https:\/\/www.gruporecoletas.com\/noticias\/recoletas-celebra-el-dia-mundial-del-ictus-con-pulso-vital-en-las-calles-de-zamora\/#primaryimage"},"image":{"@id":"https:\/\/www.gruporecoletas.com\/noticias\/recoletas-celebra-el-dia-mundial-del-ictus-con-pulso-vital-en-las-calles-de-zamora\/#primaryimage"},"thumbnailUrl":"https:\/\/www.gruporecoletas.com\/noticias\/wp-content\/uploads\/2022\/10\/blog.jpg","datePublished":"2022-10-31T08:05:40+00:00","dateModified":"2022-10-31T08:20:42+00:00","author":{"@id":"https:\/\/www.gruporecoletas.com\/noticias\/#\/schema\/person\/3c6ac429828d1f5e3d3bd99f4da9b02c"},"description":"Recoletas celebra el D\u00eda Mundial del Ictus con Pulso Vital y la realizaci\u00f3n de electros gratuitos para la prevenci\u00f3n del ictus.","breadcrumb":{"@id":"https:\/\/www.gruporecoletas.com\/noticias\/recoletas-celebra-el-dia-mundial-del-ictus-con-pulso-vital-en-las-calles-de-zamora\/#breadcrumb"},"inLanguage":"es","potentialAction":[{"@type":"ReadAction","target":["https:\/\/www.gruporecoletas.com\/noticias\/recoletas-celebra-el-dia-mundial-del-ictus-con-pulso-vital-en-las-calles-de-zamora\/"]}]},{"@type":"ImageObject","inLanguage":"es","@id":"https:\/\/www.gruporecoletas.com\/noticias\/recoletas-celebra-el-dia-mundial-del-ictus-con-pulso-vital-en-las-calles-de-zamora\/#primaryimage","url":"https:\/\/www.gruporecoletas.com\/noticias\/wp-content\/uploads\/2022\/10\/blog.jpg","contentUrl":"https:\/\/www.gruporecoletas.com\/noticias\/wp-content\/uploads\/2022\/10\/blog.jpg","width":1366,"height":768,"caption":"Recoletas celebra el D\u00eda Mundial del Ictus con Pulso Vital en las calles de Zamora Recoletas Red Hospitalaria Pulso Vital"},{"@type":"BreadcrumbList","@id":"https:\/\/www.gruporecoletas.com\/noticias\/recoletas-celebra-el-dia-mundial-del-ictus-con-pulso-vital-en-las-calles-de-zamora\/#breadcrumb","itemListElement":[{"@type":"ListItem","position":1,"name":"Portada","item":"https:\/\/www.gruporecoletas.com\/noticias\/"},{"@type":"ListItem","position":2,"name":"Recoletas celebra el D\u00eda Mundial del Ictus con Pulso Vital en las calles de Zamora"}]},{"@type":"WebSite","@id":"https:\/\/www.gruporecoletas.com\/noticias\/#website","url":"https:\/\/www.gruporecoletas.com\/noticias\/","name":"Noticias Grupo Recoletas","description":"Grupo Recoletas","potentialAction":[{"@type":"SearchAction","target":{"@type":"EntryPoint","urlTemplate":"https:\/\/www.gruporecoletas.com\/noticias\/?s={search_term_string}"},"query-input":{"@type":"PropertyValueSpecification","valueRequired":true,"valueName":"search_term_string"}}],"inLanguage":"es"},{"@type":"Person","@id":"https:\/\/www.gruporecoletas.com\/noticias\/#\/schema\/person\/3c6ac429828d1f5e3d3bd99f4da9b02c","name":"Recoletas Red Hospitalaria","url":"https:\/\/www.gruporecoletas.com\/noticias\/author\/comunicacion\/"}]}},"_links":{"self":[{"href":"https:\/\/www.gruporecoletas.com\/noticias\/wp-json\/wp\/v2\/posts\/15687","targetHints":{"allow":["GET"]}}],"collection":[{"href":"https:\/\/www.gruporecoletas.com\/noticias\/wp-json\/wp\/v2\/posts"}],"about":[{"href":"https:\/\/www.gruporecoletas.com\/noticias\/wp-json\/wp\/v2\/types\/post"}],"author":[{"embeddable":true,"href":"https:\/\/www.gruporecoletas.com\/noticias\/wp-json\/wp\/v2\/users\/2"}],"replies":[{"embeddable":true,"href":"https:\/\/www.gruporecoletas.com\/noticias\/wp-json\/wp\/v2\/comments?post=15687"}],"version-history":[{"count":3,"href":"https:\/\/www.gruporecoletas.com\/noticias\/wp-json\/wp\/v2\/posts\/15687\/revisions"}],"predecessor-version":[{"id":15690,"href":"https:\/\/www.gruporecoletas.com\/noticias\/wp-json\/wp\/v2\/posts\/15687\/revisions\/15690"}],"wp:featuredmedia":[{"embeddable":true,"href":"https:\/\/www.gruporecoletas.com\/noticias\/wp-json\/wp\/v2\/media\/15692"}],"wp:attachment":[{"href":"https:\/\/www.gruporecoletas.com\/noticias\/wp-json\/wp\/v2\/media?parent=15687"}],"wp:term":[{"taxonomy":"category","embeddable":true,"href":"https:\/\/www.gruporecoletas.com\/noticias\/wp-json\/wp\/v2\/categories?post=15687"},{"taxonomy":"post_tag","embeddable":true,"href":"https:\/\/www.gruporecoletas.com\/noticias\/wp-json\/wp\/v2\/tags?post=15687"}],"curies":[{"name":"wp","href":"https:\/\/api.w.org\/{rel}","templated":true}]}}