{"id":15699,"date":"2022-11-16T14:36:04","date_gmt":"2022-11-16T13:36:04","guid":{"rendered":"https:\/\/www.gruporecoletas.com\/noticias\/?p=15699"},"modified":"2022-11-16T14:36:06","modified_gmt":"2022-11-16T13:36:06","slug":"salud-masculina-fisica-y-mental","status":"publish","type":"post","link":"https:\/\/www.gruporecoletas.com\/noticias\/salud-masculina-fisica-y-mental\/","title":{"rendered":"Salud masculina: c\u00e1ncer de pr\u00f3stata, c\u00e1ncer de test\u00edculos y salud mental"},"content":{"rendered":"\n<p>Desde Recoletas queremos sumarnos al movimiento <strong>\u00abMovember\u00bb <\/strong>para poner en valor la importancia de la <strong>salud masculina<\/strong>, f\u00edsica y mental. Por eso, con el objetivo de mejorar la sensibilizaci\u00f3n y la educaci\u00f3n, en este post vamos a explicar algunos de los <strong>problemas de salud <\/strong>m\u00e1s graves que afectan a los <strong>hombres<\/strong>.<\/p>\n\n\n\n<h4 class=\"wp-block-heading\">\u00bfQu\u00e9 es el c\u00e1ncer de pr\u00f3stata?<\/h4>\n\n\n\n<p>La <strong>pr\u00f3stata<\/strong> es una gl\u00e1ndula situada justo debajo de la vejiga, delante de los intestinos, que forma parte del <strong>aparato reproductor masculino<\/strong>. Su funci\u00f3n principal es la producci\u00f3n del fluido que protege y enriquece el esperma y, por lo general, se deteriora y presenta complicaciones con el <strong>paso del tiempo<\/strong> debido a su <strong>agrandamiento<\/strong>. Esta es una de las patolog\u00edas m\u00e1s comunes y se conoce como <a href=\"https:\/\/www.gruporecoletas.com\/noticias\/agrandamiento-prostata-diagnostico-tratamiento-la-hiperplasia-benigna-prostata\/\">hiperplasia benigna de pr\u00f3stata<\/a>. De este modo, es importante acudir a revisiones peri\u00f3dicas para prevenir, diagnosticar y tratar de una manera eficaz esta enfermedad y descartar la presencia de patolog\u00edas m\u00e1s graves, como el c\u00e1ncer de pr\u00f3stata.  <\/p>\n\n\n\n<p>El <strong>c\u00e1ncer de pr\u00f3stata <\/strong>es una de las afecciones m\u00e1s recurrentes en hombres. Se produce cuando algunas c\u00e9lulas de la pr\u00f3stata se reproducen mucho m\u00e1s r\u00e1pido de lo normal y forman un tumor. Si no se trata, las c\u00e9lulas cancerosas de la pr\u00f3stata pueden acabar propag\u00e1ndose e invadir diferentes partes del organismo, desarrollando <strong>tumores secundarios (met\u00e1stasis)<\/strong>.<\/p>\n\n\n\n<p>Uno de los aspectos m\u00e1s preocupantes de la enfermedad es que la mayor\u00eda de los c\u00e1nceres de pr\u00f3stata se desarrollan <strong>sin presentar s\u00edntomas<\/strong> en las primeras etapas.<\/p>\n\n\n\n<h4 class=\"wp-block-heading\">Prevenci\u00f3<strong>n<\/strong> del c\u00e1ncer de pr\u00f3stata<\/h4>\n\n\n\n<p>Aunque lamentablemente el <strong>c\u00e1ncer de pr\u00f3stata no se puede prevenir<\/strong> de manera segura debido a que factores como la edad, la raza o los antecedentes familiares no se pueden controlar, s\u00ed existen algunas medidas que se pueden tomar para tratar de <strong>reducir el riesgo <\/strong>de padecerlo.<\/p>\n\n\n\n<ul class=\"wp-block-list\">\n<li>Lograr y mantener un peso dentro de un rango saludable.<\/li>\n\n\n\n<li>Mantenerse f\u00edsicamente activo.<\/li>\n\n\n\n<li>Llevar una alimentaci\u00f3n saludable<\/li>\n\n\n\n<li>En numerosas ocasiones, los signos de c\u00e1ncer de pr\u00f3stata los detecta por primera vez un m\u00e9dico durante una revisi\u00f3n rutinaria. Por eso, es importante acudir a un especialista.<\/li>\n<\/ul>\n\n\n\n<p>No obstante, la salud masculina no se limita al buen o mal estado de la pr\u00f3stata. Por eso, vamos a explicar y tratar algunas de las cuestiones m\u00e1s recurrentes.<\/p>\n\n\n\n<h4 class=\"wp-block-heading\">\u00bfQu\u00e9 es el c\u00e1ncer de test\u00edculos?<\/h4>\n\n\n\n<p>El c\u00e1ncer de test\u00edculo es el tumor m\u00e1s frecuente en hombres entre los 15 y los 35 a\u00f1os, aunque se puede desarrollar a cualquier edad. Generalmente, el c\u00e1ncer afecta solamente a un test\u00edculo y es sumamente <strong>tratable<\/strong>, incluso cuando se ha propagado m\u00e1s all\u00e1 del test\u00edculo. Seg\u00fan el tipo y estadio del c\u00e1ncer testicular, se pueden recibir uno de varios tratamientos o incluso una combinaci\u00f3n de ellos. <\/p>\n\n\n\n<p>De este modo, a pesar de que este tipo de tumor presenta un positivo porcentaje de supervivencia, es importante resaltar la necesidad y la importancia de acudir a revisiones de salud para que pueda ser diagnosticado en una etapa temprana. <\/p>\n\n\n\n<h4 class=\"wp-block-heading\">\u00bfC\u00f3mo puedo prevenirlo?<\/h4>\n\n\n\n<p>Para el <strong>control <\/strong>y la <strong>prevenci\u00f3n<\/strong> del desarrollo del <strong>c\u00e1ncer testicular<\/strong>, juega un papel fundamental la <strong>autoexploraci\u00f3n<\/strong>.  As\u00ed bien, si sientes <strong>dolor<\/strong>, <strong>hinchaz\u00f3n<\/strong> o notas la aparici\u00f3n de uno o varios <strong>bultos<\/strong> en los <strong>test\u00edculos<\/strong> o en la <strong>zona de la ingle <\/strong>es recomendable acudir a la consulta de un especialista. Sobre todo si estos signos y s\u00edntomas duran m\u00e1s de dos semanas.<\/p>\n\n\n\n<p>Pero, \u00a1cuidado! No solo la salud f\u00edsica puede condicionar el estado de salud y la calidad de vida.<\/p>\n\n\n\n<h4 class=\"wp-block-heading\">Importancia de la salud mental<\/h4>\n\n\n\n<p>Las consecuencias de una mala <strong>salud mental<\/strong> pueden ser mortales. En el mundo un hombre muere cada minuto por suicidio. Los hombres, independientemente de su edad, no suelen reconocer que tienen un problema de salud mental y puede que no se sientan c\u00f3modos pidiendo ayuda, motivados por la existencia de determinados estereotipos de masculinidad.<\/p>\n\n\n\n<p><\/p>\n\n\n\n<p>Si te ha gustado esta publicaci\u00f3n, visita nuestras redes sociales y no te pierdes los contenidos especiales que hemos preparado para dar visibilidad y apoyar la salud masculina. <\/p>\n\n\n\n<p><\/p>\n","protected":false},"excerpt":{"rendered":"<p>Desde Recoletas queremos sumarnos al movimiento \u00abMovember\u00bb para poner en valor la importancia de la salud masculina, f\u00edsica y mental. Por eso, con el objetivo de mejorar la sensibilizaci\u00f3n y la educaci\u00f3n, en este post vamos a explicar algunos de los problemas de salud m\u00e1s graves que afectan a los hombres. \u00bfQu\u00e9 es el c\u00e1ncer [&hellip;]<\/p>\n","protected":false},"author":2,"featured_media":15707,"comment_status":"closed","ping_status":"closed","sticky":false,"template":"","format":"standard","meta":{"_acf_changed":false,"footnotes":""},"categories":[2741,1,3199,48,9],"tags":[3296,3297,1681],"class_list":["post-15699","post","type-post","status-publish","format-standard","has-post-thumbnail","hentry","category-andrologia-salud-masculina","category-grupo-recoletas","category-instituto-urologico-recoletas","category-prevencion","category-publicaciones","tag-movember","tag-salud-masculina","tag-urologia"],"acf":[],"yoast_head":"<!-- This site is optimized with the Yoast SEO Premium plugin v27.3 (Yoast SEO v27.3) - https:\/\/yoast.com\/product\/yoast-seo-premium-wordpress\/ -->\n<title>Salud masculina: c\u00e1ncer de pr\u00f3stata, c\u00e1ncer de test\u00edculos y salud mental - Noticias Grupo Recoletas<\/title>\n<meta name=\"description\" content=\"Desde Recoletas queremos sumarnos al movimiento &quot;Movember&quot; para poner en valor la importancia de la salud masculina, f\u00edsica y mental.\" \/>\n<meta name=\"robots\" content=\"index, follow, max-snippet:-1, max-image-preview:large, max-video-preview:-1\" \/>\n<link rel=\"canonical\" href=\"https:\/\/www.gruporecoletas.com\/noticias\/salud-masculina-fisica-y-mental\/\" \/>\n<meta property=\"og:locale\" content=\"es_ES\" \/>\n<meta property=\"og:type\" content=\"article\" \/>\n<meta property=\"og:title\" content=\"Salud masculina: c\u00e1ncer de pr\u00f3stata, c\u00e1ncer de test\u00edculos y salud mental\" \/>\n<meta property=\"og:description\" content=\"Desde Recoletas queremos sumarnos al movimiento &quot;Movember&quot; para poner en valor la importancia de la salud masculina, f\u00edsica y mental.\" \/>\n<meta property=\"og:url\" content=\"https:\/\/www.gruporecoletas.com\/noticias\/salud-masculina-fisica-y-mental\/\" \/>\n<meta property=\"og:site_name\" content=\"Noticias Grupo Recoletas\" \/>\n<meta property=\"article:publisher\" content=\"https:\/\/www.facebook.com\/GrupoRecoletas\/\" \/>\n<meta property=\"article:published_time\" content=\"2022-11-16T13:36:04+00:00\" \/>\n<meta property=\"article:modified_time\" content=\"2022-11-16T13:36:06+00:00\" \/>\n<meta property=\"og:image\" content=\"https:\/\/www.gruporecoletas.com\/noticias\/wp-content\/uploads\/2022\/11\/salud-masculina-recoletas.png\" \/>\n\t<meta property=\"og:image:width\" content=\"1366\" \/>\n\t<meta property=\"og:image:height\" content=\"768\" \/>\n\t<meta property=\"og:image:type\" content=\"image\/png\" \/>\n<meta name=\"author\" content=\"Recoletas Red Hospitalaria\" \/>\n<meta name=\"twitter:card\" content=\"summary_large_image\" \/>\n<meta name=\"twitter:creator\" content=\"@GrupoRecoletas\" \/>\n<meta name=\"twitter:site\" content=\"@GrupoRecoletas\" \/>\n<meta name=\"twitter:label1\" content=\"Escrito por\" \/>\n\t<meta name=\"twitter:data1\" content=\"Recoletas Red Hospitalaria\" \/>\n\t<meta name=\"twitter:label2\" content=\"Tiempo de lectura\" \/>\n\t<meta name=\"twitter:data2\" content=\"4 minutos\" \/>\n<script type=\"application\/ld+json\" class=\"yoast-schema-graph\">{\"@context\":\"https:\\\/\\\/schema.org\",\"@graph\":[{\"@type\":\"Article\",\"@id\":\"https:\\\/\\\/www.gruporecoletas.com\\\/noticias\\\/salud-masculina-fisica-y-mental\\\/#article\",\"isPartOf\":{\"@id\":\"https:\\\/\\\/www.gruporecoletas.com\\\/noticias\\\/salud-masculina-fisica-y-mental\\\/\"},\"author\":{\"name\":\"Recoletas Red Hospitalaria\",\"@id\":\"https:\\\/\\\/www.gruporecoletas.com\\\/noticias\\\/#\\\/schema\\\/person\\\/3c6ac429828d1f5e3d3bd99f4da9b02c\"},\"headline\":\"Salud masculina: c\u00e1ncer de pr\u00f3stata, c\u00e1ncer de test\u00edculos y salud mental\",\"datePublished\":\"2022-11-16T13:36:04+00:00\",\"dateModified\":\"2022-11-16T13:36:06+00:00\",\"mainEntityOfPage\":{\"@id\":\"https:\\\/\\\/www.gruporecoletas.com\\\/noticias\\\/salud-masculina-fisica-y-mental\\\/\"},\"wordCount\":737,\"image\":{\"@id\":\"https:\\\/\\\/www.gruporecoletas.com\\\/noticias\\\/salud-masculina-fisica-y-mental\\\/#primaryimage\"},\"thumbnailUrl\":\"https:\\\/\\\/www.gruporecoletas.com\\\/noticias\\\/wp-content\\\/uploads\\\/2022\\\/11\\\/salud-masculina-recoletas.png\",\"keywords\":[\"Movember\",\"Salud masculina\",\"Urolog\u00eda\"],\"articleSection\":[\"Androlog\u00eda y Salud Masculina\",\"Grupo Recoletas\",\"Instituto Urol\u00f3gico\",\"Prevenci\u00f3n\",\"Publicaciones\"],\"inLanguage\":\"es\"},{\"@type\":\"WebPage\",\"@id\":\"https:\\\/\\\/www.gruporecoletas.com\\\/noticias\\\/salud-masculina-fisica-y-mental\\\/\",\"url\":\"https:\\\/\\\/www.gruporecoletas.com\\\/noticias\\\/salud-masculina-fisica-y-mental\\\/\",\"name\":\"Salud masculina: c\u00e1ncer de pr\u00f3stata, c\u00e1ncer de test\u00edculos y salud mental - Noticias Grupo Recoletas\",\"isPartOf\":{\"@id\":\"https:\\\/\\\/www.gruporecoletas.com\\\/noticias\\\/#website\"},\"primaryImageOfPage\":{\"@id\":\"https:\\\/\\\/www.gruporecoletas.com\\\/noticias\\\/salud-masculina-fisica-y-mental\\\/#primaryimage\"},\"image\":{\"@id\":\"https:\\\/\\\/www.gruporecoletas.com\\\/noticias\\\/salud-masculina-fisica-y-mental\\\/#primaryimage\"},\"thumbnailUrl\":\"https:\\\/\\\/www.gruporecoletas.com\\\/noticias\\\/wp-content\\\/uploads\\\/2022\\\/11\\\/salud-masculina-recoletas.png\",\"datePublished\":\"2022-11-16T13:36:04+00:00\",\"dateModified\":\"2022-11-16T13:36:06+00:00\",\"author\":{\"@id\":\"https:\\\/\\\/www.gruporecoletas.com\\\/noticias\\\/#\\\/schema\\\/person\\\/3c6ac429828d1f5e3d3bd99f4da9b02c\"},\"description\":\"Desde Recoletas queremos sumarnos al movimiento \\\"Movember\\\" para poner en valor la importancia de la salud masculina, f\u00edsica y mental.\",\"breadcrumb\":{\"@id\":\"https:\\\/\\\/www.gruporecoletas.com\\\/noticias\\\/salud-masculina-fisica-y-mental\\\/#breadcrumb\"},\"inLanguage\":\"es\",\"potentialAction\":[{\"@type\":\"ReadAction\",\"target\":[\"https:\\\/\\\/www.gruporecoletas.com\\\/noticias\\\/salud-masculina-fisica-y-mental\\\/\"]}]},{\"@type\":\"ImageObject\",\"inLanguage\":\"es\",\"@id\":\"https:\\\/\\\/www.gruporecoletas.com\\\/noticias\\\/salud-masculina-fisica-y-mental\\\/#primaryimage\",\"url\":\"https:\\\/\\\/www.gruporecoletas.com\\\/noticias\\\/wp-content\\\/uploads\\\/2022\\\/11\\\/salud-masculina-recoletas.png\",\"contentUrl\":\"https:\\\/\\\/www.gruporecoletas.com\\\/noticias\\\/wp-content\\\/uploads\\\/2022\\\/11\\\/salud-masculina-recoletas.png\",\"width\":1366,\"height\":768,\"caption\":\"Desde Recoletas queremos sumarnos al movimiento \\\"Movember\\\" para poner en valor la importancia de la salud masculina, f\u00edsica y mental.\"},{\"@type\":\"BreadcrumbList\",\"@id\":\"https:\\\/\\\/www.gruporecoletas.com\\\/noticias\\\/salud-masculina-fisica-y-mental\\\/#breadcrumb\",\"itemListElement\":[{\"@type\":\"ListItem\",\"position\":1,\"name\":\"Portada\",\"item\":\"https:\\\/\\\/www.gruporecoletas.com\\\/noticias\\\/\"},{\"@type\":\"ListItem\",\"position\":2,\"name\":\"Salud masculina: c\u00e1ncer de pr\u00f3stata, c\u00e1ncer de test\u00edculos y salud mental\"}]},{\"@type\":\"WebSite\",\"@id\":\"https:\\\/\\\/www.gruporecoletas.com\\\/noticias\\\/#website\",\"url\":\"https:\\\/\\\/www.gruporecoletas.com\\\/noticias\\\/\",\"name\":\"Noticias Grupo Recoletas\",\"description\":\"Grupo Recoletas\",\"potentialAction\":[{\"@type\":\"SearchAction\",\"target\":{\"@type\":\"EntryPoint\",\"urlTemplate\":\"https:\\\/\\\/www.gruporecoletas.com\\\/noticias\\\/?s={search_term_string}\"},\"query-input\":{\"@type\":\"PropertyValueSpecification\",\"valueRequired\":true,\"valueName\":\"search_term_string\"}}],\"inLanguage\":\"es\"},{\"@type\":\"Person\",\"@id\":\"https:\\\/\\\/www.gruporecoletas.com\\\/noticias\\\/#\\\/schema\\\/person\\\/3c6ac429828d1f5e3d3bd99f4da9b02c\",\"name\":\"Recoletas Red Hospitalaria\",\"url\":\"https:\\\/\\\/www.gruporecoletas.com\\\/noticias\\\/author\\\/comunicacion\\\/\"}]}<\/script>\n<!-- \/ Yoast SEO Premium plugin. -->","yoast_head_json":{"title":"Salud masculina: c\u00e1ncer de pr\u00f3stata, c\u00e1ncer de test\u00edculos y salud mental - Noticias Grupo Recoletas","description":"Desde Recoletas queremos sumarnos al movimiento \"Movember\" para poner en valor la importancia de la salud masculina, f\u00edsica y mental.","robots":{"index":"index","follow":"follow","max-snippet":"max-snippet:-1","max-image-preview":"max-image-preview:large","max-video-preview":"max-video-preview:-1"},"canonical":"https:\/\/www.gruporecoletas.com\/noticias\/salud-masculina-fisica-y-mental\/","og_locale":"es_ES","og_type":"article","og_title":"Salud masculina: c\u00e1ncer de pr\u00f3stata, c\u00e1ncer de test\u00edculos y salud mental","og_description":"Desde Recoletas queremos sumarnos al movimiento \"Movember\" para poner en valor la importancia de la salud masculina, f\u00edsica y mental.","og_url":"https:\/\/www.gruporecoletas.com\/noticias\/salud-masculina-fisica-y-mental\/","og_site_name":"Noticias Grupo Recoletas","article_publisher":"https:\/\/www.facebook.com\/GrupoRecoletas\/","article_published_time":"2022-11-16T13:36:04+00:00","article_modified_time":"2022-11-16T13:36:06+00:00","og_image":[{"width":1366,"height":768,"url":"https:\/\/www.gruporecoletas.com\/noticias\/wp-content\/uploads\/2022\/11\/salud-masculina-recoletas.png","type":"image\/png"}],"author":"Recoletas Red Hospitalaria","twitter_card":"summary_large_image","twitter_creator":"@GrupoRecoletas","twitter_site":"@GrupoRecoletas","twitter_misc":{"Escrito por":"Recoletas Red Hospitalaria","Tiempo de lectura":"4 minutos"},"schema":{"@context":"https:\/\/schema.org","@graph":[{"@type":"Article","@id":"https:\/\/www.gruporecoletas.com\/noticias\/salud-masculina-fisica-y-mental\/#article","isPartOf":{"@id":"https:\/\/www.gruporecoletas.com\/noticias\/salud-masculina-fisica-y-mental\/"},"author":{"name":"Recoletas Red Hospitalaria","@id":"https:\/\/www.gruporecoletas.com\/noticias\/#\/schema\/person\/3c6ac429828d1f5e3d3bd99f4da9b02c"},"headline":"Salud masculina: c\u00e1ncer de pr\u00f3stata, c\u00e1ncer de test\u00edculos y salud mental","datePublished":"2022-11-16T13:36:04+00:00","dateModified":"2022-11-16T13:36:06+00:00","mainEntityOfPage":{"@id":"https:\/\/www.gruporecoletas.com\/noticias\/salud-masculina-fisica-y-mental\/"},"wordCount":737,"image":{"@id":"https:\/\/www.gruporecoletas.com\/noticias\/salud-masculina-fisica-y-mental\/#primaryimage"},"thumbnailUrl":"https:\/\/www.gruporecoletas.com\/noticias\/wp-content\/uploads\/2022\/11\/salud-masculina-recoletas.png","keywords":["Movember","Salud masculina","Urolog\u00eda"],"articleSection":["Androlog\u00eda y Salud Masculina","Grupo Recoletas","Instituto Urol\u00f3gico","Prevenci\u00f3n","Publicaciones"],"inLanguage":"es"},{"@type":"WebPage","@id":"https:\/\/www.gruporecoletas.com\/noticias\/salud-masculina-fisica-y-mental\/","url":"https:\/\/www.gruporecoletas.com\/noticias\/salud-masculina-fisica-y-mental\/","name":"Salud masculina: c\u00e1ncer de pr\u00f3stata, c\u00e1ncer de test\u00edculos y salud mental - Noticias Grupo Recoletas","isPartOf":{"@id":"https:\/\/www.gruporecoletas.com\/noticias\/#website"},"primaryImageOfPage":{"@id":"https:\/\/www.gruporecoletas.com\/noticias\/salud-masculina-fisica-y-mental\/#primaryimage"},"image":{"@id":"https:\/\/www.gruporecoletas.com\/noticias\/salud-masculina-fisica-y-mental\/#primaryimage"},"thumbnailUrl":"https:\/\/www.gruporecoletas.com\/noticias\/wp-content\/uploads\/2022\/11\/salud-masculina-recoletas.png","datePublished":"2022-11-16T13:36:04+00:00","dateModified":"2022-11-16T13:36:06+00:00","author":{"@id":"https:\/\/www.gruporecoletas.com\/noticias\/#\/schema\/person\/3c6ac429828d1f5e3d3bd99f4da9b02c"},"description":"Desde Recoletas queremos sumarnos al movimiento \"Movember\" para poner en valor la importancia de la salud masculina, f\u00edsica y mental.","breadcrumb":{"@id":"https:\/\/www.gruporecoletas.com\/noticias\/salud-masculina-fisica-y-mental\/#breadcrumb"},"inLanguage":"es","potentialAction":[{"@type":"ReadAction","target":["https:\/\/www.gruporecoletas.com\/noticias\/salud-masculina-fisica-y-mental\/"]}]},{"@type":"ImageObject","inLanguage":"es","@id":"https:\/\/www.gruporecoletas.com\/noticias\/salud-masculina-fisica-y-mental\/#primaryimage","url":"https:\/\/www.gruporecoletas.com\/noticias\/wp-content\/uploads\/2022\/11\/salud-masculina-recoletas.png","contentUrl":"https:\/\/www.gruporecoletas.com\/noticias\/wp-content\/uploads\/2022\/11\/salud-masculina-recoletas.png","width":1366,"height":768,"caption":"Desde Recoletas queremos sumarnos al movimiento \"Movember\" para poner en valor la importancia de la salud masculina, f\u00edsica y mental."},{"@type":"BreadcrumbList","@id":"https:\/\/www.gruporecoletas.com\/noticias\/salud-masculina-fisica-y-mental\/#breadcrumb","itemListElement":[{"@type":"ListItem","position":1,"name":"Portada","item":"https:\/\/www.gruporecoletas.com\/noticias\/"},{"@type":"ListItem","position":2,"name":"Salud masculina: c\u00e1ncer de pr\u00f3stata, c\u00e1ncer de test\u00edculos y salud mental"}]},{"@type":"WebSite","@id":"https:\/\/www.gruporecoletas.com\/noticias\/#website","url":"https:\/\/www.gruporecoletas.com\/noticias\/","name":"Noticias Grupo Recoletas","description":"Grupo Recoletas","potentialAction":[{"@type":"SearchAction","target":{"@type":"EntryPoint","urlTemplate":"https:\/\/www.gruporecoletas.com\/noticias\/?s={search_term_string}"},"query-input":{"@type":"PropertyValueSpecification","valueRequired":true,"valueName":"search_term_string"}}],"inLanguage":"es"},{"@type":"Person","@id":"https:\/\/www.gruporecoletas.com\/noticias\/#\/schema\/person\/3c6ac429828d1f5e3d3bd99f4da9b02c","name":"Recoletas Red Hospitalaria","url":"https:\/\/www.gruporecoletas.com\/noticias\/author\/comunicacion\/"}]}},"_links":{"self":[{"href":"https:\/\/www.gruporecoletas.com\/noticias\/wp-json\/wp\/v2\/posts\/15699","targetHints":{"allow":["GET"]}}],"collection":[{"href":"https:\/\/www.gruporecoletas.com\/noticias\/wp-json\/wp\/v2\/posts"}],"about":[{"href":"https:\/\/www.gruporecoletas.com\/noticias\/wp-json\/wp\/v2\/types\/post"}],"author":[{"embeddable":true,"href":"https:\/\/www.gruporecoletas.com\/noticias\/wp-json\/wp\/v2\/users\/2"}],"replies":[{"embeddable":true,"href":"https:\/\/www.gruporecoletas.com\/noticias\/wp-json\/wp\/v2\/comments?post=15699"}],"version-history":[{"count":7,"href":"https:\/\/www.gruporecoletas.com\/noticias\/wp-json\/wp\/v2\/posts\/15699\/revisions"}],"predecessor-version":[{"id":15714,"href":"https:\/\/www.gruporecoletas.com\/noticias\/wp-json\/wp\/v2\/posts\/15699\/revisions\/15714"}],"wp:featuredmedia":[{"embeddable":true,"href":"https:\/\/www.gruporecoletas.com\/noticias\/wp-json\/wp\/v2\/media\/15707"}],"wp:attachment":[{"href":"https:\/\/www.gruporecoletas.com\/noticias\/wp-json\/wp\/v2\/media?parent=15699"}],"wp:term":[{"taxonomy":"category","embeddable":true,"href":"https:\/\/www.gruporecoletas.com\/noticias\/wp-json\/wp\/v2\/categories?post=15699"},{"taxonomy":"post_tag","embeddable":true,"href":"https:\/\/www.gruporecoletas.com\/noticias\/wp-json\/wp\/v2\/tags?post=15699"}],"curies":[{"name":"wp","href":"https:\/\/api.w.org\/{rel}","templated":true}]}}