{"id":15717,"date":"2022-11-18T14:37:55","date_gmt":"2022-11-18T13:37:55","guid":{"rendered":"https:\/\/www.gruporecoletas.com\/noticias\/?p=15717"},"modified":"2022-11-18T14:42:03","modified_gmt":"2022-11-18T13:42:03","slug":"el-grupo-recoletas-pone-en-marcha-el-instituto-de-dalud-digestiva","status":"publish","type":"post","link":"https:\/\/www.gruporecoletas.com\/noticias\/el-grupo-recoletas-pone-en-marcha-el-instituto-de-dalud-digestiva\/","title":{"rendered":"El Grupo Recoletas pone en marcha el Instituto de Salud Digestiva"},"content":{"rendered":"\n<p>El grupo Recoletas ha puesto en marcha el<strong><a href=\"https:\/\/www.gruporecoletas.com\/institutos\/instituto-de-salud-digestiva\/\"> Instituto de Salud Digestiva<\/a><\/strong> en el Hospital Recoletas Burgos formado por un equipo multidisciplinar que engloba las especialidades de Aparato Digestivo, Endocrinolog\u00eda y Nutrici\u00f3n y Cirug\u00eda General y del Aparato Digestivo.<\/p>\n\n\n\n<p>La <em><a href=\"https:\/\/www.gruporecoletas.com\/institutos\/instituto-de-salud-digestiva\/tratamientos\/unidad-de-aparato-digestivo-y-endoscopias\/\">Unidad de Aparato Digestivo y Endoscopia Avanzada<\/a><\/em> la componen el Dr. Gonz\u00e1lez Gete, el Dr. Ladr\u00f3n Abia, el Dr. L\u00f3pez Morante y el Dr. Mart\u00edn Lorente.<\/p>\n\n\n\n<p>La <em><a href=\"https:\/\/www.gruporecoletas.com\/institutos\/instituto-de-salud-digestiva\/tratamientos\/unidad-de-endocrinologia-y-nutricion\/\">Unidad de Endocrinolog\u00eda y Nutrici\u00f3n<\/a><\/em> cuenta con los especialistas Dra. Esparcia Arnedo, Dr. Garc\u00eda Hierro y Dr. Herguedas Vela.<\/p>\n\n\n\n<p>La <em><a href=\"https:\/\/www.gruporecoletas.com\/institutos\/instituto-de-salud-digestiva\/tratamientos\/cirugia-general-y-del-aparato-digestivo\/\">Unidad de Cirug\u00eda General y del Aparato Digestivo<\/a><\/em> est\u00e1 formada por el Dr. Mart\u00edn Acebes, el Dr. S\u00e1nchez Carrasco, el Dr. S\u00e1nchez Manuel y Dr. Vidal Doce.<\/p>\n\n\n\n<p>Adem\u00e1s, se cuenta con la <strong>estrecha colaboraci\u00f3n<\/strong> de las Unidades de Radiodiagn\u00f3stico, Oncolog\u00eda M\u00e9dica, Oncolog\u00eda Radioter\u00e1pica, Anatom\u00eda Patol\u00f3gica, An\u00e1lisis Cl\u00ednicos, Anestesiolog\u00eda y Reanimaci\u00f3n, Medicina Intensiva, Medicina Interna, Radiolog\u00eda Intervencionista, Angiolog\u00eda Cirug\u00eda Vascular y Cirug\u00eda Pl\u00e1stica y Reparadora.<\/p>\n\n\n\n<p>Este nuevo Instituto se ha dise\u00f1ado <strong>ampliando y mejorando espacios en la primera planta del hospital,<\/strong> creando un ambiente acogedor y con el mejor equipamiento tecnol\u00f3gico, para ofrecer a los pacientes el mayor confort y la m\u00e1s alta calidad asistencial.<\/p>\n\n\n\n<p><strong>Diagn\u00f3stico precoz, prevenci\u00f3n del c\u00e1ncer y abordaje m\u00ednimamente invasivo<\/strong><\/p>\n\n\n\n<p><em><u>La Unidad de Endoscopia Avanzada<\/u><\/em> cuenta con <em>equipos de endoscopia de \u00faltima generaci\u00f3n<\/em>. En los \u00faltimos a\u00f1os se ha producido un importante crecimiento y mejora en estas t\u00e9cnicas diagn\u00f3sticas y terap\u00e9uticas indicadas en el proceso de problemas del aparato digestivo, como son: tumores, malformaciones, p\u00f3lipos, hemorragias digestivas, reflujo gastroesof\u00e1gico, \u00falcera g\u00e1strica o duodenal, problemas de malabsorci\u00f3n o mala digesti\u00f3n de los alimentos y enfermedad cel\u00edaca, entre otros.<\/p>\n\n\n\n<p>Uno de los principales campos de actuaci\u00f3n es el <strong>diagn\u00f3stico precoz de lesiones pre-malignas y prevenci\u00f3n del c\u00e1ncer<\/strong>. Su estudio, tratamiento precoz y seguimiento adecuado evitar\u00e1 repetir pruebas innecesarias e intervenciones quir\u00fargicas a los pacientes. Todas las exploraciones endosc\u00f3picas se realizar\u00e1n bajo sedaci\u00f3n, consiguiendo una situaci\u00f3n de m\u00e1ximo confort para el paciente.<\/p>\n\n\n\n<p>En la <em>Unidad de Endocrinolog\u00eda y Nutrici\u00f3n<\/em>, excelentes profesionales abordan el <strong>estudio y tratamiento de las enfermedades del sistema endocrino, metab\u00f3licas<\/strong> y todas aquellas derivadas del proceso nutricional. Se valora de forma completa el funcionamiento y las distintas enfermedades del sistema endocrino, las gl\u00e1ndulas y las hormonas. Prestando especial atenci\u00f3n a la <strong>prevenci\u00f3n de enfermedades y evitando complicaciones<\/strong> de las ya preexistentes como diabetes, enfermedad tiroidea, obesidad, trastornos metab\u00f3licos, patolog\u00eda de la hip\u00f3fisis, paratiroides o gl\u00e1ndulas suprarrenales.<\/p>\n\n\n\n<p><em><u>La Unidad de Cirug\u00eda General y del Aparato Digestivo<\/u><\/em> tiene como objetivo prestar una atenci\u00f3n individualizada a cada paciente, con las mejores garant\u00edas en el <strong>diagn\u00f3stico y tratamiento de la patolog\u00eda quir\u00fargica<\/strong>. Existe una implicaci\u00f3n directa de la Unidad en el diagn\u00f3stico y tratamiento precoz de las neoplasias del aparato digestivo, endocrino y de piel y partes blandas, gracias a la colaboraci\u00f3n constante y estrecha con el resto de especialistas del Instituto. Adem\u00e1s, esta especialidad trata otras muchas patolog\u00edas del aparato digestivo y endocrino y de la pared abdominal, contando con profesionales de reconocido prestigio y la <strong>mejor tecnolog\u00eda quir\u00fargica m\u00ednimamente invasiva rob\u00f3tica y laparosc\u00f3pica<\/strong>.<\/p>\n","protected":false},"excerpt":{"rendered":"<p>El grupo Recoletas ha puesto en marcha el Instituto de Salud Digestiva en el Hospital Recoletas Burgos formado por un equipo multidisciplinar que engloba las especialidades de Aparato Digestivo, Endocrinolog\u00eda y Nutrici\u00f3n y Cirug\u00eda General y del Aparato Digestivo. La Unidad de Aparato Digestivo y Endoscopia Avanzada la componen el Dr. Gonz\u00e1lez Gete, el Dr. [&hellip;]<\/p>\n","protected":false},"author":2,"featured_media":15718,"comment_status":"closed","ping_status":"closed","sticky":false,"template":"","format":"standard","meta":{"_acf_changed":false,"footnotes":""},"categories":[10,3298],"tags":[3248,1490,542,1417],"class_list":["post-15717","post","type-post","status-publish","format-standard","has-post-thumbnail","hentry","category-burgos","category-instituto-de-salud-digestiva","tag-aparato-digestivo","tag-aparato-digestivo-y-endoscopias","tag-endocrinologia","tag-nutricion"],"acf":[],"yoast_head":"<!-- This site is optimized with the Yoast SEO Premium plugin v27.3 (Yoast SEO v27.3) - https:\/\/yoast.com\/product\/yoast-seo-premium-wordpress\/ -->\n<title>El Grupo Recoletas pone en marcha el Instituto de Salud Digestiva - Noticias Grupo Recoletas<\/title>\n<meta name=\"robots\" content=\"index, follow, max-snippet:-1, max-image-preview:large, max-video-preview:-1\" \/>\n<link rel=\"canonical\" href=\"https:\/\/www.gruporecoletas.com\/noticias\/el-grupo-recoletas-pone-en-marcha-el-instituto-de-dalud-digestiva\/\" \/>\n<meta property=\"og:locale\" content=\"es_ES\" \/>\n<meta property=\"og:type\" content=\"article\" \/>\n<meta property=\"og:title\" content=\"El Grupo Recoletas pone en marcha el Instituto de Salud Digestiva\" \/>\n<meta property=\"og:description\" content=\"El grupo Recoletas ha puesto en marcha el Instituto de Salud Digestiva en el Hospital Recoletas Burgos formado por un equipo multidisciplinar que engloba las especialidades de Aparato Digestivo, Endocrinolog\u00eda y Nutrici\u00f3n y Cirug\u00eda General y del Aparato Digestivo. La Unidad de Aparato Digestivo y Endoscopia Avanzada la componen el Dr. Gonz\u00e1lez Gete, el Dr. [&hellip;]\" \/>\n<meta property=\"og:url\" content=\"https:\/\/www.gruporecoletas.com\/noticias\/el-grupo-recoletas-pone-en-marcha-el-instituto-de-dalud-digestiva\/\" \/>\n<meta property=\"og:site_name\" content=\"Noticias Grupo Recoletas\" \/>\n<meta property=\"article:publisher\" content=\"https:\/\/www.facebook.com\/GrupoRecoletas\/\" \/>\n<meta property=\"article:published_time\" content=\"2022-11-18T13:37:55+00:00\" \/>\n<meta property=\"article:modified_time\" content=\"2022-11-18T13:42:03+00:00\" \/>\n<meta property=\"og:image\" content=\"https:\/\/www.gruporecoletas.com\/noticias\/wp-content\/uploads\/2022\/11\/instituto-salud-digestiva-np.jpg\" \/>\n\t<meta property=\"og:image:width\" content=\"1366\" \/>\n\t<meta property=\"og:image:height\" content=\"768\" \/>\n\t<meta property=\"og:image:type\" content=\"image\/jpeg\" \/>\n<meta name=\"author\" content=\"Recoletas Red Hospitalaria\" \/>\n<meta name=\"twitter:card\" content=\"summary_large_image\" \/>\n<meta name=\"twitter:creator\" content=\"@GrupoRecoletas\" \/>\n<meta name=\"twitter:site\" content=\"@GrupoRecoletas\" \/>\n<meta name=\"twitter:label1\" content=\"Escrito por\" \/>\n\t<meta name=\"twitter:data1\" content=\"Recoletas Red Hospitalaria\" \/>\n\t<meta name=\"twitter:label2\" content=\"Tiempo de lectura\" \/>\n\t<meta name=\"twitter:data2\" content=\"3 minutos\" \/>\n<script type=\"application\/ld+json\" class=\"yoast-schema-graph\">{\"@context\":\"https:\\\/\\\/schema.org\",\"@graph\":[{\"@type\":\"Article\",\"@id\":\"https:\\\/\\\/www.gruporecoletas.com\\\/noticias\\\/el-grupo-recoletas-pone-en-marcha-el-instituto-de-dalud-digestiva\\\/#article\",\"isPartOf\":{\"@id\":\"https:\\\/\\\/www.gruporecoletas.com\\\/noticias\\\/el-grupo-recoletas-pone-en-marcha-el-instituto-de-dalud-digestiva\\\/\"},\"author\":{\"name\":\"Recoletas Red Hospitalaria\",\"@id\":\"https:\\\/\\\/www.gruporecoletas.com\\\/noticias\\\/#\\\/schema\\\/person\\\/3c6ac429828d1f5e3d3bd99f4da9b02c\"},\"headline\":\"El Grupo Recoletas pone en marcha el Instituto de Salud Digestiva\",\"datePublished\":\"2022-11-18T13:37:55+00:00\",\"dateModified\":\"2022-11-18T13:42:03+00:00\",\"mainEntityOfPage\":{\"@id\":\"https:\\\/\\\/www.gruporecoletas.com\\\/noticias\\\/el-grupo-recoletas-pone-en-marcha-el-instituto-de-dalud-digestiva\\\/\"},\"wordCount\":598,\"image\":{\"@id\":\"https:\\\/\\\/www.gruporecoletas.com\\\/noticias\\\/el-grupo-recoletas-pone-en-marcha-el-instituto-de-dalud-digestiva\\\/#primaryimage\"},\"thumbnailUrl\":\"https:\\\/\\\/www.gruporecoletas.com\\\/noticias\\\/wp-content\\\/uploads\\\/2022\\\/11\\\/instituto-salud-digestiva-np.jpg\",\"keywords\":[\"Aparato digestivo\",\"Aparato digestivo y endoscopias\",\"Endocrinolog\u00eda\",\"nutricion\"],\"articleSection\":[\"Burgos\",\"Instituto de Salud Digestiva\"],\"inLanguage\":\"es\"},{\"@type\":\"WebPage\",\"@id\":\"https:\\\/\\\/www.gruporecoletas.com\\\/noticias\\\/el-grupo-recoletas-pone-en-marcha-el-instituto-de-dalud-digestiva\\\/\",\"url\":\"https:\\\/\\\/www.gruporecoletas.com\\\/noticias\\\/el-grupo-recoletas-pone-en-marcha-el-instituto-de-dalud-digestiva\\\/\",\"name\":\"El Grupo Recoletas pone en marcha el Instituto de Salud Digestiva - Noticias Grupo Recoletas\",\"isPartOf\":{\"@id\":\"https:\\\/\\\/www.gruporecoletas.com\\\/noticias\\\/#website\"},\"primaryImageOfPage\":{\"@id\":\"https:\\\/\\\/www.gruporecoletas.com\\\/noticias\\\/el-grupo-recoletas-pone-en-marcha-el-instituto-de-dalud-digestiva\\\/#primaryimage\"},\"image\":{\"@id\":\"https:\\\/\\\/www.gruporecoletas.com\\\/noticias\\\/el-grupo-recoletas-pone-en-marcha-el-instituto-de-dalud-digestiva\\\/#primaryimage\"},\"thumbnailUrl\":\"https:\\\/\\\/www.gruporecoletas.com\\\/noticias\\\/wp-content\\\/uploads\\\/2022\\\/11\\\/instituto-salud-digestiva-np.jpg\",\"datePublished\":\"2022-11-18T13:37:55+00:00\",\"dateModified\":\"2022-11-18T13:42:03+00:00\",\"author\":{\"@id\":\"https:\\\/\\\/www.gruporecoletas.com\\\/noticias\\\/#\\\/schema\\\/person\\\/3c6ac429828d1f5e3d3bd99f4da9b02c\"},\"breadcrumb\":{\"@id\":\"https:\\\/\\\/www.gruporecoletas.com\\\/noticias\\\/el-grupo-recoletas-pone-en-marcha-el-instituto-de-dalud-digestiva\\\/#breadcrumb\"},\"inLanguage\":\"es\",\"potentialAction\":[{\"@type\":\"ReadAction\",\"target\":[\"https:\\\/\\\/www.gruporecoletas.com\\\/noticias\\\/el-grupo-recoletas-pone-en-marcha-el-instituto-de-dalud-digestiva\\\/\"]}]},{\"@type\":\"ImageObject\",\"inLanguage\":\"es\",\"@id\":\"https:\\\/\\\/www.gruporecoletas.com\\\/noticias\\\/el-grupo-recoletas-pone-en-marcha-el-instituto-de-dalud-digestiva\\\/#primaryimage\",\"url\":\"https:\\\/\\\/www.gruporecoletas.com\\\/noticias\\\/wp-content\\\/uploads\\\/2022\\\/11\\\/instituto-salud-digestiva-np.jpg\",\"contentUrl\":\"https:\\\/\\\/www.gruporecoletas.com\\\/noticias\\\/wp-content\\\/uploads\\\/2022\\\/11\\\/instituto-salud-digestiva-np.jpg\",\"width\":1366,\"height\":768,\"caption\":\"Instituto de Salud Digestiva del Hospital Recoletas Burgos\"},{\"@type\":\"BreadcrumbList\",\"@id\":\"https:\\\/\\\/www.gruporecoletas.com\\\/noticias\\\/el-grupo-recoletas-pone-en-marcha-el-instituto-de-dalud-digestiva\\\/#breadcrumb\",\"itemListElement\":[{\"@type\":\"ListItem\",\"position\":1,\"name\":\"Portada\",\"item\":\"https:\\\/\\\/www.gruporecoletas.com\\\/noticias\\\/\"},{\"@type\":\"ListItem\",\"position\":2,\"name\":\"El Grupo Recoletas pone en marcha el Instituto de Salud Digestiva\"}]},{\"@type\":\"WebSite\",\"@id\":\"https:\\\/\\\/www.gruporecoletas.com\\\/noticias\\\/#website\",\"url\":\"https:\\\/\\\/www.gruporecoletas.com\\\/noticias\\\/\",\"name\":\"Noticias Grupo Recoletas\",\"description\":\"Grupo Recoletas\",\"potentialAction\":[{\"@type\":\"SearchAction\",\"target\":{\"@type\":\"EntryPoint\",\"urlTemplate\":\"https:\\\/\\\/www.gruporecoletas.com\\\/noticias\\\/?s={search_term_string}\"},\"query-input\":{\"@type\":\"PropertyValueSpecification\",\"valueRequired\":true,\"valueName\":\"search_term_string\"}}],\"inLanguage\":\"es\"},{\"@type\":\"Person\",\"@id\":\"https:\\\/\\\/www.gruporecoletas.com\\\/noticias\\\/#\\\/schema\\\/person\\\/3c6ac429828d1f5e3d3bd99f4da9b02c\",\"name\":\"Recoletas Red Hospitalaria\",\"url\":\"https:\\\/\\\/www.gruporecoletas.com\\\/noticias\\\/author\\\/comunicacion\\\/\"}]}<\/script>\n<!-- \/ Yoast SEO Premium plugin. -->","yoast_head_json":{"title":"El Grupo Recoletas pone en marcha el Instituto de Salud Digestiva - Noticias Grupo Recoletas","robots":{"index":"index","follow":"follow","max-snippet":"max-snippet:-1","max-image-preview":"max-image-preview:large","max-video-preview":"max-video-preview:-1"},"canonical":"https:\/\/www.gruporecoletas.com\/noticias\/el-grupo-recoletas-pone-en-marcha-el-instituto-de-dalud-digestiva\/","og_locale":"es_ES","og_type":"article","og_title":"El Grupo Recoletas pone en marcha el Instituto de Salud Digestiva","og_description":"El grupo Recoletas ha puesto en marcha el Instituto de Salud Digestiva en el Hospital Recoletas Burgos formado por un equipo multidisciplinar que engloba las especialidades de Aparato Digestivo, Endocrinolog\u00eda y Nutrici\u00f3n y Cirug\u00eda General y del Aparato Digestivo. La Unidad de Aparato Digestivo y Endoscopia Avanzada la componen el Dr. Gonz\u00e1lez Gete, el Dr. [&hellip;]","og_url":"https:\/\/www.gruporecoletas.com\/noticias\/el-grupo-recoletas-pone-en-marcha-el-instituto-de-dalud-digestiva\/","og_site_name":"Noticias Grupo Recoletas","article_publisher":"https:\/\/www.facebook.com\/GrupoRecoletas\/","article_published_time":"2022-11-18T13:37:55+00:00","article_modified_time":"2022-11-18T13:42:03+00:00","og_image":[{"width":1366,"height":768,"url":"https:\/\/www.gruporecoletas.com\/noticias\/wp-content\/uploads\/2022\/11\/instituto-salud-digestiva-np.jpg","type":"image\/jpeg"}],"author":"Recoletas Red Hospitalaria","twitter_card":"summary_large_image","twitter_creator":"@GrupoRecoletas","twitter_site":"@GrupoRecoletas","twitter_misc":{"Escrito por":"Recoletas Red Hospitalaria","Tiempo de lectura":"3 minutos"},"schema":{"@context":"https:\/\/schema.org","@graph":[{"@type":"Article","@id":"https:\/\/www.gruporecoletas.com\/noticias\/el-grupo-recoletas-pone-en-marcha-el-instituto-de-dalud-digestiva\/#article","isPartOf":{"@id":"https:\/\/www.gruporecoletas.com\/noticias\/el-grupo-recoletas-pone-en-marcha-el-instituto-de-dalud-digestiva\/"},"author":{"name":"Recoletas Red Hospitalaria","@id":"https:\/\/www.gruporecoletas.com\/noticias\/#\/schema\/person\/3c6ac429828d1f5e3d3bd99f4da9b02c"},"headline":"El Grupo Recoletas pone en marcha el Instituto de Salud Digestiva","datePublished":"2022-11-18T13:37:55+00:00","dateModified":"2022-11-18T13:42:03+00:00","mainEntityOfPage":{"@id":"https:\/\/www.gruporecoletas.com\/noticias\/el-grupo-recoletas-pone-en-marcha-el-instituto-de-dalud-digestiva\/"},"wordCount":598,"image":{"@id":"https:\/\/www.gruporecoletas.com\/noticias\/el-grupo-recoletas-pone-en-marcha-el-instituto-de-dalud-digestiva\/#primaryimage"},"thumbnailUrl":"https:\/\/www.gruporecoletas.com\/noticias\/wp-content\/uploads\/2022\/11\/instituto-salud-digestiva-np.jpg","keywords":["Aparato digestivo","Aparato digestivo y endoscopias","Endocrinolog\u00eda","nutricion"],"articleSection":["Burgos","Instituto de Salud Digestiva"],"inLanguage":"es"},{"@type":"WebPage","@id":"https:\/\/www.gruporecoletas.com\/noticias\/el-grupo-recoletas-pone-en-marcha-el-instituto-de-dalud-digestiva\/","url":"https:\/\/www.gruporecoletas.com\/noticias\/el-grupo-recoletas-pone-en-marcha-el-instituto-de-dalud-digestiva\/","name":"El Grupo Recoletas pone en marcha el Instituto de Salud Digestiva - Noticias Grupo Recoletas","isPartOf":{"@id":"https:\/\/www.gruporecoletas.com\/noticias\/#website"},"primaryImageOfPage":{"@id":"https:\/\/www.gruporecoletas.com\/noticias\/el-grupo-recoletas-pone-en-marcha-el-instituto-de-dalud-digestiva\/#primaryimage"},"image":{"@id":"https:\/\/www.gruporecoletas.com\/noticias\/el-grupo-recoletas-pone-en-marcha-el-instituto-de-dalud-digestiva\/#primaryimage"},"thumbnailUrl":"https:\/\/www.gruporecoletas.com\/noticias\/wp-content\/uploads\/2022\/11\/instituto-salud-digestiva-np.jpg","datePublished":"2022-11-18T13:37:55+00:00","dateModified":"2022-11-18T13:42:03+00:00","author":{"@id":"https:\/\/www.gruporecoletas.com\/noticias\/#\/schema\/person\/3c6ac429828d1f5e3d3bd99f4da9b02c"},"breadcrumb":{"@id":"https:\/\/www.gruporecoletas.com\/noticias\/el-grupo-recoletas-pone-en-marcha-el-instituto-de-dalud-digestiva\/#breadcrumb"},"inLanguage":"es","potentialAction":[{"@type":"ReadAction","target":["https:\/\/www.gruporecoletas.com\/noticias\/el-grupo-recoletas-pone-en-marcha-el-instituto-de-dalud-digestiva\/"]}]},{"@type":"ImageObject","inLanguage":"es","@id":"https:\/\/www.gruporecoletas.com\/noticias\/el-grupo-recoletas-pone-en-marcha-el-instituto-de-dalud-digestiva\/#primaryimage","url":"https:\/\/www.gruporecoletas.com\/noticias\/wp-content\/uploads\/2022\/11\/instituto-salud-digestiva-np.jpg","contentUrl":"https:\/\/www.gruporecoletas.com\/noticias\/wp-content\/uploads\/2022\/11\/instituto-salud-digestiva-np.jpg","width":1366,"height":768,"caption":"Instituto de Salud Digestiva del Hospital Recoletas Burgos"},{"@type":"BreadcrumbList","@id":"https:\/\/www.gruporecoletas.com\/noticias\/el-grupo-recoletas-pone-en-marcha-el-instituto-de-dalud-digestiva\/#breadcrumb","itemListElement":[{"@type":"ListItem","position":1,"name":"Portada","item":"https:\/\/www.gruporecoletas.com\/noticias\/"},{"@type":"ListItem","position":2,"name":"El Grupo Recoletas pone en marcha el Instituto de Salud Digestiva"}]},{"@type":"WebSite","@id":"https:\/\/www.gruporecoletas.com\/noticias\/#website","url":"https:\/\/www.gruporecoletas.com\/noticias\/","name":"Noticias Grupo Recoletas","description":"Grupo Recoletas","potentialAction":[{"@type":"SearchAction","target":{"@type":"EntryPoint","urlTemplate":"https:\/\/www.gruporecoletas.com\/noticias\/?s={search_term_string}"},"query-input":{"@type":"PropertyValueSpecification","valueRequired":true,"valueName":"search_term_string"}}],"inLanguage":"es"},{"@type":"Person","@id":"https:\/\/www.gruporecoletas.com\/noticias\/#\/schema\/person\/3c6ac429828d1f5e3d3bd99f4da9b02c","name":"Recoletas Red Hospitalaria","url":"https:\/\/www.gruporecoletas.com\/noticias\/author\/comunicacion\/"}]}},"_links":{"self":[{"href":"https:\/\/www.gruporecoletas.com\/noticias\/wp-json\/wp\/v2\/posts\/15717","targetHints":{"allow":["GET"]}}],"collection":[{"href":"https:\/\/www.gruporecoletas.com\/noticias\/wp-json\/wp\/v2\/posts"}],"about":[{"href":"https:\/\/www.gruporecoletas.com\/noticias\/wp-json\/wp\/v2\/types\/post"}],"author":[{"embeddable":true,"href":"https:\/\/www.gruporecoletas.com\/noticias\/wp-json\/wp\/v2\/users\/2"}],"replies":[{"embeddable":true,"href":"https:\/\/www.gruporecoletas.com\/noticias\/wp-json\/wp\/v2\/comments?post=15717"}],"version-history":[{"count":2,"href":"https:\/\/www.gruporecoletas.com\/noticias\/wp-json\/wp\/v2\/posts\/15717\/revisions"}],"predecessor-version":[{"id":15720,"href":"https:\/\/www.gruporecoletas.com\/noticias\/wp-json\/wp\/v2\/posts\/15717\/revisions\/15720"}],"wp:featuredmedia":[{"embeddable":true,"href":"https:\/\/www.gruporecoletas.com\/noticias\/wp-json\/wp\/v2\/media\/15718"}],"wp:attachment":[{"href":"https:\/\/www.gruporecoletas.com\/noticias\/wp-json\/wp\/v2\/media?parent=15717"}],"wp:term":[{"taxonomy":"category","embeddable":true,"href":"https:\/\/www.gruporecoletas.com\/noticias\/wp-json\/wp\/v2\/categories?post=15717"},{"taxonomy":"post_tag","embeddable":true,"href":"https:\/\/www.gruporecoletas.com\/noticias\/wp-json\/wp\/v2\/tags?post=15717"}],"curies":[{"name":"wp","href":"https:\/\/api.w.org\/{rel}","templated":true}]}}