{"id":15738,"date":"2022-12-15T10:52:55","date_gmt":"2022-12-15T09:52:55","guid":{"rendered":"https:\/\/www.gruporecoletas.com\/noticias\/?p=15738"},"modified":"2022-12-15T10:52:56","modified_gmt":"2022-12-15T09:52:56","slug":"recoletas-y-ge-healthcare-acuerdan-alianza-estrategica","status":"publish","type":"post","link":"https:\/\/www.gruporecoletas.com\/noticias\/recoletas-y-ge-healthcare-acuerdan-alianza-estrategica\/","title":{"rendered":"Recoletas y GE Helathcare acuerdan una alianza estrat\u00e9gica de cara a los pr\u00f3ximos a\u00f1os"},"content":{"rendered":"\n<p>La compa\u00f1\u00eda de tecnolog\u00eda sanitaria &nbsp;<a href=\"https:\/\/www.gehealthcare.es\/gatekeeper?ReturnURL=%2f&amp;id=86D197A45F81472A9584DD65DB75F48A\">General Electric Healthcare<\/a> y Recoletas han alcanzado un&nbsp;<strong>acuerdo de colaboraci\u00f3n<\/strong>&nbsp;para que, en el horizonte de los pr\u00f3ximos diez a\u00f1os, todos los hospitales y centros Recoletas dispongan de la tecnolog\u00eda de Diagn\u00f3stico por Imagen de \u00faltima generaci\u00f3n de GE.<\/p>\n\n\n\n<p>Conforme a este acuerdo, ya se est\u00e1n sustituyendo y actualizando los equipos existentes en los hospitales y centros Recoletas con el objetivo de mejorar la calidad asistencial y los tiempos de obtenci\u00f3n en los diagn\u00f3sticos.<\/p>\n\n\n\n<p>En el contexto de esta alianza Recoletas\/ GE Healthcare tambi\u00e9n est\u00e1 prevista la puesta en marcha de planes de formaci\u00f3n continua dirigidos a los profesionales de Recoletas para lograr la mejor y m\u00e1xima optimizaci\u00f3n del nuevo parque tecnol\u00f3gico. Adem\u00e1s, gracias a esta alianza estrat\u00e9gica, las innovaciones tecnol\u00f3gicas de GE Healthcare ser\u00e1n compartidas con Recoletas, que podr\u00e1 participar en la puesta en marcha y evoluci\u00f3n de las mismas.<\/p>\n\n\n\n<p>&nbsp;Esta actualizaci\u00f3n permanente convertir\u00e1 varios hospitales y centros Recoletas en espacios piloto para el desarrollo de las innovaciones m\u00e1s avanzadas en tecnolog\u00eda diagn\u00f3stica sanitaria.<\/p>\n\n\n\n<p><em>&nbsp;\u201cRecoletas, desde su origen, est\u00e1 comprometida con la vanguardia tecnol\u00f3gica. Contar con las mejores t\u00e9cnicas diagn\u00f3sticas es un compromiso para seguir garantizando a nuestros pacientes una oferta asistencial cada d\u00eda m\u00e1s excelente gracias a diagn\u00f3sticos m\u00e1s precoces y tratamientos m\u00e1s precisos y menos invasivos\u201d,<\/em> ha se\u00f1alado el presidente de Recoletas, Amando Rodr\u00edguez.<\/p>\n\n\n\n<p>Por su parte, Luis Campo, director general de GE Healthcare Iberia ha se\u00f1alado que, \u201c<em>El acuerdo suscrito con Recoletas Red Hospitalaria nos permite construir una relaci\u00f3n que va mucho m\u00e1s all\u00e1 del mero suministro de tecnolog\u00eda y servicios. Esa alianza abre la puerta a un trabajo conjunto que nos permitir\u00e1 optimizar los activos, adaptar las necesidades tecnol\u00f3gicas a la evoluci\u00f3n asistencial y desarrollar proyectos de colaboraci\u00f3n en el campo de la medicina de precisi\u00f3n<\/em>.\u201d<\/p>\n\n\n\n<h4 class=\"wp-block-heading\"><strong><u>Sobre Recoletas Red Hospitalaria:<\/u><\/strong><\/h4>\n\n\n\n<p>Recoletas es una empresa de referencia en el sector de la Sanidad Privada en Espa\u00f1a, que cuenta a d\u00eda de hoy con 8 hospitales en Valladolid, Burgos, Palencia, Zamora, Segovia, Ponferrada y Cuenca, una veintena de centros m\u00e9dicos, 13 centros de diagn\u00f3stico, dos cl\u00ednicas de Medicina Reproductiva y 8 institutos especializados en Oftalmolog\u00eda, Oncolog\u00eda y Oncolog\u00eda Radioter\u00e1pica, Otorrinolaringolog\u00eda, Urolog\u00eda, Cardiovascular, Traumatolog\u00eda, Cirug\u00eda Rob\u00f3tica y Neuro Vertebral.<\/p>\n\n\n\n<h4 class=\"wp-block-heading\"><strong><u>Sobre GE Healthcare<\/u><\/strong><strong>:<\/strong><\/h4>\n\n\n\n<p>GE Healthcare es el \u00e1rea sanitaria de GE (NYSE: GE), con un volumen de negocio de 17.7 mil millones USD*. Como l\u00edder mundial en innovaci\u00f3n en tecnolog\u00eda m\u00e9dica y soluciones digitales, GE Healthcare posibilita que los m\u00e9dicos tomen decisiones m\u00e1s r\u00e1pidas e informadas a trav\u00e9s de dispositivos inteligentes, an\u00e1lisis de datos, aplicaciones y servicios, con el respaldo de la plataforma de inteligencia Edison. Con m\u00e1s de 100 a\u00f1os de experiencia en el sector sanitario y alrededor de 47.000 empleados en todo el mundo, la compa\u00f1\u00eda opera en el centro de un ecosistema orientado al logro de la precisi\u00f3n en la salud, la digitalizaci\u00f3n de la atenci\u00f3n m\u00e9dica, la contribuci\u00f3n e impulso de la productividad y la mejora de los resultados para pacientes, proveedores, sistemas sanitarios e investigadores en todo el mundo.<\/p>\n","protected":false},"excerpt":{"rendered":"<p>La compa\u00f1\u00eda de tecnolog\u00eda sanitaria &nbsp;General Electric Healthcare y Recoletas han alcanzado un&nbsp;acuerdo de colaboraci\u00f3n&nbsp;para que, en el horizonte de los pr\u00f3ximos diez a\u00f1os, todos los hospitales y centros Recoletas dispongan de la tecnolog\u00eda de Diagn\u00f3stico por Imagen de \u00faltima generaci\u00f3n de GE. Conforme a este acuerdo, ya se est\u00e1n sustituyendo y actualizando los equipos [&hellip;]<\/p>\n","protected":false},"author":2,"featured_media":15739,"comment_status":"closed","ping_status":"closed","sticky":false,"template":"","format":"standard","meta":{"_acf_changed":false,"footnotes":""},"categories":[43,1,3282,7,9],"tags":[3286,3302],"class_list":["post-15738","post","type-post","status-publish","format-standard","has-post-thumbnail","hentry","category-centros","category-grupo-recoletas","category-id","category-institutos","category-publicaciones","tag-id","tag-tecnologia"],"acf":[],"yoast_head":"<!-- This site is optimized with the Yoast SEO Premium plugin v27.3 (Yoast SEO v27.3) - https:\/\/yoast.com\/product\/yoast-seo-premium-wordpress\/ -->\n<title>Recoletas y GE Helathcare acuerdan una alianza estrat\u00e9gica de cara a los pr\u00f3ximos a\u00f1os - Noticias Grupo Recoletas<\/title>\n<meta name=\"description\" content=\"Recoletas pondr\u00e1 a disposici\u00f3n de sus pacientes tecnolog\u00eda sanitaria GE de \u00faltima generaci\u00f3n que ayudar\u00e1 a mejorar la calidad asistencial\" \/>\n<meta name=\"robots\" content=\"index, follow, max-snippet:-1, max-image-preview:large, max-video-preview:-1\" \/>\n<link rel=\"canonical\" href=\"https:\/\/www.gruporecoletas.com\/noticias\/recoletas-y-ge-healthcare-acuerdan-alianza-estrategica\/\" \/>\n<meta property=\"og:locale\" content=\"es_ES\" \/>\n<meta property=\"og:type\" content=\"article\" \/>\n<meta property=\"og:title\" content=\"Recoletas y GE Helathcare acuerdan una alianza estrat\u00e9gica de cara a los pr\u00f3ximos a\u00f1os\" \/>\n<meta property=\"og:description\" content=\"Recoletas pondr\u00e1 a disposici\u00f3n de sus pacientes tecnolog\u00eda sanitaria GE de \u00faltima generaci\u00f3n que ayudar\u00e1 a mejorar la calidad asistencial\" \/>\n<meta property=\"og:url\" content=\"https:\/\/www.gruporecoletas.com\/noticias\/recoletas-y-ge-healthcare-acuerdan-alianza-estrategica\/\" \/>\n<meta property=\"og:site_name\" content=\"Noticias Grupo Recoletas\" \/>\n<meta property=\"article:publisher\" content=\"https:\/\/www.facebook.com\/GrupoRecoletas\/\" \/>\n<meta property=\"article:published_time\" content=\"2022-12-15T09:52:55+00:00\" \/>\n<meta property=\"article:modified_time\" content=\"2022-12-15T09:52:56+00:00\" \/>\n<meta property=\"og:image\" content=\"https:\/\/www.gruporecoletas.com\/noticias\/wp-content\/uploads\/2022\/12\/acuerdo-healthcare-recoletas-blog.png\" \/>\n\t<meta property=\"og:image:width\" content=\"1366\" \/>\n\t<meta property=\"og:image:height\" content=\"768\" \/>\n\t<meta property=\"og:image:type\" content=\"image\/png\" \/>\n<meta name=\"author\" content=\"Recoletas Red Hospitalaria\" \/>\n<meta name=\"twitter:card\" content=\"summary_large_image\" \/>\n<meta name=\"twitter:creator\" content=\"@GrupoRecoletas\" \/>\n<meta name=\"twitter:site\" content=\"@GrupoRecoletas\" \/>\n<meta name=\"twitter:label1\" content=\"Escrito por\" \/>\n\t<meta name=\"twitter:data1\" content=\"Recoletas Red Hospitalaria\" \/>\n\t<meta name=\"twitter:label2\" content=\"Tiempo de lectura\" \/>\n\t<meta name=\"twitter:data2\" content=\"3 minutos\" \/>\n<script type=\"application\/ld+json\" class=\"yoast-schema-graph\">{\"@context\":\"https:\\\/\\\/schema.org\",\"@graph\":[{\"@type\":\"Article\",\"@id\":\"https:\\\/\\\/www.gruporecoletas.com\\\/noticias\\\/recoletas-y-ge-healthcare-acuerdan-alianza-estrategica\\\/#article\",\"isPartOf\":{\"@id\":\"https:\\\/\\\/www.gruporecoletas.com\\\/noticias\\\/recoletas-y-ge-healthcare-acuerdan-alianza-estrategica\\\/\"},\"author\":{\"name\":\"Recoletas Red Hospitalaria\",\"@id\":\"https:\\\/\\\/www.gruporecoletas.com\\\/noticias\\\/#\\\/schema\\\/person\\\/3c6ac429828d1f5e3d3bd99f4da9b02c\"},\"headline\":\"Recoletas y GE Helathcare acuerdan una alianza estrat\u00e9gica de cara a los pr\u00f3ximos a\u00f1os\",\"datePublished\":\"2022-12-15T09:52:55+00:00\",\"dateModified\":\"2022-12-15T09:52:56+00:00\",\"mainEntityOfPage\":{\"@id\":\"https:\\\/\\\/www.gruporecoletas.com\\\/noticias\\\/recoletas-y-ge-healthcare-acuerdan-alianza-estrategica\\\/\"},\"wordCount\":591,\"image\":{\"@id\":\"https:\\\/\\\/www.gruporecoletas.com\\\/noticias\\\/recoletas-y-ge-healthcare-acuerdan-alianza-estrategica\\\/#primaryimage\"},\"thumbnailUrl\":\"https:\\\/\\\/www.gruporecoletas.com\\\/noticias\\\/wp-content\\\/uploads\\\/2022\\\/12\\\/acuerdo-healthcare-recoletas-blog.png\",\"keywords\":[\"i+d\",\"Tecnolog\u00eda\"],\"articleSection\":[\"Centros\",\"Grupo Recoletas\",\"I+D\",\"Institutos\",\"Publicaciones\"],\"inLanguage\":\"es\"},{\"@type\":\"WebPage\",\"@id\":\"https:\\\/\\\/www.gruporecoletas.com\\\/noticias\\\/recoletas-y-ge-healthcare-acuerdan-alianza-estrategica\\\/\",\"url\":\"https:\\\/\\\/www.gruporecoletas.com\\\/noticias\\\/recoletas-y-ge-healthcare-acuerdan-alianza-estrategica\\\/\",\"name\":\"Recoletas y GE Helathcare acuerdan una alianza estrat\u00e9gica de cara a los pr\u00f3ximos a\u00f1os - Noticias Grupo Recoletas\",\"isPartOf\":{\"@id\":\"https:\\\/\\\/www.gruporecoletas.com\\\/noticias\\\/#website\"},\"primaryImageOfPage\":{\"@id\":\"https:\\\/\\\/www.gruporecoletas.com\\\/noticias\\\/recoletas-y-ge-healthcare-acuerdan-alianza-estrategica\\\/#primaryimage\"},\"image\":{\"@id\":\"https:\\\/\\\/www.gruporecoletas.com\\\/noticias\\\/recoletas-y-ge-healthcare-acuerdan-alianza-estrategica\\\/#primaryimage\"},\"thumbnailUrl\":\"https:\\\/\\\/www.gruporecoletas.com\\\/noticias\\\/wp-content\\\/uploads\\\/2022\\\/12\\\/acuerdo-healthcare-recoletas-blog.png\",\"datePublished\":\"2022-12-15T09:52:55+00:00\",\"dateModified\":\"2022-12-15T09:52:56+00:00\",\"author\":{\"@id\":\"https:\\\/\\\/www.gruporecoletas.com\\\/noticias\\\/#\\\/schema\\\/person\\\/3c6ac429828d1f5e3d3bd99f4da9b02c\"},\"description\":\"Recoletas pondr\u00e1 a disposici\u00f3n de sus pacientes tecnolog\u00eda sanitaria GE de \u00faltima generaci\u00f3n que ayudar\u00e1 a mejorar la calidad asistencial\",\"breadcrumb\":{\"@id\":\"https:\\\/\\\/www.gruporecoletas.com\\\/noticias\\\/recoletas-y-ge-healthcare-acuerdan-alianza-estrategica\\\/#breadcrumb\"},\"inLanguage\":\"es\",\"potentialAction\":[{\"@type\":\"ReadAction\",\"target\":[\"https:\\\/\\\/www.gruporecoletas.com\\\/noticias\\\/recoletas-y-ge-healthcare-acuerdan-alianza-estrategica\\\/\"]}]},{\"@type\":\"ImageObject\",\"inLanguage\":\"es\",\"@id\":\"https:\\\/\\\/www.gruporecoletas.com\\\/noticias\\\/recoletas-y-ge-healthcare-acuerdan-alianza-estrategica\\\/#primaryimage\",\"url\":\"https:\\\/\\\/www.gruporecoletas.com\\\/noticias\\\/wp-content\\\/uploads\\\/2022\\\/12\\\/acuerdo-healthcare-recoletas-blog.png\",\"contentUrl\":\"https:\\\/\\\/www.gruporecoletas.com\\\/noticias\\\/wp-content\\\/uploads\\\/2022\\\/12\\\/acuerdo-healthcare-recoletas-blog.png\",\"width\":1366,\"height\":768,\"caption\":\"Recoletas pondr\u00e1 a disposici\u00f3n de sus pacientes tecnolog\u00eda sanitaria GE de \u00faltima generaci\u00f3n que ayudar\u00e1 a mejorar la calidad asistencial\"},{\"@type\":\"BreadcrumbList\",\"@id\":\"https:\\\/\\\/www.gruporecoletas.com\\\/noticias\\\/recoletas-y-ge-healthcare-acuerdan-alianza-estrategica\\\/#breadcrumb\",\"itemListElement\":[{\"@type\":\"ListItem\",\"position\":1,\"name\":\"Portada\",\"item\":\"https:\\\/\\\/www.gruporecoletas.com\\\/noticias\\\/\"},{\"@type\":\"ListItem\",\"position\":2,\"name\":\"Recoletas y GE Helathcare acuerdan una alianza estrat\u00e9gica de cara a los pr\u00f3ximos a\u00f1os\"}]},{\"@type\":\"WebSite\",\"@id\":\"https:\\\/\\\/www.gruporecoletas.com\\\/noticias\\\/#website\",\"url\":\"https:\\\/\\\/www.gruporecoletas.com\\\/noticias\\\/\",\"name\":\"Noticias Grupo Recoletas\",\"description\":\"Grupo Recoletas\",\"potentialAction\":[{\"@type\":\"SearchAction\",\"target\":{\"@type\":\"EntryPoint\",\"urlTemplate\":\"https:\\\/\\\/www.gruporecoletas.com\\\/noticias\\\/?s={search_term_string}\"},\"query-input\":{\"@type\":\"PropertyValueSpecification\",\"valueRequired\":true,\"valueName\":\"search_term_string\"}}],\"inLanguage\":\"es\"},{\"@type\":\"Person\",\"@id\":\"https:\\\/\\\/www.gruporecoletas.com\\\/noticias\\\/#\\\/schema\\\/person\\\/3c6ac429828d1f5e3d3bd99f4da9b02c\",\"name\":\"Recoletas Red Hospitalaria\",\"url\":\"https:\\\/\\\/www.gruporecoletas.com\\\/noticias\\\/author\\\/comunicacion\\\/\"}]}<\/script>\n<!-- \/ Yoast SEO Premium plugin. -->","yoast_head_json":{"title":"Recoletas y GE Helathcare acuerdan una alianza estrat\u00e9gica de cara a los pr\u00f3ximos a\u00f1os - Noticias Grupo Recoletas","description":"Recoletas pondr\u00e1 a disposici\u00f3n de sus pacientes tecnolog\u00eda sanitaria GE de \u00faltima generaci\u00f3n que ayudar\u00e1 a mejorar la calidad asistencial","robots":{"index":"index","follow":"follow","max-snippet":"max-snippet:-1","max-image-preview":"max-image-preview:large","max-video-preview":"max-video-preview:-1"},"canonical":"https:\/\/www.gruporecoletas.com\/noticias\/recoletas-y-ge-healthcare-acuerdan-alianza-estrategica\/","og_locale":"es_ES","og_type":"article","og_title":"Recoletas y GE Helathcare acuerdan una alianza estrat\u00e9gica de cara a los pr\u00f3ximos a\u00f1os","og_description":"Recoletas pondr\u00e1 a disposici\u00f3n de sus pacientes tecnolog\u00eda sanitaria GE de \u00faltima generaci\u00f3n que ayudar\u00e1 a mejorar la calidad asistencial","og_url":"https:\/\/www.gruporecoletas.com\/noticias\/recoletas-y-ge-healthcare-acuerdan-alianza-estrategica\/","og_site_name":"Noticias Grupo Recoletas","article_publisher":"https:\/\/www.facebook.com\/GrupoRecoletas\/","article_published_time":"2022-12-15T09:52:55+00:00","article_modified_time":"2022-12-15T09:52:56+00:00","og_image":[{"width":1366,"height":768,"url":"https:\/\/www.gruporecoletas.com\/noticias\/wp-content\/uploads\/2022\/12\/acuerdo-healthcare-recoletas-blog.png","type":"image\/png"}],"author":"Recoletas Red Hospitalaria","twitter_card":"summary_large_image","twitter_creator":"@GrupoRecoletas","twitter_site":"@GrupoRecoletas","twitter_misc":{"Escrito por":"Recoletas Red Hospitalaria","Tiempo de lectura":"3 minutos"},"schema":{"@context":"https:\/\/schema.org","@graph":[{"@type":"Article","@id":"https:\/\/www.gruporecoletas.com\/noticias\/recoletas-y-ge-healthcare-acuerdan-alianza-estrategica\/#article","isPartOf":{"@id":"https:\/\/www.gruporecoletas.com\/noticias\/recoletas-y-ge-healthcare-acuerdan-alianza-estrategica\/"},"author":{"name":"Recoletas Red Hospitalaria","@id":"https:\/\/www.gruporecoletas.com\/noticias\/#\/schema\/person\/3c6ac429828d1f5e3d3bd99f4da9b02c"},"headline":"Recoletas y GE Helathcare acuerdan una alianza estrat\u00e9gica de cara a los pr\u00f3ximos a\u00f1os","datePublished":"2022-12-15T09:52:55+00:00","dateModified":"2022-12-15T09:52:56+00:00","mainEntityOfPage":{"@id":"https:\/\/www.gruporecoletas.com\/noticias\/recoletas-y-ge-healthcare-acuerdan-alianza-estrategica\/"},"wordCount":591,"image":{"@id":"https:\/\/www.gruporecoletas.com\/noticias\/recoletas-y-ge-healthcare-acuerdan-alianza-estrategica\/#primaryimage"},"thumbnailUrl":"https:\/\/www.gruporecoletas.com\/noticias\/wp-content\/uploads\/2022\/12\/acuerdo-healthcare-recoletas-blog.png","keywords":["i+d","Tecnolog\u00eda"],"articleSection":["Centros","Grupo Recoletas","I+D","Institutos","Publicaciones"],"inLanguage":"es"},{"@type":"WebPage","@id":"https:\/\/www.gruporecoletas.com\/noticias\/recoletas-y-ge-healthcare-acuerdan-alianza-estrategica\/","url":"https:\/\/www.gruporecoletas.com\/noticias\/recoletas-y-ge-healthcare-acuerdan-alianza-estrategica\/","name":"Recoletas y GE Helathcare acuerdan una alianza estrat\u00e9gica de cara a los pr\u00f3ximos a\u00f1os - Noticias Grupo Recoletas","isPartOf":{"@id":"https:\/\/www.gruporecoletas.com\/noticias\/#website"},"primaryImageOfPage":{"@id":"https:\/\/www.gruporecoletas.com\/noticias\/recoletas-y-ge-healthcare-acuerdan-alianza-estrategica\/#primaryimage"},"image":{"@id":"https:\/\/www.gruporecoletas.com\/noticias\/recoletas-y-ge-healthcare-acuerdan-alianza-estrategica\/#primaryimage"},"thumbnailUrl":"https:\/\/www.gruporecoletas.com\/noticias\/wp-content\/uploads\/2022\/12\/acuerdo-healthcare-recoletas-blog.png","datePublished":"2022-12-15T09:52:55+00:00","dateModified":"2022-12-15T09:52:56+00:00","author":{"@id":"https:\/\/www.gruporecoletas.com\/noticias\/#\/schema\/person\/3c6ac429828d1f5e3d3bd99f4da9b02c"},"description":"Recoletas pondr\u00e1 a disposici\u00f3n de sus pacientes tecnolog\u00eda sanitaria GE de \u00faltima generaci\u00f3n que ayudar\u00e1 a mejorar la calidad asistencial","breadcrumb":{"@id":"https:\/\/www.gruporecoletas.com\/noticias\/recoletas-y-ge-healthcare-acuerdan-alianza-estrategica\/#breadcrumb"},"inLanguage":"es","potentialAction":[{"@type":"ReadAction","target":["https:\/\/www.gruporecoletas.com\/noticias\/recoletas-y-ge-healthcare-acuerdan-alianza-estrategica\/"]}]},{"@type":"ImageObject","inLanguage":"es","@id":"https:\/\/www.gruporecoletas.com\/noticias\/recoletas-y-ge-healthcare-acuerdan-alianza-estrategica\/#primaryimage","url":"https:\/\/www.gruporecoletas.com\/noticias\/wp-content\/uploads\/2022\/12\/acuerdo-healthcare-recoletas-blog.png","contentUrl":"https:\/\/www.gruporecoletas.com\/noticias\/wp-content\/uploads\/2022\/12\/acuerdo-healthcare-recoletas-blog.png","width":1366,"height":768,"caption":"Recoletas pondr\u00e1 a disposici\u00f3n de sus pacientes tecnolog\u00eda sanitaria GE de \u00faltima generaci\u00f3n que ayudar\u00e1 a mejorar la calidad asistencial"},{"@type":"BreadcrumbList","@id":"https:\/\/www.gruporecoletas.com\/noticias\/recoletas-y-ge-healthcare-acuerdan-alianza-estrategica\/#breadcrumb","itemListElement":[{"@type":"ListItem","position":1,"name":"Portada","item":"https:\/\/www.gruporecoletas.com\/noticias\/"},{"@type":"ListItem","position":2,"name":"Recoletas y GE Helathcare acuerdan una alianza estrat\u00e9gica de cara a los pr\u00f3ximos a\u00f1os"}]},{"@type":"WebSite","@id":"https:\/\/www.gruporecoletas.com\/noticias\/#website","url":"https:\/\/www.gruporecoletas.com\/noticias\/","name":"Noticias Grupo Recoletas","description":"Grupo Recoletas","potentialAction":[{"@type":"SearchAction","target":{"@type":"EntryPoint","urlTemplate":"https:\/\/www.gruporecoletas.com\/noticias\/?s={search_term_string}"},"query-input":{"@type":"PropertyValueSpecification","valueRequired":true,"valueName":"search_term_string"}}],"inLanguage":"es"},{"@type":"Person","@id":"https:\/\/www.gruporecoletas.com\/noticias\/#\/schema\/person\/3c6ac429828d1f5e3d3bd99f4da9b02c","name":"Recoletas Red Hospitalaria","url":"https:\/\/www.gruporecoletas.com\/noticias\/author\/comunicacion\/"}]}},"_links":{"self":[{"href":"https:\/\/www.gruporecoletas.com\/noticias\/wp-json\/wp\/v2\/posts\/15738","targetHints":{"allow":["GET"]}}],"collection":[{"href":"https:\/\/www.gruporecoletas.com\/noticias\/wp-json\/wp\/v2\/posts"}],"about":[{"href":"https:\/\/www.gruporecoletas.com\/noticias\/wp-json\/wp\/v2\/types\/post"}],"author":[{"embeddable":true,"href":"https:\/\/www.gruporecoletas.com\/noticias\/wp-json\/wp\/v2\/users\/2"}],"replies":[{"embeddable":true,"href":"https:\/\/www.gruporecoletas.com\/noticias\/wp-json\/wp\/v2\/comments?post=15738"}],"version-history":[{"count":1,"href":"https:\/\/www.gruporecoletas.com\/noticias\/wp-json\/wp\/v2\/posts\/15738\/revisions"}],"predecessor-version":[{"id":15740,"href":"https:\/\/www.gruporecoletas.com\/noticias\/wp-json\/wp\/v2\/posts\/15738\/revisions\/15740"}],"wp:featuredmedia":[{"embeddable":true,"href":"https:\/\/www.gruporecoletas.com\/noticias\/wp-json\/wp\/v2\/media\/15739"}],"wp:attachment":[{"href":"https:\/\/www.gruporecoletas.com\/noticias\/wp-json\/wp\/v2\/media?parent=15738"}],"wp:term":[{"taxonomy":"category","embeddable":true,"href":"https:\/\/www.gruporecoletas.com\/noticias\/wp-json\/wp\/v2\/categories?post=15738"},{"taxonomy":"post_tag","embeddable":true,"href":"https:\/\/www.gruporecoletas.com\/noticias\/wp-json\/wp\/v2\/tags?post=15738"}],"curies":[{"name":"wp","href":"https:\/\/api.w.org\/{rel}","templated":true}]}}