{"id":15747,"date":"2022-12-22T16:42:15","date_gmt":"2022-12-22T15:42:15","guid":{"rendered":"https:\/\/www.gruporecoletas.com\/noticias\/?p=15747"},"modified":"2022-12-22T16:42:16","modified_gmt":"2022-12-22T15:42:16","slug":"recoletas-segovia-fortalece-sus-servicios","status":"publish","type":"post","link":"https:\/\/www.gruporecoletas.com\/noticias\/recoletas-segovia-fortalece-sus-servicios\/","title":{"rendered":"Recoletas Segovia fortalece sus servicios con la incorporaci\u00f3n de nuevos especialistas"},"content":{"rendered":"\n<p>El a\u00f1o 2022 ha sido un a\u00f1o muy importante para el Hospital Recoletas Segovia que ha puesto en marcha nuevos servicios y fortalecido otros tantos con la incorporaci\u00f3n de una veintena de nuevos profesionales y especialistas.<\/p>\n\n\n\n<p>El Hospital Recoletas Segovia inaugur\u00f3 el presente a\u00f1o 2022 poniendo en marcha de la Unidad de Radioterapia en la que trabaja un equipo de 13 profesionales entre radio f\u00edsicos, enfermer\u00eda especializada, admisi\u00f3n y las doctoras radioterapeutas Graciela Garc\u00eda y Andrea Abondano.<\/p>\n\n\n\n<p><br>Tambi\u00e9n en enero de este a\u00f1o, Recoletas inaugur\u00f3 la Unidad de Obesidad en su centro m\u00e9dico de la calle Ezequiel Gonz\u00e1lez para ayudar a la poblaci\u00f3n segoviana a perder peso de manera eficaz y segura poniendo a su disposici\u00f3n las t\u00e9cnicas y tratamientos m\u00e1s avanzados. Para dirigir la citada unidad se incorpor\u00f3 al equipo a la nutricionista, Tamara Calvo.<\/p>\n\n\n\n<p><br>En febrero, el Instituto Oftalmol\u00f3gico Recoletas inaugur\u00f3 sede en el Hospital Recoletas de Segovia. Dotado con la tecnolog\u00eda m\u00e1s avanzada del mercado para el tratamiento de las distintas patolog\u00edas oculares, el equipo del IOR de Segovia est\u00e1 compuesto por los oftalm\u00f3logos Javier Horcas, Miguel \u00c1ngel Calle, Mouthaz Sabbagh, Carlos Blando e Idaira S\u00e1nchez, quien es adem\u00e1s especialista en retina.<\/p>\n\n\n\n<p><br>En el mes de abril se sumaron al equipo del hospital Recoletas de Segovia dos nuevos ginec\u00f3logos: los doctores Vicente Silva y Diana Fern\u00e1ndez.<br><br>Tambi\u00e9n el Servicio de Cardiolog\u00eda cuenta desde hace meses con un nuevo especialista, el Dr. Maximiliano Amado y el servicio de Cirug\u00eda General con un nuevo cirujano especialista que adem\u00e1s esta especializados en cirug\u00eda oncol\u00f3gica y mamaria, el Dr. Vicente Mu\u00f1oz.<\/p>\n\n\n\n<p>Finalmente, hace tan solo unos d\u00edas que se ha incorporado al servicio de Dermatolog\u00eda el Dr. Freddy Rojas G\u00f3mez.<\/p>\n\n\n\n<p>Para el gerente del Hospital Recoletas de Segovia, Ignacio Cabez\u00f3n, <em>\u201ctodos los esfuerzos que est\u00e1 haciendo Recoletas porque el hospital de Segovia cuente con los servicios sanitarios y la tecnolog\u00eda m\u00e9dica que merece la poblaci\u00f3n se ven recompensados con el hecho de que cada a\u00f1o sean m\u00e1s los profesionales de prestigio y dilatada experiencia que quieran sumarse a nuestro proyecto\u201d.<\/em><\/p>\n\n\n\n<p>El gerente ha anunciado al respecto que el Hospital Recoletas de Segovia tiene previsto durante el a\u00f1o que viene continuar ampliando sus servicios, mejorando tecnolog\u00eda e incorporando m\u00e1s profesionales a su equipo para poder ofrecer una atenci\u00f3n cada d\u00eda m\u00e1s especializada y de mayor calidad.<\/p>\n","protected":false},"excerpt":{"rendered":"<p>El a\u00f1o 2022 ha sido un a\u00f1o muy importante para el Hospital Recoletas Segovia que ha puesto en marcha nuevos servicios y fortalecido otros tantos con la incorporaci\u00f3n de una veintena de nuevos profesionales y especialistas. El Hospital Recoletas Segovia inaugur\u00f3 el presente a\u00f1o 2022 poniendo en marcha de la Unidad de Radioterapia en la [&hellip;]<\/p>\n","protected":false},"author":13,"featured_media":15748,"comment_status":"closed","ping_status":"closed","sticky":false,"template":"","format":"standard","meta":{"_acf_changed":false,"footnotes":""},"categories":[1],"tags":[],"class_list":["post-15747","post","type-post","status-publish","format-standard","has-post-thumbnail","hentry","category-grupo-recoletas"],"acf":[],"yoast_head":"<!-- This site is optimized with the Yoast SEO Premium plugin v27.3 (Yoast SEO v27.3) - https:\/\/yoast.com\/product\/yoast-seo-premium-wordpress\/ -->\n<title>Recoletas Segovia fortalece sus servicios con la incorporaci\u00f3n de nuevos especialistas - Noticias Grupo Recoletas<\/title>\n<meta name=\"description\" content=\"Recoletas Segovia ha puesto en marcha nuevos servicios y ha fortalecido los existentes con la incorporaci\u00f3n de una veintena de nuevos profesionales\" \/>\n<meta name=\"robots\" content=\"index, follow, max-snippet:-1, max-image-preview:large, max-video-preview:-1\" \/>\n<link rel=\"canonical\" href=\"https:\/\/www.gruporecoletas.com\/noticias\/recoletas-segovia-fortalece-sus-servicios\/\" \/>\n<meta property=\"og:locale\" content=\"es_ES\" \/>\n<meta property=\"og:type\" content=\"article\" \/>\n<meta property=\"og:title\" content=\"Recoletas Segovia fortalece sus servicios con la incorporaci\u00f3n de nuevos especialistas\" \/>\n<meta property=\"og:description\" content=\"Recoletas Segovia ha puesto en marcha nuevos servicios y ha fortalecido los existentes con la incorporaci\u00f3n de una veintena de nuevos profesionales\" \/>\n<meta property=\"og:url\" content=\"https:\/\/www.gruporecoletas.com\/noticias\/recoletas-segovia-fortalece-sus-servicios\/\" \/>\n<meta property=\"og:site_name\" content=\"Noticias Grupo Recoletas\" \/>\n<meta property=\"article:publisher\" content=\"https:\/\/www.facebook.com\/GrupoRecoletas\/\" \/>\n<meta property=\"article:published_time\" content=\"2022-12-22T15:42:15+00:00\" \/>\n<meta property=\"article:modified_time\" content=\"2022-12-22T15:42:16+00:00\" \/>\n<meta property=\"og:image\" content=\"https:\/\/www.gruporecoletas.com\/noticias\/wp-content\/uploads\/2022\/12\/recoletas-segovia-blog.png\" \/>\n\t<meta property=\"og:image:width\" content=\"1366\" \/>\n\t<meta property=\"og:image:height\" content=\"768\" \/>\n\t<meta property=\"og:image:type\" content=\"image\/png\" \/>\n<meta name=\"author\" content=\"Ruben\" \/>\n<meta name=\"twitter:card\" content=\"summary_large_image\" \/>\n<meta name=\"twitter:creator\" content=\"@GrupoRecoletas\" \/>\n<meta name=\"twitter:site\" content=\"@GrupoRecoletas\" \/>\n<meta name=\"twitter:label1\" content=\"Escrito por\" \/>\n\t<meta name=\"twitter:data1\" content=\"Ruben\" \/>\n\t<meta name=\"twitter:label2\" content=\"Tiempo de lectura\" \/>\n\t<meta name=\"twitter:data2\" content=\"2 minutos\" \/>\n<script type=\"application\/ld+json\" class=\"yoast-schema-graph\">{\"@context\":\"https:\\\/\\\/schema.org\",\"@graph\":[{\"@type\":\"Article\",\"@id\":\"https:\\\/\\\/www.gruporecoletas.com\\\/noticias\\\/recoletas-segovia-fortalece-sus-servicios\\\/#article\",\"isPartOf\":{\"@id\":\"https:\\\/\\\/www.gruporecoletas.com\\\/noticias\\\/recoletas-segovia-fortalece-sus-servicios\\\/\"},\"author\":{\"name\":\"Ruben\",\"@id\":\"https:\\\/\\\/www.gruporecoletas.com\\\/noticias\\\/#\\\/schema\\\/person\\\/525e7b25ffda48a35199a94c4aaf69ea\"},\"headline\":\"Recoletas Segovia fortalece sus servicios con la incorporaci\u00f3n de nuevos especialistas\",\"datePublished\":\"2022-12-22T15:42:15+00:00\",\"dateModified\":\"2022-12-22T15:42:16+00:00\",\"mainEntityOfPage\":{\"@id\":\"https:\\\/\\\/www.gruporecoletas.com\\\/noticias\\\/recoletas-segovia-fortalece-sus-servicios\\\/\"},\"wordCount\":440,\"image\":{\"@id\":\"https:\\\/\\\/www.gruporecoletas.com\\\/noticias\\\/recoletas-segovia-fortalece-sus-servicios\\\/#primaryimage\"},\"thumbnailUrl\":\"https:\\\/\\\/www.gruporecoletas.com\\\/noticias\\\/wp-content\\\/uploads\\\/2022\\\/12\\\/recoletas-segovia-blog.png\",\"articleSection\":[\"Grupo Recoletas\"],\"inLanguage\":\"es\"},{\"@type\":\"WebPage\",\"@id\":\"https:\\\/\\\/www.gruporecoletas.com\\\/noticias\\\/recoletas-segovia-fortalece-sus-servicios\\\/\",\"url\":\"https:\\\/\\\/www.gruporecoletas.com\\\/noticias\\\/recoletas-segovia-fortalece-sus-servicios\\\/\",\"name\":\"Recoletas Segovia fortalece sus servicios con la incorporaci\u00f3n de nuevos especialistas - Noticias Grupo Recoletas\",\"isPartOf\":{\"@id\":\"https:\\\/\\\/www.gruporecoletas.com\\\/noticias\\\/#website\"},\"primaryImageOfPage\":{\"@id\":\"https:\\\/\\\/www.gruporecoletas.com\\\/noticias\\\/recoletas-segovia-fortalece-sus-servicios\\\/#primaryimage\"},\"image\":{\"@id\":\"https:\\\/\\\/www.gruporecoletas.com\\\/noticias\\\/recoletas-segovia-fortalece-sus-servicios\\\/#primaryimage\"},\"thumbnailUrl\":\"https:\\\/\\\/www.gruporecoletas.com\\\/noticias\\\/wp-content\\\/uploads\\\/2022\\\/12\\\/recoletas-segovia-blog.png\",\"datePublished\":\"2022-12-22T15:42:15+00:00\",\"dateModified\":\"2022-12-22T15:42:16+00:00\",\"author\":{\"@id\":\"https:\\\/\\\/www.gruporecoletas.com\\\/noticias\\\/#\\\/schema\\\/person\\\/525e7b25ffda48a35199a94c4aaf69ea\"},\"description\":\"Recoletas Segovia ha puesto en marcha nuevos servicios y ha fortalecido los existentes con la incorporaci\u00f3n de una veintena de nuevos profesionales\",\"breadcrumb\":{\"@id\":\"https:\\\/\\\/www.gruporecoletas.com\\\/noticias\\\/recoletas-segovia-fortalece-sus-servicios\\\/#breadcrumb\"},\"inLanguage\":\"es\",\"potentialAction\":[{\"@type\":\"ReadAction\",\"target\":[\"https:\\\/\\\/www.gruporecoletas.com\\\/noticias\\\/recoletas-segovia-fortalece-sus-servicios\\\/\"]}]},{\"@type\":\"ImageObject\",\"inLanguage\":\"es\",\"@id\":\"https:\\\/\\\/www.gruporecoletas.com\\\/noticias\\\/recoletas-segovia-fortalece-sus-servicios\\\/#primaryimage\",\"url\":\"https:\\\/\\\/www.gruporecoletas.com\\\/noticias\\\/wp-content\\\/uploads\\\/2022\\\/12\\\/recoletas-segovia-blog.png\",\"contentUrl\":\"https:\\\/\\\/www.gruporecoletas.com\\\/noticias\\\/wp-content\\\/uploads\\\/2022\\\/12\\\/recoletas-segovia-blog.png\",\"width\":1366,\"height\":768,\"caption\":\"Recoletas Segovia ha puesto en marcha nuevos servicios y ha fortalecido los existentes con la incorporaci\u00f3n de una veintena de nuevos profesionales\"},{\"@type\":\"BreadcrumbList\",\"@id\":\"https:\\\/\\\/www.gruporecoletas.com\\\/noticias\\\/recoletas-segovia-fortalece-sus-servicios\\\/#breadcrumb\",\"itemListElement\":[{\"@type\":\"ListItem\",\"position\":1,\"name\":\"Portada\",\"item\":\"https:\\\/\\\/www.gruporecoletas.com\\\/noticias\\\/\"},{\"@type\":\"ListItem\",\"position\":2,\"name\":\"Recoletas Segovia fortalece sus servicios con la incorporaci\u00f3n de nuevos especialistas\"}]},{\"@type\":\"WebSite\",\"@id\":\"https:\\\/\\\/www.gruporecoletas.com\\\/noticias\\\/#website\",\"url\":\"https:\\\/\\\/www.gruporecoletas.com\\\/noticias\\\/\",\"name\":\"Noticias Grupo Recoletas\",\"description\":\"Grupo Recoletas\",\"potentialAction\":[{\"@type\":\"SearchAction\",\"target\":{\"@type\":\"EntryPoint\",\"urlTemplate\":\"https:\\\/\\\/www.gruporecoletas.com\\\/noticias\\\/?s={search_term_string}\"},\"query-input\":{\"@type\":\"PropertyValueSpecification\",\"valueRequired\":true,\"valueName\":\"search_term_string\"}}],\"inLanguage\":\"es\"},{\"@type\":\"Person\",\"@id\":\"https:\\\/\\\/www.gruporecoletas.com\\\/noticias\\\/#\\\/schema\\\/person\\\/525e7b25ffda48a35199a94c4aaf69ea\",\"name\":\"Ruben\",\"url\":\"https:\\\/\\\/www.gruporecoletas.com\\\/noticias\\\/author\\\/ruben\\\/\"}]}<\/script>\n<!-- \/ Yoast SEO Premium plugin. -->","yoast_head_json":{"title":"Recoletas Segovia fortalece sus servicios con la incorporaci\u00f3n de nuevos especialistas - Noticias Grupo Recoletas","description":"Recoletas Segovia ha puesto en marcha nuevos servicios y ha fortalecido los existentes con la incorporaci\u00f3n de una veintena de nuevos profesionales","robots":{"index":"index","follow":"follow","max-snippet":"max-snippet:-1","max-image-preview":"max-image-preview:large","max-video-preview":"max-video-preview:-1"},"canonical":"https:\/\/www.gruporecoletas.com\/noticias\/recoletas-segovia-fortalece-sus-servicios\/","og_locale":"es_ES","og_type":"article","og_title":"Recoletas Segovia fortalece sus servicios con la incorporaci\u00f3n de nuevos especialistas","og_description":"Recoletas Segovia ha puesto en marcha nuevos servicios y ha fortalecido los existentes con la incorporaci\u00f3n de una veintena de nuevos profesionales","og_url":"https:\/\/www.gruporecoletas.com\/noticias\/recoletas-segovia-fortalece-sus-servicios\/","og_site_name":"Noticias Grupo Recoletas","article_publisher":"https:\/\/www.facebook.com\/GrupoRecoletas\/","article_published_time":"2022-12-22T15:42:15+00:00","article_modified_time":"2022-12-22T15:42:16+00:00","og_image":[{"width":1366,"height":768,"url":"https:\/\/www.gruporecoletas.com\/noticias\/wp-content\/uploads\/2022\/12\/recoletas-segovia-blog.png","type":"image\/png"}],"author":"Ruben","twitter_card":"summary_large_image","twitter_creator":"@GrupoRecoletas","twitter_site":"@GrupoRecoletas","twitter_misc":{"Escrito por":"Ruben","Tiempo de lectura":"2 minutos"},"schema":{"@context":"https:\/\/schema.org","@graph":[{"@type":"Article","@id":"https:\/\/www.gruporecoletas.com\/noticias\/recoletas-segovia-fortalece-sus-servicios\/#article","isPartOf":{"@id":"https:\/\/www.gruporecoletas.com\/noticias\/recoletas-segovia-fortalece-sus-servicios\/"},"author":{"name":"Ruben","@id":"https:\/\/www.gruporecoletas.com\/noticias\/#\/schema\/person\/525e7b25ffda48a35199a94c4aaf69ea"},"headline":"Recoletas Segovia fortalece sus servicios con la incorporaci\u00f3n de nuevos especialistas","datePublished":"2022-12-22T15:42:15+00:00","dateModified":"2022-12-22T15:42:16+00:00","mainEntityOfPage":{"@id":"https:\/\/www.gruporecoletas.com\/noticias\/recoletas-segovia-fortalece-sus-servicios\/"},"wordCount":440,"image":{"@id":"https:\/\/www.gruporecoletas.com\/noticias\/recoletas-segovia-fortalece-sus-servicios\/#primaryimage"},"thumbnailUrl":"https:\/\/www.gruporecoletas.com\/noticias\/wp-content\/uploads\/2022\/12\/recoletas-segovia-blog.png","articleSection":["Grupo Recoletas"],"inLanguage":"es"},{"@type":"WebPage","@id":"https:\/\/www.gruporecoletas.com\/noticias\/recoletas-segovia-fortalece-sus-servicios\/","url":"https:\/\/www.gruporecoletas.com\/noticias\/recoletas-segovia-fortalece-sus-servicios\/","name":"Recoletas Segovia fortalece sus servicios con la incorporaci\u00f3n de nuevos especialistas - Noticias Grupo Recoletas","isPartOf":{"@id":"https:\/\/www.gruporecoletas.com\/noticias\/#website"},"primaryImageOfPage":{"@id":"https:\/\/www.gruporecoletas.com\/noticias\/recoletas-segovia-fortalece-sus-servicios\/#primaryimage"},"image":{"@id":"https:\/\/www.gruporecoletas.com\/noticias\/recoletas-segovia-fortalece-sus-servicios\/#primaryimage"},"thumbnailUrl":"https:\/\/www.gruporecoletas.com\/noticias\/wp-content\/uploads\/2022\/12\/recoletas-segovia-blog.png","datePublished":"2022-12-22T15:42:15+00:00","dateModified":"2022-12-22T15:42:16+00:00","author":{"@id":"https:\/\/www.gruporecoletas.com\/noticias\/#\/schema\/person\/525e7b25ffda48a35199a94c4aaf69ea"},"description":"Recoletas Segovia ha puesto en marcha nuevos servicios y ha fortalecido los existentes con la incorporaci\u00f3n de una veintena de nuevos profesionales","breadcrumb":{"@id":"https:\/\/www.gruporecoletas.com\/noticias\/recoletas-segovia-fortalece-sus-servicios\/#breadcrumb"},"inLanguage":"es","potentialAction":[{"@type":"ReadAction","target":["https:\/\/www.gruporecoletas.com\/noticias\/recoletas-segovia-fortalece-sus-servicios\/"]}]},{"@type":"ImageObject","inLanguage":"es","@id":"https:\/\/www.gruporecoletas.com\/noticias\/recoletas-segovia-fortalece-sus-servicios\/#primaryimage","url":"https:\/\/www.gruporecoletas.com\/noticias\/wp-content\/uploads\/2022\/12\/recoletas-segovia-blog.png","contentUrl":"https:\/\/www.gruporecoletas.com\/noticias\/wp-content\/uploads\/2022\/12\/recoletas-segovia-blog.png","width":1366,"height":768,"caption":"Recoletas Segovia ha puesto en marcha nuevos servicios y ha fortalecido los existentes con la incorporaci\u00f3n de una veintena de nuevos profesionales"},{"@type":"BreadcrumbList","@id":"https:\/\/www.gruporecoletas.com\/noticias\/recoletas-segovia-fortalece-sus-servicios\/#breadcrumb","itemListElement":[{"@type":"ListItem","position":1,"name":"Portada","item":"https:\/\/www.gruporecoletas.com\/noticias\/"},{"@type":"ListItem","position":2,"name":"Recoletas Segovia fortalece sus servicios con la incorporaci\u00f3n de nuevos especialistas"}]},{"@type":"WebSite","@id":"https:\/\/www.gruporecoletas.com\/noticias\/#website","url":"https:\/\/www.gruporecoletas.com\/noticias\/","name":"Noticias Grupo Recoletas","description":"Grupo Recoletas","potentialAction":[{"@type":"SearchAction","target":{"@type":"EntryPoint","urlTemplate":"https:\/\/www.gruporecoletas.com\/noticias\/?s={search_term_string}"},"query-input":{"@type":"PropertyValueSpecification","valueRequired":true,"valueName":"search_term_string"}}],"inLanguage":"es"},{"@type":"Person","@id":"https:\/\/www.gruporecoletas.com\/noticias\/#\/schema\/person\/525e7b25ffda48a35199a94c4aaf69ea","name":"Ruben","url":"https:\/\/www.gruporecoletas.com\/noticias\/author\/ruben\/"}]}},"_links":{"self":[{"href":"https:\/\/www.gruporecoletas.com\/noticias\/wp-json\/wp\/v2\/posts\/15747","targetHints":{"allow":["GET"]}}],"collection":[{"href":"https:\/\/www.gruporecoletas.com\/noticias\/wp-json\/wp\/v2\/posts"}],"about":[{"href":"https:\/\/www.gruporecoletas.com\/noticias\/wp-json\/wp\/v2\/types\/post"}],"author":[{"embeddable":true,"href":"https:\/\/www.gruporecoletas.com\/noticias\/wp-json\/wp\/v2\/users\/13"}],"replies":[{"embeddable":true,"href":"https:\/\/www.gruporecoletas.com\/noticias\/wp-json\/wp\/v2\/comments?post=15747"}],"version-history":[{"count":1,"href":"https:\/\/www.gruporecoletas.com\/noticias\/wp-json\/wp\/v2\/posts\/15747\/revisions"}],"predecessor-version":[{"id":15749,"href":"https:\/\/www.gruporecoletas.com\/noticias\/wp-json\/wp\/v2\/posts\/15747\/revisions\/15749"}],"wp:featuredmedia":[{"embeddable":true,"href":"https:\/\/www.gruporecoletas.com\/noticias\/wp-json\/wp\/v2\/media\/15748"}],"wp:attachment":[{"href":"https:\/\/www.gruporecoletas.com\/noticias\/wp-json\/wp\/v2\/media?parent=15747"}],"wp:term":[{"taxonomy":"category","embeddable":true,"href":"https:\/\/www.gruporecoletas.com\/noticias\/wp-json\/wp\/v2\/categories?post=15747"},{"taxonomy":"post_tag","embeddable":true,"href":"https:\/\/www.gruporecoletas.com\/noticias\/wp-json\/wp\/v2\/tags?post=15747"}],"curies":[{"name":"wp","href":"https:\/\/api.w.org\/{rel}","templated":true}]}}