{"id":15767,"date":"2023-01-25T08:51:18","date_gmt":"2023-01-25T07:51:18","guid":{"rendered":"https:\/\/www.gruporecoletas.com\/noticias\/?p=15767"},"modified":"2023-01-25T08:51:19","modified_gmt":"2023-01-25T07:51:19","slug":"el-hospital-recoletas-campo-grande-inaugura-una-consulta-sobre-enfermedades-hepaticas","status":"publish","type":"post","link":"https:\/\/www.gruporecoletas.com\/noticias\/el-hospital-recoletas-campo-grande-inaugura-una-consulta-sobre-enfermedades-hepaticas\/","title":{"rendered":"El Hospital Recoletas Campo Grande inaugura una consulta sobre enfermedades hep\u00e1ticas"},"content":{"rendered":"\n<p>El Servicio de Medicina Interna del Hospital Recoletas Campo Grande ha puesto en marcha una consulta monogr\u00e1fica de enfermedades hep\u00e1ticas dirigida por el Dr. Javier Moreno, especialista con amplia experiencia en estas patolog\u00edas.<\/p>\n\n\n\n<p>La decisi\u00f3n de poner en marcha esta consulta viene motivada por la necesidad de ofrecer a nuestros pacientes una atenci\u00f3n especializada y de calidad en estos procesos, cuyas causas son m\u00faltiples y en ocasiones de dif\u00edcil diagn\u00f3stico.<\/p>\n\n\n\n<p>A menudo, seg\u00fan el Dr. Moreno, estos procesos est\u00e1n en el seno de enfermedades multisist\u00e9micas por lo que la figura del m\u00e9dico internista es fundamental, ya que \u00e9ste puede ofrecer una visi\u00f3n integral del paciente.<\/p>\n\n\n\n<p>Las patolog\u00edas susceptibles de ser atendidas y tratadas en esta consulta pueden ser desde hepatitis virales agudas y cronificadas, especialmente Hepatitis B y C; Hepatitis Autoinmunes, colangitis biliar primaria, sobrecarga f\u00e9rrica, hemocromatosis, afectaci\u00f3n hep\u00e1tica en relaci\u00f3n con el consumo de alcohol, la diabetes, la obesidad o la hipertensi\u00f3n hasta estudios y valoraciones de la patolog\u00eda tumoral y alteraciones anal\u00edticas de funci\u00f3n hep\u00e1tica.<\/p>\n","protected":false},"excerpt":{"rendered":"<p>El Servicio de Medicina Interna del Hospital Recoletas Campo Grande ha puesto en marcha una consulta monogr\u00e1fica de enfermedades hep\u00e1ticas dirigida por el Dr. Javier Moreno, especialista con amplia experiencia en estas patolog\u00edas. La decisi\u00f3n de poner en marcha esta consulta viene motivada por la necesidad de ofrecer a nuestros pacientes una atenci\u00f3n especializada y [&hellip;]<\/p>\n","protected":false},"author":2,"featured_media":15768,"comment_status":"closed","ping_status":"closed","sticky":false,"template":"","format":"standard","meta":{"_acf_changed":false,"footnotes":""},"categories":[43,2,50,9],"tags":[],"class_list":["post-15767","post","type-post","status-publish","format-standard","has-post-thumbnail","hentry","category-centros","category-hrcg","category-patologias","category-publicaciones"],"acf":[],"yoast_head":"<!-- This site is optimized with the Yoast SEO Premium plugin v27.3 (Yoast SEO v27.3) - https:\/\/yoast.com\/product\/yoast-seo-premium-wordpress\/ -->\n<title>El Hospital Recoletas Campo Grande inaugura una consulta sobre enfermedades hep\u00e1ticas - Noticias Grupo Recoletas<\/title>\n<meta name=\"description\" content=\"El Servicio de Medicina Interna del Hospital Recoletas Campo Grande ha puesto en marcha una consulta monogr\u00e1fica dirigida por el Dr. Javier Moreno\" \/>\n<meta name=\"robots\" content=\"index, follow, max-snippet:-1, max-image-preview:large, max-video-preview:-1\" \/>\n<link rel=\"canonical\" href=\"https:\/\/www.gruporecoletas.com\/noticias\/el-hospital-recoletas-campo-grande-inaugura-una-consulta-sobre-enfermedades-hepaticas\/\" \/>\n<meta property=\"og:locale\" content=\"es_ES\" \/>\n<meta property=\"og:type\" content=\"article\" \/>\n<meta property=\"og:title\" content=\"El Hospital Recoletas Campo Grande inaugura una consulta sobre enfermedades hep\u00e1ticas\" \/>\n<meta property=\"og:description\" content=\"El Servicio de Medicina Interna del Hospital Recoletas Campo Grande ha puesto en marcha una consulta monogr\u00e1fica dirigida por el Dr. Javier Moreno\" \/>\n<meta property=\"og:url\" content=\"https:\/\/www.gruporecoletas.com\/noticias\/el-hospital-recoletas-campo-grande-inaugura-una-consulta-sobre-enfermedades-hepaticas\/\" \/>\n<meta property=\"og:site_name\" content=\"Noticias Grupo Recoletas\" \/>\n<meta property=\"article:publisher\" content=\"https:\/\/www.facebook.com\/GrupoRecoletas\/\" \/>\n<meta property=\"article:published_time\" content=\"2023-01-25T07:51:18+00:00\" \/>\n<meta property=\"article:modified_time\" content=\"2023-01-25T07:51:19+00:00\" \/>\n<meta property=\"og:image\" content=\"https:\/\/www.gruporecoletas.com\/noticias\/wp-content\/uploads\/2023\/01\/consulta-enfermedades-hepaticas-hcg.png\" \/>\n\t<meta property=\"og:image:width\" content=\"1366\" \/>\n\t<meta property=\"og:image:height\" content=\"768\" \/>\n\t<meta property=\"og:image:type\" content=\"image\/png\" \/>\n<meta name=\"author\" content=\"Recoletas Red Hospitalaria\" \/>\n<meta name=\"twitter:card\" content=\"summary_large_image\" \/>\n<meta name=\"twitter:creator\" content=\"@GrupoRecoletas\" \/>\n<meta name=\"twitter:site\" content=\"@GrupoRecoletas\" \/>\n<meta name=\"twitter:label1\" content=\"Escrito por\" \/>\n\t<meta name=\"twitter:data1\" content=\"Recoletas Red Hospitalaria\" \/>\n\t<meta name=\"twitter:label2\" content=\"Tiempo de lectura\" \/>\n\t<meta name=\"twitter:data2\" content=\"1 minuto\" \/>\n<script type=\"application\/ld+json\" class=\"yoast-schema-graph\">{\"@context\":\"https:\\\/\\\/schema.org\",\"@graph\":[{\"@type\":\"Article\",\"@id\":\"https:\\\/\\\/www.gruporecoletas.com\\\/noticias\\\/el-hospital-recoletas-campo-grande-inaugura-una-consulta-sobre-enfermedades-hepaticas\\\/#article\",\"isPartOf\":{\"@id\":\"https:\\\/\\\/www.gruporecoletas.com\\\/noticias\\\/el-hospital-recoletas-campo-grande-inaugura-una-consulta-sobre-enfermedades-hepaticas\\\/\"},\"author\":{\"name\":\"Recoletas Red Hospitalaria\",\"@id\":\"https:\\\/\\\/www.gruporecoletas.com\\\/noticias\\\/#\\\/schema\\\/person\\\/3c6ac429828d1f5e3d3bd99f4da9b02c\"},\"headline\":\"El Hospital Recoletas Campo Grande inaugura una consulta sobre enfermedades hep\u00e1ticas\",\"datePublished\":\"2023-01-25T07:51:18+00:00\",\"dateModified\":\"2023-01-25T07:51:19+00:00\",\"mainEntityOfPage\":{\"@id\":\"https:\\\/\\\/www.gruporecoletas.com\\\/noticias\\\/el-hospital-recoletas-campo-grande-inaugura-una-consulta-sobre-enfermedades-hepaticas\\\/\"},\"wordCount\":202,\"image\":{\"@id\":\"https:\\\/\\\/www.gruporecoletas.com\\\/noticias\\\/el-hospital-recoletas-campo-grande-inaugura-una-consulta-sobre-enfermedades-hepaticas\\\/#primaryimage\"},\"thumbnailUrl\":\"https:\\\/\\\/www.gruporecoletas.com\\\/noticias\\\/wp-content\\\/uploads\\\/2023\\\/01\\\/consulta-enfermedades-hepaticas-hcg.png\",\"articleSection\":[\"Centros\",\"HRCG\",\"Patolog\u00edas\",\"Publicaciones\"],\"inLanguage\":\"es\"},{\"@type\":\"WebPage\",\"@id\":\"https:\\\/\\\/www.gruporecoletas.com\\\/noticias\\\/el-hospital-recoletas-campo-grande-inaugura-una-consulta-sobre-enfermedades-hepaticas\\\/\",\"url\":\"https:\\\/\\\/www.gruporecoletas.com\\\/noticias\\\/el-hospital-recoletas-campo-grande-inaugura-una-consulta-sobre-enfermedades-hepaticas\\\/\",\"name\":\"El Hospital Recoletas Campo Grande inaugura una consulta sobre enfermedades hep\u00e1ticas - Noticias Grupo Recoletas\",\"isPartOf\":{\"@id\":\"https:\\\/\\\/www.gruporecoletas.com\\\/noticias\\\/#website\"},\"primaryImageOfPage\":{\"@id\":\"https:\\\/\\\/www.gruporecoletas.com\\\/noticias\\\/el-hospital-recoletas-campo-grande-inaugura-una-consulta-sobre-enfermedades-hepaticas\\\/#primaryimage\"},\"image\":{\"@id\":\"https:\\\/\\\/www.gruporecoletas.com\\\/noticias\\\/el-hospital-recoletas-campo-grande-inaugura-una-consulta-sobre-enfermedades-hepaticas\\\/#primaryimage\"},\"thumbnailUrl\":\"https:\\\/\\\/www.gruporecoletas.com\\\/noticias\\\/wp-content\\\/uploads\\\/2023\\\/01\\\/consulta-enfermedades-hepaticas-hcg.png\",\"datePublished\":\"2023-01-25T07:51:18+00:00\",\"dateModified\":\"2023-01-25T07:51:19+00:00\",\"author\":{\"@id\":\"https:\\\/\\\/www.gruporecoletas.com\\\/noticias\\\/#\\\/schema\\\/person\\\/3c6ac429828d1f5e3d3bd99f4da9b02c\"},\"description\":\"El Servicio de Medicina Interna del Hospital Recoletas Campo Grande ha puesto en marcha una consulta monogr\u00e1fica dirigida por el Dr. Javier Moreno\",\"breadcrumb\":{\"@id\":\"https:\\\/\\\/www.gruporecoletas.com\\\/noticias\\\/el-hospital-recoletas-campo-grande-inaugura-una-consulta-sobre-enfermedades-hepaticas\\\/#breadcrumb\"},\"inLanguage\":\"es\",\"potentialAction\":[{\"@type\":\"ReadAction\",\"target\":[\"https:\\\/\\\/www.gruporecoletas.com\\\/noticias\\\/el-hospital-recoletas-campo-grande-inaugura-una-consulta-sobre-enfermedades-hepaticas\\\/\"]}]},{\"@type\":\"ImageObject\",\"inLanguage\":\"es\",\"@id\":\"https:\\\/\\\/www.gruporecoletas.com\\\/noticias\\\/el-hospital-recoletas-campo-grande-inaugura-una-consulta-sobre-enfermedades-hepaticas\\\/#primaryimage\",\"url\":\"https:\\\/\\\/www.gruporecoletas.com\\\/noticias\\\/wp-content\\\/uploads\\\/2023\\\/01\\\/consulta-enfermedades-hepaticas-hcg.png\",\"contentUrl\":\"https:\\\/\\\/www.gruporecoletas.com\\\/noticias\\\/wp-content\\\/uploads\\\/2023\\\/01\\\/consulta-enfermedades-hepaticas-hcg.png\",\"width\":1366,\"height\":768,\"caption\":\"El Servicio de Medicina Interna del Hospital Recoletas Campo Grande ha puesto en marcha una consulta monogr\u00e1fica dirigida por el Dr. Javier Moreno\"},{\"@type\":\"BreadcrumbList\",\"@id\":\"https:\\\/\\\/www.gruporecoletas.com\\\/noticias\\\/el-hospital-recoletas-campo-grande-inaugura-una-consulta-sobre-enfermedades-hepaticas\\\/#breadcrumb\",\"itemListElement\":[{\"@type\":\"ListItem\",\"position\":1,\"name\":\"Portada\",\"item\":\"https:\\\/\\\/www.gruporecoletas.com\\\/noticias\\\/\"},{\"@type\":\"ListItem\",\"position\":2,\"name\":\"El Hospital Recoletas Campo Grande inaugura una consulta sobre enfermedades hep\u00e1ticas\"}]},{\"@type\":\"WebSite\",\"@id\":\"https:\\\/\\\/www.gruporecoletas.com\\\/noticias\\\/#website\",\"url\":\"https:\\\/\\\/www.gruporecoletas.com\\\/noticias\\\/\",\"name\":\"Noticias Grupo Recoletas\",\"description\":\"Grupo Recoletas\",\"potentialAction\":[{\"@type\":\"SearchAction\",\"target\":{\"@type\":\"EntryPoint\",\"urlTemplate\":\"https:\\\/\\\/www.gruporecoletas.com\\\/noticias\\\/?s={search_term_string}\"},\"query-input\":{\"@type\":\"PropertyValueSpecification\",\"valueRequired\":true,\"valueName\":\"search_term_string\"}}],\"inLanguage\":\"es\"},{\"@type\":\"Person\",\"@id\":\"https:\\\/\\\/www.gruporecoletas.com\\\/noticias\\\/#\\\/schema\\\/person\\\/3c6ac429828d1f5e3d3bd99f4da9b02c\",\"name\":\"Recoletas Red Hospitalaria\",\"url\":\"https:\\\/\\\/www.gruporecoletas.com\\\/noticias\\\/author\\\/comunicacion\\\/\"}]}<\/script>\n<!-- \/ Yoast SEO Premium plugin. -->","yoast_head_json":{"title":"El Hospital Recoletas Campo Grande inaugura una consulta sobre enfermedades hep\u00e1ticas - Noticias Grupo Recoletas","description":"El Servicio de Medicina Interna del Hospital Recoletas Campo Grande ha puesto en marcha una consulta monogr\u00e1fica dirigida por el Dr. Javier Moreno","robots":{"index":"index","follow":"follow","max-snippet":"max-snippet:-1","max-image-preview":"max-image-preview:large","max-video-preview":"max-video-preview:-1"},"canonical":"https:\/\/www.gruporecoletas.com\/noticias\/el-hospital-recoletas-campo-grande-inaugura-una-consulta-sobre-enfermedades-hepaticas\/","og_locale":"es_ES","og_type":"article","og_title":"El Hospital Recoletas Campo Grande inaugura una consulta sobre enfermedades hep\u00e1ticas","og_description":"El Servicio de Medicina Interna del Hospital Recoletas Campo Grande ha puesto en marcha una consulta monogr\u00e1fica dirigida por el Dr. Javier Moreno","og_url":"https:\/\/www.gruporecoletas.com\/noticias\/el-hospital-recoletas-campo-grande-inaugura-una-consulta-sobre-enfermedades-hepaticas\/","og_site_name":"Noticias Grupo Recoletas","article_publisher":"https:\/\/www.facebook.com\/GrupoRecoletas\/","article_published_time":"2023-01-25T07:51:18+00:00","article_modified_time":"2023-01-25T07:51:19+00:00","og_image":[{"width":1366,"height":768,"url":"https:\/\/www.gruporecoletas.com\/noticias\/wp-content\/uploads\/2023\/01\/consulta-enfermedades-hepaticas-hcg.png","type":"image\/png"}],"author":"Recoletas Red Hospitalaria","twitter_card":"summary_large_image","twitter_creator":"@GrupoRecoletas","twitter_site":"@GrupoRecoletas","twitter_misc":{"Escrito por":"Recoletas Red Hospitalaria","Tiempo de lectura":"1 minuto"},"schema":{"@context":"https:\/\/schema.org","@graph":[{"@type":"Article","@id":"https:\/\/www.gruporecoletas.com\/noticias\/el-hospital-recoletas-campo-grande-inaugura-una-consulta-sobre-enfermedades-hepaticas\/#article","isPartOf":{"@id":"https:\/\/www.gruporecoletas.com\/noticias\/el-hospital-recoletas-campo-grande-inaugura-una-consulta-sobre-enfermedades-hepaticas\/"},"author":{"name":"Recoletas Red Hospitalaria","@id":"https:\/\/www.gruporecoletas.com\/noticias\/#\/schema\/person\/3c6ac429828d1f5e3d3bd99f4da9b02c"},"headline":"El Hospital Recoletas Campo Grande inaugura una consulta sobre enfermedades hep\u00e1ticas","datePublished":"2023-01-25T07:51:18+00:00","dateModified":"2023-01-25T07:51:19+00:00","mainEntityOfPage":{"@id":"https:\/\/www.gruporecoletas.com\/noticias\/el-hospital-recoletas-campo-grande-inaugura-una-consulta-sobre-enfermedades-hepaticas\/"},"wordCount":202,"image":{"@id":"https:\/\/www.gruporecoletas.com\/noticias\/el-hospital-recoletas-campo-grande-inaugura-una-consulta-sobre-enfermedades-hepaticas\/#primaryimage"},"thumbnailUrl":"https:\/\/www.gruporecoletas.com\/noticias\/wp-content\/uploads\/2023\/01\/consulta-enfermedades-hepaticas-hcg.png","articleSection":["Centros","HRCG","Patolog\u00edas","Publicaciones"],"inLanguage":"es"},{"@type":"WebPage","@id":"https:\/\/www.gruporecoletas.com\/noticias\/el-hospital-recoletas-campo-grande-inaugura-una-consulta-sobre-enfermedades-hepaticas\/","url":"https:\/\/www.gruporecoletas.com\/noticias\/el-hospital-recoletas-campo-grande-inaugura-una-consulta-sobre-enfermedades-hepaticas\/","name":"El Hospital Recoletas Campo Grande inaugura una consulta sobre enfermedades hep\u00e1ticas - Noticias Grupo Recoletas","isPartOf":{"@id":"https:\/\/www.gruporecoletas.com\/noticias\/#website"},"primaryImageOfPage":{"@id":"https:\/\/www.gruporecoletas.com\/noticias\/el-hospital-recoletas-campo-grande-inaugura-una-consulta-sobre-enfermedades-hepaticas\/#primaryimage"},"image":{"@id":"https:\/\/www.gruporecoletas.com\/noticias\/el-hospital-recoletas-campo-grande-inaugura-una-consulta-sobre-enfermedades-hepaticas\/#primaryimage"},"thumbnailUrl":"https:\/\/www.gruporecoletas.com\/noticias\/wp-content\/uploads\/2023\/01\/consulta-enfermedades-hepaticas-hcg.png","datePublished":"2023-01-25T07:51:18+00:00","dateModified":"2023-01-25T07:51:19+00:00","author":{"@id":"https:\/\/www.gruporecoletas.com\/noticias\/#\/schema\/person\/3c6ac429828d1f5e3d3bd99f4da9b02c"},"description":"El Servicio de Medicina Interna del Hospital Recoletas Campo Grande ha puesto en marcha una consulta monogr\u00e1fica dirigida por el Dr. Javier Moreno","breadcrumb":{"@id":"https:\/\/www.gruporecoletas.com\/noticias\/el-hospital-recoletas-campo-grande-inaugura-una-consulta-sobre-enfermedades-hepaticas\/#breadcrumb"},"inLanguage":"es","potentialAction":[{"@type":"ReadAction","target":["https:\/\/www.gruporecoletas.com\/noticias\/el-hospital-recoletas-campo-grande-inaugura-una-consulta-sobre-enfermedades-hepaticas\/"]}]},{"@type":"ImageObject","inLanguage":"es","@id":"https:\/\/www.gruporecoletas.com\/noticias\/el-hospital-recoletas-campo-grande-inaugura-una-consulta-sobre-enfermedades-hepaticas\/#primaryimage","url":"https:\/\/www.gruporecoletas.com\/noticias\/wp-content\/uploads\/2023\/01\/consulta-enfermedades-hepaticas-hcg.png","contentUrl":"https:\/\/www.gruporecoletas.com\/noticias\/wp-content\/uploads\/2023\/01\/consulta-enfermedades-hepaticas-hcg.png","width":1366,"height":768,"caption":"El Servicio de Medicina Interna del Hospital Recoletas Campo Grande ha puesto en marcha una consulta monogr\u00e1fica dirigida por el Dr. Javier Moreno"},{"@type":"BreadcrumbList","@id":"https:\/\/www.gruporecoletas.com\/noticias\/el-hospital-recoletas-campo-grande-inaugura-una-consulta-sobre-enfermedades-hepaticas\/#breadcrumb","itemListElement":[{"@type":"ListItem","position":1,"name":"Portada","item":"https:\/\/www.gruporecoletas.com\/noticias\/"},{"@type":"ListItem","position":2,"name":"El Hospital Recoletas Campo Grande inaugura una consulta sobre enfermedades hep\u00e1ticas"}]},{"@type":"WebSite","@id":"https:\/\/www.gruporecoletas.com\/noticias\/#website","url":"https:\/\/www.gruporecoletas.com\/noticias\/","name":"Noticias Grupo Recoletas","description":"Grupo Recoletas","potentialAction":[{"@type":"SearchAction","target":{"@type":"EntryPoint","urlTemplate":"https:\/\/www.gruporecoletas.com\/noticias\/?s={search_term_string}"},"query-input":{"@type":"PropertyValueSpecification","valueRequired":true,"valueName":"search_term_string"}}],"inLanguage":"es"},{"@type":"Person","@id":"https:\/\/www.gruporecoletas.com\/noticias\/#\/schema\/person\/3c6ac429828d1f5e3d3bd99f4da9b02c","name":"Recoletas Red Hospitalaria","url":"https:\/\/www.gruporecoletas.com\/noticias\/author\/comunicacion\/"}]}},"_links":{"self":[{"href":"https:\/\/www.gruporecoletas.com\/noticias\/wp-json\/wp\/v2\/posts\/15767","targetHints":{"allow":["GET"]}}],"collection":[{"href":"https:\/\/www.gruporecoletas.com\/noticias\/wp-json\/wp\/v2\/posts"}],"about":[{"href":"https:\/\/www.gruporecoletas.com\/noticias\/wp-json\/wp\/v2\/types\/post"}],"author":[{"embeddable":true,"href":"https:\/\/www.gruporecoletas.com\/noticias\/wp-json\/wp\/v2\/users\/2"}],"replies":[{"embeddable":true,"href":"https:\/\/www.gruporecoletas.com\/noticias\/wp-json\/wp\/v2\/comments?post=15767"}],"version-history":[{"count":1,"href":"https:\/\/www.gruporecoletas.com\/noticias\/wp-json\/wp\/v2\/posts\/15767\/revisions"}],"predecessor-version":[{"id":15769,"href":"https:\/\/www.gruporecoletas.com\/noticias\/wp-json\/wp\/v2\/posts\/15767\/revisions\/15769"}],"wp:featuredmedia":[{"embeddable":true,"href":"https:\/\/www.gruporecoletas.com\/noticias\/wp-json\/wp\/v2\/media\/15768"}],"wp:attachment":[{"href":"https:\/\/www.gruporecoletas.com\/noticias\/wp-json\/wp\/v2\/media?parent=15767"}],"wp:term":[{"taxonomy":"category","embeddable":true,"href":"https:\/\/www.gruporecoletas.com\/noticias\/wp-json\/wp\/v2\/categories?post=15767"},{"taxonomy":"post_tag","embeddable":true,"href":"https:\/\/www.gruporecoletas.com\/noticias\/wp-json\/wp\/v2\/tags?post=15767"}],"curies":[{"name":"wp","href":"https:\/\/api.w.org\/{rel}","templated":true}]}}