{"id":15852,"date":"2023-03-07T17:34:33","date_gmt":"2023-03-07T16:34:33","guid":{"rendered":"https:\/\/www.gruporecoletas.com\/noticias\/?p=15852"},"modified":"2023-03-08T09:15:18","modified_gmt":"2023-03-08T08:15:18","slug":"pulso-vital-protagonista-en-el-i-congreso-de-enfermeria-intergeneracional-de-zamora","status":"publish","type":"post","link":"https:\/\/www.gruporecoletas.com\/noticias\/pulso-vital-protagonista-en-el-i-congreso-de-enfermeria-intergeneracional-de-zamora\/","title":{"rendered":"<strong>Pulso Vital, protagonista en el I Congreso de Enfermer\u00eda Intergeneracional de Zamora<\/strong>"},"content":{"rendered":"\n<h4 class=\"wp-block-heading\">Cerca de 14.000 personas se han realizado un electrocardiograma y un 4% de ellas han podido evitar un ictus<\/h4>\n\n\n\n<h4 class=\"wp-block-heading\">El proyecto de salud rural para prevenir el ictus ha convertido a Zamora en una \u201cProvincia Cardioprotegida<em>\u201d<\/em><\/h4>\n\n\n\n<p>\u201cPulso Vital\u201d alcanza las 14.000 mediciones y consigue evitar que un 4% de las personas que se han hecho alguna medici\u00f3n desde que el programa est\u00e1 en marcha hayan podido sufrir un ictus.<\/p>\n\n\n\n<p>Esta ha sido una de las principales conclusiones de las intervenciones realizadas esta ma\u00f1ana por Oscar Iglesias, gerente del hospital Recoletas de Zamora, y el Dr. Jos\u00e9 Luis Santos, cardi\u00f3logo del citado hospital durante la jornada inaugural del I Congreso de Enfermer\u00eda Intergeneracional de Zamora en la que han participado en el transcurso del cual tambi\u00e9n han avanzado que el 51% de las personas que se han hecho una medici\u00f3n hasta el momento han sido hombres y el 49% restante mujeres, siendo la edad media los 58 a\u00f1os.&nbsp;<\/p>\n\n\n\n<p>Iglesias y Santos coincidieron en destacar la extraordinaria importancia del proyecto de salud rural, creado y desarrollado por Recoletas gracias al cual, desde que se puso en marcha en septiembre del pasado a\u00f1o, un total de 222 personas han acudido a la consulta de cardiolog\u00eda del Dr. Santos quien ha podido hacer un seguimiento y tratamiento de la fibrilaci\u00f3n auricular detectada en las mediciones realizadas en los puntos de salud de \u201cPulso Vital\u201d.<\/p>\n\n\n\n<p>En total, 61 localidades de Zamora disponen de manera permanente de este sencillo dispositivo capaz de realizar un electrocardiograma profesional en cualquier momento y lugar y que permite detectar, en tan solo 30 segundos, fibrilaci\u00f3n auricular, bradicardia, taquicardia o un ritmo cardiaco normal.<\/p>\n\n\n\n<p>Este proyecto, tal y como han detallado en su ponencia tanto el gerente del hospital Recoletas Zamora como el Dr. Jos\u00e9 Luis Santos, naci\u00f3 con el objetivo de concienciar de la importancia de prevenir el ictus y facilitar su prevenci\u00f3n mediante la detecci\u00f3n de la fibrilaci\u00f3n auricular, la cual est\u00e1 asociada en torno al 30% de los ictus y en la mayor\u00eda de los casos, es asintom\u00e1tica.<\/p>\n\n\n\n<p><\/p>\n\n\n\n<h4 class=\"wp-block-heading\"><u><strong>Un sencillo dispositivo que est\u00e1 salvando vidas<\/strong><\/u><\/h4>\n\n\n\n<p>Se produce un caso de ictus cada seis minutos. El ictus es la segunda causa de mortalidad en Espa\u00f1a y el primer motivo de invalidez en los pa\u00edses occidentales. Es adem\u00e1s la primera causa de muerte entre las mujeres de este pa\u00eds: fallecen m\u00e1s del doble de mujeres por ictus que por c\u00e1ncer de mama y unas 14 veces m\u00e1s que por accidentes de tr\u00e1fico.<\/p>\n\n\n\n<p>Zamora es la provincia m\u00e1s envejecida de Espa\u00f1a y una de las cinco m\u00e1s envejecidas de toda Europa. \u00d3scar Iglesias, gerente del hospital Recoletas de Zamora, considera que, gracias a \u201cPulso Vital\u201d, la poblaci\u00f3n zamorana tiene a su disposici\u00f3n una herramienta para poder vivir m\u00e1s y vivir mejor, tal y como se ha comprobado en los primeros meses de funcionamiento de esta iniciativa.<\/p>\n\n\n\n<p><\/p>\n","protected":false},"excerpt":{"rendered":"<p>Cerca de 14.000 personas se han realizado un electrocardiograma y un 4% de ellas han podido evitar un ictus El proyecto de salud rural para prevenir el ictus ha convertido a Zamora en una \u201cProvincia Cardioprotegida\u201d \u201cPulso Vital\u201d alcanza las 14.000 mediciones y consigue evitar que un 4% de las personas que se han hecho [&hellip;]<\/p>\n","protected":false},"author":2,"featured_media":15861,"comment_status":"closed","ping_status":"closed","sticky":false,"template":"","format":"standard","meta":{"_acf_changed":false,"footnotes":""},"categories":[43,16,21],"tags":[3333,3277],"class_list":["post-15852","post","type-post","status-publish","format-standard","has-post-thumbnail","hentry","category-centros","category-hrza","category-zamora","tag-hospital-recoletas-zamora","tag-pulso-vital"],"acf":[],"yoast_head":"<!-- This site is optimized with the Yoast SEO Premium plugin v27.3 (Yoast SEO v27.3) - https:\/\/yoast.com\/product\/yoast-seo-premium-wordpress\/ -->\n<title>Pulso Vital, protagonista en el I Congreso de Enfermer\u00eda Intergeneracional de Zamora - Noticias Grupo Recoletas<\/title>\n<meta name=\"robots\" content=\"index, follow, max-snippet:-1, max-image-preview:large, max-video-preview:-1\" \/>\n<link rel=\"canonical\" href=\"https:\/\/www.gruporecoletas.com\/noticias\/pulso-vital-protagonista-en-el-i-congreso-de-enfermeria-intergeneracional-de-zamora\/\" \/>\n<meta property=\"og:locale\" content=\"es_ES\" \/>\n<meta property=\"og:type\" content=\"article\" \/>\n<meta property=\"og:title\" content=\"Pulso Vital, protagonista en el I Congreso de Enfermer\u00eda Intergeneracional de Zamora\" \/>\n<meta property=\"og:description\" content=\"Cerca de 14.000 personas se han realizado un electrocardiograma y un 4% de ellas han podido evitar un ictus El proyecto de salud rural para prevenir el ictus ha convertido a Zamora en una \u201cProvincia Cardioprotegida\u201d \u201cPulso Vital\u201d alcanza las 14.000 mediciones y consigue evitar que un 4% de las personas que se han hecho [&hellip;]\" \/>\n<meta property=\"og:url\" content=\"https:\/\/www.gruporecoletas.com\/noticias\/pulso-vital-protagonista-en-el-i-congreso-de-enfermeria-intergeneracional-de-zamora\/\" \/>\n<meta property=\"og:site_name\" content=\"Noticias Grupo Recoletas\" \/>\n<meta property=\"article:publisher\" content=\"https:\/\/www.facebook.com\/GrupoRecoletas\/\" \/>\n<meta property=\"article:published_time\" content=\"2023-03-07T16:34:33+00:00\" \/>\n<meta property=\"article:modified_time\" content=\"2023-03-08T08:15:18+00:00\" \/>\n<meta property=\"og:image\" content=\"https:\/\/www.gruporecoletas.com\/noticias\/wp-content\/uploads\/2023\/03\/nota-prensa-1.png\" \/>\n\t<meta property=\"og:image:width\" content=\"1366\" \/>\n\t<meta property=\"og:image:height\" content=\"768\" \/>\n\t<meta property=\"og:image:type\" content=\"image\/png\" \/>\n<meta name=\"author\" content=\"Recoletas Red Hospitalaria\" \/>\n<meta name=\"twitter:card\" content=\"summary_large_image\" \/>\n<meta name=\"twitter:creator\" content=\"@GrupoRecoletas\" \/>\n<meta name=\"twitter:site\" content=\"@GrupoRecoletas\" \/>\n<meta name=\"twitter:label1\" content=\"Escrito por\" \/>\n\t<meta name=\"twitter:data1\" content=\"Recoletas Red Hospitalaria\" \/>\n\t<meta name=\"twitter:label2\" content=\"Tiempo de lectura\" \/>\n\t<meta name=\"twitter:data2\" content=\"2 minutos\" \/>\n<script type=\"application\/ld+json\" class=\"yoast-schema-graph\">{\"@context\":\"https:\\\/\\\/schema.org\",\"@graph\":[{\"@type\":\"Article\",\"@id\":\"https:\\\/\\\/www.gruporecoletas.com\\\/noticias\\\/pulso-vital-protagonista-en-el-i-congreso-de-enfermeria-intergeneracional-de-zamora\\\/#article\",\"isPartOf\":{\"@id\":\"https:\\\/\\\/www.gruporecoletas.com\\\/noticias\\\/pulso-vital-protagonista-en-el-i-congreso-de-enfermeria-intergeneracional-de-zamora\\\/\"},\"author\":{\"name\":\"Recoletas Red Hospitalaria\",\"@id\":\"https:\\\/\\\/www.gruporecoletas.com\\\/noticias\\\/#\\\/schema\\\/person\\\/3c6ac429828d1f5e3d3bd99f4da9b02c\"},\"headline\":\"Pulso Vital, protagonista en el I Congreso de Enfermer\u00eda Intergeneracional de Zamora\",\"datePublished\":\"2023-03-07T16:34:33+00:00\",\"dateModified\":\"2023-03-08T08:15:18+00:00\",\"mainEntityOfPage\":{\"@id\":\"https:\\\/\\\/www.gruporecoletas.com\\\/noticias\\\/pulso-vital-protagonista-en-el-i-congreso-de-enfermeria-intergeneracional-de-zamora\\\/\"},\"wordCount\":507,\"image\":{\"@id\":\"https:\\\/\\\/www.gruporecoletas.com\\\/noticias\\\/pulso-vital-protagonista-en-el-i-congreso-de-enfermeria-intergeneracional-de-zamora\\\/#primaryimage\"},\"thumbnailUrl\":\"https:\\\/\\\/www.gruporecoletas.com\\\/noticias\\\/wp-content\\\/uploads\\\/2023\\\/03\\\/nota-prensa-1.png\",\"keywords\":[\"Hospital Recoletas Zamora\",\"pulso vital\"],\"articleSection\":[\"Centros\",\"HRZA\",\"Zamora\"],\"inLanguage\":\"es\"},{\"@type\":\"WebPage\",\"@id\":\"https:\\\/\\\/www.gruporecoletas.com\\\/noticias\\\/pulso-vital-protagonista-en-el-i-congreso-de-enfermeria-intergeneracional-de-zamora\\\/\",\"url\":\"https:\\\/\\\/www.gruporecoletas.com\\\/noticias\\\/pulso-vital-protagonista-en-el-i-congreso-de-enfermeria-intergeneracional-de-zamora\\\/\",\"name\":\"Pulso Vital, protagonista en el I Congreso de Enfermer\u00eda Intergeneracional de Zamora - Noticias Grupo Recoletas\",\"isPartOf\":{\"@id\":\"https:\\\/\\\/www.gruporecoletas.com\\\/noticias\\\/#website\"},\"primaryImageOfPage\":{\"@id\":\"https:\\\/\\\/www.gruporecoletas.com\\\/noticias\\\/pulso-vital-protagonista-en-el-i-congreso-de-enfermeria-intergeneracional-de-zamora\\\/#primaryimage\"},\"image\":{\"@id\":\"https:\\\/\\\/www.gruporecoletas.com\\\/noticias\\\/pulso-vital-protagonista-en-el-i-congreso-de-enfermeria-intergeneracional-de-zamora\\\/#primaryimage\"},\"thumbnailUrl\":\"https:\\\/\\\/www.gruporecoletas.com\\\/noticias\\\/wp-content\\\/uploads\\\/2023\\\/03\\\/nota-prensa-1.png\",\"datePublished\":\"2023-03-07T16:34:33+00:00\",\"dateModified\":\"2023-03-08T08:15:18+00:00\",\"author\":{\"@id\":\"https:\\\/\\\/www.gruporecoletas.com\\\/noticias\\\/#\\\/schema\\\/person\\\/3c6ac429828d1f5e3d3bd99f4da9b02c\"},\"breadcrumb\":{\"@id\":\"https:\\\/\\\/www.gruporecoletas.com\\\/noticias\\\/pulso-vital-protagonista-en-el-i-congreso-de-enfermeria-intergeneracional-de-zamora\\\/#breadcrumb\"},\"inLanguage\":\"es\",\"potentialAction\":[{\"@type\":\"ReadAction\",\"target\":[\"https:\\\/\\\/www.gruporecoletas.com\\\/noticias\\\/pulso-vital-protagonista-en-el-i-congreso-de-enfermeria-intergeneracional-de-zamora\\\/\"]}]},{\"@type\":\"ImageObject\",\"inLanguage\":\"es\",\"@id\":\"https:\\\/\\\/www.gruporecoletas.com\\\/noticias\\\/pulso-vital-protagonista-en-el-i-congreso-de-enfermeria-intergeneracional-de-zamora\\\/#primaryimage\",\"url\":\"https:\\\/\\\/www.gruporecoletas.com\\\/noticias\\\/wp-content\\\/uploads\\\/2023\\\/03\\\/nota-prensa-1.png\",\"contentUrl\":\"https:\\\/\\\/www.gruporecoletas.com\\\/noticias\\\/wp-content\\\/uploads\\\/2023\\\/03\\\/nota-prensa-1.png\",\"width\":1366,\"height\":768},{\"@type\":\"BreadcrumbList\",\"@id\":\"https:\\\/\\\/www.gruporecoletas.com\\\/noticias\\\/pulso-vital-protagonista-en-el-i-congreso-de-enfermeria-intergeneracional-de-zamora\\\/#breadcrumb\",\"itemListElement\":[{\"@type\":\"ListItem\",\"position\":1,\"name\":\"Portada\",\"item\":\"https:\\\/\\\/www.gruporecoletas.com\\\/noticias\\\/\"},{\"@type\":\"ListItem\",\"position\":2,\"name\":\"Pulso Vital, protagonista en el I Congreso de Enfermer\u00eda Intergeneracional de Zamora\"}]},{\"@type\":\"WebSite\",\"@id\":\"https:\\\/\\\/www.gruporecoletas.com\\\/noticias\\\/#website\",\"url\":\"https:\\\/\\\/www.gruporecoletas.com\\\/noticias\\\/\",\"name\":\"Noticias Grupo Recoletas\",\"description\":\"Grupo Recoletas\",\"potentialAction\":[{\"@type\":\"SearchAction\",\"target\":{\"@type\":\"EntryPoint\",\"urlTemplate\":\"https:\\\/\\\/www.gruporecoletas.com\\\/noticias\\\/?s={search_term_string}\"},\"query-input\":{\"@type\":\"PropertyValueSpecification\",\"valueRequired\":true,\"valueName\":\"search_term_string\"}}],\"inLanguage\":\"es\"},{\"@type\":\"Person\",\"@id\":\"https:\\\/\\\/www.gruporecoletas.com\\\/noticias\\\/#\\\/schema\\\/person\\\/3c6ac429828d1f5e3d3bd99f4da9b02c\",\"name\":\"Recoletas Red Hospitalaria\",\"url\":\"https:\\\/\\\/www.gruporecoletas.com\\\/noticias\\\/author\\\/comunicacion\\\/\"}]}<\/script>\n<!-- \/ Yoast SEO Premium plugin. -->","yoast_head_json":{"title":"Pulso Vital, protagonista en el I Congreso de Enfermer\u00eda Intergeneracional de Zamora - Noticias Grupo Recoletas","robots":{"index":"index","follow":"follow","max-snippet":"max-snippet:-1","max-image-preview":"max-image-preview:large","max-video-preview":"max-video-preview:-1"},"canonical":"https:\/\/www.gruporecoletas.com\/noticias\/pulso-vital-protagonista-en-el-i-congreso-de-enfermeria-intergeneracional-de-zamora\/","og_locale":"es_ES","og_type":"article","og_title":"Pulso Vital, protagonista en el I Congreso de Enfermer\u00eda Intergeneracional de Zamora","og_description":"Cerca de 14.000 personas se han realizado un electrocardiograma y un 4% de ellas han podido evitar un ictus El proyecto de salud rural para prevenir el ictus ha convertido a Zamora en una \u201cProvincia Cardioprotegida\u201d \u201cPulso Vital\u201d alcanza las 14.000 mediciones y consigue evitar que un 4% de las personas que se han hecho [&hellip;]","og_url":"https:\/\/www.gruporecoletas.com\/noticias\/pulso-vital-protagonista-en-el-i-congreso-de-enfermeria-intergeneracional-de-zamora\/","og_site_name":"Noticias Grupo Recoletas","article_publisher":"https:\/\/www.facebook.com\/GrupoRecoletas\/","article_published_time":"2023-03-07T16:34:33+00:00","article_modified_time":"2023-03-08T08:15:18+00:00","og_image":[{"width":1366,"height":768,"url":"https:\/\/www.gruporecoletas.com\/noticias\/wp-content\/uploads\/2023\/03\/nota-prensa-1.png","type":"image\/png"}],"author":"Recoletas Red Hospitalaria","twitter_card":"summary_large_image","twitter_creator":"@GrupoRecoletas","twitter_site":"@GrupoRecoletas","twitter_misc":{"Escrito por":"Recoletas Red Hospitalaria","Tiempo de lectura":"2 minutos"},"schema":{"@context":"https:\/\/schema.org","@graph":[{"@type":"Article","@id":"https:\/\/www.gruporecoletas.com\/noticias\/pulso-vital-protagonista-en-el-i-congreso-de-enfermeria-intergeneracional-de-zamora\/#article","isPartOf":{"@id":"https:\/\/www.gruporecoletas.com\/noticias\/pulso-vital-protagonista-en-el-i-congreso-de-enfermeria-intergeneracional-de-zamora\/"},"author":{"name":"Recoletas Red Hospitalaria","@id":"https:\/\/www.gruporecoletas.com\/noticias\/#\/schema\/person\/3c6ac429828d1f5e3d3bd99f4da9b02c"},"headline":"Pulso Vital, protagonista en el I Congreso de Enfermer\u00eda Intergeneracional de Zamora","datePublished":"2023-03-07T16:34:33+00:00","dateModified":"2023-03-08T08:15:18+00:00","mainEntityOfPage":{"@id":"https:\/\/www.gruporecoletas.com\/noticias\/pulso-vital-protagonista-en-el-i-congreso-de-enfermeria-intergeneracional-de-zamora\/"},"wordCount":507,"image":{"@id":"https:\/\/www.gruporecoletas.com\/noticias\/pulso-vital-protagonista-en-el-i-congreso-de-enfermeria-intergeneracional-de-zamora\/#primaryimage"},"thumbnailUrl":"https:\/\/www.gruporecoletas.com\/noticias\/wp-content\/uploads\/2023\/03\/nota-prensa-1.png","keywords":["Hospital Recoletas Zamora","pulso vital"],"articleSection":["Centros","HRZA","Zamora"],"inLanguage":"es"},{"@type":"WebPage","@id":"https:\/\/www.gruporecoletas.com\/noticias\/pulso-vital-protagonista-en-el-i-congreso-de-enfermeria-intergeneracional-de-zamora\/","url":"https:\/\/www.gruporecoletas.com\/noticias\/pulso-vital-protagonista-en-el-i-congreso-de-enfermeria-intergeneracional-de-zamora\/","name":"Pulso Vital, protagonista en el I Congreso de Enfermer\u00eda Intergeneracional de Zamora - Noticias Grupo Recoletas","isPartOf":{"@id":"https:\/\/www.gruporecoletas.com\/noticias\/#website"},"primaryImageOfPage":{"@id":"https:\/\/www.gruporecoletas.com\/noticias\/pulso-vital-protagonista-en-el-i-congreso-de-enfermeria-intergeneracional-de-zamora\/#primaryimage"},"image":{"@id":"https:\/\/www.gruporecoletas.com\/noticias\/pulso-vital-protagonista-en-el-i-congreso-de-enfermeria-intergeneracional-de-zamora\/#primaryimage"},"thumbnailUrl":"https:\/\/www.gruporecoletas.com\/noticias\/wp-content\/uploads\/2023\/03\/nota-prensa-1.png","datePublished":"2023-03-07T16:34:33+00:00","dateModified":"2023-03-08T08:15:18+00:00","author":{"@id":"https:\/\/www.gruporecoletas.com\/noticias\/#\/schema\/person\/3c6ac429828d1f5e3d3bd99f4da9b02c"},"breadcrumb":{"@id":"https:\/\/www.gruporecoletas.com\/noticias\/pulso-vital-protagonista-en-el-i-congreso-de-enfermeria-intergeneracional-de-zamora\/#breadcrumb"},"inLanguage":"es","potentialAction":[{"@type":"ReadAction","target":["https:\/\/www.gruporecoletas.com\/noticias\/pulso-vital-protagonista-en-el-i-congreso-de-enfermeria-intergeneracional-de-zamora\/"]}]},{"@type":"ImageObject","inLanguage":"es","@id":"https:\/\/www.gruporecoletas.com\/noticias\/pulso-vital-protagonista-en-el-i-congreso-de-enfermeria-intergeneracional-de-zamora\/#primaryimage","url":"https:\/\/www.gruporecoletas.com\/noticias\/wp-content\/uploads\/2023\/03\/nota-prensa-1.png","contentUrl":"https:\/\/www.gruporecoletas.com\/noticias\/wp-content\/uploads\/2023\/03\/nota-prensa-1.png","width":1366,"height":768},{"@type":"BreadcrumbList","@id":"https:\/\/www.gruporecoletas.com\/noticias\/pulso-vital-protagonista-en-el-i-congreso-de-enfermeria-intergeneracional-de-zamora\/#breadcrumb","itemListElement":[{"@type":"ListItem","position":1,"name":"Portada","item":"https:\/\/www.gruporecoletas.com\/noticias\/"},{"@type":"ListItem","position":2,"name":"Pulso Vital, protagonista en el I Congreso de Enfermer\u00eda Intergeneracional de Zamora"}]},{"@type":"WebSite","@id":"https:\/\/www.gruporecoletas.com\/noticias\/#website","url":"https:\/\/www.gruporecoletas.com\/noticias\/","name":"Noticias Grupo Recoletas","description":"Grupo Recoletas","potentialAction":[{"@type":"SearchAction","target":{"@type":"EntryPoint","urlTemplate":"https:\/\/www.gruporecoletas.com\/noticias\/?s={search_term_string}"},"query-input":{"@type":"PropertyValueSpecification","valueRequired":true,"valueName":"search_term_string"}}],"inLanguage":"es"},{"@type":"Person","@id":"https:\/\/www.gruporecoletas.com\/noticias\/#\/schema\/person\/3c6ac429828d1f5e3d3bd99f4da9b02c","name":"Recoletas Red Hospitalaria","url":"https:\/\/www.gruporecoletas.com\/noticias\/author\/comunicacion\/"}]}},"_links":{"self":[{"href":"https:\/\/www.gruporecoletas.com\/noticias\/wp-json\/wp\/v2\/posts\/15852","targetHints":{"allow":["GET"]}}],"collection":[{"href":"https:\/\/www.gruporecoletas.com\/noticias\/wp-json\/wp\/v2\/posts"}],"about":[{"href":"https:\/\/www.gruporecoletas.com\/noticias\/wp-json\/wp\/v2\/types\/post"}],"author":[{"embeddable":true,"href":"https:\/\/www.gruporecoletas.com\/noticias\/wp-json\/wp\/v2\/users\/2"}],"replies":[{"embeddable":true,"href":"https:\/\/www.gruporecoletas.com\/noticias\/wp-json\/wp\/v2\/comments?post=15852"}],"version-history":[{"count":2,"href":"https:\/\/www.gruporecoletas.com\/noticias\/wp-json\/wp\/v2\/posts\/15852\/revisions"}],"predecessor-version":[{"id":15854,"href":"https:\/\/www.gruporecoletas.com\/noticias\/wp-json\/wp\/v2\/posts\/15852\/revisions\/15854"}],"wp:featuredmedia":[{"embeddable":true,"href":"https:\/\/www.gruporecoletas.com\/noticias\/wp-json\/wp\/v2\/media\/15861"}],"wp:attachment":[{"href":"https:\/\/www.gruporecoletas.com\/noticias\/wp-json\/wp\/v2\/media?parent=15852"}],"wp:term":[{"taxonomy":"category","embeddable":true,"href":"https:\/\/www.gruporecoletas.com\/noticias\/wp-json\/wp\/v2\/categories?post=15852"},{"taxonomy":"post_tag","embeddable":true,"href":"https:\/\/www.gruporecoletas.com\/noticias\/wp-json\/wp\/v2\/tags?post=15852"}],"curies":[{"name":"wp","href":"https:\/\/api.w.org\/{rel}","templated":true}]}}