{"id":15856,"date":"2023-03-08T09:14:25","date_gmt":"2023-03-08T08:14:25","guid":{"rendered":"https:\/\/www.gruporecoletas.com\/noticias\/?p=15856"},"modified":"2023-03-08T09:14:26","modified_gmt":"2023-03-08T08:14:26","slug":"recoletas-celebra-el-8m-poniendo-en-valor-a-las-mujeres-que-trabajan-en-el-grupo-y-a-las-pacientes-que-acuden-a-sus-centros","status":"publish","type":"post","link":"https:\/\/www.gruporecoletas.com\/noticias\/recoletas-celebra-el-8m-poniendo-en-valor-a-las-mujeres-que-trabajan-en-el-grupo-y-a-las-pacientes-que-acuden-a-sus-centros\/","title":{"rendered":"Recoletas celebra el 8M poniendo en valor a las mujeres que trabajan en el grupo y a las pacientes que acuden a sus centros"},"content":{"rendered":"\n<p>Hoy, 8 de marzo, D\u00eda Internacional de la Mujer, Recoletas quiere aprovechar para<strong> poner en valor a todas las mujeres que forman parte de su grupo hospitalario y a las pacientes <\/strong>que acuden regularmente a sus hospitales, centros e institutos especializados, agradeci\u00e9ndolas as\u00ed la confianza que depositan en la prestaci\u00f3n sanitaria que reciben.<\/p>\n\n\n\n<p><strong><u>El 80% de la plantilla y el 57% de sus pacientes, son mujeres<\/u><\/strong><\/p>\n\n\n\n<p>En Recoletas<strong> trabajan casi 1.400 mujeres<\/strong>, lo que supone el 81.12% del conjunto de su plantilla.\u00a0 Del total de mujeres de la compa\u00f1\u00eda, m\u00e1s la mitad tienen entre 30 y 50 a\u00f1os. \u00a0<\/p>\n\n\n\n<p>La presencia de las mujeres en Recoletas se afianza en los servicios de Enfermer\u00eda, Auxiliar de Enfermer\u00eda, Medicina y Administraci\u00f3n. Por otra parte<strong>, son muchas las mujeres que ocupan \u00f3rganos de decisi\u00f3n y puestos de direcci\u00f3n de la compa\u00f1\u00eda<\/strong>: Operaciones, Recursos Humanos, Asesor\u00eda Jur\u00eddica, Calidad, Compras y Relaciones con el Exterior, entre otras.<\/p>\n\n\n\n<p>Adem\u00e1s, los hospitales Recoletas Campo Grande y Felipe II en Valladolid, el hospital Recoletas de Burgos, el hospital Recoletas de Palencia y la Cl\u00ednica Ponferrada, est\u00e1n dirigidos por mujeres. Tambi\u00e9n son mujeres quienes dirigen el Servicio de Diagn\u00f3stico por la Imagen de Recoletas y las direcciones m\u00e9dicas de los hospitales Recoletas de Segovia, Palencia y Campo Grande en Valladolid.<\/p>\n\n\n\n<p>Por otra parte, y seg\u00fan los \u00faltimos datos de la compa\u00f1\u00eda, <strong>un 57% de sus pacientes son mujeres<\/strong>.<\/p>\n\n\n\n<p>Para Recoletas es un orgullo poder <strong>procurarlas salud durante todas las etapas de su vida<\/strong> e incluso en algunos casos, como es el de la cl\u00ednica de Medicina Reproductiva, Vida Recoletas, poder ayudarlas a hacer realidad sus sue\u00f1os y proyectos de vida.<\/p>\n\n\n\n<p>De igual modo, el proyecto \u201cPulso Vital\u201d desarrollado por Recoletas para la prevenci\u00f3n del ictus repercute positivamente en la salud y calidad de vida de las mujeres ya que esta patolog\u00eda es la primera causa de muerte en Espa\u00f1a entre las mujeres.&nbsp; Mueren al a\u00f1o por ictus el doble de mujeres que las mujeres que fallecen por c\u00e1ncer de mama y catorce veces m\u00e1s que las v\u00edctimas de accidente de tr\u00e1fico.<\/p>\n\n\n\n<p><strong><u>Responsabilidad Social Corporativa<\/u><\/strong><\/p>\n\n\n\n<p>Recoletas se consolida como una compa\u00f1\u00eda que apoya en\u00e9rgicamente la diversidad con pol\u00edticas de desarrollo profesional para la mujer, cumpliendo as\u00ed el objetivo 5 de la Agenda 2030 y promoviendo la igualdad entre los g\u00e9neros como base para alcanzar la sostenibilidad.<\/p>\n\n\n\n<p>Para todas ellas, mujeres empleadas y mujeres pacientes, el Grupo Recoletas ha confeccionado unos lazos conmemorativos y ha editado un video con el que se quiere hacer llegar al conjunto de la poblaci\u00f3n, la vital importancia de las mujeres en nuestra sociedad.<\/p>\n\n\n\n<figure class=\"wp-block-embed is-type-video is-provider-youtube wp-block-embed-youtube wp-embed-aspect-16-9 wp-has-aspect-ratio\"><div class=\"wp-block-embed__wrapper\">\n<iframe loading=\"lazy\" title=\"D\u00eda Internacional de la Mujer | Mujeres que cuidan de mujeres - Recoletas Red Hospitalaria\" width=\"500\" height=\"281\" src=\"https:\/\/www.youtube.com\/embed\/aeounDKNLwU?feature=oembed\" frameborder=\"0\" allow=\"accelerometer; autoplay; clipboard-write; encrypted-media; gyroscope; picture-in-picture; web-share\" referrerpolicy=\"strict-origin-when-cross-origin\" allowfullscreen><\/iframe>\n<\/div><\/figure>\n","protected":false},"excerpt":{"rendered":"<p>Hoy, 8 de marzo, D\u00eda Internacional de la Mujer, Recoletas quiere aprovechar para poner en valor a todas las mujeres que forman parte de su grupo hospitalario y a las pacientes que acuden regularmente a sus hospitales, centros e institutos especializados, agradeci\u00e9ndolas as\u00ed la confianza que depositan en la prestaci\u00f3n sanitaria que reciben. El 80% [&hellip;]<\/p>\n","protected":false},"author":2,"featured_media":15859,"comment_status":"closed","ping_status":"closed","sticky":false,"template":"","format":"standard","meta":{"_acf_changed":false,"footnotes":""},"categories":[1],"tags":[],"class_list":["post-15856","post","type-post","status-publish","format-standard","has-post-thumbnail","hentry","category-grupo-recoletas"],"acf":[],"yoast_head":"<!-- This site is optimized with the Yoast SEO Premium plugin v27.3 (Yoast SEO v27.3) - https:\/\/yoast.com\/product\/yoast-seo-premium-wordpress\/ -->\n<title>Recoletas celebra el 8M poniendo en valor a las mujeres que trabajan en el grupo y a las pacientes que acuden a sus centros - Noticias Grupo Recoletas<\/title>\n<meta name=\"robots\" content=\"index, follow, max-snippet:-1, max-image-preview:large, max-video-preview:-1\" \/>\n<link rel=\"canonical\" href=\"https:\/\/www.gruporecoletas.com\/noticias\/recoletas-celebra-el-8m-poniendo-en-valor-a-las-mujeres-que-trabajan-en-el-grupo-y-a-las-pacientes-que-acuden-a-sus-centros\/\" \/>\n<meta property=\"og:locale\" content=\"es_ES\" \/>\n<meta property=\"og:type\" content=\"article\" \/>\n<meta property=\"og:title\" content=\"Recoletas celebra el 8M poniendo en valor a las mujeres que trabajan en el grupo y a las pacientes que acuden a sus centros\" \/>\n<meta property=\"og:description\" content=\"Hoy, 8 de marzo, D\u00eda Internacional de la Mujer, Recoletas quiere aprovechar para poner en valor a todas las mujeres que forman parte de su grupo hospitalario y a las pacientes que acuden regularmente a sus hospitales, centros e institutos especializados, agradeci\u00e9ndolas as\u00ed la confianza que depositan en la prestaci\u00f3n sanitaria que reciben. El 80% [&hellip;]\" \/>\n<meta property=\"og:url\" content=\"https:\/\/www.gruporecoletas.com\/noticias\/recoletas-celebra-el-8m-poniendo-en-valor-a-las-mujeres-que-trabajan-en-el-grupo-y-a-las-pacientes-que-acuden-a-sus-centros\/\" \/>\n<meta property=\"og:site_name\" content=\"Noticias Grupo Recoletas\" \/>\n<meta property=\"article:publisher\" content=\"https:\/\/www.facebook.com\/GrupoRecoletas\/\" \/>\n<meta property=\"article:published_time\" content=\"2023-03-08T08:14:25+00:00\" \/>\n<meta property=\"article:modified_time\" content=\"2023-03-08T08:14:26+00:00\" \/>\n<meta property=\"og:image\" content=\"https:\/\/www.gruporecoletas.com\/noticias\/wp-content\/uploads\/2023\/03\/dia-mujer-web.jpg\" \/>\n\t<meta property=\"og:image:width\" content=\"1366\" \/>\n\t<meta property=\"og:image:height\" content=\"768\" \/>\n\t<meta property=\"og:image:type\" content=\"image\/jpeg\" \/>\n<meta name=\"author\" content=\"Recoletas Red Hospitalaria\" \/>\n<meta name=\"twitter:card\" content=\"summary_large_image\" \/>\n<meta name=\"twitter:creator\" content=\"@GrupoRecoletas\" \/>\n<meta name=\"twitter:site\" content=\"@GrupoRecoletas\" \/>\n<meta name=\"twitter:label1\" content=\"Escrito por\" \/>\n\t<meta name=\"twitter:data1\" content=\"Recoletas Red Hospitalaria\" \/>\n\t<meta name=\"twitter:label2\" content=\"Tiempo de lectura\" \/>\n\t<meta name=\"twitter:data2\" content=\"2 minutos\" \/>\n<script type=\"application\/ld+json\" class=\"yoast-schema-graph\">{\"@context\":\"https:\\\/\\\/schema.org\",\"@graph\":[{\"@type\":\"Article\",\"@id\":\"https:\\\/\\\/www.gruporecoletas.com\\\/noticias\\\/recoletas-celebra-el-8m-poniendo-en-valor-a-las-mujeres-que-trabajan-en-el-grupo-y-a-las-pacientes-que-acuden-a-sus-centros\\\/#article\",\"isPartOf\":{\"@id\":\"https:\\\/\\\/www.gruporecoletas.com\\\/noticias\\\/recoletas-celebra-el-8m-poniendo-en-valor-a-las-mujeres-que-trabajan-en-el-grupo-y-a-las-pacientes-que-acuden-a-sus-centros\\\/\"},\"author\":{\"name\":\"Recoletas Red Hospitalaria\",\"@id\":\"https:\\\/\\\/www.gruporecoletas.com\\\/noticias\\\/#\\\/schema\\\/person\\\/3c6ac429828d1f5e3d3bd99f4da9b02c\"},\"headline\":\"Recoletas celebra el 8M poniendo en valor a las mujeres que trabajan en el grupo y a las pacientes que acuden a sus centros\",\"datePublished\":\"2023-03-08T08:14:25+00:00\",\"dateModified\":\"2023-03-08T08:14:26+00:00\",\"mainEntityOfPage\":{\"@id\":\"https:\\\/\\\/www.gruporecoletas.com\\\/noticias\\\/recoletas-celebra-el-8m-poniendo-en-valor-a-las-mujeres-que-trabajan-en-el-grupo-y-a-las-pacientes-que-acuden-a-sus-centros\\\/\"},\"wordCount\":483,\"image\":{\"@id\":\"https:\\\/\\\/www.gruporecoletas.com\\\/noticias\\\/recoletas-celebra-el-8m-poniendo-en-valor-a-las-mujeres-que-trabajan-en-el-grupo-y-a-las-pacientes-que-acuden-a-sus-centros\\\/#primaryimage\"},\"thumbnailUrl\":\"https:\\\/\\\/www.gruporecoletas.com\\\/noticias\\\/wp-content\\\/uploads\\\/2023\\\/03\\\/dia-mujer-web.jpg\",\"articleSection\":[\"Grupo Recoletas\"],\"inLanguage\":\"es\"},{\"@type\":\"WebPage\",\"@id\":\"https:\\\/\\\/www.gruporecoletas.com\\\/noticias\\\/recoletas-celebra-el-8m-poniendo-en-valor-a-las-mujeres-que-trabajan-en-el-grupo-y-a-las-pacientes-que-acuden-a-sus-centros\\\/\",\"url\":\"https:\\\/\\\/www.gruporecoletas.com\\\/noticias\\\/recoletas-celebra-el-8m-poniendo-en-valor-a-las-mujeres-que-trabajan-en-el-grupo-y-a-las-pacientes-que-acuden-a-sus-centros\\\/\",\"name\":\"Recoletas celebra el 8M poniendo en valor a las mujeres que trabajan en el grupo y a las pacientes que acuden a sus centros - Noticias Grupo Recoletas\",\"isPartOf\":{\"@id\":\"https:\\\/\\\/www.gruporecoletas.com\\\/noticias\\\/#website\"},\"primaryImageOfPage\":{\"@id\":\"https:\\\/\\\/www.gruporecoletas.com\\\/noticias\\\/recoletas-celebra-el-8m-poniendo-en-valor-a-las-mujeres-que-trabajan-en-el-grupo-y-a-las-pacientes-que-acuden-a-sus-centros\\\/#primaryimage\"},\"image\":{\"@id\":\"https:\\\/\\\/www.gruporecoletas.com\\\/noticias\\\/recoletas-celebra-el-8m-poniendo-en-valor-a-las-mujeres-que-trabajan-en-el-grupo-y-a-las-pacientes-que-acuden-a-sus-centros\\\/#primaryimage\"},\"thumbnailUrl\":\"https:\\\/\\\/www.gruporecoletas.com\\\/noticias\\\/wp-content\\\/uploads\\\/2023\\\/03\\\/dia-mujer-web.jpg\",\"datePublished\":\"2023-03-08T08:14:25+00:00\",\"dateModified\":\"2023-03-08T08:14:26+00:00\",\"author\":{\"@id\":\"https:\\\/\\\/www.gruporecoletas.com\\\/noticias\\\/#\\\/schema\\\/person\\\/3c6ac429828d1f5e3d3bd99f4da9b02c\"},\"breadcrumb\":{\"@id\":\"https:\\\/\\\/www.gruporecoletas.com\\\/noticias\\\/recoletas-celebra-el-8m-poniendo-en-valor-a-las-mujeres-que-trabajan-en-el-grupo-y-a-las-pacientes-que-acuden-a-sus-centros\\\/#breadcrumb\"},\"inLanguage\":\"es\",\"potentialAction\":[{\"@type\":\"ReadAction\",\"target\":[\"https:\\\/\\\/www.gruporecoletas.com\\\/noticias\\\/recoletas-celebra-el-8m-poniendo-en-valor-a-las-mujeres-que-trabajan-en-el-grupo-y-a-las-pacientes-que-acuden-a-sus-centros\\\/\"]}]},{\"@type\":\"ImageObject\",\"inLanguage\":\"es\",\"@id\":\"https:\\\/\\\/www.gruporecoletas.com\\\/noticias\\\/recoletas-celebra-el-8m-poniendo-en-valor-a-las-mujeres-que-trabajan-en-el-grupo-y-a-las-pacientes-que-acuden-a-sus-centros\\\/#primaryimage\",\"url\":\"https:\\\/\\\/www.gruporecoletas.com\\\/noticias\\\/wp-content\\\/uploads\\\/2023\\\/03\\\/dia-mujer-web.jpg\",\"contentUrl\":\"https:\\\/\\\/www.gruporecoletas.com\\\/noticias\\\/wp-content\\\/uploads\\\/2023\\\/03\\\/dia-mujer-web.jpg\",\"width\":1366,\"height\":768},{\"@type\":\"BreadcrumbList\",\"@id\":\"https:\\\/\\\/www.gruporecoletas.com\\\/noticias\\\/recoletas-celebra-el-8m-poniendo-en-valor-a-las-mujeres-que-trabajan-en-el-grupo-y-a-las-pacientes-que-acuden-a-sus-centros\\\/#breadcrumb\",\"itemListElement\":[{\"@type\":\"ListItem\",\"position\":1,\"name\":\"Portada\",\"item\":\"https:\\\/\\\/www.gruporecoletas.com\\\/noticias\\\/\"},{\"@type\":\"ListItem\",\"position\":2,\"name\":\"Recoletas celebra el 8M poniendo en valor a las mujeres que trabajan en el grupo y a las pacientes que acuden a sus centros\"}]},{\"@type\":\"WebSite\",\"@id\":\"https:\\\/\\\/www.gruporecoletas.com\\\/noticias\\\/#website\",\"url\":\"https:\\\/\\\/www.gruporecoletas.com\\\/noticias\\\/\",\"name\":\"Noticias Grupo Recoletas\",\"description\":\"Grupo Recoletas\",\"potentialAction\":[{\"@type\":\"SearchAction\",\"target\":{\"@type\":\"EntryPoint\",\"urlTemplate\":\"https:\\\/\\\/www.gruporecoletas.com\\\/noticias\\\/?s={search_term_string}\"},\"query-input\":{\"@type\":\"PropertyValueSpecification\",\"valueRequired\":true,\"valueName\":\"search_term_string\"}}],\"inLanguage\":\"es\"},{\"@type\":\"Person\",\"@id\":\"https:\\\/\\\/www.gruporecoletas.com\\\/noticias\\\/#\\\/schema\\\/person\\\/3c6ac429828d1f5e3d3bd99f4da9b02c\",\"name\":\"Recoletas Red Hospitalaria\",\"url\":\"https:\\\/\\\/www.gruporecoletas.com\\\/noticias\\\/author\\\/comunicacion\\\/\"}]}<\/script>\n<!-- \/ Yoast SEO Premium plugin. -->","yoast_head_json":{"title":"Recoletas celebra el 8M poniendo en valor a las mujeres que trabajan en el grupo y a las pacientes que acuden a sus centros - Noticias Grupo Recoletas","robots":{"index":"index","follow":"follow","max-snippet":"max-snippet:-1","max-image-preview":"max-image-preview:large","max-video-preview":"max-video-preview:-1"},"canonical":"https:\/\/www.gruporecoletas.com\/noticias\/recoletas-celebra-el-8m-poniendo-en-valor-a-las-mujeres-que-trabajan-en-el-grupo-y-a-las-pacientes-que-acuden-a-sus-centros\/","og_locale":"es_ES","og_type":"article","og_title":"Recoletas celebra el 8M poniendo en valor a las mujeres que trabajan en el grupo y a las pacientes que acuden a sus centros","og_description":"Hoy, 8 de marzo, D\u00eda Internacional de la Mujer, Recoletas quiere aprovechar para poner en valor a todas las mujeres que forman parte de su grupo hospitalario y a las pacientes que acuden regularmente a sus hospitales, centros e institutos especializados, agradeci\u00e9ndolas as\u00ed la confianza que depositan en la prestaci\u00f3n sanitaria que reciben. El 80% [&hellip;]","og_url":"https:\/\/www.gruporecoletas.com\/noticias\/recoletas-celebra-el-8m-poniendo-en-valor-a-las-mujeres-que-trabajan-en-el-grupo-y-a-las-pacientes-que-acuden-a-sus-centros\/","og_site_name":"Noticias Grupo Recoletas","article_publisher":"https:\/\/www.facebook.com\/GrupoRecoletas\/","article_published_time":"2023-03-08T08:14:25+00:00","article_modified_time":"2023-03-08T08:14:26+00:00","og_image":[{"width":1366,"height":768,"url":"https:\/\/www.gruporecoletas.com\/noticias\/wp-content\/uploads\/2023\/03\/dia-mujer-web.jpg","type":"image\/jpeg"}],"author":"Recoletas Red Hospitalaria","twitter_card":"summary_large_image","twitter_creator":"@GrupoRecoletas","twitter_site":"@GrupoRecoletas","twitter_misc":{"Escrito por":"Recoletas Red Hospitalaria","Tiempo de lectura":"2 minutos"},"schema":{"@context":"https:\/\/schema.org","@graph":[{"@type":"Article","@id":"https:\/\/www.gruporecoletas.com\/noticias\/recoletas-celebra-el-8m-poniendo-en-valor-a-las-mujeres-que-trabajan-en-el-grupo-y-a-las-pacientes-que-acuden-a-sus-centros\/#article","isPartOf":{"@id":"https:\/\/www.gruporecoletas.com\/noticias\/recoletas-celebra-el-8m-poniendo-en-valor-a-las-mujeres-que-trabajan-en-el-grupo-y-a-las-pacientes-que-acuden-a-sus-centros\/"},"author":{"name":"Recoletas Red Hospitalaria","@id":"https:\/\/www.gruporecoletas.com\/noticias\/#\/schema\/person\/3c6ac429828d1f5e3d3bd99f4da9b02c"},"headline":"Recoletas celebra el 8M poniendo en valor a las mujeres que trabajan en el grupo y a las pacientes que acuden a sus centros","datePublished":"2023-03-08T08:14:25+00:00","dateModified":"2023-03-08T08:14:26+00:00","mainEntityOfPage":{"@id":"https:\/\/www.gruporecoletas.com\/noticias\/recoletas-celebra-el-8m-poniendo-en-valor-a-las-mujeres-que-trabajan-en-el-grupo-y-a-las-pacientes-que-acuden-a-sus-centros\/"},"wordCount":483,"image":{"@id":"https:\/\/www.gruporecoletas.com\/noticias\/recoletas-celebra-el-8m-poniendo-en-valor-a-las-mujeres-que-trabajan-en-el-grupo-y-a-las-pacientes-que-acuden-a-sus-centros\/#primaryimage"},"thumbnailUrl":"https:\/\/www.gruporecoletas.com\/noticias\/wp-content\/uploads\/2023\/03\/dia-mujer-web.jpg","articleSection":["Grupo Recoletas"],"inLanguage":"es"},{"@type":"WebPage","@id":"https:\/\/www.gruporecoletas.com\/noticias\/recoletas-celebra-el-8m-poniendo-en-valor-a-las-mujeres-que-trabajan-en-el-grupo-y-a-las-pacientes-que-acuden-a-sus-centros\/","url":"https:\/\/www.gruporecoletas.com\/noticias\/recoletas-celebra-el-8m-poniendo-en-valor-a-las-mujeres-que-trabajan-en-el-grupo-y-a-las-pacientes-que-acuden-a-sus-centros\/","name":"Recoletas celebra el 8M poniendo en valor a las mujeres que trabajan en el grupo y a las pacientes que acuden a sus centros - Noticias Grupo Recoletas","isPartOf":{"@id":"https:\/\/www.gruporecoletas.com\/noticias\/#website"},"primaryImageOfPage":{"@id":"https:\/\/www.gruporecoletas.com\/noticias\/recoletas-celebra-el-8m-poniendo-en-valor-a-las-mujeres-que-trabajan-en-el-grupo-y-a-las-pacientes-que-acuden-a-sus-centros\/#primaryimage"},"image":{"@id":"https:\/\/www.gruporecoletas.com\/noticias\/recoletas-celebra-el-8m-poniendo-en-valor-a-las-mujeres-que-trabajan-en-el-grupo-y-a-las-pacientes-que-acuden-a-sus-centros\/#primaryimage"},"thumbnailUrl":"https:\/\/www.gruporecoletas.com\/noticias\/wp-content\/uploads\/2023\/03\/dia-mujer-web.jpg","datePublished":"2023-03-08T08:14:25+00:00","dateModified":"2023-03-08T08:14:26+00:00","author":{"@id":"https:\/\/www.gruporecoletas.com\/noticias\/#\/schema\/person\/3c6ac429828d1f5e3d3bd99f4da9b02c"},"breadcrumb":{"@id":"https:\/\/www.gruporecoletas.com\/noticias\/recoletas-celebra-el-8m-poniendo-en-valor-a-las-mujeres-que-trabajan-en-el-grupo-y-a-las-pacientes-que-acuden-a-sus-centros\/#breadcrumb"},"inLanguage":"es","potentialAction":[{"@type":"ReadAction","target":["https:\/\/www.gruporecoletas.com\/noticias\/recoletas-celebra-el-8m-poniendo-en-valor-a-las-mujeres-que-trabajan-en-el-grupo-y-a-las-pacientes-que-acuden-a-sus-centros\/"]}]},{"@type":"ImageObject","inLanguage":"es","@id":"https:\/\/www.gruporecoletas.com\/noticias\/recoletas-celebra-el-8m-poniendo-en-valor-a-las-mujeres-que-trabajan-en-el-grupo-y-a-las-pacientes-que-acuden-a-sus-centros\/#primaryimage","url":"https:\/\/www.gruporecoletas.com\/noticias\/wp-content\/uploads\/2023\/03\/dia-mujer-web.jpg","contentUrl":"https:\/\/www.gruporecoletas.com\/noticias\/wp-content\/uploads\/2023\/03\/dia-mujer-web.jpg","width":1366,"height":768},{"@type":"BreadcrumbList","@id":"https:\/\/www.gruporecoletas.com\/noticias\/recoletas-celebra-el-8m-poniendo-en-valor-a-las-mujeres-que-trabajan-en-el-grupo-y-a-las-pacientes-que-acuden-a-sus-centros\/#breadcrumb","itemListElement":[{"@type":"ListItem","position":1,"name":"Portada","item":"https:\/\/www.gruporecoletas.com\/noticias\/"},{"@type":"ListItem","position":2,"name":"Recoletas celebra el 8M poniendo en valor a las mujeres que trabajan en el grupo y a las pacientes que acuden a sus centros"}]},{"@type":"WebSite","@id":"https:\/\/www.gruporecoletas.com\/noticias\/#website","url":"https:\/\/www.gruporecoletas.com\/noticias\/","name":"Noticias Grupo Recoletas","description":"Grupo Recoletas","potentialAction":[{"@type":"SearchAction","target":{"@type":"EntryPoint","urlTemplate":"https:\/\/www.gruporecoletas.com\/noticias\/?s={search_term_string}"},"query-input":{"@type":"PropertyValueSpecification","valueRequired":true,"valueName":"search_term_string"}}],"inLanguage":"es"},{"@type":"Person","@id":"https:\/\/www.gruporecoletas.com\/noticias\/#\/schema\/person\/3c6ac429828d1f5e3d3bd99f4da9b02c","name":"Recoletas Red Hospitalaria","url":"https:\/\/www.gruporecoletas.com\/noticias\/author\/comunicacion\/"}]}},"_links":{"self":[{"href":"https:\/\/www.gruporecoletas.com\/noticias\/wp-json\/wp\/v2\/posts\/15856","targetHints":{"allow":["GET"]}}],"collection":[{"href":"https:\/\/www.gruporecoletas.com\/noticias\/wp-json\/wp\/v2\/posts"}],"about":[{"href":"https:\/\/www.gruporecoletas.com\/noticias\/wp-json\/wp\/v2\/types\/post"}],"author":[{"embeddable":true,"href":"https:\/\/www.gruporecoletas.com\/noticias\/wp-json\/wp\/v2\/users\/2"}],"replies":[{"embeddable":true,"href":"https:\/\/www.gruporecoletas.com\/noticias\/wp-json\/wp\/v2\/comments?post=15856"}],"version-history":[{"count":1,"href":"https:\/\/www.gruporecoletas.com\/noticias\/wp-json\/wp\/v2\/posts\/15856\/revisions"}],"predecessor-version":[{"id":15860,"href":"https:\/\/www.gruporecoletas.com\/noticias\/wp-json\/wp\/v2\/posts\/15856\/revisions\/15860"}],"wp:featuredmedia":[{"embeddable":true,"href":"https:\/\/www.gruporecoletas.com\/noticias\/wp-json\/wp\/v2\/media\/15859"}],"wp:attachment":[{"href":"https:\/\/www.gruporecoletas.com\/noticias\/wp-json\/wp\/v2\/media?parent=15856"}],"wp:term":[{"taxonomy":"category","embeddable":true,"href":"https:\/\/www.gruporecoletas.com\/noticias\/wp-json\/wp\/v2\/categories?post=15856"},{"taxonomy":"post_tag","embeddable":true,"href":"https:\/\/www.gruporecoletas.com\/noticias\/wp-json\/wp\/v2\/tags?post=15856"}],"curies":[{"name":"wp","href":"https:\/\/api.w.org\/{rel}","templated":true}]}}