{"id":15933,"date":"2023-03-16T13:00:03","date_gmt":"2023-03-16T12:00:03","guid":{"rendered":"https:\/\/www.gruporecoletas.com\/noticias\/?p=15933"},"modified":"2023-03-16T13:00:04","modified_gmt":"2023-03-16T12:00:04","slug":"hospital-recoletas-zamora-participa-jornadas-infosalud","status":"publish","type":"post","link":"https:\/\/www.gruporecoletas.com\/noticias\/hospital-recoletas-zamora-participa-jornadas-infosalud\/","title":{"rendered":"El Hospital Recoletas Zamora participa en las Jornadas de Infosalud"},"content":{"rendered":"\n<p>El Hospital Recoletas Zamora colabora en las jornadas de Infosalud organizadas por la Fundaci\u00f3n Caja Rural con la participaci\u00f3n de tres especialistas que disertar\u00e1n sobre aparato digestivo, traumatolog\u00eda y cardiolog\u00eda, cumpliendo con el objetivo de divulgaci\u00f3n y prevenci\u00f3n marcado para la realizaci\u00f3n de estos ciclos de salud.<\/p>\n\n\n\n<p>Las jornadas que han presentado hoy en rueda de prensa el gerente del Hospital Recoletas Zamora, \u00d3scar Iglesias, y el secretario de la Fundaci\u00f3n Caja Rural de Zamora, Feliciano Ferrero, se celebrar\u00e1n los d\u00edas 21, 22 y 23 de marzo en el Paraninfo del Colegio Universitario de Zamora a las 20.00 horas con entrada libre hasta completar aforo.<\/p>\n\n\n\n<p>La primera de las charlas, el 21 de marzo, titulada \u201cDolor abdominal. \u00bfPor qu\u00e9 me duele? \u00bfEs grave?\u201d correr\u00e1 a cargo de la Dra. Laura Albarr\u00e1n, especialista de Aparato Digestivo del Hospital Recoletas.&nbsp;<\/p>\n\n\n\n<p>Al d\u00eda siguiente, el mi\u00e9rcoles, 22 de marzo, la Dra. Victoria G\u00f3mez, especialista en traumatolog\u00eda del Hospital Recoletas abordar\u00e1 las lesiones m\u00e1s frecuentes en su especialidad en una charla bajo el t\u00edtulo \u201cTraumatolog\u00eda y lesiones frecuentes en la poblaci\u00f3n\u201d.<\/p>\n\n\n\n<p>Por \u00faltimo, el jueves 23 de marzo, se cerrar\u00e1 el ciclo de charlas vinculadas a la salud con una exposici\u00f3n sobre el programa de salud rural Pulso Vital que Recoletas puso en marcha el pasado mes de septiembre.<\/p>\n\n\n\n<p>Bajo el t\u00edtulo \u201cPulso Vital. Estrategia de prevenci\u00f3n de ictus\u201d, el cardi\u00f3logo y director m\u00e9dico de este proyecto, el Dr. Jos\u00e9 Luis Santos, ofrecer\u00e1 un balance con los datos actualizados de este innovador programa de prevenci\u00f3n del ictus a trav\u00e9s de la detecci\u00f3n precoz de la fibrilaci\u00f3n auricular que est\u00e1 cumpliendo con el objetivo con el que naci\u00f3: que la poblaci\u00f3n zamorana tenga acceso de forma f\u00e1cil y gratuita a realizarse controles peri\u00f3dicos de salud cardiaca, especialmente en aquellos n\u00facleos rurales con un alto porcentaje de poblaci\u00f3n envejecida y que ha convertido a Zamora en la primera provincia cardioprotegida de Espa\u00f1a.<\/p>\n\n\n\n<p><strong>Responsabilidad Social Corporativa<\/strong><\/p>\n\n\n\n<p>Estas jornadas se enmarcan dentro de las acciones de Responsabilidad Social Corporativa de Recoletas en su compromiso con la promoci\u00f3n de contenidos relacionados con la prevenci\u00f3n, divulgaci\u00f3n y h\u00e1bitos saludables, cumpliendo as\u00ed con el Objetivo 3 de la Agenda 2030: Garantizar una vida sana y promover el bienestar en todas las edades es esencial para el desarrollo sostenible.<\/p>\n","protected":false},"excerpt":{"rendered":"<p>El Hospital Recoletas Zamora colabora en las jornadas de Infosalud organizadas por la Fundaci\u00f3n Caja Rural con la participaci\u00f3n de tres especialistas que disertar\u00e1n sobre aparato digestivo, traumatolog\u00eda y cardiolog\u00eda, cumpliendo con el objetivo de divulgaci\u00f3n y prevenci\u00f3n marcado para la realizaci\u00f3n de estos ciclos de salud. Las jornadas que han presentado hoy en rueda [&hellip;]<\/p>\n","protected":false},"author":2,"featured_media":15938,"comment_status":"closed","ping_status":"closed","sticky":false,"template":"","format":"standard","meta":{"_acf_changed":false,"footnotes":""},"categories":[43,1,16,9,21],"tags":[3248,3277,3361,3234],"class_list":["post-15933","post","type-post","status-publish","format-standard","has-post-thumbnail","hentry","category-centros","category-grupo-recoletas","category-hrza","category-publicaciones","category-zamora","tag-aparato-digestivo","tag-pulso-vital","tag-rsc","tag-traumatologia"],"acf":[],"yoast_head":"<!-- This site is optimized with the Yoast SEO Premium plugin v27.3 (Yoast SEO v27.3) - https:\/\/yoast.com\/product\/yoast-seo-premium-wordpress\/ -->\n<title>El Hospital Recoletas Zamora participa en las Jornadas de Infosalud - Noticias Grupo Recoletas<\/title>\n<meta name=\"description\" content=\"Tres especialistas del Hospital Recoletas Zamora disertar\u00e1n sobre aparato digestivo, traumatolog\u00eda y cardiolog\u00eda con un marcado car\u00e1cter divulgativo\" \/>\n<meta name=\"robots\" content=\"index, follow, max-snippet:-1, max-image-preview:large, max-video-preview:-1\" \/>\n<link rel=\"canonical\" href=\"https:\/\/www.gruporecoletas.com\/noticias\/hospital-recoletas-zamora-participa-jornadas-infosalud\/\" \/>\n<meta property=\"og:locale\" content=\"es_ES\" \/>\n<meta property=\"og:type\" content=\"article\" \/>\n<meta property=\"og:title\" content=\"El Hospital Recoletas Zamora participa en las Jornadas de Infosalud\" \/>\n<meta property=\"og:description\" content=\"Tres especialistas del Hospital Recoletas Zamora disertar\u00e1n sobre aparato digestivo, traumatolog\u00eda y cardiolog\u00eda con un marcado car\u00e1cter divulgativo\" \/>\n<meta property=\"og:url\" content=\"https:\/\/www.gruporecoletas.com\/noticias\/hospital-recoletas-zamora-participa-jornadas-infosalud\/\" \/>\n<meta property=\"og:site_name\" content=\"Noticias Grupo Recoletas\" \/>\n<meta property=\"article:publisher\" content=\"https:\/\/www.facebook.com\/GrupoRecoletas\/\" \/>\n<meta property=\"article:published_time\" content=\"2023-03-16T12:00:03+00:00\" \/>\n<meta property=\"article:modified_time\" content=\"2023-03-16T12:00:04+00:00\" \/>\n<meta property=\"og:image\" content=\"https:\/\/www.gruporecoletas.com\/noticias\/wp-content\/uploads\/2023\/03\/JORNADAS-INFOSALUD.png\" \/>\n\t<meta property=\"og:image:width\" content=\"1366\" \/>\n\t<meta property=\"og:image:height\" content=\"768\" \/>\n\t<meta property=\"og:image:type\" content=\"image\/png\" \/>\n<meta name=\"author\" content=\"Recoletas Red Hospitalaria\" \/>\n<meta name=\"twitter:card\" content=\"summary_large_image\" \/>\n<meta name=\"twitter:creator\" content=\"@GrupoRecoletas\" \/>\n<meta name=\"twitter:site\" content=\"@GrupoRecoletas\" \/>\n<meta name=\"twitter:label1\" content=\"Escrito por\" \/>\n\t<meta name=\"twitter:data1\" content=\"Recoletas Red Hospitalaria\" \/>\n\t<meta name=\"twitter:label2\" content=\"Tiempo de lectura\" \/>\n\t<meta name=\"twitter:data2\" content=\"2 minutos\" \/>\n<script type=\"application\/ld+json\" class=\"yoast-schema-graph\">{\"@context\":\"https:\\\/\\\/schema.org\",\"@graph\":[{\"@type\":\"Article\",\"@id\":\"https:\\\/\\\/www.gruporecoletas.com\\\/noticias\\\/hospital-recoletas-zamora-participa-jornadas-infosalud\\\/#article\",\"isPartOf\":{\"@id\":\"https:\\\/\\\/www.gruporecoletas.com\\\/noticias\\\/hospital-recoletas-zamora-participa-jornadas-infosalud\\\/\"},\"author\":{\"name\":\"Recoletas Red Hospitalaria\",\"@id\":\"https:\\\/\\\/www.gruporecoletas.com\\\/noticias\\\/#\\\/schema\\\/person\\\/3c6ac429828d1f5e3d3bd99f4da9b02c\"},\"headline\":\"El Hospital Recoletas Zamora participa en las Jornadas de Infosalud\",\"datePublished\":\"2023-03-16T12:00:03+00:00\",\"dateModified\":\"2023-03-16T12:00:04+00:00\",\"mainEntityOfPage\":{\"@id\":\"https:\\\/\\\/www.gruporecoletas.com\\\/noticias\\\/hospital-recoletas-zamora-participa-jornadas-infosalud\\\/\"},\"wordCount\":418,\"image\":{\"@id\":\"https:\\\/\\\/www.gruporecoletas.com\\\/noticias\\\/hospital-recoletas-zamora-participa-jornadas-infosalud\\\/#primaryimage\"},\"thumbnailUrl\":\"https:\\\/\\\/www.gruporecoletas.com\\\/noticias\\\/wp-content\\\/uploads\\\/2023\\\/03\\\/JORNADAS-INFOSALUD.png\",\"keywords\":[\"Aparato digestivo\",\"pulso vital\",\"RSC\",\"Traumatolog\u00eda\"],\"articleSection\":[\"Centros\",\"Grupo Recoletas\",\"HRZA\",\"Publicaciones\",\"Zamora\"],\"inLanguage\":\"es\"},{\"@type\":\"WebPage\",\"@id\":\"https:\\\/\\\/www.gruporecoletas.com\\\/noticias\\\/hospital-recoletas-zamora-participa-jornadas-infosalud\\\/\",\"url\":\"https:\\\/\\\/www.gruporecoletas.com\\\/noticias\\\/hospital-recoletas-zamora-participa-jornadas-infosalud\\\/\",\"name\":\"El Hospital Recoletas Zamora participa en las Jornadas de Infosalud - Noticias Grupo Recoletas\",\"isPartOf\":{\"@id\":\"https:\\\/\\\/www.gruporecoletas.com\\\/noticias\\\/#website\"},\"primaryImageOfPage\":{\"@id\":\"https:\\\/\\\/www.gruporecoletas.com\\\/noticias\\\/hospital-recoletas-zamora-participa-jornadas-infosalud\\\/#primaryimage\"},\"image\":{\"@id\":\"https:\\\/\\\/www.gruporecoletas.com\\\/noticias\\\/hospital-recoletas-zamora-participa-jornadas-infosalud\\\/#primaryimage\"},\"thumbnailUrl\":\"https:\\\/\\\/www.gruporecoletas.com\\\/noticias\\\/wp-content\\\/uploads\\\/2023\\\/03\\\/JORNADAS-INFOSALUD.png\",\"datePublished\":\"2023-03-16T12:00:03+00:00\",\"dateModified\":\"2023-03-16T12:00:04+00:00\",\"author\":{\"@id\":\"https:\\\/\\\/www.gruporecoletas.com\\\/noticias\\\/#\\\/schema\\\/person\\\/3c6ac429828d1f5e3d3bd99f4da9b02c\"},\"description\":\"Tres especialistas del Hospital Recoletas Zamora disertar\u00e1n sobre aparato digestivo, traumatolog\u00eda y cardiolog\u00eda con un marcado car\u00e1cter divulgativo\",\"breadcrumb\":{\"@id\":\"https:\\\/\\\/www.gruporecoletas.com\\\/noticias\\\/hospital-recoletas-zamora-participa-jornadas-infosalud\\\/#breadcrumb\"},\"inLanguage\":\"es\",\"potentialAction\":[{\"@type\":\"ReadAction\",\"target\":[\"https:\\\/\\\/www.gruporecoletas.com\\\/noticias\\\/hospital-recoletas-zamora-participa-jornadas-infosalud\\\/\"]}]},{\"@type\":\"ImageObject\",\"inLanguage\":\"es\",\"@id\":\"https:\\\/\\\/www.gruporecoletas.com\\\/noticias\\\/hospital-recoletas-zamora-participa-jornadas-infosalud\\\/#primaryimage\",\"url\":\"https:\\\/\\\/www.gruporecoletas.com\\\/noticias\\\/wp-content\\\/uploads\\\/2023\\\/03\\\/JORNADAS-INFOSALUD.png\",\"contentUrl\":\"https:\\\/\\\/www.gruporecoletas.com\\\/noticias\\\/wp-content\\\/uploads\\\/2023\\\/03\\\/JORNADAS-INFOSALUD.png\",\"width\":1366,\"height\":768,\"caption\":\"l Hospital Recoletas Zamora colabora en las jornadas de Infosalud organizadas por la Fundaci\u00f3n Caja Rural con la participaci\u00f3n de tres especialistas que disertar\u00e1n sobre aparato digestivo, traumatolog\u00eda y cardiolog\u00eda, cumpliendo con el objetivo de divulgaci\u00f3n y prevenci\u00f3n marcado para la realizaci\u00f3n de estos ciclos de salud.\"},{\"@type\":\"BreadcrumbList\",\"@id\":\"https:\\\/\\\/www.gruporecoletas.com\\\/noticias\\\/hospital-recoletas-zamora-participa-jornadas-infosalud\\\/#breadcrumb\",\"itemListElement\":[{\"@type\":\"ListItem\",\"position\":1,\"name\":\"Portada\",\"item\":\"https:\\\/\\\/www.gruporecoletas.com\\\/noticias\\\/\"},{\"@type\":\"ListItem\",\"position\":2,\"name\":\"El Hospital Recoletas Zamora participa en las Jornadas de Infosalud\"}]},{\"@type\":\"WebSite\",\"@id\":\"https:\\\/\\\/www.gruporecoletas.com\\\/noticias\\\/#website\",\"url\":\"https:\\\/\\\/www.gruporecoletas.com\\\/noticias\\\/\",\"name\":\"Noticias Grupo Recoletas\",\"description\":\"Grupo Recoletas\",\"potentialAction\":[{\"@type\":\"SearchAction\",\"target\":{\"@type\":\"EntryPoint\",\"urlTemplate\":\"https:\\\/\\\/www.gruporecoletas.com\\\/noticias\\\/?s={search_term_string}\"},\"query-input\":{\"@type\":\"PropertyValueSpecification\",\"valueRequired\":true,\"valueName\":\"search_term_string\"}}],\"inLanguage\":\"es\"},{\"@type\":\"Person\",\"@id\":\"https:\\\/\\\/www.gruporecoletas.com\\\/noticias\\\/#\\\/schema\\\/person\\\/3c6ac429828d1f5e3d3bd99f4da9b02c\",\"name\":\"Recoletas Red Hospitalaria\",\"url\":\"https:\\\/\\\/www.gruporecoletas.com\\\/noticias\\\/author\\\/comunicacion\\\/\"}]}<\/script>\n<!-- \/ Yoast SEO Premium plugin. -->","yoast_head_json":{"title":"El Hospital Recoletas Zamora participa en las Jornadas de Infosalud - Noticias Grupo Recoletas","description":"Tres especialistas del Hospital Recoletas Zamora disertar\u00e1n sobre aparato digestivo, traumatolog\u00eda y cardiolog\u00eda con un marcado car\u00e1cter divulgativo","robots":{"index":"index","follow":"follow","max-snippet":"max-snippet:-1","max-image-preview":"max-image-preview:large","max-video-preview":"max-video-preview:-1"},"canonical":"https:\/\/www.gruporecoletas.com\/noticias\/hospital-recoletas-zamora-participa-jornadas-infosalud\/","og_locale":"es_ES","og_type":"article","og_title":"El Hospital Recoletas Zamora participa en las Jornadas de Infosalud","og_description":"Tres especialistas del Hospital Recoletas Zamora disertar\u00e1n sobre aparato digestivo, traumatolog\u00eda y cardiolog\u00eda con un marcado car\u00e1cter divulgativo","og_url":"https:\/\/www.gruporecoletas.com\/noticias\/hospital-recoletas-zamora-participa-jornadas-infosalud\/","og_site_name":"Noticias Grupo Recoletas","article_publisher":"https:\/\/www.facebook.com\/GrupoRecoletas\/","article_published_time":"2023-03-16T12:00:03+00:00","article_modified_time":"2023-03-16T12:00:04+00:00","og_image":[{"width":1366,"height":768,"url":"https:\/\/www.gruporecoletas.com\/noticias\/wp-content\/uploads\/2023\/03\/JORNADAS-INFOSALUD.png","type":"image\/png"}],"author":"Recoletas Red Hospitalaria","twitter_card":"summary_large_image","twitter_creator":"@GrupoRecoletas","twitter_site":"@GrupoRecoletas","twitter_misc":{"Escrito por":"Recoletas Red Hospitalaria","Tiempo de lectura":"2 minutos"},"schema":{"@context":"https:\/\/schema.org","@graph":[{"@type":"Article","@id":"https:\/\/www.gruporecoletas.com\/noticias\/hospital-recoletas-zamora-participa-jornadas-infosalud\/#article","isPartOf":{"@id":"https:\/\/www.gruporecoletas.com\/noticias\/hospital-recoletas-zamora-participa-jornadas-infosalud\/"},"author":{"name":"Recoletas Red Hospitalaria","@id":"https:\/\/www.gruporecoletas.com\/noticias\/#\/schema\/person\/3c6ac429828d1f5e3d3bd99f4da9b02c"},"headline":"El Hospital Recoletas Zamora participa en las Jornadas de Infosalud","datePublished":"2023-03-16T12:00:03+00:00","dateModified":"2023-03-16T12:00:04+00:00","mainEntityOfPage":{"@id":"https:\/\/www.gruporecoletas.com\/noticias\/hospital-recoletas-zamora-participa-jornadas-infosalud\/"},"wordCount":418,"image":{"@id":"https:\/\/www.gruporecoletas.com\/noticias\/hospital-recoletas-zamora-participa-jornadas-infosalud\/#primaryimage"},"thumbnailUrl":"https:\/\/www.gruporecoletas.com\/noticias\/wp-content\/uploads\/2023\/03\/JORNADAS-INFOSALUD.png","keywords":["Aparato digestivo","pulso vital","RSC","Traumatolog\u00eda"],"articleSection":["Centros","Grupo Recoletas","HRZA","Publicaciones","Zamora"],"inLanguage":"es"},{"@type":"WebPage","@id":"https:\/\/www.gruporecoletas.com\/noticias\/hospital-recoletas-zamora-participa-jornadas-infosalud\/","url":"https:\/\/www.gruporecoletas.com\/noticias\/hospital-recoletas-zamora-participa-jornadas-infosalud\/","name":"El Hospital Recoletas Zamora participa en las Jornadas de Infosalud - Noticias Grupo Recoletas","isPartOf":{"@id":"https:\/\/www.gruporecoletas.com\/noticias\/#website"},"primaryImageOfPage":{"@id":"https:\/\/www.gruporecoletas.com\/noticias\/hospital-recoletas-zamora-participa-jornadas-infosalud\/#primaryimage"},"image":{"@id":"https:\/\/www.gruporecoletas.com\/noticias\/hospital-recoletas-zamora-participa-jornadas-infosalud\/#primaryimage"},"thumbnailUrl":"https:\/\/www.gruporecoletas.com\/noticias\/wp-content\/uploads\/2023\/03\/JORNADAS-INFOSALUD.png","datePublished":"2023-03-16T12:00:03+00:00","dateModified":"2023-03-16T12:00:04+00:00","author":{"@id":"https:\/\/www.gruporecoletas.com\/noticias\/#\/schema\/person\/3c6ac429828d1f5e3d3bd99f4da9b02c"},"description":"Tres especialistas del Hospital Recoletas Zamora disertar\u00e1n sobre aparato digestivo, traumatolog\u00eda y cardiolog\u00eda con un marcado car\u00e1cter divulgativo","breadcrumb":{"@id":"https:\/\/www.gruporecoletas.com\/noticias\/hospital-recoletas-zamora-participa-jornadas-infosalud\/#breadcrumb"},"inLanguage":"es","potentialAction":[{"@type":"ReadAction","target":["https:\/\/www.gruporecoletas.com\/noticias\/hospital-recoletas-zamora-participa-jornadas-infosalud\/"]}]},{"@type":"ImageObject","inLanguage":"es","@id":"https:\/\/www.gruporecoletas.com\/noticias\/hospital-recoletas-zamora-participa-jornadas-infosalud\/#primaryimage","url":"https:\/\/www.gruporecoletas.com\/noticias\/wp-content\/uploads\/2023\/03\/JORNADAS-INFOSALUD.png","contentUrl":"https:\/\/www.gruporecoletas.com\/noticias\/wp-content\/uploads\/2023\/03\/JORNADAS-INFOSALUD.png","width":1366,"height":768,"caption":"l Hospital Recoletas Zamora colabora en las jornadas de Infosalud organizadas por la Fundaci\u00f3n Caja Rural con la participaci\u00f3n de tres especialistas que disertar\u00e1n sobre aparato digestivo, traumatolog\u00eda y cardiolog\u00eda, cumpliendo con el objetivo de divulgaci\u00f3n y prevenci\u00f3n marcado para la realizaci\u00f3n de estos ciclos de salud."},{"@type":"BreadcrumbList","@id":"https:\/\/www.gruporecoletas.com\/noticias\/hospital-recoletas-zamora-participa-jornadas-infosalud\/#breadcrumb","itemListElement":[{"@type":"ListItem","position":1,"name":"Portada","item":"https:\/\/www.gruporecoletas.com\/noticias\/"},{"@type":"ListItem","position":2,"name":"El Hospital Recoletas Zamora participa en las Jornadas de Infosalud"}]},{"@type":"WebSite","@id":"https:\/\/www.gruporecoletas.com\/noticias\/#website","url":"https:\/\/www.gruporecoletas.com\/noticias\/","name":"Noticias Grupo Recoletas","description":"Grupo Recoletas","potentialAction":[{"@type":"SearchAction","target":{"@type":"EntryPoint","urlTemplate":"https:\/\/www.gruporecoletas.com\/noticias\/?s={search_term_string}"},"query-input":{"@type":"PropertyValueSpecification","valueRequired":true,"valueName":"search_term_string"}}],"inLanguage":"es"},{"@type":"Person","@id":"https:\/\/www.gruporecoletas.com\/noticias\/#\/schema\/person\/3c6ac429828d1f5e3d3bd99f4da9b02c","name":"Recoletas Red Hospitalaria","url":"https:\/\/www.gruporecoletas.com\/noticias\/author\/comunicacion\/"}]}},"_links":{"self":[{"href":"https:\/\/www.gruporecoletas.com\/noticias\/wp-json\/wp\/v2\/posts\/15933","targetHints":{"allow":["GET"]}}],"collection":[{"href":"https:\/\/www.gruporecoletas.com\/noticias\/wp-json\/wp\/v2\/posts"}],"about":[{"href":"https:\/\/www.gruporecoletas.com\/noticias\/wp-json\/wp\/v2\/types\/post"}],"author":[{"embeddable":true,"href":"https:\/\/www.gruporecoletas.com\/noticias\/wp-json\/wp\/v2\/users\/2"}],"replies":[{"embeddable":true,"href":"https:\/\/www.gruporecoletas.com\/noticias\/wp-json\/wp\/v2\/comments?post=15933"}],"version-history":[{"count":1,"href":"https:\/\/www.gruporecoletas.com\/noticias\/wp-json\/wp\/v2\/posts\/15933\/revisions"}],"predecessor-version":[{"id":15934,"href":"https:\/\/www.gruporecoletas.com\/noticias\/wp-json\/wp\/v2\/posts\/15933\/revisions\/15934"}],"wp:featuredmedia":[{"embeddable":true,"href":"https:\/\/www.gruporecoletas.com\/noticias\/wp-json\/wp\/v2\/media\/15938"}],"wp:attachment":[{"href":"https:\/\/www.gruporecoletas.com\/noticias\/wp-json\/wp\/v2\/media?parent=15933"}],"wp:term":[{"taxonomy":"category","embeddable":true,"href":"https:\/\/www.gruporecoletas.com\/noticias\/wp-json\/wp\/v2\/categories?post=15933"},{"taxonomy":"post_tag","embeddable":true,"href":"https:\/\/www.gruporecoletas.com\/noticias\/wp-json\/wp\/v2\/tags?post=15933"}],"curies":[{"name":"wp","href":"https:\/\/api.w.org\/{rel}","templated":true}]}}