{"id":15935,"date":"2023-03-16T11:27:55","date_gmt":"2023-03-16T10:27:55","guid":{"rendered":"https:\/\/www.gruporecoletas.com\/noticias\/?p=15935"},"modified":"2023-03-16T11:27:56","modified_gmt":"2023-03-16T10:27:56","slug":"dr-joshi-participa-simposio-internacional-implantologia-avanzada","status":"publish","type":"post","link":"https:\/\/www.gruporecoletas.com\/noticias\/dr-joshi-participa-simposio-internacional-implantologia-avanzada\/","title":{"rendered":"El Dr. Joshi participa en el 9\u00ba Simposio Internacional de Implantolog\u00eda Avanzada"},"content":{"rendered":"\n<p>El Dr. Joshi Otero, especialista en cirug\u00eda oral y maxilofacial del Centro M\u00e9dico Recoletas Calzadas en Burgos, participa en el 9\u00ba Simposio Internacional de Implantolog\u00eda Avanzada, organizado por la  Sociedad Espa\u00f1ola de Cirug\u00eda Oral y Maxilofacial y de Cabeza y Cuello (SECOMCyC) en Oviedo, para presentar una serie de ocho casos complejos de rehabilitaci\u00f3n oral en maxilares atr\u00f3ficos usando implantes monocorticales subperi\u00f3sticos AMSJI.<\/p>\n\n\n\n<p>Estos implantes dise\u00f1ados en titanio mediante tecnolog\u00eda 3D son una novedosa t\u00e9cnica, poco invasiva, que permite realizar implantes dentales en pacientes que presentan una atrofia severa de la estructura \u00f3sea. Un gran avance para ofrecer soluciones a pacientes en lo que no se pueden realizar implantes convencionales cl\u00e1sicos.<\/p>\n\n\n\n<p>La principal ventaja de estos implantes es que se colocan en el hueso maxilar o en la mand\u00edbula de una forma relativamente sencilla y en un \u00fanico procedimiento el paciente sale del quir\u00f3fano con una pr\u00f3tesis dental fija.<\/p>\n\n\n\n<p>Hasta la fecha, se ha realizado con \u00e9xito en el Centro M\u00e9dico Recoletas Calzadas una de las mayores series de implantes monocorticales subperi\u00f3sticos AMSJI de Espa\u00f1a.<\/p>\n","protected":false},"excerpt":{"rendered":"<p>El Dr. Joshi Otero, especialista en cirug\u00eda oral y maxilofacial del Centro M\u00e9dico Recoletas Calzadas en Burgos, participa en el 9\u00ba Simposio Internacional de Implantolog\u00eda Avanzada, organizado por la Sociedad Espa\u00f1ola de Cirug\u00eda Oral y Maxilofacial y de Cabeza y Cuello (SECOMCyC) en Oviedo, para presentar una serie de ocho casos complejos de rehabilitaci\u00f3n oral [&hellip;]<\/p>\n","protected":false},"author":2,"featured_media":15936,"comment_status":"closed","ping_status":"closed","sticky":false,"template":"","format":"standard","meta":{"_acf_changed":false,"footnotes":""},"categories":[10,43,1,31,3282,9],"tags":[1114,2278],"class_list":["post-15935","post","type-post","status-publish","format-standard","has-post-thumbnail","hentry","category-burgos","category-centros","category-grupo-recoletas","category-hrbu","category-id","category-publicaciones","tag-cirugia-oral-y-maxilofacial","tag-tratamientos"],"acf":[],"yoast_head":"<!-- This site is optimized with the Yoast SEO Premium plugin v27.3 (Yoast SEO v27.3) - https:\/\/yoast.com\/product\/yoast-seo-premium-wordpress\/ -->\n<title>El Dr. Joshi participa en el 9\u00ba Simposio Internacional de Implantolog\u00eda Avanzada - Noticias Grupo Recoletas<\/title>\n<meta name=\"description\" content=\"El especialista del Centro M\u00e9dico Recoletas Calzadas ha presentado una serie de ocho casos complejos de rehabilitaci\u00f3n oral en maxilares atr\u00f3ficos.\" \/>\n<meta name=\"robots\" content=\"index, follow, max-snippet:-1, max-image-preview:large, max-video-preview:-1\" \/>\n<link rel=\"canonical\" href=\"https:\/\/www.gruporecoletas.com\/noticias\/dr-joshi-participa-simposio-internacional-implantologia-avanzada\/\" \/>\n<meta property=\"og:locale\" content=\"es_ES\" \/>\n<meta property=\"og:type\" content=\"article\" \/>\n<meta property=\"og:title\" content=\"El Dr. Joshi participa en el 9\u00ba Simposio Internacional de Implantolog\u00eda Avanzada\" \/>\n<meta property=\"og:description\" content=\"El especialista del Centro M\u00e9dico Recoletas Calzadas ha presentado una serie de ocho casos complejos de rehabilitaci\u00f3n oral en maxilares atr\u00f3ficos.\" \/>\n<meta property=\"og:url\" content=\"https:\/\/www.gruporecoletas.com\/noticias\/dr-joshi-participa-simposio-internacional-implantologia-avanzada\/\" \/>\n<meta property=\"og:site_name\" content=\"Noticias Grupo Recoletas\" \/>\n<meta property=\"article:publisher\" content=\"https:\/\/www.facebook.com\/GrupoRecoletas\/\" \/>\n<meta property=\"article:published_time\" content=\"2023-03-16T10:27:55+00:00\" \/>\n<meta property=\"article:modified_time\" content=\"2023-03-16T10:27:56+00:00\" \/>\n<meta property=\"og:image\" content=\"https:\/\/www.gruporecoletas.com\/noticias\/wp-content\/uploads\/2023\/03\/DR-JPSHI-WEB.png\" \/>\n\t<meta property=\"og:image:width\" content=\"1366\" \/>\n\t<meta property=\"og:image:height\" content=\"768\" \/>\n\t<meta property=\"og:image:type\" content=\"image\/png\" \/>\n<meta name=\"author\" content=\"Recoletas Red Hospitalaria\" \/>\n<meta name=\"twitter:card\" content=\"summary_large_image\" \/>\n<meta name=\"twitter:creator\" content=\"@GrupoRecoletas\" \/>\n<meta name=\"twitter:site\" content=\"@GrupoRecoletas\" \/>\n<meta name=\"twitter:label1\" content=\"Escrito por\" \/>\n\t<meta name=\"twitter:data1\" content=\"Recoletas Red Hospitalaria\" \/>\n\t<meta name=\"twitter:label2\" content=\"Tiempo de lectura\" \/>\n\t<meta name=\"twitter:data2\" content=\"1 minuto\" \/>\n<script type=\"application\/ld+json\" class=\"yoast-schema-graph\">{\"@context\":\"https:\\\/\\\/schema.org\",\"@graph\":[{\"@type\":\"Article\",\"@id\":\"https:\\\/\\\/www.gruporecoletas.com\\\/noticias\\\/dr-joshi-participa-simposio-internacional-implantologia-avanzada\\\/#article\",\"isPartOf\":{\"@id\":\"https:\\\/\\\/www.gruporecoletas.com\\\/noticias\\\/dr-joshi-participa-simposio-internacional-implantologia-avanzada\\\/\"},\"author\":{\"name\":\"Recoletas Red Hospitalaria\",\"@id\":\"https:\\\/\\\/www.gruporecoletas.com\\\/noticias\\\/#\\\/schema\\\/person\\\/3c6ac429828d1f5e3d3bd99f4da9b02c\"},\"headline\":\"El Dr. Joshi participa en el 9\u00ba Simposio Internacional de Implantolog\u00eda Avanzada\",\"datePublished\":\"2023-03-16T10:27:55+00:00\",\"dateModified\":\"2023-03-16T10:27:56+00:00\",\"mainEntityOfPage\":{\"@id\":\"https:\\\/\\\/www.gruporecoletas.com\\\/noticias\\\/dr-joshi-participa-simposio-internacional-implantologia-avanzada\\\/\"},\"wordCount\":204,\"image\":{\"@id\":\"https:\\\/\\\/www.gruporecoletas.com\\\/noticias\\\/dr-joshi-participa-simposio-internacional-implantologia-avanzada\\\/#primaryimage\"},\"thumbnailUrl\":\"https:\\\/\\\/www.gruporecoletas.com\\\/noticias\\\/wp-content\\\/uploads\\\/2023\\\/03\\\/DR-JPSHI-WEB.png\",\"keywords\":[\"Cirug\u00eda Oral y Maxilofacial\",\"tratamientos\"],\"articleSection\":[\"Burgos\",\"Centros\",\"Grupo Recoletas\",\"HRBU\",\"I+D\",\"Publicaciones\"],\"inLanguage\":\"es\"},{\"@type\":\"WebPage\",\"@id\":\"https:\\\/\\\/www.gruporecoletas.com\\\/noticias\\\/dr-joshi-participa-simposio-internacional-implantologia-avanzada\\\/\",\"url\":\"https:\\\/\\\/www.gruporecoletas.com\\\/noticias\\\/dr-joshi-participa-simposio-internacional-implantologia-avanzada\\\/\",\"name\":\"El Dr. Joshi participa en el 9\u00ba Simposio Internacional de Implantolog\u00eda Avanzada - Noticias Grupo Recoletas\",\"isPartOf\":{\"@id\":\"https:\\\/\\\/www.gruporecoletas.com\\\/noticias\\\/#website\"},\"primaryImageOfPage\":{\"@id\":\"https:\\\/\\\/www.gruporecoletas.com\\\/noticias\\\/dr-joshi-participa-simposio-internacional-implantologia-avanzada\\\/#primaryimage\"},\"image\":{\"@id\":\"https:\\\/\\\/www.gruporecoletas.com\\\/noticias\\\/dr-joshi-participa-simposio-internacional-implantologia-avanzada\\\/#primaryimage\"},\"thumbnailUrl\":\"https:\\\/\\\/www.gruporecoletas.com\\\/noticias\\\/wp-content\\\/uploads\\\/2023\\\/03\\\/DR-JPSHI-WEB.png\",\"datePublished\":\"2023-03-16T10:27:55+00:00\",\"dateModified\":\"2023-03-16T10:27:56+00:00\",\"author\":{\"@id\":\"https:\\\/\\\/www.gruporecoletas.com\\\/noticias\\\/#\\\/schema\\\/person\\\/3c6ac429828d1f5e3d3bd99f4da9b02c\"},\"description\":\"El especialista del Centro M\u00e9dico Recoletas Calzadas ha presentado una serie de ocho casos complejos de rehabilitaci\u00f3n oral en maxilares atr\u00f3ficos.\",\"breadcrumb\":{\"@id\":\"https:\\\/\\\/www.gruporecoletas.com\\\/noticias\\\/dr-joshi-participa-simposio-internacional-implantologia-avanzada\\\/#breadcrumb\"},\"inLanguage\":\"es\",\"potentialAction\":[{\"@type\":\"ReadAction\",\"target\":[\"https:\\\/\\\/www.gruporecoletas.com\\\/noticias\\\/dr-joshi-participa-simposio-internacional-implantologia-avanzada\\\/\"]}]},{\"@type\":\"ImageObject\",\"inLanguage\":\"es\",\"@id\":\"https:\\\/\\\/www.gruporecoletas.com\\\/noticias\\\/dr-joshi-participa-simposio-internacional-implantologia-avanzada\\\/#primaryimage\",\"url\":\"https:\\\/\\\/www.gruporecoletas.com\\\/noticias\\\/wp-content\\\/uploads\\\/2023\\\/03\\\/DR-JPSHI-WEB.png\",\"contentUrl\":\"https:\\\/\\\/www.gruporecoletas.com\\\/noticias\\\/wp-content\\\/uploads\\\/2023\\\/03\\\/DR-JPSHI-WEB.png\",\"width\":1366,\"height\":768,\"caption\":\"El Dr. Joshi Otero, especialista en cirug\u00eda oral y maxilofacial del Centro M\u00e9dico Recoletas Calzadas, participa en el 9\u00ba Simposio Internacional de Implantolog\u00eda Avanzada\"},{\"@type\":\"BreadcrumbList\",\"@id\":\"https:\\\/\\\/www.gruporecoletas.com\\\/noticias\\\/dr-joshi-participa-simposio-internacional-implantologia-avanzada\\\/#breadcrumb\",\"itemListElement\":[{\"@type\":\"ListItem\",\"position\":1,\"name\":\"Portada\",\"item\":\"https:\\\/\\\/www.gruporecoletas.com\\\/noticias\\\/\"},{\"@type\":\"ListItem\",\"position\":2,\"name\":\"El Dr. Joshi participa en el 9\u00ba Simposio Internacional de Implantolog\u00eda Avanzada\"}]},{\"@type\":\"WebSite\",\"@id\":\"https:\\\/\\\/www.gruporecoletas.com\\\/noticias\\\/#website\",\"url\":\"https:\\\/\\\/www.gruporecoletas.com\\\/noticias\\\/\",\"name\":\"Noticias Grupo Recoletas\",\"description\":\"Grupo Recoletas\",\"potentialAction\":[{\"@type\":\"SearchAction\",\"target\":{\"@type\":\"EntryPoint\",\"urlTemplate\":\"https:\\\/\\\/www.gruporecoletas.com\\\/noticias\\\/?s={search_term_string}\"},\"query-input\":{\"@type\":\"PropertyValueSpecification\",\"valueRequired\":true,\"valueName\":\"search_term_string\"}}],\"inLanguage\":\"es\"},{\"@type\":\"Person\",\"@id\":\"https:\\\/\\\/www.gruporecoletas.com\\\/noticias\\\/#\\\/schema\\\/person\\\/3c6ac429828d1f5e3d3bd99f4da9b02c\",\"name\":\"Recoletas Red Hospitalaria\",\"url\":\"https:\\\/\\\/www.gruporecoletas.com\\\/noticias\\\/author\\\/comunicacion\\\/\"}]}<\/script>\n<!-- \/ Yoast SEO Premium plugin. -->","yoast_head_json":{"title":"El Dr. Joshi participa en el 9\u00ba Simposio Internacional de Implantolog\u00eda Avanzada - Noticias Grupo Recoletas","description":"El especialista del Centro M\u00e9dico Recoletas Calzadas ha presentado una serie de ocho casos complejos de rehabilitaci\u00f3n oral en maxilares atr\u00f3ficos.","robots":{"index":"index","follow":"follow","max-snippet":"max-snippet:-1","max-image-preview":"max-image-preview:large","max-video-preview":"max-video-preview:-1"},"canonical":"https:\/\/www.gruporecoletas.com\/noticias\/dr-joshi-participa-simposio-internacional-implantologia-avanzada\/","og_locale":"es_ES","og_type":"article","og_title":"El Dr. Joshi participa en el 9\u00ba Simposio Internacional de Implantolog\u00eda Avanzada","og_description":"El especialista del Centro M\u00e9dico Recoletas Calzadas ha presentado una serie de ocho casos complejos de rehabilitaci\u00f3n oral en maxilares atr\u00f3ficos.","og_url":"https:\/\/www.gruporecoletas.com\/noticias\/dr-joshi-participa-simposio-internacional-implantologia-avanzada\/","og_site_name":"Noticias Grupo Recoletas","article_publisher":"https:\/\/www.facebook.com\/GrupoRecoletas\/","article_published_time":"2023-03-16T10:27:55+00:00","article_modified_time":"2023-03-16T10:27:56+00:00","og_image":[{"width":1366,"height":768,"url":"https:\/\/www.gruporecoletas.com\/noticias\/wp-content\/uploads\/2023\/03\/DR-JPSHI-WEB.png","type":"image\/png"}],"author":"Recoletas Red Hospitalaria","twitter_card":"summary_large_image","twitter_creator":"@GrupoRecoletas","twitter_site":"@GrupoRecoletas","twitter_misc":{"Escrito por":"Recoletas Red Hospitalaria","Tiempo de lectura":"1 minuto"},"schema":{"@context":"https:\/\/schema.org","@graph":[{"@type":"Article","@id":"https:\/\/www.gruporecoletas.com\/noticias\/dr-joshi-participa-simposio-internacional-implantologia-avanzada\/#article","isPartOf":{"@id":"https:\/\/www.gruporecoletas.com\/noticias\/dr-joshi-participa-simposio-internacional-implantologia-avanzada\/"},"author":{"name":"Recoletas Red Hospitalaria","@id":"https:\/\/www.gruporecoletas.com\/noticias\/#\/schema\/person\/3c6ac429828d1f5e3d3bd99f4da9b02c"},"headline":"El Dr. Joshi participa en el 9\u00ba Simposio Internacional de Implantolog\u00eda Avanzada","datePublished":"2023-03-16T10:27:55+00:00","dateModified":"2023-03-16T10:27:56+00:00","mainEntityOfPage":{"@id":"https:\/\/www.gruporecoletas.com\/noticias\/dr-joshi-participa-simposio-internacional-implantologia-avanzada\/"},"wordCount":204,"image":{"@id":"https:\/\/www.gruporecoletas.com\/noticias\/dr-joshi-participa-simposio-internacional-implantologia-avanzada\/#primaryimage"},"thumbnailUrl":"https:\/\/www.gruporecoletas.com\/noticias\/wp-content\/uploads\/2023\/03\/DR-JPSHI-WEB.png","keywords":["Cirug\u00eda Oral y Maxilofacial","tratamientos"],"articleSection":["Burgos","Centros","Grupo Recoletas","HRBU","I+D","Publicaciones"],"inLanguage":"es"},{"@type":"WebPage","@id":"https:\/\/www.gruporecoletas.com\/noticias\/dr-joshi-participa-simposio-internacional-implantologia-avanzada\/","url":"https:\/\/www.gruporecoletas.com\/noticias\/dr-joshi-participa-simposio-internacional-implantologia-avanzada\/","name":"El Dr. Joshi participa en el 9\u00ba Simposio Internacional de Implantolog\u00eda Avanzada - Noticias Grupo Recoletas","isPartOf":{"@id":"https:\/\/www.gruporecoletas.com\/noticias\/#website"},"primaryImageOfPage":{"@id":"https:\/\/www.gruporecoletas.com\/noticias\/dr-joshi-participa-simposio-internacional-implantologia-avanzada\/#primaryimage"},"image":{"@id":"https:\/\/www.gruporecoletas.com\/noticias\/dr-joshi-participa-simposio-internacional-implantologia-avanzada\/#primaryimage"},"thumbnailUrl":"https:\/\/www.gruporecoletas.com\/noticias\/wp-content\/uploads\/2023\/03\/DR-JPSHI-WEB.png","datePublished":"2023-03-16T10:27:55+00:00","dateModified":"2023-03-16T10:27:56+00:00","author":{"@id":"https:\/\/www.gruporecoletas.com\/noticias\/#\/schema\/person\/3c6ac429828d1f5e3d3bd99f4da9b02c"},"description":"El especialista del Centro M\u00e9dico Recoletas Calzadas ha presentado una serie de ocho casos complejos de rehabilitaci\u00f3n oral en maxilares atr\u00f3ficos.","breadcrumb":{"@id":"https:\/\/www.gruporecoletas.com\/noticias\/dr-joshi-participa-simposio-internacional-implantologia-avanzada\/#breadcrumb"},"inLanguage":"es","potentialAction":[{"@type":"ReadAction","target":["https:\/\/www.gruporecoletas.com\/noticias\/dr-joshi-participa-simposio-internacional-implantologia-avanzada\/"]}]},{"@type":"ImageObject","inLanguage":"es","@id":"https:\/\/www.gruporecoletas.com\/noticias\/dr-joshi-participa-simposio-internacional-implantologia-avanzada\/#primaryimage","url":"https:\/\/www.gruporecoletas.com\/noticias\/wp-content\/uploads\/2023\/03\/DR-JPSHI-WEB.png","contentUrl":"https:\/\/www.gruporecoletas.com\/noticias\/wp-content\/uploads\/2023\/03\/DR-JPSHI-WEB.png","width":1366,"height":768,"caption":"El Dr. Joshi Otero, especialista en cirug\u00eda oral y maxilofacial del Centro M\u00e9dico Recoletas Calzadas, participa en el 9\u00ba Simposio Internacional de Implantolog\u00eda Avanzada"},{"@type":"BreadcrumbList","@id":"https:\/\/www.gruporecoletas.com\/noticias\/dr-joshi-participa-simposio-internacional-implantologia-avanzada\/#breadcrumb","itemListElement":[{"@type":"ListItem","position":1,"name":"Portada","item":"https:\/\/www.gruporecoletas.com\/noticias\/"},{"@type":"ListItem","position":2,"name":"El Dr. Joshi participa en el 9\u00ba Simposio Internacional de Implantolog\u00eda Avanzada"}]},{"@type":"WebSite","@id":"https:\/\/www.gruporecoletas.com\/noticias\/#website","url":"https:\/\/www.gruporecoletas.com\/noticias\/","name":"Noticias Grupo Recoletas","description":"Grupo Recoletas","potentialAction":[{"@type":"SearchAction","target":{"@type":"EntryPoint","urlTemplate":"https:\/\/www.gruporecoletas.com\/noticias\/?s={search_term_string}"},"query-input":{"@type":"PropertyValueSpecification","valueRequired":true,"valueName":"search_term_string"}}],"inLanguage":"es"},{"@type":"Person","@id":"https:\/\/www.gruporecoletas.com\/noticias\/#\/schema\/person\/3c6ac429828d1f5e3d3bd99f4da9b02c","name":"Recoletas Red Hospitalaria","url":"https:\/\/www.gruporecoletas.com\/noticias\/author\/comunicacion\/"}]}},"_links":{"self":[{"href":"https:\/\/www.gruporecoletas.com\/noticias\/wp-json\/wp\/v2\/posts\/15935","targetHints":{"allow":["GET"]}}],"collection":[{"href":"https:\/\/www.gruporecoletas.com\/noticias\/wp-json\/wp\/v2\/posts"}],"about":[{"href":"https:\/\/www.gruporecoletas.com\/noticias\/wp-json\/wp\/v2\/types\/post"}],"author":[{"embeddable":true,"href":"https:\/\/www.gruporecoletas.com\/noticias\/wp-json\/wp\/v2\/users\/2"}],"replies":[{"embeddable":true,"href":"https:\/\/www.gruporecoletas.com\/noticias\/wp-json\/wp\/v2\/comments?post=15935"}],"version-history":[{"count":1,"href":"https:\/\/www.gruporecoletas.com\/noticias\/wp-json\/wp\/v2\/posts\/15935\/revisions"}],"predecessor-version":[{"id":15937,"href":"https:\/\/www.gruporecoletas.com\/noticias\/wp-json\/wp\/v2\/posts\/15935\/revisions\/15937"}],"wp:featuredmedia":[{"embeddable":true,"href":"https:\/\/www.gruporecoletas.com\/noticias\/wp-json\/wp\/v2\/media\/15936"}],"wp:attachment":[{"href":"https:\/\/www.gruporecoletas.com\/noticias\/wp-json\/wp\/v2\/media?parent=15935"}],"wp:term":[{"taxonomy":"category","embeddable":true,"href":"https:\/\/www.gruporecoletas.com\/noticias\/wp-json\/wp\/v2\/categories?post=15935"},{"taxonomy":"post_tag","embeddable":true,"href":"https:\/\/www.gruporecoletas.com\/noticias\/wp-json\/wp\/v2\/tags?post=15935"}],"curies":[{"name":"wp","href":"https:\/\/api.w.org\/{rel}","templated":true}]}}