{"id":15964,"date":"2023-03-29T09:14:58","date_gmt":"2023-03-29T07:14:58","guid":{"rendered":"https:\/\/www.gruporecoletas.com\/noticias\/?p=15964"},"modified":"2023-03-29T09:14:59","modified_gmt":"2023-03-29T07:14:59","slug":"instituto-neuro-vertebral-aniverdario-actividad","status":"publish","type":"post","link":"https:\/\/www.gruporecoletas.com\/noticias\/instituto-neuro-vertebral-aniverdario-actividad\/","title":{"rendered":"El Instituto Neuro Vertebral Recoletas cumple un a\u00f1o de actividad"},"content":{"rendered":"\n<ul class=\"wp-block-list\">\n<li><strong><em>Ha registrado m\u00e1s de 6.000 consultas y se han realizado m\u00e1s de 100 intervenciones quir\u00fargicas de alta complejidad<\/em><\/strong><strong><\/strong><\/li>\n\n\n\n<li><strong><em>En 2022 es merecedor del Premio FAE Innovaci\u00f3n<\/em><\/strong><strong><\/strong><\/li>\n\n\n\n<li><strong><em>1.400 pacientes han recibido tratamientos en la Unidad del Dolor<\/em><\/strong><strong><\/strong><\/li>\n<\/ul>\n\n\n\n<p>El Instituto Neuro Vertebral Recoletas ha cumplido un a\u00f1o desde su puesta en funcionamiento y el balance de este servicio de calidad dentro del Hospital Recoletas Burgos no puede ser m\u00e1s positivo.<\/p>\n\n\n\n<p>Desde que el pasado mes de marzo el equipo del Instituto Neuro Vertebral Recoletas comenzara la actividad quir\u00fargica, se han realizado m\u00e1s de un centenar de intervenciones quir\u00fargicas de alta complejidad y se han registrado 6.082 consultas en las diferentes especialidades que lo conforman. A ello, hay que sumarle los 1.400 tratamientos que desde la Unidad del Dolor se han llevado a cabo a lo largo de este a\u00f1o.<\/p>\n\n\n\n<p>Para la gerente del Hospital Recoletas Burgos, Pilar G\u00f3mez, \u201ces una satisfacci\u00f3n poder hacer un balance tan positivo de un servicio que naci\u00f3 con el objetivo de ofrecer calidad a nuestros pacientes sin que tengan la necesidad de desplazarse a ninguna otra ciudad y que lo ha cumplido en su primer a\u00f1o de puesta en marcha con creces\u201d.<\/p>\n\n\n\n<p>El equipo est\u00e1 formado por neurocirujanos especializados en toda patolog\u00eda, como el Dr. Antonio Rodr\u00edguez Salazar y el Dr. Pedro Delgado L\u00f3pez y se han ido incorporando traumat\u00f3logos especializados en patolog\u00eda vertebral y deformidades como el Dr. Vicente Garc\u00eda Gonz\u00e1lez, el Dr. Julio Alfonso Villar P\u00e9rez y el Dr. Manuel Fern\u00e1ndez Gonz\u00e1lez. Adem\u00e1s, el traumat\u00f3logo, Dr. Antonio Rodr\u00edguez P\u00e9rez, junto al servicio de Anestesia y Recuperaci\u00f3n, forman la Unidad del Dolor con los Dres. Avello Taboada y Guti\u00e9rrez Castanedo y en Neurolog\u00eda los especialistas Dra. Sandra Arnaiz Senderos y Dr. Javier Miranda Santiago. Asimismo, en el Instituto Neuro Vertebral est\u00e1n presentes especialidades como neurofisiolog\u00eda, rehabilitaci\u00f3n, oncolog\u00eda y diagn\u00f3stico por la imagen.<\/p>\n\n\n\n<p>Es el \u00fanico centro privado en Castilla y Le\u00f3n que aborda la patolog\u00eda de forma integral, desde la patolog\u00eda cerebral compleja, pasando por la columna degenerativa y la patolog\u00eda de las grandes deformidades de la columna vertebral.<\/p>\n\n\n\n<p>Cuenta con un quir\u00f3fano dotado con el esc\u00e1ner LOOP-X y el Navegador Curve, gracias a los cuales se pueden obtener, en tiempo real, im\u00e1genes de la anatom\u00eda del paciente que sirven de gu\u00eda a los profesionales en las cirug\u00edas de elevada complejidad. En resumen, se trata de un quir\u00f3fano con la tecnolog\u00eda m\u00e1s puntera en todos los niveles.<\/p>\n\n\n\n<p>El esc\u00e1ner y el navegador son un adjunto importante para la realizaci\u00f3n de la cirug\u00eda y permite seguridad, as\u00ed como conocer la situaci\u00f3n real en la anatom\u00eda del paciente, contando con una sofisticada tecnolog\u00eda inform\u00e1tica que tiene como soporte un potente ordenador con un software espec\u00edfico que procesa las im\u00e1genes y las interacciona y empareja, obteniendo un mapa neuroanat\u00f3mico en 3D. Podemos decir que es similar a un guiado de GPS que utilizamos para llegar a una direcci\u00f3n concreta.<\/p>\n\n\n\n<p>Todo ello, hizo merecedor al Instituto Neuro Vertebral del Premio FAE Innovaci\u00f3n 2022, valorando el jurado la tecnolog\u00eda e innovaci\u00f3n del quir\u00f3fano polivalente de \u00faltima generaci\u00f3n y que su cuadro m\u00e9dico estuviera formado por un equipo multidisciplinar con una extensa trayectoria profesional.<\/p>\n\n\n\n<p>Actualmente, se est\u00e1 realizando la obra de renovaci\u00f3n del Instituto Neuro Vertebral, en un amplio espacio m\u00e1s confortable, con \u00e1rea de consultas cl\u00ednicas y admisi\u00f3n, de pruebas diagn\u00f3sticas, de quir\u00f3fano y de hospitalizaci\u00f3n y dotado con la tecnolog\u00eda m\u00e1s avanzada, tanto diagn\u00f3stica como quir\u00fargica.<\/p>\n","protected":false},"excerpt":{"rendered":"<p>El Instituto Neuro Vertebral Recoletas ha cumplido un a\u00f1o desde su puesta en funcionamiento y el balance de este servicio de calidad dentro del Hospital Recoletas Burgos no puede ser m\u00e1s positivo. Desde que el pasado mes de marzo el equipo del Instituto Neuro Vertebral Recoletas comenzara la actividad quir\u00fargica, se han realizado m\u00e1s de [&hellip;]<\/p>\n","protected":false},"author":2,"featured_media":15965,"comment_status":"closed","ping_status":"closed","sticky":false,"template":"","format":"standard","meta":{"_acf_changed":false,"footnotes":""},"categories":[10,43,1,31,3241,7],"tags":[3242,1350,3234],"class_list":["post-15964","post","type-post","status-publish","format-standard","has-post-thumbnail","hentry","category-burgos","category-centros","category-grupo-recoletas","category-hrbu","category-instituto-neuro-vertebral","category-institutos","tag-instituto-neuro-vertebral","tag-neurocirugia","tag-traumatologia"],"acf":[],"yoast_head":"<!-- This site is optimized with the Yoast SEO Premium plugin v27.3 (Yoast SEO v27.3) - https:\/\/yoast.com\/product\/yoast-seo-premium-wordpress\/ -->\n<title>El Instituto Neuro Vertebral Recoletas cumple un a\u00f1o de actividad - Noticias Grupo Recoletas<\/title>\n<meta name=\"description\" content=\"El instituto Neuro Vertebral Recoletas ha registrado m\u00e1s de 6.000 consultas y se han realizado m\u00e1s de 100 intervenciones quir\u00fargicas de alta complejidad\" \/>\n<meta name=\"robots\" content=\"index, follow, max-snippet:-1, max-image-preview:large, max-video-preview:-1\" \/>\n<link rel=\"canonical\" href=\"https:\/\/www.gruporecoletas.com\/noticias\/instituto-neuro-vertebral-aniverdario-actividad\/\" \/>\n<meta property=\"og:locale\" content=\"es_ES\" \/>\n<meta property=\"og:type\" content=\"article\" \/>\n<meta property=\"og:title\" content=\"El Instituto Neuro Vertebral Recoletas cumple un a\u00f1o de actividad\" \/>\n<meta property=\"og:description\" content=\"El instituto Neuro Vertebral Recoletas ha registrado m\u00e1s de 6.000 consultas y se han realizado m\u00e1s de 100 intervenciones quir\u00fargicas de alta complejidad\" \/>\n<meta property=\"og:url\" content=\"https:\/\/www.gruporecoletas.com\/noticias\/instituto-neuro-vertebral-aniverdario-actividad\/\" \/>\n<meta property=\"og:site_name\" content=\"Noticias Grupo Recoletas\" \/>\n<meta property=\"article:publisher\" content=\"https:\/\/www.facebook.com\/GrupoRecoletas\/\" \/>\n<meta property=\"article:published_time\" content=\"2023-03-29T07:14:58+00:00\" \/>\n<meta property=\"article:modified_time\" content=\"2023-03-29T07:14:59+00:00\" \/>\n<meta property=\"og:image\" content=\"https:\/\/www.gruporecoletas.com\/noticias\/wp-content\/uploads\/2023\/03\/EQUIPO-INSTITUTO-NEURO-VERTEBRAL-scaled.jpg\" \/>\n\t<meta property=\"og:image:width\" content=\"2560\" \/>\n\t<meta property=\"og:image:height\" content=\"1707\" \/>\n\t<meta property=\"og:image:type\" content=\"image\/jpeg\" \/>\n<meta name=\"author\" content=\"Recoletas Red Hospitalaria\" \/>\n<meta name=\"twitter:card\" content=\"summary_large_image\" \/>\n<meta name=\"twitter:creator\" content=\"@GrupoRecoletas\" \/>\n<meta name=\"twitter:site\" content=\"@GrupoRecoletas\" \/>\n<meta name=\"twitter:label1\" content=\"Escrito por\" \/>\n\t<meta name=\"twitter:data1\" content=\"Recoletas Red Hospitalaria\" \/>\n\t<meta name=\"twitter:label2\" content=\"Tiempo de lectura\" \/>\n\t<meta name=\"twitter:data2\" content=\"3 minutos\" \/>\n<script type=\"application\/ld+json\" class=\"yoast-schema-graph\">{\"@context\":\"https:\\\/\\\/schema.org\",\"@graph\":[{\"@type\":\"Article\",\"@id\":\"https:\\\/\\\/www.gruporecoletas.com\\\/noticias\\\/instituto-neuro-vertebral-aniverdario-actividad\\\/#article\",\"isPartOf\":{\"@id\":\"https:\\\/\\\/www.gruporecoletas.com\\\/noticias\\\/instituto-neuro-vertebral-aniverdario-actividad\\\/\"},\"author\":{\"name\":\"Recoletas Red Hospitalaria\",\"@id\":\"https:\\\/\\\/www.gruporecoletas.com\\\/noticias\\\/#\\\/schema\\\/person\\\/3c6ac429828d1f5e3d3bd99f4da9b02c\"},\"headline\":\"El Instituto Neuro Vertebral Recoletas cumple un a\u00f1o de actividad\",\"datePublished\":\"2023-03-29T07:14:58+00:00\",\"dateModified\":\"2023-03-29T07:14:59+00:00\",\"mainEntityOfPage\":{\"@id\":\"https:\\\/\\\/www.gruporecoletas.com\\\/noticias\\\/instituto-neuro-vertebral-aniverdario-actividad\\\/\"},\"wordCount\":646,\"image\":{\"@id\":\"https:\\\/\\\/www.gruporecoletas.com\\\/noticias\\\/instituto-neuro-vertebral-aniverdario-actividad\\\/#primaryimage\"},\"thumbnailUrl\":\"https:\\\/\\\/www.gruporecoletas.com\\\/noticias\\\/wp-content\\\/uploads\\\/2023\\\/03\\\/EQUIPO-INSTITUTO-NEURO-VERTEBRAL-scaled.jpg\",\"keywords\":[\"Instituto Neuro Vertebral\",\"neurocirug\u00eda\",\"Traumatolog\u00eda\"],\"articleSection\":[\"Burgos\",\"Centros\",\"Grupo Recoletas\",\"HRBU\",\"Instituto Neuro Vertebral\",\"Institutos\"],\"inLanguage\":\"es\"},{\"@type\":\"WebPage\",\"@id\":\"https:\\\/\\\/www.gruporecoletas.com\\\/noticias\\\/instituto-neuro-vertebral-aniverdario-actividad\\\/\",\"url\":\"https:\\\/\\\/www.gruporecoletas.com\\\/noticias\\\/instituto-neuro-vertebral-aniverdario-actividad\\\/\",\"name\":\"El Instituto Neuro Vertebral Recoletas cumple un a\u00f1o de actividad - Noticias Grupo Recoletas\",\"isPartOf\":{\"@id\":\"https:\\\/\\\/www.gruporecoletas.com\\\/noticias\\\/#website\"},\"primaryImageOfPage\":{\"@id\":\"https:\\\/\\\/www.gruporecoletas.com\\\/noticias\\\/instituto-neuro-vertebral-aniverdario-actividad\\\/#primaryimage\"},\"image\":{\"@id\":\"https:\\\/\\\/www.gruporecoletas.com\\\/noticias\\\/instituto-neuro-vertebral-aniverdario-actividad\\\/#primaryimage\"},\"thumbnailUrl\":\"https:\\\/\\\/www.gruporecoletas.com\\\/noticias\\\/wp-content\\\/uploads\\\/2023\\\/03\\\/EQUIPO-INSTITUTO-NEURO-VERTEBRAL-scaled.jpg\",\"datePublished\":\"2023-03-29T07:14:58+00:00\",\"dateModified\":\"2023-03-29T07:14:59+00:00\",\"author\":{\"@id\":\"https:\\\/\\\/www.gruporecoletas.com\\\/noticias\\\/#\\\/schema\\\/person\\\/3c6ac429828d1f5e3d3bd99f4da9b02c\"},\"description\":\"El instituto Neuro Vertebral Recoletas ha registrado m\u00e1s de 6.000 consultas y se han realizado m\u00e1s de 100 intervenciones quir\u00fargicas de alta complejidad\",\"breadcrumb\":{\"@id\":\"https:\\\/\\\/www.gruporecoletas.com\\\/noticias\\\/instituto-neuro-vertebral-aniverdario-actividad\\\/#breadcrumb\"},\"inLanguage\":\"es\",\"potentialAction\":[{\"@type\":\"ReadAction\",\"target\":[\"https:\\\/\\\/www.gruporecoletas.com\\\/noticias\\\/instituto-neuro-vertebral-aniverdario-actividad\\\/\"]}]},{\"@type\":\"ImageObject\",\"inLanguage\":\"es\",\"@id\":\"https:\\\/\\\/www.gruporecoletas.com\\\/noticias\\\/instituto-neuro-vertebral-aniverdario-actividad\\\/#primaryimage\",\"url\":\"https:\\\/\\\/www.gruporecoletas.com\\\/noticias\\\/wp-content\\\/uploads\\\/2023\\\/03\\\/EQUIPO-INSTITUTO-NEURO-VERTEBRAL-scaled.jpg\",\"contentUrl\":\"https:\\\/\\\/www.gruporecoletas.com\\\/noticias\\\/wp-content\\\/uploads\\\/2023\\\/03\\\/EQUIPO-INSTITUTO-NEURO-VERTEBRAL-scaled.jpg\",\"width\":2560,\"height\":1707,\"caption\":\"El Instituto Neuro Vertebral Recoletas ha cumplido un a\u00f1o desde su puesta en funcionamiento y el balance de este servicio de calidad dentro del Hospital Recoletas Burgos no puede ser m\u00e1s positivo.\"},{\"@type\":\"BreadcrumbList\",\"@id\":\"https:\\\/\\\/www.gruporecoletas.com\\\/noticias\\\/instituto-neuro-vertebral-aniverdario-actividad\\\/#breadcrumb\",\"itemListElement\":[{\"@type\":\"ListItem\",\"position\":1,\"name\":\"Portada\",\"item\":\"https:\\\/\\\/www.gruporecoletas.com\\\/noticias\\\/\"},{\"@type\":\"ListItem\",\"position\":2,\"name\":\"El Instituto Neuro Vertebral Recoletas cumple un a\u00f1o de actividad\"}]},{\"@type\":\"WebSite\",\"@id\":\"https:\\\/\\\/www.gruporecoletas.com\\\/noticias\\\/#website\",\"url\":\"https:\\\/\\\/www.gruporecoletas.com\\\/noticias\\\/\",\"name\":\"Noticias Grupo Recoletas\",\"description\":\"Grupo Recoletas\",\"potentialAction\":[{\"@type\":\"SearchAction\",\"target\":{\"@type\":\"EntryPoint\",\"urlTemplate\":\"https:\\\/\\\/www.gruporecoletas.com\\\/noticias\\\/?s={search_term_string}\"},\"query-input\":{\"@type\":\"PropertyValueSpecification\",\"valueRequired\":true,\"valueName\":\"search_term_string\"}}],\"inLanguage\":\"es\"},{\"@type\":\"Person\",\"@id\":\"https:\\\/\\\/www.gruporecoletas.com\\\/noticias\\\/#\\\/schema\\\/person\\\/3c6ac429828d1f5e3d3bd99f4da9b02c\",\"name\":\"Recoletas Red Hospitalaria\",\"url\":\"https:\\\/\\\/www.gruporecoletas.com\\\/noticias\\\/author\\\/comunicacion\\\/\"}]}<\/script>\n<!-- \/ Yoast SEO Premium plugin. -->","yoast_head_json":{"title":"El Instituto Neuro Vertebral Recoletas cumple un a\u00f1o de actividad - Noticias Grupo Recoletas","description":"El instituto Neuro Vertebral Recoletas ha registrado m\u00e1s de 6.000 consultas y se han realizado m\u00e1s de 100 intervenciones quir\u00fargicas de alta complejidad","robots":{"index":"index","follow":"follow","max-snippet":"max-snippet:-1","max-image-preview":"max-image-preview:large","max-video-preview":"max-video-preview:-1"},"canonical":"https:\/\/www.gruporecoletas.com\/noticias\/instituto-neuro-vertebral-aniverdario-actividad\/","og_locale":"es_ES","og_type":"article","og_title":"El Instituto Neuro Vertebral Recoletas cumple un a\u00f1o de actividad","og_description":"El instituto Neuro Vertebral Recoletas ha registrado m\u00e1s de 6.000 consultas y se han realizado m\u00e1s de 100 intervenciones quir\u00fargicas de alta complejidad","og_url":"https:\/\/www.gruporecoletas.com\/noticias\/instituto-neuro-vertebral-aniverdario-actividad\/","og_site_name":"Noticias Grupo Recoletas","article_publisher":"https:\/\/www.facebook.com\/GrupoRecoletas\/","article_published_time":"2023-03-29T07:14:58+00:00","article_modified_time":"2023-03-29T07:14:59+00:00","og_image":[{"width":2560,"height":1707,"url":"https:\/\/www.gruporecoletas.com\/noticias\/wp-content\/uploads\/2023\/03\/EQUIPO-INSTITUTO-NEURO-VERTEBRAL-scaled.jpg","type":"image\/jpeg"}],"author":"Recoletas Red Hospitalaria","twitter_card":"summary_large_image","twitter_creator":"@GrupoRecoletas","twitter_site":"@GrupoRecoletas","twitter_misc":{"Escrito por":"Recoletas Red Hospitalaria","Tiempo de lectura":"3 minutos"},"schema":{"@context":"https:\/\/schema.org","@graph":[{"@type":"Article","@id":"https:\/\/www.gruporecoletas.com\/noticias\/instituto-neuro-vertebral-aniverdario-actividad\/#article","isPartOf":{"@id":"https:\/\/www.gruporecoletas.com\/noticias\/instituto-neuro-vertebral-aniverdario-actividad\/"},"author":{"name":"Recoletas Red Hospitalaria","@id":"https:\/\/www.gruporecoletas.com\/noticias\/#\/schema\/person\/3c6ac429828d1f5e3d3bd99f4da9b02c"},"headline":"El Instituto Neuro Vertebral Recoletas cumple un a\u00f1o de actividad","datePublished":"2023-03-29T07:14:58+00:00","dateModified":"2023-03-29T07:14:59+00:00","mainEntityOfPage":{"@id":"https:\/\/www.gruporecoletas.com\/noticias\/instituto-neuro-vertebral-aniverdario-actividad\/"},"wordCount":646,"image":{"@id":"https:\/\/www.gruporecoletas.com\/noticias\/instituto-neuro-vertebral-aniverdario-actividad\/#primaryimage"},"thumbnailUrl":"https:\/\/www.gruporecoletas.com\/noticias\/wp-content\/uploads\/2023\/03\/EQUIPO-INSTITUTO-NEURO-VERTEBRAL-scaled.jpg","keywords":["Instituto Neuro Vertebral","neurocirug\u00eda","Traumatolog\u00eda"],"articleSection":["Burgos","Centros","Grupo Recoletas","HRBU","Instituto Neuro Vertebral","Institutos"],"inLanguage":"es"},{"@type":"WebPage","@id":"https:\/\/www.gruporecoletas.com\/noticias\/instituto-neuro-vertebral-aniverdario-actividad\/","url":"https:\/\/www.gruporecoletas.com\/noticias\/instituto-neuro-vertebral-aniverdario-actividad\/","name":"El Instituto Neuro Vertebral Recoletas cumple un a\u00f1o de actividad - Noticias Grupo Recoletas","isPartOf":{"@id":"https:\/\/www.gruporecoletas.com\/noticias\/#website"},"primaryImageOfPage":{"@id":"https:\/\/www.gruporecoletas.com\/noticias\/instituto-neuro-vertebral-aniverdario-actividad\/#primaryimage"},"image":{"@id":"https:\/\/www.gruporecoletas.com\/noticias\/instituto-neuro-vertebral-aniverdario-actividad\/#primaryimage"},"thumbnailUrl":"https:\/\/www.gruporecoletas.com\/noticias\/wp-content\/uploads\/2023\/03\/EQUIPO-INSTITUTO-NEURO-VERTEBRAL-scaled.jpg","datePublished":"2023-03-29T07:14:58+00:00","dateModified":"2023-03-29T07:14:59+00:00","author":{"@id":"https:\/\/www.gruporecoletas.com\/noticias\/#\/schema\/person\/3c6ac429828d1f5e3d3bd99f4da9b02c"},"description":"El instituto Neuro Vertebral Recoletas ha registrado m\u00e1s de 6.000 consultas y se han realizado m\u00e1s de 100 intervenciones quir\u00fargicas de alta complejidad","breadcrumb":{"@id":"https:\/\/www.gruporecoletas.com\/noticias\/instituto-neuro-vertebral-aniverdario-actividad\/#breadcrumb"},"inLanguage":"es","potentialAction":[{"@type":"ReadAction","target":["https:\/\/www.gruporecoletas.com\/noticias\/instituto-neuro-vertebral-aniverdario-actividad\/"]}]},{"@type":"ImageObject","inLanguage":"es","@id":"https:\/\/www.gruporecoletas.com\/noticias\/instituto-neuro-vertebral-aniverdario-actividad\/#primaryimage","url":"https:\/\/www.gruporecoletas.com\/noticias\/wp-content\/uploads\/2023\/03\/EQUIPO-INSTITUTO-NEURO-VERTEBRAL-scaled.jpg","contentUrl":"https:\/\/www.gruporecoletas.com\/noticias\/wp-content\/uploads\/2023\/03\/EQUIPO-INSTITUTO-NEURO-VERTEBRAL-scaled.jpg","width":2560,"height":1707,"caption":"El Instituto Neuro Vertebral Recoletas ha cumplido un a\u00f1o desde su puesta en funcionamiento y el balance de este servicio de calidad dentro del Hospital Recoletas Burgos no puede ser m\u00e1s positivo."},{"@type":"BreadcrumbList","@id":"https:\/\/www.gruporecoletas.com\/noticias\/instituto-neuro-vertebral-aniverdario-actividad\/#breadcrumb","itemListElement":[{"@type":"ListItem","position":1,"name":"Portada","item":"https:\/\/www.gruporecoletas.com\/noticias\/"},{"@type":"ListItem","position":2,"name":"El Instituto Neuro Vertebral Recoletas cumple un a\u00f1o de actividad"}]},{"@type":"WebSite","@id":"https:\/\/www.gruporecoletas.com\/noticias\/#website","url":"https:\/\/www.gruporecoletas.com\/noticias\/","name":"Noticias Grupo Recoletas","description":"Grupo Recoletas","potentialAction":[{"@type":"SearchAction","target":{"@type":"EntryPoint","urlTemplate":"https:\/\/www.gruporecoletas.com\/noticias\/?s={search_term_string}"},"query-input":{"@type":"PropertyValueSpecification","valueRequired":true,"valueName":"search_term_string"}}],"inLanguage":"es"},{"@type":"Person","@id":"https:\/\/www.gruporecoletas.com\/noticias\/#\/schema\/person\/3c6ac429828d1f5e3d3bd99f4da9b02c","name":"Recoletas Red Hospitalaria","url":"https:\/\/www.gruporecoletas.com\/noticias\/author\/comunicacion\/"}]}},"_links":{"self":[{"href":"https:\/\/www.gruporecoletas.com\/noticias\/wp-json\/wp\/v2\/posts\/15964","targetHints":{"allow":["GET"]}}],"collection":[{"href":"https:\/\/www.gruporecoletas.com\/noticias\/wp-json\/wp\/v2\/posts"}],"about":[{"href":"https:\/\/www.gruporecoletas.com\/noticias\/wp-json\/wp\/v2\/types\/post"}],"author":[{"embeddable":true,"href":"https:\/\/www.gruporecoletas.com\/noticias\/wp-json\/wp\/v2\/users\/2"}],"replies":[{"embeddable":true,"href":"https:\/\/www.gruporecoletas.com\/noticias\/wp-json\/wp\/v2\/comments?post=15964"}],"version-history":[{"count":1,"href":"https:\/\/www.gruporecoletas.com\/noticias\/wp-json\/wp\/v2\/posts\/15964\/revisions"}],"predecessor-version":[{"id":15966,"href":"https:\/\/www.gruporecoletas.com\/noticias\/wp-json\/wp\/v2\/posts\/15964\/revisions\/15966"}],"wp:featuredmedia":[{"embeddable":true,"href":"https:\/\/www.gruporecoletas.com\/noticias\/wp-json\/wp\/v2\/media\/15965"}],"wp:attachment":[{"href":"https:\/\/www.gruporecoletas.com\/noticias\/wp-json\/wp\/v2\/media?parent=15964"}],"wp:term":[{"taxonomy":"category","embeddable":true,"href":"https:\/\/www.gruporecoletas.com\/noticias\/wp-json\/wp\/v2\/categories?post=15964"},{"taxonomy":"post_tag","embeddable":true,"href":"https:\/\/www.gruporecoletas.com\/noticias\/wp-json\/wp\/v2\/tags?post=15964"}],"curies":[{"name":"wp","href":"https:\/\/api.w.org\/{rel}","templated":true}]}}