{"id":15980,"date":"2023-04-10T13:40:51","date_gmt":"2023-04-10T11:40:51","guid":{"rendered":"https:\/\/www.gruporecoletas.com\/noticias\/?p=15980"},"modified":"2023-04-10T13:40:51","modified_gmt":"2023-04-10T11:40:51","slug":"por-que-no-pierdo-peso-si-casi-no-como","status":"publish","type":"post","link":"https:\/\/www.gruporecoletas.com\/noticias\/por-que-no-pierdo-peso-si-casi-no-como\/","title":{"rendered":"\u00bfPor qu\u00e9 no pierdo peso si casi no como?"},"content":{"rendered":"\n<p>Esta es una de las preguntas que m\u00e1s se repiten en consulta \u00bfpor qu\u00e9 no pierdo peso si llevo mucho tiempo comiendo muy poco? Desde la <a href=\"https:\/\/www.gruporecoletas.com\/unidad-obesidad\/\">Unidad de Nutrici\u00f3n y Obesidad Recoletas <\/a>te explicamos dos de los principales motivos de por qu\u00e9 nos estancamos en la p\u00e9rdida de peso y algunos trucos para evitarlo.<\/p>\n\n\n\n<p>Para entenderlo, tenemos que hablar de dos conceptos claves que influyen en este proceso: <strong>la leptina y la adaptaci\u00f3n metab\u00f3lica.<\/strong>&nbsp;<\/p>\n\n\n\n<p>La leptina es una hormona que tiene como objetivo controlar la velocidad a la que quemamos la grasa de nuestro cuerpo: a mayor cantidad de leptina, m\u00e1s capacidad de quemar grasa tenemos y cuando bajan los niveles, disminuye nuestra capacidad de quemar grasa. Y uno de los factores que regulan estos niveles son las calor\u00edas que comemos.<\/p>\n\n\n\n<p>Por eso, muchas veces, cuando llevamos un tiempo haciendo una dieta baja en calor\u00edas para conseguir nuestro objetivo de perder peso, llega un momento en que nuestro cuerpo detecta que algo pasa, y que necesita hacer algo para conservar energ\u00eda y grasa para sobrevivir. \u00bfY qu\u00e9 hace? Reducir el metabolismo y parar de quemar grasa, lo que provoca a su vez que bajen los niveles de leptina.<\/p>\n\n\n\n<p>Cuando esto pasa, <strong>una de las principales consecuencias que sufrimos es el temido estancamiento:<\/strong> dejamos de perder peso o perdemos muy poco en comparaci\u00f3n al ritmo que llev\u00e1bamos. Y \u00bfqu\u00e9 es lo que generalmente hacemos?: <strong>cometer un error<\/strong>. Seguimos disminuyendo todav\u00eda m\u00e1s la ingesta de calor\u00edas y haciendo una dieta m\u00e1s restrictiva y es cuando nos preguntamos <strong>\u00bfpor qu\u00e9 no pierdo peso, si casi no como?<\/strong><\/p>\n\n\n\n<h4 class=\"wp-block-heading\"><strong>\u00bfPor qu\u00e9 es un error?<\/strong><\/h4>\n\n\n\n<p>Por dos motivos:<\/p>\n\n\n\n<ul class=\"wp-block-list\">\n<li>1. Porque la restricci\u00f3n cal\u00f3rica excesiva provoca que disminuyan los niveles de leptina r\u00e1pidamente, que es la que nos ayuda a quemar grasa y seguir perdiendo peso.<\/li>\n\n\n\n<li>2. Porque el cuerpo ha detectado que algo pasa y est\u00e1 ahorrando energ\u00eda, se ha producido lo que llamamos una adaptaci\u00f3n metab\u00f3lica: el cuerpo detecta que le est\u00e1s quitando combustible y se pone en modo ahorrador, lo que ralentiza la p\u00e9rdida de peso. \u00a0<\/li>\n<\/ul>\n\n\n\n<h4 class=\"wp-block-heading\"><strong>Y entonces, \u00bfqu\u00e9 podemos hacer?<\/strong><\/h4>\n\n\n\n<p>Lo ideal y m\u00e1s recomendable, siempre, es <strong>no seguir una dieta demasiado extremista y restrictiva,<\/strong> de hecho es uno de los principales problemas de estas dietas: cuando se produce mucha restricci\u00f3n, se produce una p\u00e9rdida de peso muy r\u00e1pida pero se llega al estancamiento mucho m\u00e1s r\u00e1pido tambi\u00e9n.<\/p>\n\n\n\n<p>Se calcula que la leptina, no empieza a disminuir hasta pasada una semana de restricci\u00f3n cal\u00f3rica y a partir de una semana, disminuye hasta el 50%. Cuanto mayor sea la restricci\u00f3n, mayor ser\u00e1 la disminuci\u00f3n de los niveles de leptina y m\u00e1s el estancamiento.<\/p>\n\n\n\n<p>Sin embargo, para aumentar los niveles de leptina y conseguir desbloquear este estancamiento, no se necesita tanto tiempo como para bajarlos, basta con hacer un \u201cd\u00eda trampa\u201d y enga\u00f1ar a nuestro organismo.<\/p>\n\n\n\n<p>Por eso, <strong>una opci\u00f3n para esta situaci\u00f3n es que durante un d\u00eda se coman m\u00e1s calor\u00edas de las que estamos consumiendo habitualmente, pero siempre de manera controlada<\/strong>. No significa darse un atrac\u00f3n ni comer grandes cantidades de alimentos ultraprocesados. Se trata aumentar las calor\u00edas significativamente y de manera pautada por profesionales.<\/p>\n\n\n\n<p>Esta t\u00e9cnica, nos ayudar\u00e1 a restablecer de nuevo los niveles de leptina, \u201cromper\u201d la adaptaci\u00f3n metab\u00f3lica y, en la mayor\u00eda de casos, se logra continuar con la p\u00e9rdida de peso progresiva. De hecho, <strong>existen dietas c\u00edclicas que consisten en ir alternando una semana una dieta m\u00e1s alta en grasas y otra semana m\u00e1s restringida en grasas<\/strong>, para lograr este objetivo.<\/p>\n\n\n\n<p>Por \u00faltimo, cabe destacar que el proceso de p\u00e9rdida de peso es, en realidad, mucho m\u00e1s complejo de lo que se ha expuesto en este art\u00edculo que trata de recomendaciones generales, sin tener en cuenta ninguna particularidad individual. <\/p>\n\n\n\n<p>Por eso, <strong>si est\u00e1s en esta situaci\u00f3n de estancamiento, es muy importante ponerte en manos de profesionales que eval\u00faen tu caso y evoluci\u00f3n de manera personalizada <\/strong>y te ofrezcan la mejor soluci\u00f3n y tratamiento. En la Unidad de Nutrici\u00f3n y Obesidad Recoletas, te ayudamos en este objetivo.<\/p>\n","protected":false},"excerpt":{"rendered":"<p>Esta es una de las preguntas que m\u00e1s se repiten en consulta \u00bfpor qu\u00e9 no pierdo peso si llevo mucho tiempo comiendo muy poco? Desde la Unidad de Nutrici\u00f3n y Obesidad Recoletas te explicamos dos de los principales motivos de por qu\u00e9 nos estancamos en la p\u00e9rdida de peso y algunos trucos para evitarlo. Para [&hellip;]<\/p>\n","protected":false},"author":2,"featured_media":15981,"comment_status":"closed","ping_status":"closed","sticky":false,"template":"","format":"standard","meta":{"_acf_changed":false,"footnotes":""},"categories":[43,1,2,41,9,5,3162,4],"tags":[3084,3132],"class_list":["post-15980","post","type-post","status-publish","format-standard","has-post-thumbnail","hentry","category-centros","category-grupo-recoletas","category-hrcg","category-nutricion-y-dietetica","category-publicaciones","category-segovia","category-unidad-obesidad","category-valladolid","tag-dieta","tag-perder-peso"],"acf":[],"yoast_head":"<!-- This site is optimized with the Yoast SEO Premium plugin v27.3 (Yoast SEO v27.3) - https:\/\/yoast.com\/product\/yoast-seo-premium-wordpress\/ -->\n<title>\u00bfPor qu\u00e9 no pierdo peso si casi no como? - Noticias Grupo Recoletas<\/title>\n<meta name=\"description\" content=\"Desde la Unidad de Nutrici\u00f3n y Obesidad Recoletas te explicamos dos de los principales motivos por los que nos estancamos en la p\u00e9rdida de peso\" \/>\n<meta name=\"robots\" content=\"index, follow, max-snippet:-1, max-image-preview:large, max-video-preview:-1\" \/>\n<link rel=\"canonical\" href=\"https:\/\/www.gruporecoletas.com\/noticias\/por-que-no-pierdo-peso-si-casi-no-como\/\" \/>\n<meta property=\"og:locale\" content=\"es_ES\" \/>\n<meta property=\"og:type\" content=\"article\" \/>\n<meta property=\"og:title\" content=\"\u00bfPor qu\u00e9 no pierdo peso si casi no como?\" \/>\n<meta property=\"og:description\" content=\"Desde la Unidad de Nutrici\u00f3n y Obesidad Recoletas te explicamos dos de los principales motivos por los que nos estancamos en la p\u00e9rdida de peso\" \/>\n<meta property=\"og:url\" content=\"https:\/\/www.gruporecoletas.com\/noticias\/por-que-no-pierdo-peso-si-casi-no-como\/\" \/>\n<meta property=\"og:site_name\" content=\"Noticias Grupo Recoletas\" \/>\n<meta property=\"article:publisher\" content=\"https:\/\/www.facebook.com\/GrupoRecoletas\/\" \/>\n<meta property=\"article:published_time\" content=\"2023-04-10T11:40:51+00:00\" \/>\n<meta property=\"og:image\" content=\"https:\/\/www.gruporecoletas.com\/noticias\/wp-content\/uploads\/2023\/04\/NUTRICION-RECOLETAS-PERDER-PESO.png\" \/>\n\t<meta property=\"og:image:width\" content=\"1366\" \/>\n\t<meta property=\"og:image:height\" content=\"768\" \/>\n\t<meta property=\"og:image:type\" content=\"image\/png\" \/>\n<meta name=\"author\" content=\"Recoletas Red Hospitalaria\" \/>\n<meta name=\"twitter:card\" content=\"summary_large_image\" \/>\n<meta name=\"twitter:creator\" content=\"@GrupoRecoletas\" \/>\n<meta name=\"twitter:site\" content=\"@GrupoRecoletas\" \/>\n<meta name=\"twitter:label1\" content=\"Escrito por\" \/>\n\t<meta name=\"twitter:data1\" content=\"Recoletas Red Hospitalaria\" \/>\n\t<meta name=\"twitter:label2\" content=\"Tiempo de lectura\" \/>\n\t<meta name=\"twitter:data2\" content=\"4 minutos\" \/>\n<script type=\"application\/ld+json\" class=\"yoast-schema-graph\">{\"@context\":\"https:\\\/\\\/schema.org\",\"@graph\":[{\"@type\":\"Article\",\"@id\":\"https:\\\/\\\/www.gruporecoletas.com\\\/noticias\\\/por-que-no-pierdo-peso-si-casi-no-como\\\/#article\",\"isPartOf\":{\"@id\":\"https:\\\/\\\/www.gruporecoletas.com\\\/noticias\\\/por-que-no-pierdo-peso-si-casi-no-como\\\/\"},\"author\":{\"name\":\"Recoletas Red Hospitalaria\",\"@id\":\"https:\\\/\\\/www.gruporecoletas.com\\\/noticias\\\/#\\\/schema\\\/person\\\/3c6ac429828d1f5e3d3bd99f4da9b02c\"},\"headline\":\"\u00bfPor qu\u00e9 no pierdo peso si casi no como?\",\"datePublished\":\"2023-04-10T11:40:51+00:00\",\"mainEntityOfPage\":{\"@id\":\"https:\\\/\\\/www.gruporecoletas.com\\\/noticias\\\/por-que-no-pierdo-peso-si-casi-no-como\\\/\"},\"wordCount\":735,\"image\":{\"@id\":\"https:\\\/\\\/www.gruporecoletas.com\\\/noticias\\\/por-que-no-pierdo-peso-si-casi-no-como\\\/#primaryimage\"},\"thumbnailUrl\":\"https:\\\/\\\/www.gruporecoletas.com\\\/noticias\\\/wp-content\\\/uploads\\\/2023\\\/04\\\/NUTRICION-RECOLETAS-PERDER-PESO.png\",\"keywords\":[\"dieta\",\"perder peso\"],\"articleSection\":[\"Centros\",\"Grupo Recoletas\",\"HRCG\",\"Nutrici\u00f3n y dietetica\",\"Publicaciones\",\"Segovia\",\"Unidad de Obesidad\",\"Valladolid\"],\"inLanguage\":\"es\"},{\"@type\":\"WebPage\",\"@id\":\"https:\\\/\\\/www.gruporecoletas.com\\\/noticias\\\/por-que-no-pierdo-peso-si-casi-no-como\\\/\",\"url\":\"https:\\\/\\\/www.gruporecoletas.com\\\/noticias\\\/por-que-no-pierdo-peso-si-casi-no-como\\\/\",\"name\":\"\u00bfPor qu\u00e9 no pierdo peso si casi no como? - Noticias Grupo Recoletas\",\"isPartOf\":{\"@id\":\"https:\\\/\\\/www.gruporecoletas.com\\\/noticias\\\/#website\"},\"primaryImageOfPage\":{\"@id\":\"https:\\\/\\\/www.gruporecoletas.com\\\/noticias\\\/por-que-no-pierdo-peso-si-casi-no-como\\\/#primaryimage\"},\"image\":{\"@id\":\"https:\\\/\\\/www.gruporecoletas.com\\\/noticias\\\/por-que-no-pierdo-peso-si-casi-no-como\\\/#primaryimage\"},\"thumbnailUrl\":\"https:\\\/\\\/www.gruporecoletas.com\\\/noticias\\\/wp-content\\\/uploads\\\/2023\\\/04\\\/NUTRICION-RECOLETAS-PERDER-PESO.png\",\"datePublished\":\"2023-04-10T11:40:51+00:00\",\"author\":{\"@id\":\"https:\\\/\\\/www.gruporecoletas.com\\\/noticias\\\/#\\\/schema\\\/person\\\/3c6ac429828d1f5e3d3bd99f4da9b02c\"},\"description\":\"Desde la Unidad de Nutrici\u00f3n y Obesidad Recoletas te explicamos dos de los principales motivos por los que nos estancamos en la p\u00e9rdida de peso\",\"breadcrumb\":{\"@id\":\"https:\\\/\\\/www.gruporecoletas.com\\\/noticias\\\/por-que-no-pierdo-peso-si-casi-no-como\\\/#breadcrumb\"},\"inLanguage\":\"es\",\"potentialAction\":[{\"@type\":\"ReadAction\",\"target\":[\"https:\\\/\\\/www.gruporecoletas.com\\\/noticias\\\/por-que-no-pierdo-peso-si-casi-no-como\\\/\"]}]},{\"@type\":\"ImageObject\",\"inLanguage\":\"es\",\"@id\":\"https:\\\/\\\/www.gruporecoletas.com\\\/noticias\\\/por-que-no-pierdo-peso-si-casi-no-como\\\/#primaryimage\",\"url\":\"https:\\\/\\\/www.gruporecoletas.com\\\/noticias\\\/wp-content\\\/uploads\\\/2023\\\/04\\\/NUTRICION-RECOLETAS-PERDER-PESO.png\",\"contentUrl\":\"https:\\\/\\\/www.gruporecoletas.com\\\/noticias\\\/wp-content\\\/uploads\\\/2023\\\/04\\\/NUTRICION-RECOLETAS-PERDER-PESO.png\",\"width\":1366,\"height\":768,\"caption\":\"Desde la Unidad de Nutrici\u00f3n y Obesidad Recoletas te explicamos dos de los principales motivos por los que nos estancamos en la p\u00e9rdida de peso\"},{\"@type\":\"BreadcrumbList\",\"@id\":\"https:\\\/\\\/www.gruporecoletas.com\\\/noticias\\\/por-que-no-pierdo-peso-si-casi-no-como\\\/#breadcrumb\",\"itemListElement\":[{\"@type\":\"ListItem\",\"position\":1,\"name\":\"Portada\",\"item\":\"https:\\\/\\\/www.gruporecoletas.com\\\/noticias\\\/\"},{\"@type\":\"ListItem\",\"position\":2,\"name\":\"\u00bfPor qu\u00e9 no pierdo peso si casi no como?\"}]},{\"@type\":\"WebSite\",\"@id\":\"https:\\\/\\\/www.gruporecoletas.com\\\/noticias\\\/#website\",\"url\":\"https:\\\/\\\/www.gruporecoletas.com\\\/noticias\\\/\",\"name\":\"Noticias Grupo Recoletas\",\"description\":\"Grupo Recoletas\",\"potentialAction\":[{\"@type\":\"SearchAction\",\"target\":{\"@type\":\"EntryPoint\",\"urlTemplate\":\"https:\\\/\\\/www.gruporecoletas.com\\\/noticias\\\/?s={search_term_string}\"},\"query-input\":{\"@type\":\"PropertyValueSpecification\",\"valueRequired\":true,\"valueName\":\"search_term_string\"}}],\"inLanguage\":\"es\"},{\"@type\":\"Person\",\"@id\":\"https:\\\/\\\/www.gruporecoletas.com\\\/noticias\\\/#\\\/schema\\\/person\\\/3c6ac429828d1f5e3d3bd99f4da9b02c\",\"name\":\"Recoletas Red Hospitalaria\",\"url\":\"https:\\\/\\\/www.gruporecoletas.com\\\/noticias\\\/author\\\/comunicacion\\\/\"}]}<\/script>\n<!-- \/ Yoast SEO Premium plugin. -->","yoast_head_json":{"title":"\u00bfPor qu\u00e9 no pierdo peso si casi no como? - Noticias Grupo Recoletas","description":"Desde la Unidad de Nutrici\u00f3n y Obesidad Recoletas te explicamos dos de los principales motivos por los que nos estancamos en la p\u00e9rdida de peso","robots":{"index":"index","follow":"follow","max-snippet":"max-snippet:-1","max-image-preview":"max-image-preview:large","max-video-preview":"max-video-preview:-1"},"canonical":"https:\/\/www.gruporecoletas.com\/noticias\/por-que-no-pierdo-peso-si-casi-no-como\/","og_locale":"es_ES","og_type":"article","og_title":"\u00bfPor qu\u00e9 no pierdo peso si casi no como?","og_description":"Desde la Unidad de Nutrici\u00f3n y Obesidad Recoletas te explicamos dos de los principales motivos por los que nos estancamos en la p\u00e9rdida de peso","og_url":"https:\/\/www.gruporecoletas.com\/noticias\/por-que-no-pierdo-peso-si-casi-no-como\/","og_site_name":"Noticias Grupo Recoletas","article_publisher":"https:\/\/www.facebook.com\/GrupoRecoletas\/","article_published_time":"2023-04-10T11:40:51+00:00","og_image":[{"width":1366,"height":768,"url":"https:\/\/www.gruporecoletas.com\/noticias\/wp-content\/uploads\/2023\/04\/NUTRICION-RECOLETAS-PERDER-PESO.png","type":"image\/png"}],"author":"Recoletas Red Hospitalaria","twitter_card":"summary_large_image","twitter_creator":"@GrupoRecoletas","twitter_site":"@GrupoRecoletas","twitter_misc":{"Escrito por":"Recoletas Red Hospitalaria","Tiempo de lectura":"4 minutos"},"schema":{"@context":"https:\/\/schema.org","@graph":[{"@type":"Article","@id":"https:\/\/www.gruporecoletas.com\/noticias\/por-que-no-pierdo-peso-si-casi-no-como\/#article","isPartOf":{"@id":"https:\/\/www.gruporecoletas.com\/noticias\/por-que-no-pierdo-peso-si-casi-no-como\/"},"author":{"name":"Recoletas Red Hospitalaria","@id":"https:\/\/www.gruporecoletas.com\/noticias\/#\/schema\/person\/3c6ac429828d1f5e3d3bd99f4da9b02c"},"headline":"\u00bfPor qu\u00e9 no pierdo peso si casi no como?","datePublished":"2023-04-10T11:40:51+00:00","mainEntityOfPage":{"@id":"https:\/\/www.gruporecoletas.com\/noticias\/por-que-no-pierdo-peso-si-casi-no-como\/"},"wordCount":735,"image":{"@id":"https:\/\/www.gruporecoletas.com\/noticias\/por-que-no-pierdo-peso-si-casi-no-como\/#primaryimage"},"thumbnailUrl":"https:\/\/www.gruporecoletas.com\/noticias\/wp-content\/uploads\/2023\/04\/NUTRICION-RECOLETAS-PERDER-PESO.png","keywords":["dieta","perder peso"],"articleSection":["Centros","Grupo Recoletas","HRCG","Nutrici\u00f3n y dietetica","Publicaciones","Segovia","Unidad de Obesidad","Valladolid"],"inLanguage":"es"},{"@type":"WebPage","@id":"https:\/\/www.gruporecoletas.com\/noticias\/por-que-no-pierdo-peso-si-casi-no-como\/","url":"https:\/\/www.gruporecoletas.com\/noticias\/por-que-no-pierdo-peso-si-casi-no-como\/","name":"\u00bfPor qu\u00e9 no pierdo peso si casi no como? - Noticias Grupo Recoletas","isPartOf":{"@id":"https:\/\/www.gruporecoletas.com\/noticias\/#website"},"primaryImageOfPage":{"@id":"https:\/\/www.gruporecoletas.com\/noticias\/por-que-no-pierdo-peso-si-casi-no-como\/#primaryimage"},"image":{"@id":"https:\/\/www.gruporecoletas.com\/noticias\/por-que-no-pierdo-peso-si-casi-no-como\/#primaryimage"},"thumbnailUrl":"https:\/\/www.gruporecoletas.com\/noticias\/wp-content\/uploads\/2023\/04\/NUTRICION-RECOLETAS-PERDER-PESO.png","datePublished":"2023-04-10T11:40:51+00:00","author":{"@id":"https:\/\/www.gruporecoletas.com\/noticias\/#\/schema\/person\/3c6ac429828d1f5e3d3bd99f4da9b02c"},"description":"Desde la Unidad de Nutrici\u00f3n y Obesidad Recoletas te explicamos dos de los principales motivos por los que nos estancamos en la p\u00e9rdida de peso","breadcrumb":{"@id":"https:\/\/www.gruporecoletas.com\/noticias\/por-que-no-pierdo-peso-si-casi-no-como\/#breadcrumb"},"inLanguage":"es","potentialAction":[{"@type":"ReadAction","target":["https:\/\/www.gruporecoletas.com\/noticias\/por-que-no-pierdo-peso-si-casi-no-como\/"]}]},{"@type":"ImageObject","inLanguage":"es","@id":"https:\/\/www.gruporecoletas.com\/noticias\/por-que-no-pierdo-peso-si-casi-no-como\/#primaryimage","url":"https:\/\/www.gruporecoletas.com\/noticias\/wp-content\/uploads\/2023\/04\/NUTRICION-RECOLETAS-PERDER-PESO.png","contentUrl":"https:\/\/www.gruporecoletas.com\/noticias\/wp-content\/uploads\/2023\/04\/NUTRICION-RECOLETAS-PERDER-PESO.png","width":1366,"height":768,"caption":"Desde la Unidad de Nutrici\u00f3n y Obesidad Recoletas te explicamos dos de los principales motivos por los que nos estancamos en la p\u00e9rdida de peso"},{"@type":"BreadcrumbList","@id":"https:\/\/www.gruporecoletas.com\/noticias\/por-que-no-pierdo-peso-si-casi-no-como\/#breadcrumb","itemListElement":[{"@type":"ListItem","position":1,"name":"Portada","item":"https:\/\/www.gruporecoletas.com\/noticias\/"},{"@type":"ListItem","position":2,"name":"\u00bfPor qu\u00e9 no pierdo peso si casi no como?"}]},{"@type":"WebSite","@id":"https:\/\/www.gruporecoletas.com\/noticias\/#website","url":"https:\/\/www.gruporecoletas.com\/noticias\/","name":"Noticias Grupo Recoletas","description":"Grupo Recoletas","potentialAction":[{"@type":"SearchAction","target":{"@type":"EntryPoint","urlTemplate":"https:\/\/www.gruporecoletas.com\/noticias\/?s={search_term_string}"},"query-input":{"@type":"PropertyValueSpecification","valueRequired":true,"valueName":"search_term_string"}}],"inLanguage":"es"},{"@type":"Person","@id":"https:\/\/www.gruporecoletas.com\/noticias\/#\/schema\/person\/3c6ac429828d1f5e3d3bd99f4da9b02c","name":"Recoletas Red Hospitalaria","url":"https:\/\/www.gruporecoletas.com\/noticias\/author\/comunicacion\/"}]}},"_links":{"self":[{"href":"https:\/\/www.gruporecoletas.com\/noticias\/wp-json\/wp\/v2\/posts\/15980","targetHints":{"allow":["GET"]}}],"collection":[{"href":"https:\/\/www.gruporecoletas.com\/noticias\/wp-json\/wp\/v2\/posts"}],"about":[{"href":"https:\/\/www.gruporecoletas.com\/noticias\/wp-json\/wp\/v2\/types\/post"}],"author":[{"embeddable":true,"href":"https:\/\/www.gruporecoletas.com\/noticias\/wp-json\/wp\/v2\/users\/2"}],"replies":[{"embeddable":true,"href":"https:\/\/www.gruporecoletas.com\/noticias\/wp-json\/wp\/v2\/comments?post=15980"}],"version-history":[{"count":1,"href":"https:\/\/www.gruporecoletas.com\/noticias\/wp-json\/wp\/v2\/posts\/15980\/revisions"}],"predecessor-version":[{"id":15982,"href":"https:\/\/www.gruporecoletas.com\/noticias\/wp-json\/wp\/v2\/posts\/15980\/revisions\/15982"}],"wp:featuredmedia":[{"embeddable":true,"href":"https:\/\/www.gruporecoletas.com\/noticias\/wp-json\/wp\/v2\/media\/15981"}],"wp:attachment":[{"href":"https:\/\/www.gruporecoletas.com\/noticias\/wp-json\/wp\/v2\/media?parent=15980"}],"wp:term":[{"taxonomy":"category","embeddable":true,"href":"https:\/\/www.gruporecoletas.com\/noticias\/wp-json\/wp\/v2\/categories?post=15980"},{"taxonomy":"post_tag","embeddable":true,"href":"https:\/\/www.gruporecoletas.com\/noticias\/wp-json\/wp\/v2\/tags?post=15980"}],"curies":[{"name":"wp","href":"https:\/\/api.w.org\/{rel}","templated":true}]}}