{"id":15984,"date":"2023-04-20T16:59:44","date_gmt":"2023-04-20T14:59:44","guid":{"rendered":"https:\/\/www.gruporecoletas.com\/noticias\/?p=15984"},"modified":"2023-04-20T16:59:45","modified_gmt":"2023-04-20T14:59:45","slug":"recoletas-patrocinador-world-padel-tour","status":"publish","type":"post","link":"https:\/\/www.gruporecoletas.com\/noticias\/recoletas-patrocinador-world-padel-tour\/","title":{"rendered":"Recoletas, patrocinador oficial del World Padel Tour"},"content":{"rendered":"\n<p>El torneo de los r\u00e9cords quiere seguir haciendo historia. Despu\u00e9s de derribar todas las barreras en la edici\u00f3n de 2023, el Barcel\u00f3 Valladolid M\u00e1ster Trofeo Recoletas regresa a la ciudad cargado de novedades y con el firme objetivo de volver a romper todos los registros. Valladolid tiene una cita con el mejor p\u00e1del del mundo del 17 al 25 de junio. En 2022, con el aforo al borde de las 4.000 localidades en la pista central, el evento aport\u00f3 tres millones de euros de retorno econ\u00f3mico directo para la ciudad, con un 48% de los asistentes procedentes de fuera de la capital castellana. Adem\u00e1s, el torneo reuni\u00f3 a m\u00e1s de 3.200 ni\u00f1os a trav\u00e9s de su plan social y m\u00e1s de 30.000 personas disfrutaron durante toda la semana de un evento \u00fanico.<\/p>\n\n\n\n<p>\u201cEl torneo de nuestras vidas\u201d. \u201cEl mejor torneo de la historia\u201d. \u201cUna cita inigualable\u201d. Jugadores y espectadores dispararon con sus comentarios en redes sociales la adrenalina de un torneo que en 2023 va camino de batir sus propias marcas y que estrena su condici\u00f3n de mejor evento de p\u00e1del profesional del mundo, galard\u00f3n obtenido en los \u00faltimos Padel Spain World Padel Awards.<\/p>\n\n\n\n<p>El Barcel\u00f3 Valladolid M\u00e1ster Trofeo Recoletas se estrena en 2023 con dos novedades muy importantes. La primera hace referencia al nombre de la pista central, que pasa a llamarse Plaza Mayor Caja Rural de Zamora Stadium. La segunda representa un nuevo hito en la historia del torneo. El club sede estar\u00e1 ubicado este a\u00f1o en Los Anexos, donde World Padel Tour y Madison instalar\u00e1n cuatro pistas id\u00e9nticas a la de la Plaza Mayor para albergar los encuentros de las fases previas. Cuando arranquen los cuadros principales de las dos categor\u00edas, masculina y femenina, el Caja Rural de Zamora Stadium y Los Anexos convivir\u00e1n con partidos hasta el viernes, fecha marcada para los cuartos de final. El s\u00e1bado y el domingo, la actividad se desarrollar\u00e1 de forma exclusiva en la Plaza Mayor.<\/p>\n\n\n\n<p>Adem\u00e1s de los comentarios de los jugadores y aficionados, la buena salud de la que goza el torneo tiene un reflejo directo en las marcas que lo acompa\u00f1an. En este sentido, Barcel\u00f3 Hotel Group se incorpora como naming y se suma a marcas ya consolidadas en el evento como Recoletas, Caja Rural, Ambilamp, Cavidel, Tierra de Sabor y Nos Impulsa Junta de Castilla y Le\u00f3n, que redobla este a\u00f1o su apuesta por el Barcel\u00f3 Valladolid M\u00e1ster Trofeo Recoletas. La llegada de Barcel\u00f3 al proyecto representa un notable impulso para la ciudad como destino internacional, ya que la multinacional hotelera, que estar\u00e1 representada tambi\u00e9n por B The Travel Brand, ofrecer\u00e1 paquetes tur\u00edsticos a nivel nacional e internacional para facilitar el desplazamiento y alojamiento de los aficionados que quieran vivir la experiencia de presenciar el mejor p\u00e1del del mundo en pleno coraz\u00f3n de la ciudad.<\/p>\n\n\n\n<p>El alcalde de la ciudad, \u00d3scar Puente, presidi\u00f3 el acto de presentaci\u00f3n del torneo, que ha tenido lugar esta ma\u00f1ana en el Ayuntamiento de Valladolid y que ha contado con la presencia de Fernando Rubio, director de Acci\u00f3n Exterior de la Junta de Castilla y Le\u00f3n; Alex Aranburu, director comercial del segmento deportivo de Barcel\u00f3; Luis Torres, subdirector general de World Padel Tour; y Juan M\u00e9ndez, director de Comunicaci\u00f3n de Madison Sports Marketing; adem\u00e1s de una nutrida representaci\u00f3n de los patrocinadores y la Federaci\u00f3n de P\u00e1del de Castilla y Le\u00f3n, con su presidenta, Victoria Barcina, a la cabeza.<\/p>\n\n\n\n<p>El lanzamiento de la venta de entradas y abonos, con un 20% de descuento para los vallisoletanos a trav\u00e9s de los clubes de la ciudad durante 15 d\u00edas, marca el camino de una nueva edici\u00f3n plena de r\u00e9cords. El s\u00e1bado ya tiene el cartel de \u2018no hay billetes\u2019 colgado y el viernes y el domingo van por el mismo sendero. A dos meses del evento, es hist\u00f3rico que ya no haya entradas disponibles para la jornada de semifinales, lo que invita a pensar que el Barcel\u00f3 Valladolid M\u00e1ster Trofeo Recoletas volver\u00e1 a ser un \u00e9xito en todos los sentidos.<\/p>\n\n\n\n<p>En el plano puramente deportivo, los aficionados locales cuentan las horas para ver en acci\u00f3n a Arturo Coello, que est\u00e1 arrasando en el inicio del curso junto con su compa\u00f1ero, Agust\u00edn Tapia. El vallisoletano y el argentino no han cedido un solo partido desde el arranque de la temporada y pelear\u00e1n con todos sus argumentos para levantar el t\u00edtulo en el Caja Rural Stadium de la Plaza Mayor. En la competici\u00f3n femenina, Paula Josemar\u00eda y Ari S\u00e1nchez est\u00e1n planteando una cruda batalla por el n\u00famero uno del mundo a Alejandra Salazar y Gemma Triay, grandes dominadoras del circuito en 2022.<\/p>\n\n\n\n<p>El torneo arrancar\u00e1 el s\u00e1bado 18 de junio en Los Anexos, donde la competici\u00f3n no se detendr\u00e1 hasta el viernes 23 con la disputa de dos cuartos de final femeninos. En el Caja Rural Stadium de la Plaza Mayor, la competici\u00f3n comenzar\u00e1 el martes, 20 de junio, y concluir\u00e1 al mediod\u00eda del domingo 25, con la celebraci\u00f3n de las dos finales.<\/p>\n\n\n\n<p>Como en 2022, el Barcel\u00f3 Valladolid M\u00e1ster Trofeo Recoletas volver\u00e1 a extender el torneo a toda la ciudad con un plan social en colegios, universidades, centros educativos y clubes deportivos, que tratar\u00e1 de reunir a 4.000 asistentes durante las ma\u00f1anas del martes a viernes en el Caja Rural Stadium de la Plaza Mayor.<\/p>\n\n\n\n<p>Adem\u00e1s del retorno econ\u00f3mico directo, el torneo pondr\u00e1 de nuevo a Valladolid en la \u00e9lite de los mejores eventos a nivel mundial, ya que se podr\u00e1 seguir en m\u00e1s de 130 pa\u00edses gracias a los derechos de TV.<\/p>\n","protected":false},"excerpt":{"rendered":"<p>El torneo de los r\u00e9cords quiere seguir haciendo historia. Despu\u00e9s de derribar todas las barreras en la edici\u00f3n de 2023, el Barcel\u00f3 Valladolid M\u00e1ster Trofeo Recoletas regresa a la ciudad cargado de novedades y con el firme objetivo de volver a romper todos los registros. Valladolid tiene una cita con el mejor p\u00e1del del mundo [&hellip;]<\/p>\n","protected":false},"author":2,"featured_media":15985,"comment_status":"closed","ping_status":"closed","sticky":false,"template":"","format":"standard","meta":{"_acf_changed":false,"footnotes":""},"categories":[1],"tags":[1442,1440,2668],"class_list":["post-15984","post","type-post","status-publish","format-standard","has-post-thumbnail","hentry","category-grupo-recoletas","tag-deporte","tag-patrocinios","tag-salud-y-deporte"],"acf":[],"yoast_head":"<!-- This site is optimized with the Yoast SEO Premium plugin v27.3 (Yoast SEO v27.3) - https:\/\/yoast.com\/product\/yoast-seo-premium-wordpress\/ -->\n<title>Recoletas, patrocinador oficial del World Padel Tour - Noticias Grupo Recoletas<\/title>\n<meta name=\"description\" content=\"Recoletas Red Hospitalaria apuesta por la promoci\u00f3n de la salud a trav\u00e9s del patrocinio de uno de los eventos deportivos m\u00e1s importantes de Valladolid\" \/>\n<meta name=\"robots\" content=\"index, follow, max-snippet:-1, max-image-preview:large, max-video-preview:-1\" \/>\n<link rel=\"canonical\" href=\"https:\/\/www.gruporecoletas.com\/noticias\/recoletas-patrocinador-world-padel-tour\/\" \/>\n<meta property=\"og:locale\" content=\"es_ES\" \/>\n<meta property=\"og:type\" content=\"article\" \/>\n<meta property=\"og:title\" content=\"Recoletas, patrocinador oficial del World Padel Tour\" \/>\n<meta property=\"og:description\" content=\"Recoletas Red Hospitalaria apuesta por la promoci\u00f3n de la salud a trav\u00e9s del patrocinio de uno de los eventos deportivos m\u00e1s importantes de Valladolid\" \/>\n<meta property=\"og:url\" content=\"https:\/\/www.gruporecoletas.com\/noticias\/recoletas-patrocinador-world-padel-tour\/\" \/>\n<meta property=\"og:site_name\" content=\"Noticias Grupo Recoletas\" \/>\n<meta property=\"article:publisher\" content=\"https:\/\/www.facebook.com\/GrupoRecoletas\/\" \/>\n<meta property=\"article:published_time\" content=\"2023-04-20T14:59:44+00:00\" \/>\n<meta property=\"article:modified_time\" content=\"2023-04-20T14:59:45+00:00\" \/>\n<meta property=\"og:image\" content=\"https:\/\/www.gruporecoletas.com\/noticias\/wp-content\/uploads\/2023\/04\/20230418-presenta-Padel-Tour-IB-1222.jpg\" \/>\n\t<meta property=\"og:image:width\" content=\"1616\" \/>\n\t<meta property=\"og:image:height\" content=\"1080\" \/>\n\t<meta property=\"og:image:type\" content=\"image\/jpeg\" \/>\n<meta name=\"author\" content=\"Recoletas Red Hospitalaria\" \/>\n<meta name=\"twitter:card\" content=\"summary_large_image\" \/>\n<meta name=\"twitter:creator\" content=\"@GrupoRecoletas\" \/>\n<meta name=\"twitter:site\" content=\"@GrupoRecoletas\" \/>\n<meta name=\"twitter:label1\" content=\"Escrito por\" \/>\n\t<meta name=\"twitter:data1\" content=\"Recoletas Red Hospitalaria\" \/>\n\t<meta name=\"twitter:label2\" content=\"Tiempo de lectura\" \/>\n\t<meta name=\"twitter:data2\" content=\"5 minutos\" \/>\n<script type=\"application\/ld+json\" class=\"yoast-schema-graph\">{\"@context\":\"https:\\\/\\\/schema.org\",\"@graph\":[{\"@type\":\"Article\",\"@id\":\"https:\\\/\\\/www.gruporecoletas.com\\\/noticias\\\/recoletas-patrocinador-world-padel-tour\\\/#article\",\"isPartOf\":{\"@id\":\"https:\\\/\\\/www.gruporecoletas.com\\\/noticias\\\/recoletas-patrocinador-world-padel-tour\\\/\"},\"author\":{\"name\":\"Recoletas Red Hospitalaria\",\"@id\":\"https:\\\/\\\/www.gruporecoletas.com\\\/noticias\\\/#\\\/schema\\\/person\\\/3c6ac429828d1f5e3d3bd99f4da9b02c\"},\"headline\":\"Recoletas, patrocinador oficial del World Padel Tour\",\"datePublished\":\"2023-04-20T14:59:44+00:00\",\"dateModified\":\"2023-04-20T14:59:45+00:00\",\"mainEntityOfPage\":{\"@id\":\"https:\\\/\\\/www.gruporecoletas.com\\\/noticias\\\/recoletas-patrocinador-world-padel-tour\\\/\"},\"wordCount\":973,\"image\":{\"@id\":\"https:\\\/\\\/www.gruporecoletas.com\\\/noticias\\\/recoletas-patrocinador-world-padel-tour\\\/#primaryimage\"},\"thumbnailUrl\":\"https:\\\/\\\/www.gruporecoletas.com\\\/noticias\\\/wp-content\\\/uploads\\\/2023\\\/04\\\/20230418-presenta-Padel-Tour-IB-1222.jpg\",\"keywords\":[\"Deporte\",\"Patrocinios\",\"Salud y deporte\"],\"articleSection\":[\"Grupo Recoletas\"],\"inLanguage\":\"es\"},{\"@type\":\"WebPage\",\"@id\":\"https:\\\/\\\/www.gruporecoletas.com\\\/noticias\\\/recoletas-patrocinador-world-padel-tour\\\/\",\"url\":\"https:\\\/\\\/www.gruporecoletas.com\\\/noticias\\\/recoletas-patrocinador-world-padel-tour\\\/\",\"name\":\"Recoletas, patrocinador oficial del World Padel Tour - Noticias Grupo Recoletas\",\"isPartOf\":{\"@id\":\"https:\\\/\\\/www.gruporecoletas.com\\\/noticias\\\/#website\"},\"primaryImageOfPage\":{\"@id\":\"https:\\\/\\\/www.gruporecoletas.com\\\/noticias\\\/recoletas-patrocinador-world-padel-tour\\\/#primaryimage\"},\"image\":{\"@id\":\"https:\\\/\\\/www.gruporecoletas.com\\\/noticias\\\/recoletas-patrocinador-world-padel-tour\\\/#primaryimage\"},\"thumbnailUrl\":\"https:\\\/\\\/www.gruporecoletas.com\\\/noticias\\\/wp-content\\\/uploads\\\/2023\\\/04\\\/20230418-presenta-Padel-Tour-IB-1222.jpg\",\"datePublished\":\"2023-04-20T14:59:44+00:00\",\"dateModified\":\"2023-04-20T14:59:45+00:00\",\"author\":{\"@id\":\"https:\\\/\\\/www.gruporecoletas.com\\\/noticias\\\/#\\\/schema\\\/person\\\/3c6ac429828d1f5e3d3bd99f4da9b02c\"},\"description\":\"Recoletas Red Hospitalaria apuesta por la promoci\u00f3n de la salud a trav\u00e9s del patrocinio de uno de los eventos deportivos m\u00e1s importantes de Valladolid\",\"breadcrumb\":{\"@id\":\"https:\\\/\\\/www.gruporecoletas.com\\\/noticias\\\/recoletas-patrocinador-world-padel-tour\\\/#breadcrumb\"},\"inLanguage\":\"es\",\"potentialAction\":[{\"@type\":\"ReadAction\",\"target\":[\"https:\\\/\\\/www.gruporecoletas.com\\\/noticias\\\/recoletas-patrocinador-world-padel-tour\\\/\"]}]},{\"@type\":\"ImageObject\",\"inLanguage\":\"es\",\"@id\":\"https:\\\/\\\/www.gruporecoletas.com\\\/noticias\\\/recoletas-patrocinador-world-padel-tour\\\/#primaryimage\",\"url\":\"https:\\\/\\\/www.gruporecoletas.com\\\/noticias\\\/wp-content\\\/uploads\\\/2023\\\/04\\\/20230418-presenta-Padel-Tour-IB-1222.jpg\",\"contentUrl\":\"https:\\\/\\\/www.gruporecoletas.com\\\/noticias\\\/wp-content\\\/uploads\\\/2023\\\/04\\\/20230418-presenta-Padel-Tour-IB-1222.jpg\",\"width\":1616,\"height\":1080,\"caption\":\"Recoletas Red Hospitalaria apuesta por la promoci\u00f3n de la salud a trav\u00e9s del patrocinio de uno de los eventos deportivos m\u00e1s importantes de Valladolid\"},{\"@type\":\"BreadcrumbList\",\"@id\":\"https:\\\/\\\/www.gruporecoletas.com\\\/noticias\\\/recoletas-patrocinador-world-padel-tour\\\/#breadcrumb\",\"itemListElement\":[{\"@type\":\"ListItem\",\"position\":1,\"name\":\"Portada\",\"item\":\"https:\\\/\\\/www.gruporecoletas.com\\\/noticias\\\/\"},{\"@type\":\"ListItem\",\"position\":2,\"name\":\"Recoletas, patrocinador oficial del World Padel Tour\"}]},{\"@type\":\"WebSite\",\"@id\":\"https:\\\/\\\/www.gruporecoletas.com\\\/noticias\\\/#website\",\"url\":\"https:\\\/\\\/www.gruporecoletas.com\\\/noticias\\\/\",\"name\":\"Noticias Grupo Recoletas\",\"description\":\"Grupo Recoletas\",\"potentialAction\":[{\"@type\":\"SearchAction\",\"target\":{\"@type\":\"EntryPoint\",\"urlTemplate\":\"https:\\\/\\\/www.gruporecoletas.com\\\/noticias\\\/?s={search_term_string}\"},\"query-input\":{\"@type\":\"PropertyValueSpecification\",\"valueRequired\":true,\"valueName\":\"search_term_string\"}}],\"inLanguage\":\"es\"},{\"@type\":\"Person\",\"@id\":\"https:\\\/\\\/www.gruporecoletas.com\\\/noticias\\\/#\\\/schema\\\/person\\\/3c6ac429828d1f5e3d3bd99f4da9b02c\",\"name\":\"Recoletas Red Hospitalaria\",\"url\":\"https:\\\/\\\/www.gruporecoletas.com\\\/noticias\\\/author\\\/comunicacion\\\/\"}]}<\/script>\n<!-- \/ Yoast SEO Premium plugin. -->","yoast_head_json":{"title":"Recoletas, patrocinador oficial del World Padel Tour - Noticias Grupo Recoletas","description":"Recoletas Red Hospitalaria apuesta por la promoci\u00f3n de la salud a trav\u00e9s del patrocinio de uno de los eventos deportivos m\u00e1s importantes de Valladolid","robots":{"index":"index","follow":"follow","max-snippet":"max-snippet:-1","max-image-preview":"max-image-preview:large","max-video-preview":"max-video-preview:-1"},"canonical":"https:\/\/www.gruporecoletas.com\/noticias\/recoletas-patrocinador-world-padel-tour\/","og_locale":"es_ES","og_type":"article","og_title":"Recoletas, patrocinador oficial del World Padel Tour","og_description":"Recoletas Red Hospitalaria apuesta por la promoci\u00f3n de la salud a trav\u00e9s del patrocinio de uno de los eventos deportivos m\u00e1s importantes de Valladolid","og_url":"https:\/\/www.gruporecoletas.com\/noticias\/recoletas-patrocinador-world-padel-tour\/","og_site_name":"Noticias Grupo Recoletas","article_publisher":"https:\/\/www.facebook.com\/GrupoRecoletas\/","article_published_time":"2023-04-20T14:59:44+00:00","article_modified_time":"2023-04-20T14:59:45+00:00","og_image":[{"width":1616,"height":1080,"url":"https:\/\/www.gruporecoletas.com\/noticias\/wp-content\/uploads\/2023\/04\/20230418-presenta-Padel-Tour-IB-1222.jpg","type":"image\/jpeg"}],"author":"Recoletas Red Hospitalaria","twitter_card":"summary_large_image","twitter_creator":"@GrupoRecoletas","twitter_site":"@GrupoRecoletas","twitter_misc":{"Escrito por":"Recoletas Red Hospitalaria","Tiempo de lectura":"5 minutos"},"schema":{"@context":"https:\/\/schema.org","@graph":[{"@type":"Article","@id":"https:\/\/www.gruporecoletas.com\/noticias\/recoletas-patrocinador-world-padel-tour\/#article","isPartOf":{"@id":"https:\/\/www.gruporecoletas.com\/noticias\/recoletas-patrocinador-world-padel-tour\/"},"author":{"name":"Recoletas Red Hospitalaria","@id":"https:\/\/www.gruporecoletas.com\/noticias\/#\/schema\/person\/3c6ac429828d1f5e3d3bd99f4da9b02c"},"headline":"Recoletas, patrocinador oficial del World Padel Tour","datePublished":"2023-04-20T14:59:44+00:00","dateModified":"2023-04-20T14:59:45+00:00","mainEntityOfPage":{"@id":"https:\/\/www.gruporecoletas.com\/noticias\/recoletas-patrocinador-world-padel-tour\/"},"wordCount":973,"image":{"@id":"https:\/\/www.gruporecoletas.com\/noticias\/recoletas-patrocinador-world-padel-tour\/#primaryimage"},"thumbnailUrl":"https:\/\/www.gruporecoletas.com\/noticias\/wp-content\/uploads\/2023\/04\/20230418-presenta-Padel-Tour-IB-1222.jpg","keywords":["Deporte","Patrocinios","Salud y deporte"],"articleSection":["Grupo Recoletas"],"inLanguage":"es"},{"@type":"WebPage","@id":"https:\/\/www.gruporecoletas.com\/noticias\/recoletas-patrocinador-world-padel-tour\/","url":"https:\/\/www.gruporecoletas.com\/noticias\/recoletas-patrocinador-world-padel-tour\/","name":"Recoletas, patrocinador oficial del World Padel Tour - Noticias Grupo Recoletas","isPartOf":{"@id":"https:\/\/www.gruporecoletas.com\/noticias\/#website"},"primaryImageOfPage":{"@id":"https:\/\/www.gruporecoletas.com\/noticias\/recoletas-patrocinador-world-padel-tour\/#primaryimage"},"image":{"@id":"https:\/\/www.gruporecoletas.com\/noticias\/recoletas-patrocinador-world-padel-tour\/#primaryimage"},"thumbnailUrl":"https:\/\/www.gruporecoletas.com\/noticias\/wp-content\/uploads\/2023\/04\/20230418-presenta-Padel-Tour-IB-1222.jpg","datePublished":"2023-04-20T14:59:44+00:00","dateModified":"2023-04-20T14:59:45+00:00","author":{"@id":"https:\/\/www.gruporecoletas.com\/noticias\/#\/schema\/person\/3c6ac429828d1f5e3d3bd99f4da9b02c"},"description":"Recoletas Red Hospitalaria apuesta por la promoci\u00f3n de la salud a trav\u00e9s del patrocinio de uno de los eventos deportivos m\u00e1s importantes de Valladolid","breadcrumb":{"@id":"https:\/\/www.gruporecoletas.com\/noticias\/recoletas-patrocinador-world-padel-tour\/#breadcrumb"},"inLanguage":"es","potentialAction":[{"@type":"ReadAction","target":["https:\/\/www.gruporecoletas.com\/noticias\/recoletas-patrocinador-world-padel-tour\/"]}]},{"@type":"ImageObject","inLanguage":"es","@id":"https:\/\/www.gruporecoletas.com\/noticias\/recoletas-patrocinador-world-padel-tour\/#primaryimage","url":"https:\/\/www.gruporecoletas.com\/noticias\/wp-content\/uploads\/2023\/04\/20230418-presenta-Padel-Tour-IB-1222.jpg","contentUrl":"https:\/\/www.gruporecoletas.com\/noticias\/wp-content\/uploads\/2023\/04\/20230418-presenta-Padel-Tour-IB-1222.jpg","width":1616,"height":1080,"caption":"Recoletas Red Hospitalaria apuesta por la promoci\u00f3n de la salud a trav\u00e9s del patrocinio de uno de los eventos deportivos m\u00e1s importantes de Valladolid"},{"@type":"BreadcrumbList","@id":"https:\/\/www.gruporecoletas.com\/noticias\/recoletas-patrocinador-world-padel-tour\/#breadcrumb","itemListElement":[{"@type":"ListItem","position":1,"name":"Portada","item":"https:\/\/www.gruporecoletas.com\/noticias\/"},{"@type":"ListItem","position":2,"name":"Recoletas, patrocinador oficial del World Padel Tour"}]},{"@type":"WebSite","@id":"https:\/\/www.gruporecoletas.com\/noticias\/#website","url":"https:\/\/www.gruporecoletas.com\/noticias\/","name":"Noticias Grupo Recoletas","description":"Grupo Recoletas","potentialAction":[{"@type":"SearchAction","target":{"@type":"EntryPoint","urlTemplate":"https:\/\/www.gruporecoletas.com\/noticias\/?s={search_term_string}"},"query-input":{"@type":"PropertyValueSpecification","valueRequired":true,"valueName":"search_term_string"}}],"inLanguage":"es"},{"@type":"Person","@id":"https:\/\/www.gruporecoletas.com\/noticias\/#\/schema\/person\/3c6ac429828d1f5e3d3bd99f4da9b02c","name":"Recoletas Red Hospitalaria","url":"https:\/\/www.gruporecoletas.com\/noticias\/author\/comunicacion\/"}]}},"_links":{"self":[{"href":"https:\/\/www.gruporecoletas.com\/noticias\/wp-json\/wp\/v2\/posts\/15984","targetHints":{"allow":["GET"]}}],"collection":[{"href":"https:\/\/www.gruporecoletas.com\/noticias\/wp-json\/wp\/v2\/posts"}],"about":[{"href":"https:\/\/www.gruporecoletas.com\/noticias\/wp-json\/wp\/v2\/types\/post"}],"author":[{"embeddable":true,"href":"https:\/\/www.gruporecoletas.com\/noticias\/wp-json\/wp\/v2\/users\/2"}],"replies":[{"embeddable":true,"href":"https:\/\/www.gruporecoletas.com\/noticias\/wp-json\/wp\/v2\/comments?post=15984"}],"version-history":[{"count":1,"href":"https:\/\/www.gruporecoletas.com\/noticias\/wp-json\/wp\/v2\/posts\/15984\/revisions"}],"predecessor-version":[{"id":15986,"href":"https:\/\/www.gruporecoletas.com\/noticias\/wp-json\/wp\/v2\/posts\/15984\/revisions\/15986"}],"wp:featuredmedia":[{"embeddable":true,"href":"https:\/\/www.gruporecoletas.com\/noticias\/wp-json\/wp\/v2\/media\/15985"}],"wp:attachment":[{"href":"https:\/\/www.gruporecoletas.com\/noticias\/wp-json\/wp\/v2\/media?parent=15984"}],"wp:term":[{"taxonomy":"category","embeddable":true,"href":"https:\/\/www.gruporecoletas.com\/noticias\/wp-json\/wp\/v2\/categories?post=15984"},{"taxonomy":"post_tag","embeddable":true,"href":"https:\/\/www.gruporecoletas.com\/noticias\/wp-json\/wp\/v2\/tags?post=15984"}],"curies":[{"name":"wp","href":"https:\/\/api.w.org\/{rel}","templated":true}]}}