{"id":16050,"date":"2023-06-01T09:05:13","date_gmt":"2023-06-01T07:05:13","guid":{"rendered":"https:\/\/www.gruporecoletas.com\/noticias\/?p=16050"},"modified":"2023-06-01T09:05:14","modified_gmt":"2023-06-01T07:05:14","slug":"el-medico-rehabilitador-de-recoletas-sergio-fuertes-en-el-ranking-de-los-10-medicos-mas-influyentes-de-espana","status":"publish","type":"post","link":"https:\/\/www.gruporecoletas.com\/noticias\/el-medico-rehabilitador-de-recoletas-sergio-fuertes-en-el-ranking-de-los-10-medicos-mas-influyentes-de-espana\/","title":{"rendered":"El m\u00e9dico rehabilitador de Recoletas, Sergio Fuertes, en el r\u00e1nking de los 10 m\u00e9dicos m\u00e1s influyentes de Espa\u00f1a"},"content":{"rendered":"\n<p>La Sociedad Espa\u00f1ola de Rehabilitaci\u00f3n y Medicina F\u00edsica (<em>SERMEF<\/em>) ha valorado al Dr. Sergio Fuertes Gonz\u00e1lez como uno de los 10 m\u00e9dicos rehabilitadores m\u00e1s influyentes de Espa\u00f1a, reconociendo su experiencia en el \u00e1mbito del tratamiento del dolor, la rehabilitaci\u00f3n Intervencionista y la gamificaci\u00f3n.<\/p>\n\n\n\n<p>Actualmente forma parte del equipo del Centro de Rehabilitaci\u00f3n y Fisioterapia de Recoletas e integra el staff docente de iniciativas formativas de largo recorrido como el M\u00e1ster en Ecograf\u00eda Musculoesquel\u00e9tica e Intervencionismo Ecoguiado (CEU San Pablo Andaluc\u00eda), la Escuela de Ecograf\u00eda de la Sociedad Espa\u00f1ola de Rehabilitaci\u00f3n y Medicina F\u00edsica (ECOSERMEF) o el Curso de experto en \u201cDolor Musculoesquel\u00e9tico\u201d de la Universidad de C\u00e1diz &#8211; avalado por la Sociedad Espa\u00f1ola Multidisciplinar del Dolor (SEMDOR)-<\/p>\n\n\n\n<p>Miembro activo de la Sociedad Espa\u00f1ola de Rehabilitaci\u00f3n y Medicina F\u00edsica (SERMEF) pertenece, adem\u00e1s, al Comit\u00e9 T\u00e9cnico Regional del Dolor de Castilla y Le\u00f3n.<\/p>\n\n\n\n<p>Su inter\u00e9s por el Exergaming (Rehabilitaci\u00f3n con videojuegos) le llev\u00f3 a abanderar la implementaci\u00f3n de una Unidad dedicada a este campo en el Hospital Universitario de Burgos. Actualmente, este es uno de los proyectos que desarrolla en el Centro de Rehabilitaci\u00f3n y Fisioterapia de Recoletas a trav\u00e9s de dispositivos de nueva generaci\u00f3n.<\/p>\n\n\n\n<h4 class=\"wp-block-heading\"><strong>La importancia de la Rehabilitaci\u00f3n y la Medicina F\u00edsica<\/strong><\/h4>\n\n\n\n<p>La Rehabilitaci\u00f3n es una especialidad m\u00e9dica dedicada al diagn\u00f3stico, evaluaci\u00f3n, prevenci\u00f3n y tratamiento de la discapacidad, con el objetivo de facilitar, mantener o devolver el mayor grado de capacidad funcional e independencia posibles.<\/p>\n\n\n\n<p>Su importancia puede resumirse en ciertas cifras:<\/p>\n\n\n\n<ul class=\"wp-block-list\">\n<li>2.400 millones de personas padecen una dolencia que precisa Rehabilitaci\u00f3n.<\/li>\n\n\n\n<li>El 50% de esas personas no tienen acceso a un proceso rehabilitador de calidad.<\/li>\n\n\n\n<li>10 profesionales\/mill\u00f3n de habitantes es una proporci\u00f3n insuficiente para satisfacer las necesidades de la poblaci\u00f3n.<\/li>\n<\/ul>\n\n\n\n<p>En Espa\u00f1a, actualmente, la necesidad de profesionales m\u00e9dicos que desarrollen su actividad en esta especialidad empieza a ser alarmante, encontr\u00e1ndose en 76 puntos sobre 100, siendo actualmente 1.526 los m\u00e9dicos especialistas en medicina f\u00edsica y rehabilitaci\u00f3n.<\/p>\n\n\n\n<p>Para el Dr. Sergio Fuertes \u201cla Rehabilitaci\u00f3n es la disciplina m\u00e9dica que recoge y engloba el conocimiento sobre la disfunci\u00f3n. Dado que las causas que la originan son muy diversas, su enfoque hol\u00edstico es determinante para realizar un diagn\u00f3stico certero y consecuentemente alcanzar as\u00ed el \u00e9xito en su tratamiento, cuya finalidad es devolver calidad de vida a nuestros pacientes. El envejecimiento poblacional, el creciente inter\u00e9s por la pr\u00e1ctica deportiva o las lesiones derivadas del \u00e1mbito laboral son algunas de las razones que incitan a trabajar en mejorar la &nbsp;situaci\u00f3n de nuestra especialidad\u201d.<\/p>\n\n\n\n<h4 class=\"wp-block-heading\"><strong>Respuesta de la OMS: Iniciativa \u201cRehabilitation 2030\u201d<\/strong><\/h4>\n\n\n\n<p>La iniciativa \u00abRehabilitation 2030\u00bb que puso en marcha la OMS, supone el establecimiento de objetivos y la construcci\u00f3n paulatina de una Rehabilitaci\u00f3n universal y eficiente que plantea m\u00e1s retos en un futuro en el que el envejecimiento poblacional es cada vez m\u00e1s evidente.<\/p>\n\n\n\n<p>La digitalizaci\u00f3n y las empresas como el Grupo Recoletas que la introducen en la sanidad, se presentan como la clave para la soluci\u00f3n de muchos de los problemas de protocolizaci\u00f3n y accesibilidad de la rehabilitaci\u00f3n actual.<\/p>\n\n\n\n<p>El ensalzamiento de los especialistas m\u00e9dicos en Rehabilitaci\u00f3n es una necesidad en cuanto que se est\u00e1n convirtiendo en uno de los ejes de la sanidad del futuro cercano.<\/p>\n\n\n\n<p>La Rehabilitaci\u00f3n es un componente importante de la cobertura sanitaria universal y una estrategia crucial para alcanzar el Objetivo de Desarrollo Sostenible 3 de la Agenda 2030: \u00abGarantizar una vida sana y promover el bienestar de todos a todas las edades\u00bb.<\/p>\n","protected":false},"excerpt":{"rendered":"<p>La Sociedad Espa\u00f1ola de Rehabilitaci\u00f3n y Medicina F\u00edsica (SERMEF) ha valorado al Dr. Sergio Fuertes Gonz\u00e1lez como uno de los 10 m\u00e9dicos rehabilitadores m\u00e1s influyentes de Espa\u00f1a, reconociendo su experiencia en el \u00e1mbito del tratamiento del dolor, la rehabilitaci\u00f3n Intervencionista y la gamificaci\u00f3n. Actualmente forma parte del equipo del Centro de Rehabilitaci\u00f3n y Fisioterapia de [&hellip;]<\/p>\n","protected":false},"author":2,"featured_media":16051,"comment_status":"closed","ping_status":"closed","sticky":false,"template":"","format":"standard","meta":{"_acf_changed":false,"footnotes":""},"categories":[10,43,1,31],"tags":[],"class_list":["post-16050","post","type-post","status-publish","format-standard","has-post-thumbnail","hentry","category-burgos","category-centros","category-grupo-recoletas","category-hrbu"],"acf":[],"yoast_head":"<!-- This site is optimized with the Yoast SEO Premium plugin v27.3 (Yoast SEO v27.3) - https:\/\/yoast.com\/product\/yoast-seo-premium-wordpress\/ -->\n<title>El m\u00e9dico rehabilitador de Recoletas, Sergio Fuertes, en el r\u00e1nking de los 10 m\u00e9dicos m\u00e1s influyentes de Espa\u00f1a - Noticias Grupo Recoletas<\/title>\n<meta name=\"description\" content=\"La Sociedad Espa\u00f1ola de Rehabilitaci\u00f3n y Medicina F\u00edsica ha valorado al Dr. Sergio Fuertes como uno de los 10 m\u00e9dicos m\u00e1s influyentes de su especialidad.\" \/>\n<meta name=\"robots\" content=\"index, follow, max-snippet:-1, max-image-preview:large, max-video-preview:-1\" \/>\n<link rel=\"canonical\" href=\"https:\/\/www.gruporecoletas.com\/noticias\/el-medico-rehabilitador-de-recoletas-sergio-fuertes-en-el-ranking-de-los-10-medicos-mas-influyentes-de-espana\/\" \/>\n<meta property=\"og:locale\" content=\"es_ES\" \/>\n<meta property=\"og:type\" content=\"article\" \/>\n<meta property=\"og:title\" content=\"El m\u00e9dico rehabilitador de Recoletas, Sergio Fuertes, en el r\u00e1nking de los 10 m\u00e9dicos m\u00e1s influyentes de Espa\u00f1a\" \/>\n<meta property=\"og:description\" content=\"La Sociedad Espa\u00f1ola de Rehabilitaci\u00f3n y Medicina F\u00edsica ha valorado al Dr. Sergio Fuertes como uno de los 10 m\u00e9dicos m\u00e1s influyentes de su especialidad.\" \/>\n<meta property=\"og:url\" content=\"https:\/\/www.gruporecoletas.com\/noticias\/el-medico-rehabilitador-de-recoletas-sergio-fuertes-en-el-ranking-de-los-10-medicos-mas-influyentes-de-espana\/\" \/>\n<meta property=\"og:site_name\" content=\"Noticias Grupo Recoletas\" \/>\n<meta property=\"article:publisher\" content=\"https:\/\/www.facebook.com\/GrupoRecoletas\/\" \/>\n<meta property=\"article:published_time\" content=\"2023-06-01T07:05:13+00:00\" \/>\n<meta property=\"article:modified_time\" content=\"2023-06-01T07:05:14+00:00\" \/>\n<meta property=\"og:image\" content=\"https:\/\/www.gruporecoletas.com\/noticias\/wp-content\/uploads\/2023\/06\/RECONOCIMIENTO-DRFUERTES-BURGOS-BLOG.png\" \/>\n\t<meta property=\"og:image:width\" content=\"1366\" \/>\n\t<meta property=\"og:image:height\" content=\"768\" \/>\n\t<meta property=\"og:image:type\" content=\"image\/png\" \/>\n<meta name=\"author\" content=\"Recoletas Red Hospitalaria\" \/>\n<meta name=\"twitter:card\" content=\"summary_large_image\" \/>\n<meta name=\"twitter:creator\" content=\"@GrupoRecoletas\" \/>\n<meta name=\"twitter:site\" content=\"@GrupoRecoletas\" \/>\n<meta name=\"twitter:label1\" content=\"Escrito por\" \/>\n\t<meta name=\"twitter:data1\" content=\"Recoletas Red Hospitalaria\" \/>\n\t<meta name=\"twitter:label2\" content=\"Tiempo de lectura\" \/>\n\t<meta name=\"twitter:data2\" content=\"3 minutos\" \/>\n<script type=\"application\/ld+json\" class=\"yoast-schema-graph\">{\"@context\":\"https:\\\/\\\/schema.org\",\"@graph\":[{\"@type\":\"Article\",\"@id\":\"https:\\\/\\\/www.gruporecoletas.com\\\/noticias\\\/el-medico-rehabilitador-de-recoletas-sergio-fuertes-en-el-ranking-de-los-10-medicos-mas-influyentes-de-espana\\\/#article\",\"isPartOf\":{\"@id\":\"https:\\\/\\\/www.gruporecoletas.com\\\/noticias\\\/el-medico-rehabilitador-de-recoletas-sergio-fuertes-en-el-ranking-de-los-10-medicos-mas-influyentes-de-espana\\\/\"},\"author\":{\"name\":\"Recoletas Red Hospitalaria\",\"@id\":\"https:\\\/\\\/www.gruporecoletas.com\\\/noticias\\\/#\\\/schema\\\/person\\\/3c6ac429828d1f5e3d3bd99f4da9b02c\"},\"headline\":\"El m\u00e9dico rehabilitador de Recoletas, Sergio Fuertes, en el r\u00e1nking de los 10 m\u00e9dicos m\u00e1s influyentes de Espa\u00f1a\",\"datePublished\":\"2023-06-01T07:05:13+00:00\",\"dateModified\":\"2023-06-01T07:05:14+00:00\",\"mainEntityOfPage\":{\"@id\":\"https:\\\/\\\/www.gruporecoletas.com\\\/noticias\\\/el-medico-rehabilitador-de-recoletas-sergio-fuertes-en-el-ranking-de-los-10-medicos-mas-influyentes-de-espana\\\/\"},\"wordCount\":648,\"image\":{\"@id\":\"https:\\\/\\\/www.gruporecoletas.com\\\/noticias\\\/el-medico-rehabilitador-de-recoletas-sergio-fuertes-en-el-ranking-de-los-10-medicos-mas-influyentes-de-espana\\\/#primaryimage\"},\"thumbnailUrl\":\"https:\\\/\\\/www.gruporecoletas.com\\\/noticias\\\/wp-content\\\/uploads\\\/2023\\\/06\\\/RECONOCIMIENTO-DRFUERTES-BURGOS-BLOG.png\",\"articleSection\":[\"Burgos\",\"Centros\",\"Grupo Recoletas\",\"HRBU\"],\"inLanguage\":\"es\"},{\"@type\":\"WebPage\",\"@id\":\"https:\\\/\\\/www.gruporecoletas.com\\\/noticias\\\/el-medico-rehabilitador-de-recoletas-sergio-fuertes-en-el-ranking-de-los-10-medicos-mas-influyentes-de-espana\\\/\",\"url\":\"https:\\\/\\\/www.gruporecoletas.com\\\/noticias\\\/el-medico-rehabilitador-de-recoletas-sergio-fuertes-en-el-ranking-de-los-10-medicos-mas-influyentes-de-espana\\\/\",\"name\":\"El m\u00e9dico rehabilitador de Recoletas, Sergio Fuertes, en el r\u00e1nking de los 10 m\u00e9dicos m\u00e1s influyentes de Espa\u00f1a - Noticias Grupo Recoletas\",\"isPartOf\":{\"@id\":\"https:\\\/\\\/www.gruporecoletas.com\\\/noticias\\\/#website\"},\"primaryImageOfPage\":{\"@id\":\"https:\\\/\\\/www.gruporecoletas.com\\\/noticias\\\/el-medico-rehabilitador-de-recoletas-sergio-fuertes-en-el-ranking-de-los-10-medicos-mas-influyentes-de-espana\\\/#primaryimage\"},\"image\":{\"@id\":\"https:\\\/\\\/www.gruporecoletas.com\\\/noticias\\\/el-medico-rehabilitador-de-recoletas-sergio-fuertes-en-el-ranking-de-los-10-medicos-mas-influyentes-de-espana\\\/#primaryimage\"},\"thumbnailUrl\":\"https:\\\/\\\/www.gruporecoletas.com\\\/noticias\\\/wp-content\\\/uploads\\\/2023\\\/06\\\/RECONOCIMIENTO-DRFUERTES-BURGOS-BLOG.png\",\"datePublished\":\"2023-06-01T07:05:13+00:00\",\"dateModified\":\"2023-06-01T07:05:14+00:00\",\"author\":{\"@id\":\"https:\\\/\\\/www.gruporecoletas.com\\\/noticias\\\/#\\\/schema\\\/person\\\/3c6ac429828d1f5e3d3bd99f4da9b02c\"},\"description\":\"La Sociedad Espa\u00f1ola de Rehabilitaci\u00f3n y Medicina F\u00edsica ha valorado al Dr. Sergio Fuertes como uno de los 10 m\u00e9dicos m\u00e1s influyentes de su especialidad.\",\"breadcrumb\":{\"@id\":\"https:\\\/\\\/www.gruporecoletas.com\\\/noticias\\\/el-medico-rehabilitador-de-recoletas-sergio-fuertes-en-el-ranking-de-los-10-medicos-mas-influyentes-de-espana\\\/#breadcrumb\"},\"inLanguage\":\"es\",\"potentialAction\":[{\"@type\":\"ReadAction\",\"target\":[\"https:\\\/\\\/www.gruporecoletas.com\\\/noticias\\\/el-medico-rehabilitador-de-recoletas-sergio-fuertes-en-el-ranking-de-los-10-medicos-mas-influyentes-de-espana\\\/\"]}]},{\"@type\":\"ImageObject\",\"inLanguage\":\"es\",\"@id\":\"https:\\\/\\\/www.gruporecoletas.com\\\/noticias\\\/el-medico-rehabilitador-de-recoletas-sergio-fuertes-en-el-ranking-de-los-10-medicos-mas-influyentes-de-espana\\\/#primaryimage\",\"url\":\"https:\\\/\\\/www.gruporecoletas.com\\\/noticias\\\/wp-content\\\/uploads\\\/2023\\\/06\\\/RECONOCIMIENTO-DRFUERTES-BURGOS-BLOG.png\",\"contentUrl\":\"https:\\\/\\\/www.gruporecoletas.com\\\/noticias\\\/wp-content\\\/uploads\\\/2023\\\/06\\\/RECONOCIMIENTO-DRFUERTES-BURGOS-BLOG.png\",\"width\":1366,\"height\":768,\"caption\":\"La Sociedad Espa\u00f1ola de Rehabilitaci\u00f3n y Medicina F\u00edsica (SERMEF) ha valorado al Dr. Sergio Fuertes Gonz\u00e1lez como uno de los 10 m\u00e9dicos rehabilitadores m\u00e1s influyentes de Espa\u00f1a, reconociendo su experiencia en el \u00e1mbito del tratamiento del dolor, la rehabilitaci\u00f3n Intervencionista y la gamificaci\u00f3n.\"},{\"@type\":\"BreadcrumbList\",\"@id\":\"https:\\\/\\\/www.gruporecoletas.com\\\/noticias\\\/el-medico-rehabilitador-de-recoletas-sergio-fuertes-en-el-ranking-de-los-10-medicos-mas-influyentes-de-espana\\\/#breadcrumb\",\"itemListElement\":[{\"@type\":\"ListItem\",\"position\":1,\"name\":\"Portada\",\"item\":\"https:\\\/\\\/www.gruporecoletas.com\\\/noticias\\\/\"},{\"@type\":\"ListItem\",\"position\":2,\"name\":\"El m\u00e9dico rehabilitador de Recoletas, Sergio Fuertes, en el r\u00e1nking de los 10 m\u00e9dicos m\u00e1s influyentes de Espa\u00f1a\"}]},{\"@type\":\"WebSite\",\"@id\":\"https:\\\/\\\/www.gruporecoletas.com\\\/noticias\\\/#website\",\"url\":\"https:\\\/\\\/www.gruporecoletas.com\\\/noticias\\\/\",\"name\":\"Noticias Grupo Recoletas\",\"description\":\"Grupo Recoletas\",\"potentialAction\":[{\"@type\":\"SearchAction\",\"target\":{\"@type\":\"EntryPoint\",\"urlTemplate\":\"https:\\\/\\\/www.gruporecoletas.com\\\/noticias\\\/?s={search_term_string}\"},\"query-input\":{\"@type\":\"PropertyValueSpecification\",\"valueRequired\":true,\"valueName\":\"search_term_string\"}}],\"inLanguage\":\"es\"},{\"@type\":\"Person\",\"@id\":\"https:\\\/\\\/www.gruporecoletas.com\\\/noticias\\\/#\\\/schema\\\/person\\\/3c6ac429828d1f5e3d3bd99f4da9b02c\",\"name\":\"Recoletas Red Hospitalaria\",\"url\":\"https:\\\/\\\/www.gruporecoletas.com\\\/noticias\\\/author\\\/comunicacion\\\/\"}]}<\/script>\n<!-- \/ Yoast SEO Premium plugin. -->","yoast_head_json":{"title":"El m\u00e9dico rehabilitador de Recoletas, Sergio Fuertes, en el r\u00e1nking de los 10 m\u00e9dicos m\u00e1s influyentes de Espa\u00f1a - Noticias Grupo Recoletas","description":"La Sociedad Espa\u00f1ola de Rehabilitaci\u00f3n y Medicina F\u00edsica ha valorado al Dr. Sergio Fuertes como uno de los 10 m\u00e9dicos m\u00e1s influyentes de su especialidad.","robots":{"index":"index","follow":"follow","max-snippet":"max-snippet:-1","max-image-preview":"max-image-preview:large","max-video-preview":"max-video-preview:-1"},"canonical":"https:\/\/www.gruporecoletas.com\/noticias\/el-medico-rehabilitador-de-recoletas-sergio-fuertes-en-el-ranking-de-los-10-medicos-mas-influyentes-de-espana\/","og_locale":"es_ES","og_type":"article","og_title":"El m\u00e9dico rehabilitador de Recoletas, Sergio Fuertes, en el r\u00e1nking de los 10 m\u00e9dicos m\u00e1s influyentes de Espa\u00f1a","og_description":"La Sociedad Espa\u00f1ola de Rehabilitaci\u00f3n y Medicina F\u00edsica ha valorado al Dr. Sergio Fuertes como uno de los 10 m\u00e9dicos m\u00e1s influyentes de su especialidad.","og_url":"https:\/\/www.gruporecoletas.com\/noticias\/el-medico-rehabilitador-de-recoletas-sergio-fuertes-en-el-ranking-de-los-10-medicos-mas-influyentes-de-espana\/","og_site_name":"Noticias Grupo Recoletas","article_publisher":"https:\/\/www.facebook.com\/GrupoRecoletas\/","article_published_time":"2023-06-01T07:05:13+00:00","article_modified_time":"2023-06-01T07:05:14+00:00","og_image":[{"width":1366,"height":768,"url":"https:\/\/www.gruporecoletas.com\/noticias\/wp-content\/uploads\/2023\/06\/RECONOCIMIENTO-DRFUERTES-BURGOS-BLOG.png","type":"image\/png"}],"author":"Recoletas Red Hospitalaria","twitter_card":"summary_large_image","twitter_creator":"@GrupoRecoletas","twitter_site":"@GrupoRecoletas","twitter_misc":{"Escrito por":"Recoletas Red Hospitalaria","Tiempo de lectura":"3 minutos"},"schema":{"@context":"https:\/\/schema.org","@graph":[{"@type":"Article","@id":"https:\/\/www.gruporecoletas.com\/noticias\/el-medico-rehabilitador-de-recoletas-sergio-fuertes-en-el-ranking-de-los-10-medicos-mas-influyentes-de-espana\/#article","isPartOf":{"@id":"https:\/\/www.gruporecoletas.com\/noticias\/el-medico-rehabilitador-de-recoletas-sergio-fuertes-en-el-ranking-de-los-10-medicos-mas-influyentes-de-espana\/"},"author":{"name":"Recoletas Red Hospitalaria","@id":"https:\/\/www.gruporecoletas.com\/noticias\/#\/schema\/person\/3c6ac429828d1f5e3d3bd99f4da9b02c"},"headline":"El m\u00e9dico rehabilitador de Recoletas, Sergio Fuertes, en el r\u00e1nking de los 10 m\u00e9dicos m\u00e1s influyentes de Espa\u00f1a","datePublished":"2023-06-01T07:05:13+00:00","dateModified":"2023-06-01T07:05:14+00:00","mainEntityOfPage":{"@id":"https:\/\/www.gruporecoletas.com\/noticias\/el-medico-rehabilitador-de-recoletas-sergio-fuertes-en-el-ranking-de-los-10-medicos-mas-influyentes-de-espana\/"},"wordCount":648,"image":{"@id":"https:\/\/www.gruporecoletas.com\/noticias\/el-medico-rehabilitador-de-recoletas-sergio-fuertes-en-el-ranking-de-los-10-medicos-mas-influyentes-de-espana\/#primaryimage"},"thumbnailUrl":"https:\/\/www.gruporecoletas.com\/noticias\/wp-content\/uploads\/2023\/06\/RECONOCIMIENTO-DRFUERTES-BURGOS-BLOG.png","articleSection":["Burgos","Centros","Grupo Recoletas","HRBU"],"inLanguage":"es"},{"@type":"WebPage","@id":"https:\/\/www.gruporecoletas.com\/noticias\/el-medico-rehabilitador-de-recoletas-sergio-fuertes-en-el-ranking-de-los-10-medicos-mas-influyentes-de-espana\/","url":"https:\/\/www.gruporecoletas.com\/noticias\/el-medico-rehabilitador-de-recoletas-sergio-fuertes-en-el-ranking-de-los-10-medicos-mas-influyentes-de-espana\/","name":"El m\u00e9dico rehabilitador de Recoletas, Sergio Fuertes, en el r\u00e1nking de los 10 m\u00e9dicos m\u00e1s influyentes de Espa\u00f1a - Noticias Grupo Recoletas","isPartOf":{"@id":"https:\/\/www.gruporecoletas.com\/noticias\/#website"},"primaryImageOfPage":{"@id":"https:\/\/www.gruporecoletas.com\/noticias\/el-medico-rehabilitador-de-recoletas-sergio-fuertes-en-el-ranking-de-los-10-medicos-mas-influyentes-de-espana\/#primaryimage"},"image":{"@id":"https:\/\/www.gruporecoletas.com\/noticias\/el-medico-rehabilitador-de-recoletas-sergio-fuertes-en-el-ranking-de-los-10-medicos-mas-influyentes-de-espana\/#primaryimage"},"thumbnailUrl":"https:\/\/www.gruporecoletas.com\/noticias\/wp-content\/uploads\/2023\/06\/RECONOCIMIENTO-DRFUERTES-BURGOS-BLOG.png","datePublished":"2023-06-01T07:05:13+00:00","dateModified":"2023-06-01T07:05:14+00:00","author":{"@id":"https:\/\/www.gruporecoletas.com\/noticias\/#\/schema\/person\/3c6ac429828d1f5e3d3bd99f4da9b02c"},"description":"La Sociedad Espa\u00f1ola de Rehabilitaci\u00f3n y Medicina F\u00edsica ha valorado al Dr. Sergio Fuertes como uno de los 10 m\u00e9dicos m\u00e1s influyentes de su especialidad.","breadcrumb":{"@id":"https:\/\/www.gruporecoletas.com\/noticias\/el-medico-rehabilitador-de-recoletas-sergio-fuertes-en-el-ranking-de-los-10-medicos-mas-influyentes-de-espana\/#breadcrumb"},"inLanguage":"es","potentialAction":[{"@type":"ReadAction","target":["https:\/\/www.gruporecoletas.com\/noticias\/el-medico-rehabilitador-de-recoletas-sergio-fuertes-en-el-ranking-de-los-10-medicos-mas-influyentes-de-espana\/"]}]},{"@type":"ImageObject","inLanguage":"es","@id":"https:\/\/www.gruporecoletas.com\/noticias\/el-medico-rehabilitador-de-recoletas-sergio-fuertes-en-el-ranking-de-los-10-medicos-mas-influyentes-de-espana\/#primaryimage","url":"https:\/\/www.gruporecoletas.com\/noticias\/wp-content\/uploads\/2023\/06\/RECONOCIMIENTO-DRFUERTES-BURGOS-BLOG.png","contentUrl":"https:\/\/www.gruporecoletas.com\/noticias\/wp-content\/uploads\/2023\/06\/RECONOCIMIENTO-DRFUERTES-BURGOS-BLOG.png","width":1366,"height":768,"caption":"La Sociedad Espa\u00f1ola de Rehabilitaci\u00f3n y Medicina F\u00edsica (SERMEF) ha valorado al Dr. Sergio Fuertes Gonz\u00e1lez como uno de los 10 m\u00e9dicos rehabilitadores m\u00e1s influyentes de Espa\u00f1a, reconociendo su experiencia en el \u00e1mbito del tratamiento del dolor, la rehabilitaci\u00f3n Intervencionista y la gamificaci\u00f3n."},{"@type":"BreadcrumbList","@id":"https:\/\/www.gruporecoletas.com\/noticias\/el-medico-rehabilitador-de-recoletas-sergio-fuertes-en-el-ranking-de-los-10-medicos-mas-influyentes-de-espana\/#breadcrumb","itemListElement":[{"@type":"ListItem","position":1,"name":"Portada","item":"https:\/\/www.gruporecoletas.com\/noticias\/"},{"@type":"ListItem","position":2,"name":"El m\u00e9dico rehabilitador de Recoletas, Sergio Fuertes, en el r\u00e1nking de los 10 m\u00e9dicos m\u00e1s influyentes de Espa\u00f1a"}]},{"@type":"WebSite","@id":"https:\/\/www.gruporecoletas.com\/noticias\/#website","url":"https:\/\/www.gruporecoletas.com\/noticias\/","name":"Noticias Grupo Recoletas","description":"Grupo Recoletas","potentialAction":[{"@type":"SearchAction","target":{"@type":"EntryPoint","urlTemplate":"https:\/\/www.gruporecoletas.com\/noticias\/?s={search_term_string}"},"query-input":{"@type":"PropertyValueSpecification","valueRequired":true,"valueName":"search_term_string"}}],"inLanguage":"es"},{"@type":"Person","@id":"https:\/\/www.gruporecoletas.com\/noticias\/#\/schema\/person\/3c6ac429828d1f5e3d3bd99f4da9b02c","name":"Recoletas Red Hospitalaria","url":"https:\/\/www.gruporecoletas.com\/noticias\/author\/comunicacion\/"}]}},"_links":{"self":[{"href":"https:\/\/www.gruporecoletas.com\/noticias\/wp-json\/wp\/v2\/posts\/16050","targetHints":{"allow":["GET"]}}],"collection":[{"href":"https:\/\/www.gruporecoletas.com\/noticias\/wp-json\/wp\/v2\/posts"}],"about":[{"href":"https:\/\/www.gruporecoletas.com\/noticias\/wp-json\/wp\/v2\/types\/post"}],"author":[{"embeddable":true,"href":"https:\/\/www.gruporecoletas.com\/noticias\/wp-json\/wp\/v2\/users\/2"}],"replies":[{"embeddable":true,"href":"https:\/\/www.gruporecoletas.com\/noticias\/wp-json\/wp\/v2\/comments?post=16050"}],"version-history":[{"count":1,"href":"https:\/\/www.gruporecoletas.com\/noticias\/wp-json\/wp\/v2\/posts\/16050\/revisions"}],"predecessor-version":[{"id":16052,"href":"https:\/\/www.gruporecoletas.com\/noticias\/wp-json\/wp\/v2\/posts\/16050\/revisions\/16052"}],"wp:featuredmedia":[{"embeddable":true,"href":"https:\/\/www.gruporecoletas.com\/noticias\/wp-json\/wp\/v2\/media\/16051"}],"wp:attachment":[{"href":"https:\/\/www.gruporecoletas.com\/noticias\/wp-json\/wp\/v2\/media?parent=16050"}],"wp:term":[{"taxonomy":"category","embeddable":true,"href":"https:\/\/www.gruporecoletas.com\/noticias\/wp-json\/wp\/v2\/categories?post=16050"},{"taxonomy":"post_tag","embeddable":true,"href":"https:\/\/www.gruporecoletas.com\/noticias\/wp-json\/wp\/v2\/tags?post=16050"}],"curies":[{"name":"wp","href":"https:\/\/api.w.org\/{rel}","templated":true}]}}