{"id":16054,"date":"2023-06-02T08:30:00","date_gmt":"2023-06-02T06:30:00","guid":{"rendered":"https:\/\/www.gruporecoletas.com\/noticias\/?p=16054"},"modified":"2023-06-01T16:31:37","modified_gmt":"2023-06-01T14:31:37","slug":"recoletas-organiza-unas-jornadas-de-salud-de-la-mujer","status":"publish","type":"post","link":"https:\/\/www.gruporecoletas.com\/noticias\/recoletas-organiza-unas-jornadas-de-salud-de-la-mujer\/","title":{"rendered":"Recoletas organiza unas jornadas de salud de la mujer"},"content":{"rendered":"\n<p>La Unidad de la Mujer de Recoletas celebra hoy una jornada sobre Salud de la Mujer. Alrededor de 150 profesionales sanitarios de diferentes puntos del pa\u00eds vinculados a la ginecolog\u00eda y la obstetricia participan en las charlas y mesas de trabajo previstas que se suceder\u00e1n a lo largo de la ma\u00f1ana y la tarde.<\/p>\n\n\n\n<p>Especialistas procedentes de prestigiosos centros y hospitales de Valladolid, Madrid y Barcelona principalmente, abordar\u00e1n, entre otros temas, la detecci\u00f3n de los casos de violencia de g\u00e9nero en la consulta de ginecolog\u00eda, el bienestar fetal intraparto, las n\u00e1useas y los v\u00f3mitos durante la gestaci\u00f3n, las nuevas t\u00e9cnicas de Reproducci\u00f3n Asistida, la menopausia, los tratamientos de ginecolog\u00eda regenerativa y funcional, los miomas y el c\u00e1ncer de mama.<\/p>\n\n\n\n<p>La Unidad de la Mujer de Recoletas es un centro de referencia en el cuidado y la promoci\u00f3n de la salud de la mujer. Cuenta con un equipo m\u00e9dico multidisciplinar y la tecnolog\u00eda m\u00e9dica m\u00e1s avanzada, ofreciendo una atenci\u00f3n personalizada a todas sus pacientes durante todas las etapas de su vida.<\/p>\n\n\n\n<p>En el \u00e1rea obst\u00e9trica se realizan controles del embarazo, diagn\u00f3stico prenatal, ecograf\u00eda 4D, atenci\u00f3n al parto y al postparto. En cuanto a la ginecolog\u00eda, se dispone de servicio de diagn\u00f3stico precoz del c\u00e1ncer de cuello de \u00fatero, atenci\u00f3n a la menopausia, consulta joven, valoraci\u00f3n y tratamiento de patolog\u00edas de suelo p\u00e9lvico y patolog\u00eda mamaria (t\u00e9cnicas de diagn\u00f3stico por imagen, diagn\u00f3stico en laboratorio propio con t\u00e9cnicas de an\u00e1lisis y anatom\u00eda patol\u00f3gica, inmunohistoqu\u00edmica, an\u00e1lisis del ganglio centinela mediante OSNA, diagn\u00f3stico gen\u00e9tico del c\u00e1ncer de mama, MammaPrint). Recientemente se han abierto consultas de sexolog\u00eda m\u00e9dica para ofrecer asesoramiento y tratamiento de disfunciones sexuales tanto femeninas como de pareja, y de ginecolog\u00eda est\u00e9tica y regenerativa en al que se ofrecen tratamientos novedosos con l\u00e1ser, plasma rico en plaquetas, \u00e1cido hialur\u00f3nico y botox.<\/p>\n","protected":false},"excerpt":{"rendered":"<p>La Unidad de la Mujer de Recoletas celebra hoy una jornada sobre Salud de la Mujer. Alrededor de 150 profesionales sanitarios de diferentes puntos del pa\u00eds vinculados a la ginecolog\u00eda y la obstetricia participan en las charlas y mesas de trabajo previstas que se suceder\u00e1n a lo largo de la ma\u00f1ana y la tarde. Especialistas [&hellip;]<\/p>\n","protected":false},"author":2,"featured_media":15955,"comment_status":"closed","ping_status":"closed","sticky":false,"template":"","format":"standard","meta":{"_acf_changed":false,"footnotes":""},"categories":[43,1,2,47,4],"tags":[813,3259],"class_list":["post-16054","post","type-post","status-publish","format-standard","has-post-thumbnail","hentry","category-centros","category-grupo-recoletas","category-hrcg","category-maternidad-y-ginecologia","category-valladolid","tag-ginecologia","tag-salud-de-la-mujer"],"acf":[],"yoast_head":"<!-- This site is optimized with the Yoast SEO Premium plugin v27.3 (Yoast SEO v27.3) - https:\/\/yoast.com\/product\/yoast-seo-premium-wordpress\/ -->\n<title>Recoletas organiza unas jornadas de salud de la mujer - Noticias Grupo Recoletas<\/title>\n<meta name=\"description\" content=\"M\u00e1s de 150 sanitarios de diferentes puntos del pa\u00eds vinculados a la ginecolog\u00eda y la obstetricia participan en las charlas y mesas de trabajo previstas\" \/>\n<meta name=\"robots\" content=\"index, follow, max-snippet:-1, max-image-preview:large, max-video-preview:-1\" \/>\n<link rel=\"canonical\" href=\"https:\/\/www.gruporecoletas.com\/noticias\/recoletas-organiza-unas-jornadas-de-salud-de-la-mujer\/\" \/>\n<meta property=\"og:locale\" content=\"es_ES\" \/>\n<meta property=\"og:type\" content=\"article\" \/>\n<meta property=\"og:title\" content=\"Recoletas organiza unas jornadas de salud de la mujer\" \/>\n<meta property=\"og:description\" content=\"M\u00e1s de 150 sanitarios de diferentes puntos del pa\u00eds vinculados a la ginecolog\u00eda y la obstetricia participan en las charlas y mesas de trabajo previstas\" \/>\n<meta property=\"og:url\" content=\"https:\/\/www.gruporecoletas.com\/noticias\/recoletas-organiza-unas-jornadas-de-salud-de-la-mujer\/\" \/>\n<meta property=\"og:site_name\" content=\"Noticias Grupo Recoletas\" \/>\n<meta property=\"article:publisher\" content=\"https:\/\/www.facebook.com\/GrupoRecoletas\/\" \/>\n<meta property=\"article:published_time\" content=\"2023-06-02T06:30:00+00:00\" \/>\n<meta property=\"og:image\" content=\"https:\/\/www.gruporecoletas.com\/noticias\/wp-content\/uploads\/2023\/03\/JORNADA-MUJER-RECOLETAS.png\" \/>\n\t<meta property=\"og:image:width\" content=\"1366\" \/>\n\t<meta property=\"og:image:height\" content=\"768\" \/>\n\t<meta property=\"og:image:type\" content=\"image\/png\" \/>\n<meta name=\"author\" content=\"Recoletas Red Hospitalaria\" \/>\n<meta name=\"twitter:card\" content=\"summary_large_image\" \/>\n<meta name=\"twitter:creator\" content=\"@GrupoRecoletas\" \/>\n<meta name=\"twitter:site\" content=\"@GrupoRecoletas\" \/>\n<meta name=\"twitter:label1\" content=\"Escrito por\" \/>\n\t<meta name=\"twitter:data1\" content=\"Recoletas Red Hospitalaria\" \/>\n\t<meta name=\"twitter:label2\" content=\"Tiempo de lectura\" \/>\n\t<meta name=\"twitter:data2\" content=\"2 minutos\" \/>\n<script type=\"application\/ld+json\" class=\"yoast-schema-graph\">{\"@context\":\"https:\\\/\\\/schema.org\",\"@graph\":[{\"@type\":\"Article\",\"@id\":\"https:\\\/\\\/www.gruporecoletas.com\\\/noticias\\\/recoletas-organiza-unas-jornadas-de-salud-de-la-mujer\\\/#article\",\"isPartOf\":{\"@id\":\"https:\\\/\\\/www.gruporecoletas.com\\\/noticias\\\/recoletas-organiza-unas-jornadas-de-salud-de-la-mujer\\\/\"},\"author\":{\"name\":\"Recoletas Red Hospitalaria\",\"@id\":\"https:\\\/\\\/www.gruporecoletas.com\\\/noticias\\\/#\\\/schema\\\/person\\\/3c6ac429828d1f5e3d3bd99f4da9b02c\"},\"headline\":\"Recoletas organiza unas jornadas de salud de la mujer\",\"datePublished\":\"2023-06-02T06:30:00+00:00\",\"mainEntityOfPage\":{\"@id\":\"https:\\\/\\\/www.gruporecoletas.com\\\/noticias\\\/recoletas-organiza-unas-jornadas-de-salud-de-la-mujer\\\/\"},\"wordCount\":357,\"image\":{\"@id\":\"https:\\\/\\\/www.gruporecoletas.com\\\/noticias\\\/recoletas-organiza-unas-jornadas-de-salud-de-la-mujer\\\/#primaryimage\"},\"thumbnailUrl\":\"https:\\\/\\\/www.gruporecoletas.com\\\/noticias\\\/wp-content\\\/uploads\\\/2023\\\/03\\\/JORNADA-MUJER-RECOLETAS.png\",\"keywords\":[\"Ginecolog\u00eda\",\"salud de la mujer\"],\"articleSection\":[\"Centros\",\"Grupo Recoletas\",\"HRCG\",\"Maternidad y ginecolog\u00eda\",\"Valladolid\"],\"inLanguage\":\"es\"},{\"@type\":\"WebPage\",\"@id\":\"https:\\\/\\\/www.gruporecoletas.com\\\/noticias\\\/recoletas-organiza-unas-jornadas-de-salud-de-la-mujer\\\/\",\"url\":\"https:\\\/\\\/www.gruporecoletas.com\\\/noticias\\\/recoletas-organiza-unas-jornadas-de-salud-de-la-mujer\\\/\",\"name\":\"Recoletas organiza unas jornadas de salud de la mujer - Noticias Grupo Recoletas\",\"isPartOf\":{\"@id\":\"https:\\\/\\\/www.gruporecoletas.com\\\/noticias\\\/#website\"},\"primaryImageOfPage\":{\"@id\":\"https:\\\/\\\/www.gruporecoletas.com\\\/noticias\\\/recoletas-organiza-unas-jornadas-de-salud-de-la-mujer\\\/#primaryimage\"},\"image\":{\"@id\":\"https:\\\/\\\/www.gruporecoletas.com\\\/noticias\\\/recoletas-organiza-unas-jornadas-de-salud-de-la-mujer\\\/#primaryimage\"},\"thumbnailUrl\":\"https:\\\/\\\/www.gruporecoletas.com\\\/noticias\\\/wp-content\\\/uploads\\\/2023\\\/03\\\/JORNADA-MUJER-RECOLETAS.png\",\"datePublished\":\"2023-06-02T06:30:00+00:00\",\"author\":{\"@id\":\"https:\\\/\\\/www.gruporecoletas.com\\\/noticias\\\/#\\\/schema\\\/person\\\/3c6ac429828d1f5e3d3bd99f4da9b02c\"},\"description\":\"M\u00e1s de 150 sanitarios de diferentes puntos del pa\u00eds vinculados a la ginecolog\u00eda y la obstetricia participan en las charlas y mesas de trabajo previstas\",\"breadcrumb\":{\"@id\":\"https:\\\/\\\/www.gruporecoletas.com\\\/noticias\\\/recoletas-organiza-unas-jornadas-de-salud-de-la-mujer\\\/#breadcrumb\"},\"inLanguage\":\"es\",\"potentialAction\":[{\"@type\":\"ReadAction\",\"target\":[\"https:\\\/\\\/www.gruporecoletas.com\\\/noticias\\\/recoletas-organiza-unas-jornadas-de-salud-de-la-mujer\\\/\"]}]},{\"@type\":\"ImageObject\",\"inLanguage\":\"es\",\"@id\":\"https:\\\/\\\/www.gruporecoletas.com\\\/noticias\\\/recoletas-organiza-unas-jornadas-de-salud-de-la-mujer\\\/#primaryimage\",\"url\":\"https:\\\/\\\/www.gruporecoletas.com\\\/noticias\\\/wp-content\\\/uploads\\\/2023\\\/03\\\/JORNADA-MUJER-RECOLETAS.png\",\"contentUrl\":\"https:\\\/\\\/www.gruporecoletas.com\\\/noticias\\\/wp-content\\\/uploads\\\/2023\\\/03\\\/JORNADA-MUJER-RECOLETAS.png\",\"width\":1366,\"height\":768},{\"@type\":\"BreadcrumbList\",\"@id\":\"https:\\\/\\\/www.gruporecoletas.com\\\/noticias\\\/recoletas-organiza-unas-jornadas-de-salud-de-la-mujer\\\/#breadcrumb\",\"itemListElement\":[{\"@type\":\"ListItem\",\"position\":1,\"name\":\"Portada\",\"item\":\"https:\\\/\\\/www.gruporecoletas.com\\\/noticias\\\/\"},{\"@type\":\"ListItem\",\"position\":2,\"name\":\"Recoletas organiza unas jornadas de salud de la mujer\"}]},{\"@type\":\"WebSite\",\"@id\":\"https:\\\/\\\/www.gruporecoletas.com\\\/noticias\\\/#website\",\"url\":\"https:\\\/\\\/www.gruporecoletas.com\\\/noticias\\\/\",\"name\":\"Noticias Grupo Recoletas\",\"description\":\"Grupo Recoletas\",\"potentialAction\":[{\"@type\":\"SearchAction\",\"target\":{\"@type\":\"EntryPoint\",\"urlTemplate\":\"https:\\\/\\\/www.gruporecoletas.com\\\/noticias\\\/?s={search_term_string}\"},\"query-input\":{\"@type\":\"PropertyValueSpecification\",\"valueRequired\":true,\"valueName\":\"search_term_string\"}}],\"inLanguage\":\"es\"},{\"@type\":\"Person\",\"@id\":\"https:\\\/\\\/www.gruporecoletas.com\\\/noticias\\\/#\\\/schema\\\/person\\\/3c6ac429828d1f5e3d3bd99f4da9b02c\",\"name\":\"Recoletas Red Hospitalaria\",\"url\":\"https:\\\/\\\/www.gruporecoletas.com\\\/noticias\\\/author\\\/comunicacion\\\/\"}]}<\/script>\n<!-- \/ Yoast SEO Premium plugin. -->","yoast_head_json":{"title":"Recoletas organiza unas jornadas de salud de la mujer - Noticias Grupo Recoletas","description":"M\u00e1s de 150 sanitarios de diferentes puntos del pa\u00eds vinculados a la ginecolog\u00eda y la obstetricia participan en las charlas y mesas de trabajo previstas","robots":{"index":"index","follow":"follow","max-snippet":"max-snippet:-1","max-image-preview":"max-image-preview:large","max-video-preview":"max-video-preview:-1"},"canonical":"https:\/\/www.gruporecoletas.com\/noticias\/recoletas-organiza-unas-jornadas-de-salud-de-la-mujer\/","og_locale":"es_ES","og_type":"article","og_title":"Recoletas organiza unas jornadas de salud de la mujer","og_description":"M\u00e1s de 150 sanitarios de diferentes puntos del pa\u00eds vinculados a la ginecolog\u00eda y la obstetricia participan en las charlas y mesas de trabajo previstas","og_url":"https:\/\/www.gruporecoletas.com\/noticias\/recoletas-organiza-unas-jornadas-de-salud-de-la-mujer\/","og_site_name":"Noticias Grupo Recoletas","article_publisher":"https:\/\/www.facebook.com\/GrupoRecoletas\/","article_published_time":"2023-06-02T06:30:00+00:00","og_image":[{"width":1366,"height":768,"url":"https:\/\/www.gruporecoletas.com\/noticias\/wp-content\/uploads\/2023\/03\/JORNADA-MUJER-RECOLETAS.png","type":"image\/png"}],"author":"Recoletas Red Hospitalaria","twitter_card":"summary_large_image","twitter_creator":"@GrupoRecoletas","twitter_site":"@GrupoRecoletas","twitter_misc":{"Escrito por":"Recoletas Red Hospitalaria","Tiempo de lectura":"2 minutos"},"schema":{"@context":"https:\/\/schema.org","@graph":[{"@type":"Article","@id":"https:\/\/www.gruporecoletas.com\/noticias\/recoletas-organiza-unas-jornadas-de-salud-de-la-mujer\/#article","isPartOf":{"@id":"https:\/\/www.gruporecoletas.com\/noticias\/recoletas-organiza-unas-jornadas-de-salud-de-la-mujer\/"},"author":{"name":"Recoletas Red Hospitalaria","@id":"https:\/\/www.gruporecoletas.com\/noticias\/#\/schema\/person\/3c6ac429828d1f5e3d3bd99f4da9b02c"},"headline":"Recoletas organiza unas jornadas de salud de la mujer","datePublished":"2023-06-02T06:30:00+00:00","mainEntityOfPage":{"@id":"https:\/\/www.gruporecoletas.com\/noticias\/recoletas-organiza-unas-jornadas-de-salud-de-la-mujer\/"},"wordCount":357,"image":{"@id":"https:\/\/www.gruporecoletas.com\/noticias\/recoletas-organiza-unas-jornadas-de-salud-de-la-mujer\/#primaryimage"},"thumbnailUrl":"https:\/\/www.gruporecoletas.com\/noticias\/wp-content\/uploads\/2023\/03\/JORNADA-MUJER-RECOLETAS.png","keywords":["Ginecolog\u00eda","salud de la mujer"],"articleSection":["Centros","Grupo Recoletas","HRCG","Maternidad y ginecolog\u00eda","Valladolid"],"inLanguage":"es"},{"@type":"WebPage","@id":"https:\/\/www.gruporecoletas.com\/noticias\/recoletas-organiza-unas-jornadas-de-salud-de-la-mujer\/","url":"https:\/\/www.gruporecoletas.com\/noticias\/recoletas-organiza-unas-jornadas-de-salud-de-la-mujer\/","name":"Recoletas organiza unas jornadas de salud de la mujer - Noticias Grupo Recoletas","isPartOf":{"@id":"https:\/\/www.gruporecoletas.com\/noticias\/#website"},"primaryImageOfPage":{"@id":"https:\/\/www.gruporecoletas.com\/noticias\/recoletas-organiza-unas-jornadas-de-salud-de-la-mujer\/#primaryimage"},"image":{"@id":"https:\/\/www.gruporecoletas.com\/noticias\/recoletas-organiza-unas-jornadas-de-salud-de-la-mujer\/#primaryimage"},"thumbnailUrl":"https:\/\/www.gruporecoletas.com\/noticias\/wp-content\/uploads\/2023\/03\/JORNADA-MUJER-RECOLETAS.png","datePublished":"2023-06-02T06:30:00+00:00","author":{"@id":"https:\/\/www.gruporecoletas.com\/noticias\/#\/schema\/person\/3c6ac429828d1f5e3d3bd99f4da9b02c"},"description":"M\u00e1s de 150 sanitarios de diferentes puntos del pa\u00eds vinculados a la ginecolog\u00eda y la obstetricia participan en las charlas y mesas de trabajo previstas","breadcrumb":{"@id":"https:\/\/www.gruporecoletas.com\/noticias\/recoletas-organiza-unas-jornadas-de-salud-de-la-mujer\/#breadcrumb"},"inLanguage":"es","potentialAction":[{"@type":"ReadAction","target":["https:\/\/www.gruporecoletas.com\/noticias\/recoletas-organiza-unas-jornadas-de-salud-de-la-mujer\/"]}]},{"@type":"ImageObject","inLanguage":"es","@id":"https:\/\/www.gruporecoletas.com\/noticias\/recoletas-organiza-unas-jornadas-de-salud-de-la-mujer\/#primaryimage","url":"https:\/\/www.gruporecoletas.com\/noticias\/wp-content\/uploads\/2023\/03\/JORNADA-MUJER-RECOLETAS.png","contentUrl":"https:\/\/www.gruporecoletas.com\/noticias\/wp-content\/uploads\/2023\/03\/JORNADA-MUJER-RECOLETAS.png","width":1366,"height":768},{"@type":"BreadcrumbList","@id":"https:\/\/www.gruporecoletas.com\/noticias\/recoletas-organiza-unas-jornadas-de-salud-de-la-mujer\/#breadcrumb","itemListElement":[{"@type":"ListItem","position":1,"name":"Portada","item":"https:\/\/www.gruporecoletas.com\/noticias\/"},{"@type":"ListItem","position":2,"name":"Recoletas organiza unas jornadas de salud de la mujer"}]},{"@type":"WebSite","@id":"https:\/\/www.gruporecoletas.com\/noticias\/#website","url":"https:\/\/www.gruporecoletas.com\/noticias\/","name":"Noticias Grupo Recoletas","description":"Grupo Recoletas","potentialAction":[{"@type":"SearchAction","target":{"@type":"EntryPoint","urlTemplate":"https:\/\/www.gruporecoletas.com\/noticias\/?s={search_term_string}"},"query-input":{"@type":"PropertyValueSpecification","valueRequired":true,"valueName":"search_term_string"}}],"inLanguage":"es"},{"@type":"Person","@id":"https:\/\/www.gruporecoletas.com\/noticias\/#\/schema\/person\/3c6ac429828d1f5e3d3bd99f4da9b02c","name":"Recoletas Red Hospitalaria","url":"https:\/\/www.gruporecoletas.com\/noticias\/author\/comunicacion\/"}]}},"_links":{"self":[{"href":"https:\/\/www.gruporecoletas.com\/noticias\/wp-json\/wp\/v2\/posts\/16054","targetHints":{"allow":["GET"]}}],"collection":[{"href":"https:\/\/www.gruporecoletas.com\/noticias\/wp-json\/wp\/v2\/posts"}],"about":[{"href":"https:\/\/www.gruporecoletas.com\/noticias\/wp-json\/wp\/v2\/types\/post"}],"author":[{"embeddable":true,"href":"https:\/\/www.gruporecoletas.com\/noticias\/wp-json\/wp\/v2\/users\/2"}],"replies":[{"embeddable":true,"href":"https:\/\/www.gruporecoletas.com\/noticias\/wp-json\/wp\/v2\/comments?post=16054"}],"version-history":[{"count":1,"href":"https:\/\/www.gruporecoletas.com\/noticias\/wp-json\/wp\/v2\/posts\/16054\/revisions"}],"predecessor-version":[{"id":16055,"href":"https:\/\/www.gruporecoletas.com\/noticias\/wp-json\/wp\/v2\/posts\/16054\/revisions\/16055"}],"wp:featuredmedia":[{"embeddable":true,"href":"https:\/\/www.gruporecoletas.com\/noticias\/wp-json\/wp\/v2\/media\/15955"}],"wp:attachment":[{"href":"https:\/\/www.gruporecoletas.com\/noticias\/wp-json\/wp\/v2\/media?parent=16054"}],"wp:term":[{"taxonomy":"category","embeddable":true,"href":"https:\/\/www.gruporecoletas.com\/noticias\/wp-json\/wp\/v2\/categories?post=16054"},{"taxonomy":"post_tag","embeddable":true,"href":"https:\/\/www.gruporecoletas.com\/noticias\/wp-json\/wp\/v2\/tags?post=16054"}],"curies":[{"name":"wp","href":"https:\/\/api.w.org\/{rel}","templated":true}]}}