{"id":16139,"date":"2023-08-10T11:46:28","date_gmt":"2023-08-10T09:46:28","guid":{"rendered":"https:\/\/www.gruporecoletas.com\/noticias\/?p=16139"},"modified":"2023-08-10T11:46:30","modified_gmt":"2023-08-10T09:46:30","slug":"recoletas-firma-un-nuevo-acuerdo-con-el-burgos-c-f","status":"publish","type":"post","link":"https:\/\/www.gruporecoletas.com\/noticias\/recoletas-firma-un-nuevo-acuerdo-con-el-burgos-c-f\/","title":{"rendered":"Recoletas firma un nuevo acuerdo con el Burgos C.F."},"content":{"rendered":"\n<p>\u00a1Tenemos un nuevo miembro en la familia! Recoletas Burgos firma un acuerdo con el Burgos Club de F\u00fatbol para convertirse en uno de los patrocinadores principales del club. <\/p>\n\n\n\n<p>Pilar G\u00f3mez, gerente del Hospital Recoletas Burgos, ha querido mostrar su ilusi\u00f3n y ha hecho especial hincapi\u00e9 en los tres motivos principales por los que vamos a formar parte del conjunto blanquinegro:<\/p>\n\n\n\n<ul class=\"wp-block-list\">\n<li>Queremos dar un paso m\u00e1s en nuestro apoyo y vinculaci\u00f3n con el deporte burgal\u00e9s. No solo con el apoyo al primer equipo, sino tambi\u00e9n al equipo femenino del club. Promocionando la salud y d\u00e1ndole la importancia que tiene la incorporaci\u00f3n del deporte a la vida de las personas para mejorar su salud.<\/li>\n\n\n\n<li>Vamos a poner a disposici\u00f3n del club nuestra red asistencial, siendo su proveedor m\u00e9dico oficial, De hecho, pr\u00f3ximamente, pondremos en funcionamiento el nuevo Instituto de Traumatolog\u00eda Recoletas, que contar\u00e1 con especialistas en medicina deportiva, las mejores instalaciones y un equipamiento de vanguardia.<\/li>\n\n\n\n<li>Por el firme compromiso que Recoletas tiene con la ciudad de Burgos.<\/li>\n<\/ul>\n\n\n\n<p>Adem\u00e1s, durante el acto de firma del acuerdo, se ha realizado la presentaci\u00f3n oficial de Kevin Appin como nuevo jugador del equipo burgal\u00e9s.<\/p>\n\n\n\n<p>\u00a1Suerte para la pr\u00f3xima temporada! Queremos que sint\u00e1is que Recoletas es vuestra casa.<\/p>\n\n\n\n<p>M\u00c1S SALUD. M\u00c1S DEPORTE. <\/p>\n","protected":false},"excerpt":{"rendered":"<p>\u00a1Tenemos un nuevo miembro en la familia! Recoletas Burgos firma un acuerdo con el Burgos Club de F\u00fatbol para convertirse en uno de los patrocinadores principales del club. Pilar G\u00f3mez, gerente del Hospital Recoletas Burgos, ha querido mostrar su ilusi\u00f3n y ha hecho especial hincapi\u00e9 en los tres motivos principales por los que vamos a [&hellip;]<\/p>\n","protected":false},"author":2,"featured_media":16140,"comment_status":"closed","ping_status":"closed","sticky":false,"template":"","format":"standard","meta":{"_acf_changed":false,"footnotes":""},"categories":[10,1,31],"tags":[1440],"class_list":["post-16139","post","type-post","status-publish","format-standard","has-post-thumbnail","hentry","category-burgos","category-grupo-recoletas","category-hrbu","tag-patrocinios"],"acf":[],"yoast_head":"<!-- This site is optimized with the Yoast SEO Premium plugin v27.3 (Yoast SEO v27.3) - https:\/\/yoast.com\/product\/yoast-seo-premium-wordpress\/ -->\n<title>Recoletas firma un nuevo acuerdo con el Burgos C.F. - Noticias Grupo Recoletas<\/title>\n<meta name=\"description\" content=\"Recoletas Burgos firma un acuerdo con el Burgos Club de F\u00fatbol \ud83e\udd1d para convertirse en uno de los patrocinadores principales del club.\" \/>\n<meta name=\"robots\" content=\"index, follow, max-snippet:-1, max-image-preview:large, max-video-preview:-1\" \/>\n<link rel=\"canonical\" href=\"https:\/\/www.gruporecoletas.com\/noticias\/recoletas-firma-un-nuevo-acuerdo-con-el-burgos-c-f\/\" \/>\n<meta property=\"og:locale\" content=\"es_ES\" \/>\n<meta property=\"og:type\" content=\"article\" \/>\n<meta property=\"og:title\" content=\"Recoletas firma un nuevo acuerdo con el Burgos C.F.\" \/>\n<meta property=\"og:description\" content=\"Recoletas Burgos firma un acuerdo con el Burgos Club de F\u00fatbol \ud83e\udd1d para convertirse en uno de los patrocinadores principales del club.\" \/>\n<meta property=\"og:url\" content=\"https:\/\/www.gruporecoletas.com\/noticias\/recoletas-firma-un-nuevo-acuerdo-con-el-burgos-c-f\/\" \/>\n<meta property=\"og:site_name\" content=\"Noticias Grupo Recoletas\" \/>\n<meta property=\"article:publisher\" content=\"https:\/\/www.facebook.com\/GrupoRecoletas\/\" \/>\n<meta property=\"article:published_time\" content=\"2023-08-10T09:46:28+00:00\" \/>\n<meta property=\"article:modified_time\" content=\"2023-08-10T09:46:30+00:00\" \/>\n<meta property=\"og:image\" content=\"https:\/\/www.gruporecoletas.com\/noticias\/wp-content\/uploads\/2023\/08\/RECOLETAS-PATROCINIO-BURGOS.png\" \/>\n\t<meta property=\"og:image:width\" content=\"1366\" \/>\n\t<meta property=\"og:image:height\" content=\"768\" \/>\n\t<meta property=\"og:image:type\" content=\"image\/png\" \/>\n<meta name=\"author\" content=\"Recoletas Red Hospitalaria\" \/>\n<meta name=\"twitter:card\" content=\"summary_large_image\" \/>\n<meta name=\"twitter:creator\" content=\"@GrupoRecoletas\" \/>\n<meta name=\"twitter:site\" content=\"@GrupoRecoletas\" \/>\n<meta name=\"twitter:label1\" content=\"Escrito por\" \/>\n\t<meta name=\"twitter:data1\" content=\"Recoletas Red Hospitalaria\" \/>\n\t<meta name=\"twitter:label2\" content=\"Tiempo de lectura\" \/>\n\t<meta name=\"twitter:data2\" content=\"1 minuto\" \/>\n<script type=\"application\/ld+json\" class=\"yoast-schema-graph\">{\"@context\":\"https:\\\/\\\/schema.org\",\"@graph\":[{\"@type\":\"Article\",\"@id\":\"https:\\\/\\\/www.gruporecoletas.com\\\/noticias\\\/recoletas-firma-un-nuevo-acuerdo-con-el-burgos-c-f\\\/#article\",\"isPartOf\":{\"@id\":\"https:\\\/\\\/www.gruporecoletas.com\\\/noticias\\\/recoletas-firma-un-nuevo-acuerdo-con-el-burgos-c-f\\\/\"},\"author\":{\"name\":\"Recoletas Red Hospitalaria\",\"@id\":\"https:\\\/\\\/www.gruporecoletas.com\\\/noticias\\\/#\\\/schema\\\/person\\\/3c6ac429828d1f5e3d3bd99f4da9b02c\"},\"headline\":\"Recoletas firma un nuevo acuerdo con el Burgos C.F.\",\"datePublished\":\"2023-08-10T09:46:28+00:00\",\"dateModified\":\"2023-08-10T09:46:30+00:00\",\"mainEntityOfPage\":{\"@id\":\"https:\\\/\\\/www.gruporecoletas.com\\\/noticias\\\/recoletas-firma-un-nuevo-acuerdo-con-el-burgos-c-f\\\/\"},\"wordCount\":236,\"image\":{\"@id\":\"https:\\\/\\\/www.gruporecoletas.com\\\/noticias\\\/recoletas-firma-un-nuevo-acuerdo-con-el-burgos-c-f\\\/#primaryimage\"},\"thumbnailUrl\":\"https:\\\/\\\/www.gruporecoletas.com\\\/noticias\\\/wp-content\\\/uploads\\\/2023\\\/08\\\/RECOLETAS-PATROCINIO-BURGOS.png\",\"keywords\":[\"Patrocinios\"],\"articleSection\":[\"Burgos\",\"Grupo Recoletas\",\"HRBU\"],\"inLanguage\":\"es\"},{\"@type\":\"WebPage\",\"@id\":\"https:\\\/\\\/www.gruporecoletas.com\\\/noticias\\\/recoletas-firma-un-nuevo-acuerdo-con-el-burgos-c-f\\\/\",\"url\":\"https:\\\/\\\/www.gruporecoletas.com\\\/noticias\\\/recoletas-firma-un-nuevo-acuerdo-con-el-burgos-c-f\\\/\",\"name\":\"Recoletas firma un nuevo acuerdo con el Burgos C.F. - Noticias Grupo Recoletas\",\"isPartOf\":{\"@id\":\"https:\\\/\\\/www.gruporecoletas.com\\\/noticias\\\/#website\"},\"primaryImageOfPage\":{\"@id\":\"https:\\\/\\\/www.gruporecoletas.com\\\/noticias\\\/recoletas-firma-un-nuevo-acuerdo-con-el-burgos-c-f\\\/#primaryimage\"},\"image\":{\"@id\":\"https:\\\/\\\/www.gruporecoletas.com\\\/noticias\\\/recoletas-firma-un-nuevo-acuerdo-con-el-burgos-c-f\\\/#primaryimage\"},\"thumbnailUrl\":\"https:\\\/\\\/www.gruporecoletas.com\\\/noticias\\\/wp-content\\\/uploads\\\/2023\\\/08\\\/RECOLETAS-PATROCINIO-BURGOS.png\",\"datePublished\":\"2023-08-10T09:46:28+00:00\",\"dateModified\":\"2023-08-10T09:46:30+00:00\",\"author\":{\"@id\":\"https:\\\/\\\/www.gruporecoletas.com\\\/noticias\\\/#\\\/schema\\\/person\\\/3c6ac429828d1f5e3d3bd99f4da9b02c\"},\"description\":\"Recoletas Burgos firma un acuerdo con el Burgos Club de F\u00fatbol \ud83e\udd1d para convertirse en uno de los patrocinadores principales del club.\",\"breadcrumb\":{\"@id\":\"https:\\\/\\\/www.gruporecoletas.com\\\/noticias\\\/recoletas-firma-un-nuevo-acuerdo-con-el-burgos-c-f\\\/#breadcrumb\"},\"inLanguage\":\"es\",\"potentialAction\":[{\"@type\":\"ReadAction\",\"target\":[\"https:\\\/\\\/www.gruporecoletas.com\\\/noticias\\\/recoletas-firma-un-nuevo-acuerdo-con-el-burgos-c-f\\\/\"]}]},{\"@type\":\"ImageObject\",\"inLanguage\":\"es\",\"@id\":\"https:\\\/\\\/www.gruporecoletas.com\\\/noticias\\\/recoletas-firma-un-nuevo-acuerdo-con-el-burgos-c-f\\\/#primaryimage\",\"url\":\"https:\\\/\\\/www.gruporecoletas.com\\\/noticias\\\/wp-content\\\/uploads\\\/2023\\\/08\\\/RECOLETAS-PATROCINIO-BURGOS.png\",\"contentUrl\":\"https:\\\/\\\/www.gruporecoletas.com\\\/noticias\\\/wp-content\\\/uploads\\\/2023\\\/08\\\/RECOLETAS-PATROCINIO-BURGOS.png\",\"width\":1366,\"height\":768,\"caption\":\"Recoletas Burgos firma un acuerdo con el Burgos Club de F\u00fatbol para convertirse en uno de los patrocinadores principales del club.\"},{\"@type\":\"BreadcrumbList\",\"@id\":\"https:\\\/\\\/www.gruporecoletas.com\\\/noticias\\\/recoletas-firma-un-nuevo-acuerdo-con-el-burgos-c-f\\\/#breadcrumb\",\"itemListElement\":[{\"@type\":\"ListItem\",\"position\":1,\"name\":\"Portada\",\"item\":\"https:\\\/\\\/www.gruporecoletas.com\\\/noticias\\\/\"},{\"@type\":\"ListItem\",\"position\":2,\"name\":\"Recoletas firma un nuevo acuerdo con el Burgos C.F.\"}]},{\"@type\":\"WebSite\",\"@id\":\"https:\\\/\\\/www.gruporecoletas.com\\\/noticias\\\/#website\",\"url\":\"https:\\\/\\\/www.gruporecoletas.com\\\/noticias\\\/\",\"name\":\"Noticias Grupo Recoletas\",\"description\":\"Grupo Recoletas\",\"potentialAction\":[{\"@type\":\"SearchAction\",\"target\":{\"@type\":\"EntryPoint\",\"urlTemplate\":\"https:\\\/\\\/www.gruporecoletas.com\\\/noticias\\\/?s={search_term_string}\"},\"query-input\":{\"@type\":\"PropertyValueSpecification\",\"valueRequired\":true,\"valueName\":\"search_term_string\"}}],\"inLanguage\":\"es\"},{\"@type\":\"Person\",\"@id\":\"https:\\\/\\\/www.gruporecoletas.com\\\/noticias\\\/#\\\/schema\\\/person\\\/3c6ac429828d1f5e3d3bd99f4da9b02c\",\"name\":\"Recoletas Red Hospitalaria\",\"url\":\"https:\\\/\\\/www.gruporecoletas.com\\\/noticias\\\/author\\\/comunicacion\\\/\"}]}<\/script>\n<!-- \/ Yoast SEO Premium plugin. -->","yoast_head_json":{"title":"Recoletas firma un nuevo acuerdo con el Burgos C.F. - Noticias Grupo Recoletas","description":"Recoletas Burgos firma un acuerdo con el Burgos Club de F\u00fatbol \ud83e\udd1d para convertirse en uno de los patrocinadores principales del club.","robots":{"index":"index","follow":"follow","max-snippet":"max-snippet:-1","max-image-preview":"max-image-preview:large","max-video-preview":"max-video-preview:-1"},"canonical":"https:\/\/www.gruporecoletas.com\/noticias\/recoletas-firma-un-nuevo-acuerdo-con-el-burgos-c-f\/","og_locale":"es_ES","og_type":"article","og_title":"Recoletas firma un nuevo acuerdo con el Burgos C.F.","og_description":"Recoletas Burgos firma un acuerdo con el Burgos Club de F\u00fatbol \ud83e\udd1d para convertirse en uno de los patrocinadores principales del club.","og_url":"https:\/\/www.gruporecoletas.com\/noticias\/recoletas-firma-un-nuevo-acuerdo-con-el-burgos-c-f\/","og_site_name":"Noticias Grupo Recoletas","article_publisher":"https:\/\/www.facebook.com\/GrupoRecoletas\/","article_published_time":"2023-08-10T09:46:28+00:00","article_modified_time":"2023-08-10T09:46:30+00:00","og_image":[{"width":1366,"height":768,"url":"https:\/\/www.gruporecoletas.com\/noticias\/wp-content\/uploads\/2023\/08\/RECOLETAS-PATROCINIO-BURGOS.png","type":"image\/png"}],"author":"Recoletas Red Hospitalaria","twitter_card":"summary_large_image","twitter_creator":"@GrupoRecoletas","twitter_site":"@GrupoRecoletas","twitter_misc":{"Escrito por":"Recoletas Red Hospitalaria","Tiempo de lectura":"1 minuto"},"schema":{"@context":"https:\/\/schema.org","@graph":[{"@type":"Article","@id":"https:\/\/www.gruporecoletas.com\/noticias\/recoletas-firma-un-nuevo-acuerdo-con-el-burgos-c-f\/#article","isPartOf":{"@id":"https:\/\/www.gruporecoletas.com\/noticias\/recoletas-firma-un-nuevo-acuerdo-con-el-burgos-c-f\/"},"author":{"name":"Recoletas Red Hospitalaria","@id":"https:\/\/www.gruporecoletas.com\/noticias\/#\/schema\/person\/3c6ac429828d1f5e3d3bd99f4da9b02c"},"headline":"Recoletas firma un nuevo acuerdo con el Burgos C.F.","datePublished":"2023-08-10T09:46:28+00:00","dateModified":"2023-08-10T09:46:30+00:00","mainEntityOfPage":{"@id":"https:\/\/www.gruporecoletas.com\/noticias\/recoletas-firma-un-nuevo-acuerdo-con-el-burgos-c-f\/"},"wordCount":236,"image":{"@id":"https:\/\/www.gruporecoletas.com\/noticias\/recoletas-firma-un-nuevo-acuerdo-con-el-burgos-c-f\/#primaryimage"},"thumbnailUrl":"https:\/\/www.gruporecoletas.com\/noticias\/wp-content\/uploads\/2023\/08\/RECOLETAS-PATROCINIO-BURGOS.png","keywords":["Patrocinios"],"articleSection":["Burgos","Grupo Recoletas","HRBU"],"inLanguage":"es"},{"@type":"WebPage","@id":"https:\/\/www.gruporecoletas.com\/noticias\/recoletas-firma-un-nuevo-acuerdo-con-el-burgos-c-f\/","url":"https:\/\/www.gruporecoletas.com\/noticias\/recoletas-firma-un-nuevo-acuerdo-con-el-burgos-c-f\/","name":"Recoletas firma un nuevo acuerdo con el Burgos C.F. - Noticias Grupo Recoletas","isPartOf":{"@id":"https:\/\/www.gruporecoletas.com\/noticias\/#website"},"primaryImageOfPage":{"@id":"https:\/\/www.gruporecoletas.com\/noticias\/recoletas-firma-un-nuevo-acuerdo-con-el-burgos-c-f\/#primaryimage"},"image":{"@id":"https:\/\/www.gruporecoletas.com\/noticias\/recoletas-firma-un-nuevo-acuerdo-con-el-burgos-c-f\/#primaryimage"},"thumbnailUrl":"https:\/\/www.gruporecoletas.com\/noticias\/wp-content\/uploads\/2023\/08\/RECOLETAS-PATROCINIO-BURGOS.png","datePublished":"2023-08-10T09:46:28+00:00","dateModified":"2023-08-10T09:46:30+00:00","author":{"@id":"https:\/\/www.gruporecoletas.com\/noticias\/#\/schema\/person\/3c6ac429828d1f5e3d3bd99f4da9b02c"},"description":"Recoletas Burgos firma un acuerdo con el Burgos Club de F\u00fatbol \ud83e\udd1d para convertirse en uno de los patrocinadores principales del club.","breadcrumb":{"@id":"https:\/\/www.gruporecoletas.com\/noticias\/recoletas-firma-un-nuevo-acuerdo-con-el-burgos-c-f\/#breadcrumb"},"inLanguage":"es","potentialAction":[{"@type":"ReadAction","target":["https:\/\/www.gruporecoletas.com\/noticias\/recoletas-firma-un-nuevo-acuerdo-con-el-burgos-c-f\/"]}]},{"@type":"ImageObject","inLanguage":"es","@id":"https:\/\/www.gruporecoletas.com\/noticias\/recoletas-firma-un-nuevo-acuerdo-con-el-burgos-c-f\/#primaryimage","url":"https:\/\/www.gruporecoletas.com\/noticias\/wp-content\/uploads\/2023\/08\/RECOLETAS-PATROCINIO-BURGOS.png","contentUrl":"https:\/\/www.gruporecoletas.com\/noticias\/wp-content\/uploads\/2023\/08\/RECOLETAS-PATROCINIO-BURGOS.png","width":1366,"height":768,"caption":"Recoletas Burgos firma un acuerdo con el Burgos Club de F\u00fatbol para convertirse en uno de los patrocinadores principales del club."},{"@type":"BreadcrumbList","@id":"https:\/\/www.gruporecoletas.com\/noticias\/recoletas-firma-un-nuevo-acuerdo-con-el-burgos-c-f\/#breadcrumb","itemListElement":[{"@type":"ListItem","position":1,"name":"Portada","item":"https:\/\/www.gruporecoletas.com\/noticias\/"},{"@type":"ListItem","position":2,"name":"Recoletas firma un nuevo acuerdo con el Burgos C.F."}]},{"@type":"WebSite","@id":"https:\/\/www.gruporecoletas.com\/noticias\/#website","url":"https:\/\/www.gruporecoletas.com\/noticias\/","name":"Noticias Grupo Recoletas","description":"Grupo Recoletas","potentialAction":[{"@type":"SearchAction","target":{"@type":"EntryPoint","urlTemplate":"https:\/\/www.gruporecoletas.com\/noticias\/?s={search_term_string}"},"query-input":{"@type":"PropertyValueSpecification","valueRequired":true,"valueName":"search_term_string"}}],"inLanguage":"es"},{"@type":"Person","@id":"https:\/\/www.gruporecoletas.com\/noticias\/#\/schema\/person\/3c6ac429828d1f5e3d3bd99f4da9b02c","name":"Recoletas Red Hospitalaria","url":"https:\/\/www.gruporecoletas.com\/noticias\/author\/comunicacion\/"}]}},"_links":{"self":[{"href":"https:\/\/www.gruporecoletas.com\/noticias\/wp-json\/wp\/v2\/posts\/16139","targetHints":{"allow":["GET"]}}],"collection":[{"href":"https:\/\/www.gruporecoletas.com\/noticias\/wp-json\/wp\/v2\/posts"}],"about":[{"href":"https:\/\/www.gruporecoletas.com\/noticias\/wp-json\/wp\/v2\/types\/post"}],"author":[{"embeddable":true,"href":"https:\/\/www.gruporecoletas.com\/noticias\/wp-json\/wp\/v2\/users\/2"}],"replies":[{"embeddable":true,"href":"https:\/\/www.gruporecoletas.com\/noticias\/wp-json\/wp\/v2\/comments?post=16139"}],"version-history":[{"count":1,"href":"https:\/\/www.gruporecoletas.com\/noticias\/wp-json\/wp\/v2\/posts\/16139\/revisions"}],"predecessor-version":[{"id":16141,"href":"https:\/\/www.gruporecoletas.com\/noticias\/wp-json\/wp\/v2\/posts\/16139\/revisions\/16141"}],"wp:featuredmedia":[{"embeddable":true,"href":"https:\/\/www.gruporecoletas.com\/noticias\/wp-json\/wp\/v2\/media\/16140"}],"wp:attachment":[{"href":"https:\/\/www.gruporecoletas.com\/noticias\/wp-json\/wp\/v2\/media?parent=16139"}],"wp:term":[{"taxonomy":"category","embeddable":true,"href":"https:\/\/www.gruporecoletas.com\/noticias\/wp-json\/wp\/v2\/categories?post=16139"},{"taxonomy":"post_tag","embeddable":true,"href":"https:\/\/www.gruporecoletas.com\/noticias\/wp-json\/wp\/v2\/tags?post=16139"}],"curies":[{"name":"wp","href":"https:\/\/api.w.org\/{rel}","templated":true}]}}