{"id":16142,"date":"2023-08-11T14:19:56","date_gmt":"2023-08-11T12:19:56","guid":{"rendered":"https:\/\/www.gruporecoletas.com\/noticias\/?p=16142"},"modified":"2023-08-11T14:19:57","modified_gmt":"2023-08-11T12:19:57","slug":"la-unidad-de-nutricion-y-obesidad-recoletas-imparte-una-charla-al-primer-equipo-del-atletico-valladolid","status":"publish","type":"post","link":"https:\/\/www.gruporecoletas.com\/noticias\/la-unidad-de-nutricion-y-obesidad-recoletas-imparte-una-charla-al-primer-equipo-del-atletico-valladolid\/","title":{"rendered":"La Unidad de Nutrici\u00f3n y Obesidad Recoletas imparte una charla al primer equipo del Atl\u00e9tico Valladolid"},"content":{"rendered":"\n<p>La Unidad de Nutrici\u00f3n y Obesidad Recoletas ha visitado el Polideportivo Huerta del Rey para impartir una charla sobre la importancia de la alimentaci\u00f3n en el deporte de \u00e9lite a la primera plantilla del Recoletas Atl\u00e9tico Valladolid.<\/p>\n\n\n\n<p>Durante esta productiva jornada, nuestras nutricionistas, Paula Crespo, Ver\u00f3nica de la Fuente y Alba Mart\u00edn, han explicado de manera general las bases de la nutrici\u00f3n para luego proceder a la realizaci\u00f3n de un taller de car\u00e1cter m\u00e1s pr\u00e1ctico, enfocado a ajustar la alimentaci\u00f3n en funci\u00f3n de si se trata de un d\u00eda de entrenamiento, la disputa de un partido o un tiempo de descanso. Adem\u00e1s, se ha hecho especial hincapi\u00e9 en la repercusi\u00f3n de la hidrataci\u00f3n para optimizar el rendimiento.<\/p>\n\n\n\n<p>Este tipo de pr\u00e1ctica se repetir\u00e1 a lo largo de la temporada para valorar la situaci\u00f3n de los jugadores y ayudarles a mejorar sus resultados durante la temporada.<\/p>\n","protected":false},"excerpt":{"rendered":"<p>La Unidad de Nutrici\u00f3n y Obesidad Recoletas ha visitado el Polideportivo Huerta del Rey para impartir una charla sobre la importancia de la alimentaci\u00f3n en el deporte de \u00e9lite a la primera plantilla del Recoletas Atl\u00e9tico Valladolid. Durante esta productiva jornada, nuestras nutricionistas, Paula Crespo, Ver\u00f3nica de la Fuente y Alba Mart\u00edn, han explicado de [&hellip;]<\/p>\n","protected":false},"author":2,"featured_media":16143,"comment_status":"closed","ping_status":"closed","sticky":false,"template":"","format":"standard","meta":{"_acf_changed":false,"footnotes":""},"categories":[45,1,2,23,41,9,5,3162,4],"tags":[1442,543,1440],"class_list":["post-16142","post","type-post","status-publish","format-standard","has-post-thumbnail","hentry","category-deporte","category-grupo-recoletas","category-hrcg","category-hrsg","category-nutricion-y-dietetica","category-publicaciones","category-segovia","category-unidad-obesidad","category-valladolid","tag-deporte","tag-nutricion-y-dietetica","tag-patrocinios"],"acf":[],"yoast_head":"<!-- This site is optimized with the Yoast SEO Premium plugin v27.3 (Yoast SEO v27.3) - https:\/\/yoast.com\/product\/yoast-seo-premium-wordpress\/ -->\n<title>La Unidad de Nutrici\u00f3n y Obesidad Recoletas imparte una charla al primer equipo del Atl\u00e9tico Valladolid - Noticias Grupo Recoletas<\/title>\n<meta name=\"description\" content=\"Nuestras nutricionistas repetir\u00e1n esta pr\u00e1ctica para conocer el estado de los jugadores y ayudar al club a mejorar sus resultados durante la temporada\" \/>\n<meta name=\"robots\" content=\"index, follow, max-snippet:-1, max-image-preview:large, max-video-preview:-1\" \/>\n<link rel=\"canonical\" href=\"https:\/\/www.gruporecoletas.com\/noticias\/la-unidad-de-nutricion-y-obesidad-recoletas-imparte-una-charla-al-primer-equipo-del-atletico-valladolid\/\" \/>\n<meta property=\"og:locale\" content=\"es_ES\" \/>\n<meta property=\"og:type\" content=\"article\" \/>\n<meta property=\"og:title\" content=\"La Unidad de Nutrici\u00f3n y Obesidad Recoletas imparte una charla al primer equipo del Atl\u00e9tico Valladolid\" \/>\n<meta property=\"og:description\" content=\"Nuestras nutricionistas repetir\u00e1n esta pr\u00e1ctica para conocer el estado de los jugadores y ayudar al club a mejorar sus resultados durante la temporada\" \/>\n<meta property=\"og:url\" content=\"https:\/\/www.gruporecoletas.com\/noticias\/la-unidad-de-nutricion-y-obesidad-recoletas-imparte-una-charla-al-primer-equipo-del-atletico-valladolid\/\" \/>\n<meta property=\"og:site_name\" content=\"Noticias Grupo Recoletas\" \/>\n<meta property=\"article:publisher\" content=\"https:\/\/www.facebook.com\/GrupoRecoletas\/\" \/>\n<meta property=\"article:published_time\" content=\"2023-08-11T12:19:56+00:00\" \/>\n<meta property=\"article:modified_time\" content=\"2023-08-11T12:19:57+00:00\" \/>\n<meta property=\"og:image\" content=\"https:\/\/www.gruporecoletas.com\/noticias\/wp-content\/uploads\/2023\/08\/CHARLA-UOR-ATLVALLADOLID-RECOLETAS-WEB.png\" \/>\n\t<meta property=\"og:image:width\" content=\"1366\" \/>\n\t<meta property=\"og:image:height\" content=\"768\" \/>\n\t<meta property=\"og:image:type\" content=\"image\/png\" \/>\n<meta name=\"author\" content=\"Recoletas Red Hospitalaria\" \/>\n<meta name=\"twitter:card\" content=\"summary_large_image\" \/>\n<meta name=\"twitter:creator\" content=\"@GrupoRecoletas\" \/>\n<meta name=\"twitter:site\" content=\"@GrupoRecoletas\" \/>\n<meta name=\"twitter:label1\" content=\"Escrito por\" \/>\n\t<meta name=\"twitter:data1\" content=\"Recoletas Red Hospitalaria\" \/>\n\t<meta name=\"twitter:label2\" content=\"Tiempo de lectura\" \/>\n\t<meta name=\"twitter:data2\" content=\"1 minuto\" \/>\n<script type=\"application\/ld+json\" class=\"yoast-schema-graph\">{\"@context\":\"https:\\\/\\\/schema.org\",\"@graph\":[{\"@type\":\"Article\",\"@id\":\"https:\\\/\\\/www.gruporecoletas.com\\\/noticias\\\/la-unidad-de-nutricion-y-obesidad-recoletas-imparte-una-charla-al-primer-equipo-del-atletico-valladolid\\\/#article\",\"isPartOf\":{\"@id\":\"https:\\\/\\\/www.gruporecoletas.com\\\/noticias\\\/la-unidad-de-nutricion-y-obesidad-recoletas-imparte-una-charla-al-primer-equipo-del-atletico-valladolid\\\/\"},\"author\":{\"name\":\"Recoletas Red Hospitalaria\",\"@id\":\"https:\\\/\\\/www.gruporecoletas.com\\\/noticias\\\/#\\\/schema\\\/person\\\/3c6ac429828d1f5e3d3bd99f4da9b02c\"},\"headline\":\"La Unidad de Nutrici\u00f3n y Obesidad Recoletas imparte una charla al primer equipo del Atl\u00e9tico Valladolid\",\"datePublished\":\"2023-08-11T12:19:56+00:00\",\"dateModified\":\"2023-08-11T12:19:57+00:00\",\"mainEntityOfPage\":{\"@id\":\"https:\\\/\\\/www.gruporecoletas.com\\\/noticias\\\/la-unidad-de-nutricion-y-obesidad-recoletas-imparte-una-charla-al-primer-equipo-del-atletico-valladolid\\\/\"},\"wordCount\":181,\"image\":{\"@id\":\"https:\\\/\\\/www.gruporecoletas.com\\\/noticias\\\/la-unidad-de-nutricion-y-obesidad-recoletas-imparte-una-charla-al-primer-equipo-del-atletico-valladolid\\\/#primaryimage\"},\"thumbnailUrl\":\"https:\\\/\\\/www.gruporecoletas.com\\\/noticias\\\/wp-content\\\/uploads\\\/2023\\\/08\\\/CHARLA-UOR-ATLVALLADOLID-RECOLETAS-WEB.png\",\"keywords\":[\"Deporte\",\"Nutrici\u00f3n y Diet\u00e9tica\",\"Patrocinios\"],\"articleSection\":[\"Deporte\",\"Grupo Recoletas\",\"HRCG\",\"HRSG\",\"Nutrici\u00f3n y dietetica\",\"Publicaciones\",\"Segovia\",\"Unidad de Obesidad\",\"Valladolid\"],\"inLanguage\":\"es\"},{\"@type\":\"WebPage\",\"@id\":\"https:\\\/\\\/www.gruporecoletas.com\\\/noticias\\\/la-unidad-de-nutricion-y-obesidad-recoletas-imparte-una-charla-al-primer-equipo-del-atletico-valladolid\\\/\",\"url\":\"https:\\\/\\\/www.gruporecoletas.com\\\/noticias\\\/la-unidad-de-nutricion-y-obesidad-recoletas-imparte-una-charla-al-primer-equipo-del-atletico-valladolid\\\/\",\"name\":\"La Unidad de Nutrici\u00f3n y Obesidad Recoletas imparte una charla al primer equipo del Atl\u00e9tico Valladolid - Noticias Grupo Recoletas\",\"isPartOf\":{\"@id\":\"https:\\\/\\\/www.gruporecoletas.com\\\/noticias\\\/#website\"},\"primaryImageOfPage\":{\"@id\":\"https:\\\/\\\/www.gruporecoletas.com\\\/noticias\\\/la-unidad-de-nutricion-y-obesidad-recoletas-imparte-una-charla-al-primer-equipo-del-atletico-valladolid\\\/#primaryimage\"},\"image\":{\"@id\":\"https:\\\/\\\/www.gruporecoletas.com\\\/noticias\\\/la-unidad-de-nutricion-y-obesidad-recoletas-imparte-una-charla-al-primer-equipo-del-atletico-valladolid\\\/#primaryimage\"},\"thumbnailUrl\":\"https:\\\/\\\/www.gruporecoletas.com\\\/noticias\\\/wp-content\\\/uploads\\\/2023\\\/08\\\/CHARLA-UOR-ATLVALLADOLID-RECOLETAS-WEB.png\",\"datePublished\":\"2023-08-11T12:19:56+00:00\",\"dateModified\":\"2023-08-11T12:19:57+00:00\",\"author\":{\"@id\":\"https:\\\/\\\/www.gruporecoletas.com\\\/noticias\\\/#\\\/schema\\\/person\\\/3c6ac429828d1f5e3d3bd99f4da9b02c\"},\"description\":\"Nuestras nutricionistas repetir\u00e1n esta pr\u00e1ctica para conocer el estado de los jugadores y ayudar al club a mejorar sus resultados durante la temporada\",\"breadcrumb\":{\"@id\":\"https:\\\/\\\/www.gruporecoletas.com\\\/noticias\\\/la-unidad-de-nutricion-y-obesidad-recoletas-imparte-una-charla-al-primer-equipo-del-atletico-valladolid\\\/#breadcrumb\"},\"inLanguage\":\"es\",\"potentialAction\":[{\"@type\":\"ReadAction\",\"target\":[\"https:\\\/\\\/www.gruporecoletas.com\\\/noticias\\\/la-unidad-de-nutricion-y-obesidad-recoletas-imparte-una-charla-al-primer-equipo-del-atletico-valladolid\\\/\"]}]},{\"@type\":\"ImageObject\",\"inLanguage\":\"es\",\"@id\":\"https:\\\/\\\/www.gruporecoletas.com\\\/noticias\\\/la-unidad-de-nutricion-y-obesidad-recoletas-imparte-una-charla-al-primer-equipo-del-atletico-valladolid\\\/#primaryimage\",\"url\":\"https:\\\/\\\/www.gruporecoletas.com\\\/noticias\\\/wp-content\\\/uploads\\\/2023\\\/08\\\/CHARLA-UOR-ATLVALLADOLID-RECOLETAS-WEB.png\",\"contentUrl\":\"https:\\\/\\\/www.gruporecoletas.com\\\/noticias\\\/wp-content\\\/uploads\\\/2023\\\/08\\\/CHARLA-UOR-ATLVALLADOLID-RECOLETAS-WEB.png\",\"width\":1366,\"height\":768,\"caption\":\"La Unidad de Nutrici\u00f3n y Obesidad Recoletas imparte una charla al primer equipo del Atl\u00e9tico Valladolid\"},{\"@type\":\"BreadcrumbList\",\"@id\":\"https:\\\/\\\/www.gruporecoletas.com\\\/noticias\\\/la-unidad-de-nutricion-y-obesidad-recoletas-imparte-una-charla-al-primer-equipo-del-atletico-valladolid\\\/#breadcrumb\",\"itemListElement\":[{\"@type\":\"ListItem\",\"position\":1,\"name\":\"Portada\",\"item\":\"https:\\\/\\\/www.gruporecoletas.com\\\/noticias\\\/\"},{\"@type\":\"ListItem\",\"position\":2,\"name\":\"La Unidad de Nutrici\u00f3n y Obesidad Recoletas imparte una charla al primer equipo del Atl\u00e9tico Valladolid\"}]},{\"@type\":\"WebSite\",\"@id\":\"https:\\\/\\\/www.gruporecoletas.com\\\/noticias\\\/#website\",\"url\":\"https:\\\/\\\/www.gruporecoletas.com\\\/noticias\\\/\",\"name\":\"Noticias Grupo Recoletas\",\"description\":\"Grupo Recoletas\",\"potentialAction\":[{\"@type\":\"SearchAction\",\"target\":{\"@type\":\"EntryPoint\",\"urlTemplate\":\"https:\\\/\\\/www.gruporecoletas.com\\\/noticias\\\/?s={search_term_string}\"},\"query-input\":{\"@type\":\"PropertyValueSpecification\",\"valueRequired\":true,\"valueName\":\"search_term_string\"}}],\"inLanguage\":\"es\"},{\"@type\":\"Person\",\"@id\":\"https:\\\/\\\/www.gruporecoletas.com\\\/noticias\\\/#\\\/schema\\\/person\\\/3c6ac429828d1f5e3d3bd99f4da9b02c\",\"name\":\"Recoletas Red Hospitalaria\",\"url\":\"https:\\\/\\\/www.gruporecoletas.com\\\/noticias\\\/author\\\/comunicacion\\\/\"}]}<\/script>\n<!-- \/ Yoast SEO Premium plugin. -->","yoast_head_json":{"title":"La Unidad de Nutrici\u00f3n y Obesidad Recoletas imparte una charla al primer equipo del Atl\u00e9tico Valladolid - Noticias Grupo Recoletas","description":"Nuestras nutricionistas repetir\u00e1n esta pr\u00e1ctica para conocer el estado de los jugadores y ayudar al club a mejorar sus resultados durante la temporada","robots":{"index":"index","follow":"follow","max-snippet":"max-snippet:-1","max-image-preview":"max-image-preview:large","max-video-preview":"max-video-preview:-1"},"canonical":"https:\/\/www.gruporecoletas.com\/noticias\/la-unidad-de-nutricion-y-obesidad-recoletas-imparte-una-charla-al-primer-equipo-del-atletico-valladolid\/","og_locale":"es_ES","og_type":"article","og_title":"La Unidad de Nutrici\u00f3n y Obesidad Recoletas imparte una charla al primer equipo del Atl\u00e9tico Valladolid","og_description":"Nuestras nutricionistas repetir\u00e1n esta pr\u00e1ctica para conocer el estado de los jugadores y ayudar al club a mejorar sus resultados durante la temporada","og_url":"https:\/\/www.gruporecoletas.com\/noticias\/la-unidad-de-nutricion-y-obesidad-recoletas-imparte-una-charla-al-primer-equipo-del-atletico-valladolid\/","og_site_name":"Noticias Grupo Recoletas","article_publisher":"https:\/\/www.facebook.com\/GrupoRecoletas\/","article_published_time":"2023-08-11T12:19:56+00:00","article_modified_time":"2023-08-11T12:19:57+00:00","og_image":[{"width":1366,"height":768,"url":"https:\/\/www.gruporecoletas.com\/noticias\/wp-content\/uploads\/2023\/08\/CHARLA-UOR-ATLVALLADOLID-RECOLETAS-WEB.png","type":"image\/png"}],"author":"Recoletas Red Hospitalaria","twitter_card":"summary_large_image","twitter_creator":"@GrupoRecoletas","twitter_site":"@GrupoRecoletas","twitter_misc":{"Escrito por":"Recoletas Red Hospitalaria","Tiempo de lectura":"1 minuto"},"schema":{"@context":"https:\/\/schema.org","@graph":[{"@type":"Article","@id":"https:\/\/www.gruporecoletas.com\/noticias\/la-unidad-de-nutricion-y-obesidad-recoletas-imparte-una-charla-al-primer-equipo-del-atletico-valladolid\/#article","isPartOf":{"@id":"https:\/\/www.gruporecoletas.com\/noticias\/la-unidad-de-nutricion-y-obesidad-recoletas-imparte-una-charla-al-primer-equipo-del-atletico-valladolid\/"},"author":{"name":"Recoletas Red Hospitalaria","@id":"https:\/\/www.gruporecoletas.com\/noticias\/#\/schema\/person\/3c6ac429828d1f5e3d3bd99f4da9b02c"},"headline":"La Unidad de Nutrici\u00f3n y Obesidad Recoletas imparte una charla al primer equipo del Atl\u00e9tico Valladolid","datePublished":"2023-08-11T12:19:56+00:00","dateModified":"2023-08-11T12:19:57+00:00","mainEntityOfPage":{"@id":"https:\/\/www.gruporecoletas.com\/noticias\/la-unidad-de-nutricion-y-obesidad-recoletas-imparte-una-charla-al-primer-equipo-del-atletico-valladolid\/"},"wordCount":181,"image":{"@id":"https:\/\/www.gruporecoletas.com\/noticias\/la-unidad-de-nutricion-y-obesidad-recoletas-imparte-una-charla-al-primer-equipo-del-atletico-valladolid\/#primaryimage"},"thumbnailUrl":"https:\/\/www.gruporecoletas.com\/noticias\/wp-content\/uploads\/2023\/08\/CHARLA-UOR-ATLVALLADOLID-RECOLETAS-WEB.png","keywords":["Deporte","Nutrici\u00f3n y Diet\u00e9tica","Patrocinios"],"articleSection":["Deporte","Grupo Recoletas","HRCG","HRSG","Nutrici\u00f3n y dietetica","Publicaciones","Segovia","Unidad de Obesidad","Valladolid"],"inLanguage":"es"},{"@type":"WebPage","@id":"https:\/\/www.gruporecoletas.com\/noticias\/la-unidad-de-nutricion-y-obesidad-recoletas-imparte-una-charla-al-primer-equipo-del-atletico-valladolid\/","url":"https:\/\/www.gruporecoletas.com\/noticias\/la-unidad-de-nutricion-y-obesidad-recoletas-imparte-una-charla-al-primer-equipo-del-atletico-valladolid\/","name":"La Unidad de Nutrici\u00f3n y Obesidad Recoletas imparte una charla al primer equipo del Atl\u00e9tico Valladolid - Noticias Grupo Recoletas","isPartOf":{"@id":"https:\/\/www.gruporecoletas.com\/noticias\/#website"},"primaryImageOfPage":{"@id":"https:\/\/www.gruporecoletas.com\/noticias\/la-unidad-de-nutricion-y-obesidad-recoletas-imparte-una-charla-al-primer-equipo-del-atletico-valladolid\/#primaryimage"},"image":{"@id":"https:\/\/www.gruporecoletas.com\/noticias\/la-unidad-de-nutricion-y-obesidad-recoletas-imparte-una-charla-al-primer-equipo-del-atletico-valladolid\/#primaryimage"},"thumbnailUrl":"https:\/\/www.gruporecoletas.com\/noticias\/wp-content\/uploads\/2023\/08\/CHARLA-UOR-ATLVALLADOLID-RECOLETAS-WEB.png","datePublished":"2023-08-11T12:19:56+00:00","dateModified":"2023-08-11T12:19:57+00:00","author":{"@id":"https:\/\/www.gruporecoletas.com\/noticias\/#\/schema\/person\/3c6ac429828d1f5e3d3bd99f4da9b02c"},"description":"Nuestras nutricionistas repetir\u00e1n esta pr\u00e1ctica para conocer el estado de los jugadores y ayudar al club a mejorar sus resultados durante la temporada","breadcrumb":{"@id":"https:\/\/www.gruporecoletas.com\/noticias\/la-unidad-de-nutricion-y-obesidad-recoletas-imparte-una-charla-al-primer-equipo-del-atletico-valladolid\/#breadcrumb"},"inLanguage":"es","potentialAction":[{"@type":"ReadAction","target":["https:\/\/www.gruporecoletas.com\/noticias\/la-unidad-de-nutricion-y-obesidad-recoletas-imparte-una-charla-al-primer-equipo-del-atletico-valladolid\/"]}]},{"@type":"ImageObject","inLanguage":"es","@id":"https:\/\/www.gruporecoletas.com\/noticias\/la-unidad-de-nutricion-y-obesidad-recoletas-imparte-una-charla-al-primer-equipo-del-atletico-valladolid\/#primaryimage","url":"https:\/\/www.gruporecoletas.com\/noticias\/wp-content\/uploads\/2023\/08\/CHARLA-UOR-ATLVALLADOLID-RECOLETAS-WEB.png","contentUrl":"https:\/\/www.gruporecoletas.com\/noticias\/wp-content\/uploads\/2023\/08\/CHARLA-UOR-ATLVALLADOLID-RECOLETAS-WEB.png","width":1366,"height":768,"caption":"La Unidad de Nutrici\u00f3n y Obesidad Recoletas imparte una charla al primer equipo del Atl\u00e9tico Valladolid"},{"@type":"BreadcrumbList","@id":"https:\/\/www.gruporecoletas.com\/noticias\/la-unidad-de-nutricion-y-obesidad-recoletas-imparte-una-charla-al-primer-equipo-del-atletico-valladolid\/#breadcrumb","itemListElement":[{"@type":"ListItem","position":1,"name":"Portada","item":"https:\/\/www.gruporecoletas.com\/noticias\/"},{"@type":"ListItem","position":2,"name":"La Unidad de Nutrici\u00f3n y Obesidad Recoletas imparte una charla al primer equipo del Atl\u00e9tico Valladolid"}]},{"@type":"WebSite","@id":"https:\/\/www.gruporecoletas.com\/noticias\/#website","url":"https:\/\/www.gruporecoletas.com\/noticias\/","name":"Noticias Grupo Recoletas","description":"Grupo Recoletas","potentialAction":[{"@type":"SearchAction","target":{"@type":"EntryPoint","urlTemplate":"https:\/\/www.gruporecoletas.com\/noticias\/?s={search_term_string}"},"query-input":{"@type":"PropertyValueSpecification","valueRequired":true,"valueName":"search_term_string"}}],"inLanguage":"es"},{"@type":"Person","@id":"https:\/\/www.gruporecoletas.com\/noticias\/#\/schema\/person\/3c6ac429828d1f5e3d3bd99f4da9b02c","name":"Recoletas Red Hospitalaria","url":"https:\/\/www.gruporecoletas.com\/noticias\/author\/comunicacion\/"}]}},"_links":{"self":[{"href":"https:\/\/www.gruporecoletas.com\/noticias\/wp-json\/wp\/v2\/posts\/16142","targetHints":{"allow":["GET"]}}],"collection":[{"href":"https:\/\/www.gruporecoletas.com\/noticias\/wp-json\/wp\/v2\/posts"}],"about":[{"href":"https:\/\/www.gruporecoletas.com\/noticias\/wp-json\/wp\/v2\/types\/post"}],"author":[{"embeddable":true,"href":"https:\/\/www.gruporecoletas.com\/noticias\/wp-json\/wp\/v2\/users\/2"}],"replies":[{"embeddable":true,"href":"https:\/\/www.gruporecoletas.com\/noticias\/wp-json\/wp\/v2\/comments?post=16142"}],"version-history":[{"count":1,"href":"https:\/\/www.gruporecoletas.com\/noticias\/wp-json\/wp\/v2\/posts\/16142\/revisions"}],"predecessor-version":[{"id":16144,"href":"https:\/\/www.gruporecoletas.com\/noticias\/wp-json\/wp\/v2\/posts\/16142\/revisions\/16144"}],"wp:featuredmedia":[{"embeddable":true,"href":"https:\/\/www.gruporecoletas.com\/noticias\/wp-json\/wp\/v2\/media\/16143"}],"wp:attachment":[{"href":"https:\/\/www.gruporecoletas.com\/noticias\/wp-json\/wp\/v2\/media?parent=16142"}],"wp:term":[{"taxonomy":"category","embeddable":true,"href":"https:\/\/www.gruporecoletas.com\/noticias\/wp-json\/wp\/v2\/categories?post=16142"},{"taxonomy":"post_tag","embeddable":true,"href":"https:\/\/www.gruporecoletas.com\/noticias\/wp-json\/wp\/v2\/tags?post=16142"}],"curies":[{"name":"wp","href":"https:\/\/api.w.org\/{rel}","templated":true}]}}