{"id":16153,"date":"2023-09-12T10:06:51","date_gmt":"2023-09-12T08:06:51","guid":{"rendered":"https:\/\/www.gruporecoletas.com\/noticias\/?p=16153"},"modified":"2023-09-12T10:06:52","modified_gmt":"2023-09-12T08:06:52","slug":"el-hospital-recoletas-burgos-colabora-con-la-asociacion-espanola-contra-el-cancer-en-su-campana-de-concienciacion-y-captacion-de-socios","status":"publish","type":"post","link":"https:\/\/www.gruporecoletas.com\/noticias\/el-hospital-recoletas-burgos-colabora-con-la-asociacion-espanola-contra-el-cancer-en-su-campana-de-concienciacion-y-captacion-de-socios\/","title":{"rendered":"El Hospital Recoletas Burgos colabora con la Asociaci\u00f3n Espa\u00f1ola Contra el C\u00e1ncer en su campa\u00f1a de concienciaci\u00f3n y captaci\u00f3n de socios"},"content":{"rendered":"\n<p>La Asociaci\u00f3n Espa\u00f1ola Contra el C\u00e1ncer en Burgos est\u00e1 llevando a cabo, durante esta semana, una campa\u00f1a de concienciaci\u00f3n y captaci\u00f3n de socios en el Hospital Recoletas Burgos<\/p>\n\n\n\n<p>En concreto, dos voluntarios de la Asociaci\u00f3n Espa\u00f1ola Contra el C\u00e1ncer, ataviados con chalecos verdes de la AECC para hacerles reconocibles, est\u00e1n en la entrada del centro hospitalario explicando la labor que realizan tanto con enfermos de c\u00e1ncer como con los familiares, adem\u00e1s de dar a conocer los servicios que prestan.<\/p>\n\n\n\n<p>El objetivo es que la sociedad burgalesa conozca de primera mano el trabajo que desde la Asociaci\u00f3n Espa\u00f1ola Contra el C\u00e1ncer se lleva a cabo y conseguir captar tanto socios como voluntarios que permitan lograr los medios humanos y materiales necesarios para seguir desempe\u00f1ando las diferentes acciones que realizan a lo largo de todo el a\u00f1o para acompa\u00f1ar a las personas que acuden a ellos por diferentes motivos.<\/p>\n\n\n\n<p>El Hospital Recoletas Burgos participa siempre que la Asociaci\u00f3n contra el C\u00e1ncer en Burgos se lo solicita, implic\u00e1ndose en el desarrollo de diferentes campa\u00f1as y actividades que realizan para dar a conocer la importante labor que vienen realizando.<\/p>\n\n\n\n<p>La campa\u00f1a de captaci\u00f3n de socios y voluntarios estar\u00e1 en vigor hasta el viernes 15 de septiembre en el centro hospitalario.<\/p>\n","protected":false},"excerpt":{"rendered":"<p>La Asociaci\u00f3n Espa\u00f1ola Contra el C\u00e1ncer en Burgos est\u00e1 llevando a cabo, durante esta semana, una campa\u00f1a de concienciaci\u00f3n y captaci\u00f3n de socios en el Hospital Recoletas Burgos En concreto, dos voluntarios de la Asociaci\u00f3n Espa\u00f1ola Contra el C\u00e1ncer, ataviados con chalecos verdes de la AECC para hacerles reconocibles, est\u00e1n en la entrada del centro [&hellip;]<\/p>\n","protected":false},"author":2,"featured_media":16154,"comment_status":"closed","ping_status":"closed","sticky":false,"template":"","format":"standard","meta":{"_acf_changed":false,"footnotes":""},"categories":[10,43,1,31],"tags":[3161,38],"class_list":["post-16153","post","type-post","status-publish","format-standard","has-post-thumbnail","hentry","category-burgos","category-centros","category-grupo-recoletas","category-hrbu","tag-aecc","tag-hospital-recoletas-burgos"],"acf":[],"yoast_head":"<!-- This site is optimized with the Yoast SEO Premium plugin v27.3 (Yoast SEO v27.3) - https:\/\/yoast.com\/product\/yoast-seo-premium-wordpress\/ -->\n<title>El Hospital Recoletas Burgos colabora con la Asociaci\u00f3n Espa\u00f1ola Contra el C\u00e1ncer en su campa\u00f1a de concienciaci\u00f3n y captaci\u00f3n de socios - Noticias Grupo Recoletas<\/title>\n<meta name=\"description\" content=\"El centro hospitalario se implica en el desarrollo de acciones para dar a conocer la importante labor que realiza la asociaci\u00f3n\" \/>\n<meta name=\"robots\" content=\"index, follow, max-snippet:-1, max-image-preview:large, max-video-preview:-1\" \/>\n<link rel=\"canonical\" href=\"https:\/\/www.gruporecoletas.com\/noticias\/el-hospital-recoletas-burgos-colabora-con-la-asociacion-espanola-contra-el-cancer-en-su-campana-de-concienciacion-y-captacion-de-socios\/\" \/>\n<meta property=\"og:locale\" content=\"es_ES\" \/>\n<meta property=\"og:type\" content=\"article\" \/>\n<meta property=\"og:title\" content=\"El Hospital Recoletas Burgos colabora con la Asociaci\u00f3n Espa\u00f1ola Contra el C\u00e1ncer en su campa\u00f1a de concienciaci\u00f3n y captaci\u00f3n de socios\" \/>\n<meta property=\"og:description\" content=\"El centro hospitalario se implica en el desarrollo de acciones para dar a conocer la importante labor que realiza la asociaci\u00f3n\" \/>\n<meta property=\"og:url\" content=\"https:\/\/www.gruporecoletas.com\/noticias\/el-hospital-recoletas-burgos-colabora-con-la-asociacion-espanola-contra-el-cancer-en-su-campana-de-concienciacion-y-captacion-de-socios\/\" \/>\n<meta property=\"og:site_name\" content=\"Noticias Grupo Recoletas\" \/>\n<meta property=\"article:publisher\" content=\"https:\/\/www.facebook.com\/GrupoRecoletas\/\" \/>\n<meta property=\"article:published_time\" content=\"2023-09-12T08:06:51+00:00\" \/>\n<meta property=\"article:modified_time\" content=\"2023-09-12T08:06:52+00:00\" \/>\n<meta property=\"og:image\" content=\"https:\/\/www.gruporecoletas.com\/noticias\/wp-content\/uploads\/2023\/09\/AECC-BURGOS-RECOLETAS-BLOG.png\" \/>\n\t<meta property=\"og:image:width\" content=\"1366\" \/>\n\t<meta property=\"og:image:height\" content=\"768\" \/>\n\t<meta property=\"og:image:type\" content=\"image\/png\" \/>\n<meta name=\"author\" content=\"Recoletas Red Hospitalaria\" \/>\n<meta name=\"twitter:card\" content=\"summary_large_image\" \/>\n<meta name=\"twitter:creator\" content=\"@GrupoRecoletas\" \/>\n<meta name=\"twitter:site\" content=\"@GrupoRecoletas\" \/>\n<meta name=\"twitter:label1\" content=\"Escrito por\" \/>\n\t<meta name=\"twitter:data1\" content=\"Recoletas Red Hospitalaria\" \/>\n\t<meta name=\"twitter:label2\" content=\"Tiempo de lectura\" \/>\n\t<meta name=\"twitter:data2\" content=\"1 minuto\" \/>\n<script type=\"application\/ld+json\" class=\"yoast-schema-graph\">{\"@context\":\"https:\\\/\\\/schema.org\",\"@graph\":[{\"@type\":\"Article\",\"@id\":\"https:\\\/\\\/www.gruporecoletas.com\\\/noticias\\\/el-hospital-recoletas-burgos-colabora-con-la-asociacion-espanola-contra-el-cancer-en-su-campana-de-concienciacion-y-captacion-de-socios\\\/#article\",\"isPartOf\":{\"@id\":\"https:\\\/\\\/www.gruporecoletas.com\\\/noticias\\\/el-hospital-recoletas-burgos-colabora-con-la-asociacion-espanola-contra-el-cancer-en-su-campana-de-concienciacion-y-captacion-de-socios\\\/\"},\"author\":{\"name\":\"Recoletas Red Hospitalaria\",\"@id\":\"https:\\\/\\\/www.gruporecoletas.com\\\/noticias\\\/#\\\/schema\\\/person\\\/3c6ac429828d1f5e3d3bd99f4da9b02c\"},\"headline\":\"El Hospital Recoletas Burgos colabora con la Asociaci\u00f3n Espa\u00f1ola Contra el C\u00e1ncer en su campa\u00f1a de concienciaci\u00f3n y captaci\u00f3n de socios\",\"datePublished\":\"2023-09-12T08:06:51+00:00\",\"dateModified\":\"2023-09-12T08:06:52+00:00\",\"mainEntityOfPage\":{\"@id\":\"https:\\\/\\\/www.gruporecoletas.com\\\/noticias\\\/el-hospital-recoletas-burgos-colabora-con-la-asociacion-espanola-contra-el-cancer-en-su-campana-de-concienciacion-y-captacion-de-socios\\\/\"},\"wordCount\":256,\"image\":{\"@id\":\"https:\\\/\\\/www.gruporecoletas.com\\\/noticias\\\/el-hospital-recoletas-burgos-colabora-con-la-asociacion-espanola-contra-el-cancer-en-su-campana-de-concienciacion-y-captacion-de-socios\\\/#primaryimage\"},\"thumbnailUrl\":\"https:\\\/\\\/www.gruporecoletas.com\\\/noticias\\\/wp-content\\\/uploads\\\/2023\\\/09\\\/AECC-BURGOS-RECOLETAS-BLOG.png\",\"keywords\":[\"AECC\",\"Hospital Recoletas Burgos\"],\"articleSection\":[\"Burgos\",\"Centros\",\"Grupo Recoletas\",\"HRBU\"],\"inLanguage\":\"es\"},{\"@type\":\"WebPage\",\"@id\":\"https:\\\/\\\/www.gruporecoletas.com\\\/noticias\\\/el-hospital-recoletas-burgos-colabora-con-la-asociacion-espanola-contra-el-cancer-en-su-campana-de-concienciacion-y-captacion-de-socios\\\/\",\"url\":\"https:\\\/\\\/www.gruporecoletas.com\\\/noticias\\\/el-hospital-recoletas-burgos-colabora-con-la-asociacion-espanola-contra-el-cancer-en-su-campana-de-concienciacion-y-captacion-de-socios\\\/\",\"name\":\"El Hospital Recoletas Burgos colabora con la Asociaci\u00f3n Espa\u00f1ola Contra el C\u00e1ncer en su campa\u00f1a de concienciaci\u00f3n y captaci\u00f3n de socios - Noticias Grupo Recoletas\",\"isPartOf\":{\"@id\":\"https:\\\/\\\/www.gruporecoletas.com\\\/noticias\\\/#website\"},\"primaryImageOfPage\":{\"@id\":\"https:\\\/\\\/www.gruporecoletas.com\\\/noticias\\\/el-hospital-recoletas-burgos-colabora-con-la-asociacion-espanola-contra-el-cancer-en-su-campana-de-concienciacion-y-captacion-de-socios\\\/#primaryimage\"},\"image\":{\"@id\":\"https:\\\/\\\/www.gruporecoletas.com\\\/noticias\\\/el-hospital-recoletas-burgos-colabora-con-la-asociacion-espanola-contra-el-cancer-en-su-campana-de-concienciacion-y-captacion-de-socios\\\/#primaryimage\"},\"thumbnailUrl\":\"https:\\\/\\\/www.gruporecoletas.com\\\/noticias\\\/wp-content\\\/uploads\\\/2023\\\/09\\\/AECC-BURGOS-RECOLETAS-BLOG.png\",\"datePublished\":\"2023-09-12T08:06:51+00:00\",\"dateModified\":\"2023-09-12T08:06:52+00:00\",\"author\":{\"@id\":\"https:\\\/\\\/www.gruporecoletas.com\\\/noticias\\\/#\\\/schema\\\/person\\\/3c6ac429828d1f5e3d3bd99f4da9b02c\"},\"description\":\"El centro hospitalario se implica en el desarrollo de acciones para dar a conocer la importante labor que realiza la asociaci\u00f3n\",\"breadcrumb\":{\"@id\":\"https:\\\/\\\/www.gruporecoletas.com\\\/noticias\\\/el-hospital-recoletas-burgos-colabora-con-la-asociacion-espanola-contra-el-cancer-en-su-campana-de-concienciacion-y-captacion-de-socios\\\/#breadcrumb\"},\"inLanguage\":\"es\",\"potentialAction\":[{\"@type\":\"ReadAction\",\"target\":[\"https:\\\/\\\/www.gruporecoletas.com\\\/noticias\\\/el-hospital-recoletas-burgos-colabora-con-la-asociacion-espanola-contra-el-cancer-en-su-campana-de-concienciacion-y-captacion-de-socios\\\/\"]}]},{\"@type\":\"ImageObject\",\"inLanguage\":\"es\",\"@id\":\"https:\\\/\\\/www.gruporecoletas.com\\\/noticias\\\/el-hospital-recoletas-burgos-colabora-con-la-asociacion-espanola-contra-el-cancer-en-su-campana-de-concienciacion-y-captacion-de-socios\\\/#primaryimage\",\"url\":\"https:\\\/\\\/www.gruporecoletas.com\\\/noticias\\\/wp-content\\\/uploads\\\/2023\\\/09\\\/AECC-BURGOS-RECOLETAS-BLOG.png\",\"contentUrl\":\"https:\\\/\\\/www.gruporecoletas.com\\\/noticias\\\/wp-content\\\/uploads\\\/2023\\\/09\\\/AECC-BURGOS-RECOLETAS-BLOG.png\",\"width\":1366,\"height\":768,\"caption\":\"El Hospital Recoletas Burgos colabora con la Asociaci\u00f3n Espa\u00f1ola Contra el C\u00e1ncer en una campa\u00f1a de concienciaci\u00f3n y captaci\u00f3n de socios\"},{\"@type\":\"BreadcrumbList\",\"@id\":\"https:\\\/\\\/www.gruporecoletas.com\\\/noticias\\\/el-hospital-recoletas-burgos-colabora-con-la-asociacion-espanola-contra-el-cancer-en-su-campana-de-concienciacion-y-captacion-de-socios\\\/#breadcrumb\",\"itemListElement\":[{\"@type\":\"ListItem\",\"position\":1,\"name\":\"Portada\",\"item\":\"https:\\\/\\\/www.gruporecoletas.com\\\/noticias\\\/\"},{\"@type\":\"ListItem\",\"position\":2,\"name\":\"El Hospital Recoletas Burgos colabora con la Asociaci\u00f3n Espa\u00f1ola Contra el C\u00e1ncer en su campa\u00f1a de concienciaci\u00f3n y captaci\u00f3n de socios\"}]},{\"@type\":\"WebSite\",\"@id\":\"https:\\\/\\\/www.gruporecoletas.com\\\/noticias\\\/#website\",\"url\":\"https:\\\/\\\/www.gruporecoletas.com\\\/noticias\\\/\",\"name\":\"Noticias Grupo Recoletas\",\"description\":\"Grupo Recoletas\",\"potentialAction\":[{\"@type\":\"SearchAction\",\"target\":{\"@type\":\"EntryPoint\",\"urlTemplate\":\"https:\\\/\\\/www.gruporecoletas.com\\\/noticias\\\/?s={search_term_string}\"},\"query-input\":{\"@type\":\"PropertyValueSpecification\",\"valueRequired\":true,\"valueName\":\"search_term_string\"}}],\"inLanguage\":\"es\"},{\"@type\":\"Person\",\"@id\":\"https:\\\/\\\/www.gruporecoletas.com\\\/noticias\\\/#\\\/schema\\\/person\\\/3c6ac429828d1f5e3d3bd99f4da9b02c\",\"name\":\"Recoletas Red Hospitalaria\",\"url\":\"https:\\\/\\\/www.gruporecoletas.com\\\/noticias\\\/author\\\/comunicacion\\\/\"}]}<\/script>\n<!-- \/ Yoast SEO Premium plugin. -->","yoast_head_json":{"title":"El Hospital Recoletas Burgos colabora con la Asociaci\u00f3n Espa\u00f1ola Contra el C\u00e1ncer en su campa\u00f1a de concienciaci\u00f3n y captaci\u00f3n de socios - Noticias Grupo Recoletas","description":"El centro hospitalario se implica en el desarrollo de acciones para dar a conocer la importante labor que realiza la asociaci\u00f3n","robots":{"index":"index","follow":"follow","max-snippet":"max-snippet:-1","max-image-preview":"max-image-preview:large","max-video-preview":"max-video-preview:-1"},"canonical":"https:\/\/www.gruporecoletas.com\/noticias\/el-hospital-recoletas-burgos-colabora-con-la-asociacion-espanola-contra-el-cancer-en-su-campana-de-concienciacion-y-captacion-de-socios\/","og_locale":"es_ES","og_type":"article","og_title":"El Hospital Recoletas Burgos colabora con la Asociaci\u00f3n Espa\u00f1ola Contra el C\u00e1ncer en su campa\u00f1a de concienciaci\u00f3n y captaci\u00f3n de socios","og_description":"El centro hospitalario se implica en el desarrollo de acciones para dar a conocer la importante labor que realiza la asociaci\u00f3n","og_url":"https:\/\/www.gruporecoletas.com\/noticias\/el-hospital-recoletas-burgos-colabora-con-la-asociacion-espanola-contra-el-cancer-en-su-campana-de-concienciacion-y-captacion-de-socios\/","og_site_name":"Noticias Grupo Recoletas","article_publisher":"https:\/\/www.facebook.com\/GrupoRecoletas\/","article_published_time":"2023-09-12T08:06:51+00:00","article_modified_time":"2023-09-12T08:06:52+00:00","og_image":[{"width":1366,"height":768,"url":"https:\/\/www.gruporecoletas.com\/noticias\/wp-content\/uploads\/2023\/09\/AECC-BURGOS-RECOLETAS-BLOG.png","type":"image\/png"}],"author":"Recoletas Red Hospitalaria","twitter_card":"summary_large_image","twitter_creator":"@GrupoRecoletas","twitter_site":"@GrupoRecoletas","twitter_misc":{"Escrito por":"Recoletas Red Hospitalaria","Tiempo de lectura":"1 minuto"},"schema":{"@context":"https:\/\/schema.org","@graph":[{"@type":"Article","@id":"https:\/\/www.gruporecoletas.com\/noticias\/el-hospital-recoletas-burgos-colabora-con-la-asociacion-espanola-contra-el-cancer-en-su-campana-de-concienciacion-y-captacion-de-socios\/#article","isPartOf":{"@id":"https:\/\/www.gruporecoletas.com\/noticias\/el-hospital-recoletas-burgos-colabora-con-la-asociacion-espanola-contra-el-cancer-en-su-campana-de-concienciacion-y-captacion-de-socios\/"},"author":{"name":"Recoletas Red Hospitalaria","@id":"https:\/\/www.gruporecoletas.com\/noticias\/#\/schema\/person\/3c6ac429828d1f5e3d3bd99f4da9b02c"},"headline":"El Hospital Recoletas Burgos colabora con la Asociaci\u00f3n Espa\u00f1ola Contra el C\u00e1ncer en su campa\u00f1a de concienciaci\u00f3n y captaci\u00f3n de socios","datePublished":"2023-09-12T08:06:51+00:00","dateModified":"2023-09-12T08:06:52+00:00","mainEntityOfPage":{"@id":"https:\/\/www.gruporecoletas.com\/noticias\/el-hospital-recoletas-burgos-colabora-con-la-asociacion-espanola-contra-el-cancer-en-su-campana-de-concienciacion-y-captacion-de-socios\/"},"wordCount":256,"image":{"@id":"https:\/\/www.gruporecoletas.com\/noticias\/el-hospital-recoletas-burgos-colabora-con-la-asociacion-espanola-contra-el-cancer-en-su-campana-de-concienciacion-y-captacion-de-socios\/#primaryimage"},"thumbnailUrl":"https:\/\/www.gruporecoletas.com\/noticias\/wp-content\/uploads\/2023\/09\/AECC-BURGOS-RECOLETAS-BLOG.png","keywords":["AECC","Hospital Recoletas Burgos"],"articleSection":["Burgos","Centros","Grupo Recoletas","HRBU"],"inLanguage":"es"},{"@type":"WebPage","@id":"https:\/\/www.gruporecoletas.com\/noticias\/el-hospital-recoletas-burgos-colabora-con-la-asociacion-espanola-contra-el-cancer-en-su-campana-de-concienciacion-y-captacion-de-socios\/","url":"https:\/\/www.gruporecoletas.com\/noticias\/el-hospital-recoletas-burgos-colabora-con-la-asociacion-espanola-contra-el-cancer-en-su-campana-de-concienciacion-y-captacion-de-socios\/","name":"El Hospital Recoletas Burgos colabora con la Asociaci\u00f3n Espa\u00f1ola Contra el C\u00e1ncer en su campa\u00f1a de concienciaci\u00f3n y captaci\u00f3n de socios - Noticias Grupo Recoletas","isPartOf":{"@id":"https:\/\/www.gruporecoletas.com\/noticias\/#website"},"primaryImageOfPage":{"@id":"https:\/\/www.gruporecoletas.com\/noticias\/el-hospital-recoletas-burgos-colabora-con-la-asociacion-espanola-contra-el-cancer-en-su-campana-de-concienciacion-y-captacion-de-socios\/#primaryimage"},"image":{"@id":"https:\/\/www.gruporecoletas.com\/noticias\/el-hospital-recoletas-burgos-colabora-con-la-asociacion-espanola-contra-el-cancer-en-su-campana-de-concienciacion-y-captacion-de-socios\/#primaryimage"},"thumbnailUrl":"https:\/\/www.gruporecoletas.com\/noticias\/wp-content\/uploads\/2023\/09\/AECC-BURGOS-RECOLETAS-BLOG.png","datePublished":"2023-09-12T08:06:51+00:00","dateModified":"2023-09-12T08:06:52+00:00","author":{"@id":"https:\/\/www.gruporecoletas.com\/noticias\/#\/schema\/person\/3c6ac429828d1f5e3d3bd99f4da9b02c"},"description":"El centro hospitalario se implica en el desarrollo de acciones para dar a conocer la importante labor que realiza la asociaci\u00f3n","breadcrumb":{"@id":"https:\/\/www.gruporecoletas.com\/noticias\/el-hospital-recoletas-burgos-colabora-con-la-asociacion-espanola-contra-el-cancer-en-su-campana-de-concienciacion-y-captacion-de-socios\/#breadcrumb"},"inLanguage":"es","potentialAction":[{"@type":"ReadAction","target":["https:\/\/www.gruporecoletas.com\/noticias\/el-hospital-recoletas-burgos-colabora-con-la-asociacion-espanola-contra-el-cancer-en-su-campana-de-concienciacion-y-captacion-de-socios\/"]}]},{"@type":"ImageObject","inLanguage":"es","@id":"https:\/\/www.gruporecoletas.com\/noticias\/el-hospital-recoletas-burgos-colabora-con-la-asociacion-espanola-contra-el-cancer-en-su-campana-de-concienciacion-y-captacion-de-socios\/#primaryimage","url":"https:\/\/www.gruporecoletas.com\/noticias\/wp-content\/uploads\/2023\/09\/AECC-BURGOS-RECOLETAS-BLOG.png","contentUrl":"https:\/\/www.gruporecoletas.com\/noticias\/wp-content\/uploads\/2023\/09\/AECC-BURGOS-RECOLETAS-BLOG.png","width":1366,"height":768,"caption":"El Hospital Recoletas Burgos colabora con la Asociaci\u00f3n Espa\u00f1ola Contra el C\u00e1ncer en una campa\u00f1a de concienciaci\u00f3n y captaci\u00f3n de socios"},{"@type":"BreadcrumbList","@id":"https:\/\/www.gruporecoletas.com\/noticias\/el-hospital-recoletas-burgos-colabora-con-la-asociacion-espanola-contra-el-cancer-en-su-campana-de-concienciacion-y-captacion-de-socios\/#breadcrumb","itemListElement":[{"@type":"ListItem","position":1,"name":"Portada","item":"https:\/\/www.gruporecoletas.com\/noticias\/"},{"@type":"ListItem","position":2,"name":"El Hospital Recoletas Burgos colabora con la Asociaci\u00f3n Espa\u00f1ola Contra el C\u00e1ncer en su campa\u00f1a de concienciaci\u00f3n y captaci\u00f3n de socios"}]},{"@type":"WebSite","@id":"https:\/\/www.gruporecoletas.com\/noticias\/#website","url":"https:\/\/www.gruporecoletas.com\/noticias\/","name":"Noticias Grupo Recoletas","description":"Grupo Recoletas","potentialAction":[{"@type":"SearchAction","target":{"@type":"EntryPoint","urlTemplate":"https:\/\/www.gruporecoletas.com\/noticias\/?s={search_term_string}"},"query-input":{"@type":"PropertyValueSpecification","valueRequired":true,"valueName":"search_term_string"}}],"inLanguage":"es"},{"@type":"Person","@id":"https:\/\/www.gruporecoletas.com\/noticias\/#\/schema\/person\/3c6ac429828d1f5e3d3bd99f4da9b02c","name":"Recoletas Red Hospitalaria","url":"https:\/\/www.gruporecoletas.com\/noticias\/author\/comunicacion\/"}]}},"_links":{"self":[{"href":"https:\/\/www.gruporecoletas.com\/noticias\/wp-json\/wp\/v2\/posts\/16153","targetHints":{"allow":["GET"]}}],"collection":[{"href":"https:\/\/www.gruporecoletas.com\/noticias\/wp-json\/wp\/v2\/posts"}],"about":[{"href":"https:\/\/www.gruporecoletas.com\/noticias\/wp-json\/wp\/v2\/types\/post"}],"author":[{"embeddable":true,"href":"https:\/\/www.gruporecoletas.com\/noticias\/wp-json\/wp\/v2\/users\/2"}],"replies":[{"embeddable":true,"href":"https:\/\/www.gruporecoletas.com\/noticias\/wp-json\/wp\/v2\/comments?post=16153"}],"version-history":[{"count":1,"href":"https:\/\/www.gruporecoletas.com\/noticias\/wp-json\/wp\/v2\/posts\/16153\/revisions"}],"predecessor-version":[{"id":16155,"href":"https:\/\/www.gruporecoletas.com\/noticias\/wp-json\/wp\/v2\/posts\/16153\/revisions\/16155"}],"wp:featuredmedia":[{"embeddable":true,"href":"https:\/\/www.gruporecoletas.com\/noticias\/wp-json\/wp\/v2\/media\/16154"}],"wp:attachment":[{"href":"https:\/\/www.gruporecoletas.com\/noticias\/wp-json\/wp\/v2\/media?parent=16153"}],"wp:term":[{"taxonomy":"category","embeddable":true,"href":"https:\/\/www.gruporecoletas.com\/noticias\/wp-json\/wp\/v2\/categories?post=16153"},{"taxonomy":"post_tag","embeddable":true,"href":"https:\/\/www.gruporecoletas.com\/noticias\/wp-json\/wp\/v2\/tags?post=16153"}],"curies":[{"name":"wp","href":"https:\/\/api.w.org\/{rel}","templated":true}]}}