{"id":16164,"date":"2023-09-22T13:56:56","date_gmt":"2023-09-22T11:56:56","guid":{"rendered":"https:\/\/www.gruporecoletas.com\/noticias\/?p=16164"},"modified":"2023-09-22T13:56:57","modified_gmt":"2023-09-22T11:56:57","slug":"el-hospital-recoletas-palencia-participa-en-el-iv-congreso-autonomico-de-castilla-y-leon-para-pacientes-con-cancer-y-familiares","status":"publish","type":"post","link":"https:\/\/www.gruporecoletas.com\/noticias\/el-hospital-recoletas-palencia-participa-en-el-iv-congreso-autonomico-de-castilla-y-leon-para-pacientes-con-cancer-y-familiares\/","title":{"rendered":"El Hospital Recoletas Palencia participa en el IV Congreso Auton\u00f3mico de Castilla y Le\u00f3n para pacientes con c\u00e1ncer y familiares"},"content":{"rendered":"\n<p>El Hospital Recoletas Palencia participa en el IV Congreso Auton\u00f3mico de Castilla y Le\u00f3n para pacientes con c\u00e1ncer y familiares<strong> <\/strong>que se celebra los d\u00edas 22 y 23 de septiembre del 2023 en Palencia. Bajo el lema \u201cCentrados en la Investigaci\u00f3n\u201d la Junta Provincial de Palencia de la <strong>Asociaci\u00f3n Espa\u00f1ola Contra el C\u00e1ncer<\/strong>, por encomienda del resto de las juntas provinciales de la comunidad de Castilla y Le\u00f3n, ha organizado este Congreso con la finalidad de reunir <strong>a la sociedad en torno al paciente de c\u00e1ncer<\/strong><strong>.<\/strong><\/p>\n\n\n\n<p>Y Recoletas Palencia estar\u00e1 presente apoyando este encuentro en el que los pacientes de c\u00e1ncer y sus familias ser\u00e1n los protagonistas, compartiendo sus vivencias y el papel de las familias. Lo har\u00e1n junto a expertos profesionales tanto del \u00e1mbito sanitario, como de la investigaci\u00f3n, la \u00e9tica y la comunicaci\u00f3n.<\/p>\n\n\n\n<p>Por ello, la gerente de Recoletas Palencia, Bel\u00e9n Negro, la directora m\u00e9dica del Hospital Recoletas Palencia, Dra. Martha Rosario, y el Dr. Louredo M\u00e9ndez, especialista en cirug\u00eda general y del aparato digestivo, han querido acercarse hasta el Auditorio del Conservatorio profesional de m\u00fasica de la ciudad de <strong>Palencia donde se est\u00e1 desarrollando el Congreso para reforzar la presencia p\u00fablica y el apoyo de Recoletas Red Hospitalaria en el proceso oncol\u00f3gico centrado en el paciente.<\/strong><\/p>\n","protected":false},"excerpt":{"rendered":"<p>El Hospital Recoletas Palencia participa en el IV Congreso Auton\u00f3mico de Castilla y Le\u00f3n para pacientes con c\u00e1ncer y familiares que se celebra los d\u00edas 22 y 23 de septiembre del 2023 en Palencia. Bajo el lema \u201cCentrados en la Investigaci\u00f3n\u201d la Junta Provincial de Palencia de la Asociaci\u00f3n Espa\u00f1ola Contra el C\u00e1ncer, por encomienda [&hellip;]<\/p>\n","protected":false},"author":2,"featured_media":16172,"comment_status":"closed","ping_status":"closed","sticky":false,"template":"","format":"standard","meta":{"_acf_changed":false,"footnotes":""},"categories":[43,1,11],"tags":[674,840,1682,3375],"class_list":["post-16164","post","type-post","status-publish","format-standard","has-post-thumbnail","hentry","category-centros","category-grupo-recoletas","category-palencia","tag-cancer","tag-congreso","tag-oncologia","tag-pacientes"],"acf":[],"yoast_head":"<!-- This site is optimized with the Yoast SEO Premium plugin v27.3 (Yoast SEO v27.3) - https:\/\/yoast.com\/product\/yoast-seo-premium-wordpress\/ -->\n<title>El Hospital Recoletas Palencia participa en el IV Congreso Auton\u00f3mico de Castilla y Le\u00f3n para pacientes con c\u00e1ncer y familiares - Noticias Grupo Recoletas<\/title>\n<meta name=\"description\" content=\"Bajo el lema \u201cCentrados en la Investigaci\u00f3n\u201d, los pacientes de c\u00e1ncer y sus familias compartir\u00e1n vivencias durante los d\u00edas 22 y 23 de septiembre\" \/>\n<meta name=\"robots\" content=\"index, follow, max-snippet:-1, max-image-preview:large, max-video-preview:-1\" \/>\n<link rel=\"canonical\" href=\"https:\/\/www.gruporecoletas.com\/noticias\/el-hospital-recoletas-palencia-participa-en-el-iv-congreso-autonomico-de-castilla-y-leon-para-pacientes-con-cancer-y-familiares\/\" \/>\n<meta property=\"og:locale\" content=\"es_ES\" \/>\n<meta property=\"og:type\" content=\"article\" \/>\n<meta property=\"og:title\" content=\"El Hospital Recoletas Palencia participa en el IV Congreso Auton\u00f3mico de Castilla y Le\u00f3n para pacientes con c\u00e1ncer y familiares\" \/>\n<meta property=\"og:description\" content=\"Bajo el lema \u201cCentrados en la Investigaci\u00f3n\u201d, los pacientes de c\u00e1ncer y sus familias compartir\u00e1n vivencias durante los d\u00edas 22 y 23 de septiembre\" \/>\n<meta property=\"og:url\" content=\"https:\/\/www.gruporecoletas.com\/noticias\/el-hospital-recoletas-palencia-participa-en-el-iv-congreso-autonomico-de-castilla-y-leon-para-pacientes-con-cancer-y-familiares\/\" \/>\n<meta property=\"og:site_name\" content=\"Noticias Grupo Recoletas\" \/>\n<meta property=\"article:publisher\" content=\"https:\/\/www.facebook.com\/GrupoRecoletas\/\" \/>\n<meta property=\"article:published_time\" content=\"2023-09-22T11:56:56+00:00\" \/>\n<meta property=\"article:modified_time\" content=\"2023-09-22T11:56:57+00:00\" \/>\n<meta property=\"og:image\" content=\"https:\/\/www.gruporecoletas.com\/noticias\/wp-content\/uploads\/2023\/09\/CONGRESO-PACIENTES-HRPAL-WEB.png\" \/>\n\t<meta property=\"og:image:width\" content=\"1366\" \/>\n\t<meta property=\"og:image:height\" content=\"768\" \/>\n\t<meta property=\"og:image:type\" content=\"image\/png\" \/>\n<meta name=\"author\" content=\"Recoletas Red Hospitalaria\" \/>\n<meta name=\"twitter:card\" content=\"summary_large_image\" \/>\n<meta name=\"twitter:creator\" content=\"@GrupoRecoletas\" \/>\n<meta name=\"twitter:site\" content=\"@GrupoRecoletas\" \/>\n<meta name=\"twitter:label1\" content=\"Escrito por\" \/>\n\t<meta name=\"twitter:data1\" content=\"Recoletas Red Hospitalaria\" \/>\n\t<meta name=\"twitter:label2\" content=\"Tiempo de lectura\" \/>\n\t<meta name=\"twitter:data2\" content=\"1 minuto\" \/>\n<script type=\"application\/ld+json\" class=\"yoast-schema-graph\">{\"@context\":\"https:\\\/\\\/schema.org\",\"@graph\":[{\"@type\":\"Article\",\"@id\":\"https:\\\/\\\/www.gruporecoletas.com\\\/noticias\\\/el-hospital-recoletas-palencia-participa-en-el-iv-congreso-autonomico-de-castilla-y-leon-para-pacientes-con-cancer-y-familiares\\\/#article\",\"isPartOf\":{\"@id\":\"https:\\\/\\\/www.gruporecoletas.com\\\/noticias\\\/el-hospital-recoletas-palencia-participa-en-el-iv-congreso-autonomico-de-castilla-y-leon-para-pacientes-con-cancer-y-familiares\\\/\"},\"author\":{\"name\":\"Recoletas Red Hospitalaria\",\"@id\":\"https:\\\/\\\/www.gruporecoletas.com\\\/noticias\\\/#\\\/schema\\\/person\\\/3c6ac429828d1f5e3d3bd99f4da9b02c\"},\"headline\":\"El Hospital Recoletas Palencia participa en el IV Congreso Auton\u00f3mico de Castilla y Le\u00f3n para pacientes con c\u00e1ncer y familiares\",\"datePublished\":\"2023-09-22T11:56:56+00:00\",\"dateModified\":\"2023-09-22T11:56:57+00:00\",\"mainEntityOfPage\":{\"@id\":\"https:\\\/\\\/www.gruporecoletas.com\\\/noticias\\\/el-hospital-recoletas-palencia-participa-en-el-iv-congreso-autonomico-de-castilla-y-leon-para-pacientes-con-cancer-y-familiares\\\/\"},\"wordCount\":251,\"image\":{\"@id\":\"https:\\\/\\\/www.gruporecoletas.com\\\/noticias\\\/el-hospital-recoletas-palencia-participa-en-el-iv-congreso-autonomico-de-castilla-y-leon-para-pacientes-con-cancer-y-familiares\\\/#primaryimage\"},\"thumbnailUrl\":\"https:\\\/\\\/www.gruporecoletas.com\\\/noticias\\\/wp-content\\\/uploads\\\/2023\\\/09\\\/CONGRESO-PACIENTES-HRPAL-WEB.png\",\"keywords\":[\"C\u00e1ncer\",\"congreso\",\"Oncolog\u00eda\",\"Pacientes\"],\"articleSection\":[\"Centros\",\"Grupo Recoletas\",\"Palencia\"],\"inLanguage\":\"es\"},{\"@type\":\"WebPage\",\"@id\":\"https:\\\/\\\/www.gruporecoletas.com\\\/noticias\\\/el-hospital-recoletas-palencia-participa-en-el-iv-congreso-autonomico-de-castilla-y-leon-para-pacientes-con-cancer-y-familiares\\\/\",\"url\":\"https:\\\/\\\/www.gruporecoletas.com\\\/noticias\\\/el-hospital-recoletas-palencia-participa-en-el-iv-congreso-autonomico-de-castilla-y-leon-para-pacientes-con-cancer-y-familiares\\\/\",\"name\":\"El Hospital Recoletas Palencia participa en el IV Congreso Auton\u00f3mico de Castilla y Le\u00f3n para pacientes con c\u00e1ncer y familiares - Noticias Grupo Recoletas\",\"isPartOf\":{\"@id\":\"https:\\\/\\\/www.gruporecoletas.com\\\/noticias\\\/#website\"},\"primaryImageOfPage\":{\"@id\":\"https:\\\/\\\/www.gruporecoletas.com\\\/noticias\\\/el-hospital-recoletas-palencia-participa-en-el-iv-congreso-autonomico-de-castilla-y-leon-para-pacientes-con-cancer-y-familiares\\\/#primaryimage\"},\"image\":{\"@id\":\"https:\\\/\\\/www.gruporecoletas.com\\\/noticias\\\/el-hospital-recoletas-palencia-participa-en-el-iv-congreso-autonomico-de-castilla-y-leon-para-pacientes-con-cancer-y-familiares\\\/#primaryimage\"},\"thumbnailUrl\":\"https:\\\/\\\/www.gruporecoletas.com\\\/noticias\\\/wp-content\\\/uploads\\\/2023\\\/09\\\/CONGRESO-PACIENTES-HRPAL-WEB.png\",\"datePublished\":\"2023-09-22T11:56:56+00:00\",\"dateModified\":\"2023-09-22T11:56:57+00:00\",\"author\":{\"@id\":\"https:\\\/\\\/www.gruporecoletas.com\\\/noticias\\\/#\\\/schema\\\/person\\\/3c6ac429828d1f5e3d3bd99f4da9b02c\"},\"description\":\"Bajo el lema \u201cCentrados en la Investigaci\u00f3n\u201d, los pacientes de c\u00e1ncer y sus familias compartir\u00e1n vivencias durante los d\u00edas 22 y 23 de septiembre\",\"breadcrumb\":{\"@id\":\"https:\\\/\\\/www.gruporecoletas.com\\\/noticias\\\/el-hospital-recoletas-palencia-participa-en-el-iv-congreso-autonomico-de-castilla-y-leon-para-pacientes-con-cancer-y-familiares\\\/#breadcrumb\"},\"inLanguage\":\"es\",\"potentialAction\":[{\"@type\":\"ReadAction\",\"target\":[\"https:\\\/\\\/www.gruporecoletas.com\\\/noticias\\\/el-hospital-recoletas-palencia-participa-en-el-iv-congreso-autonomico-de-castilla-y-leon-para-pacientes-con-cancer-y-familiares\\\/\"]}]},{\"@type\":\"ImageObject\",\"inLanguage\":\"es\",\"@id\":\"https:\\\/\\\/www.gruporecoletas.com\\\/noticias\\\/el-hospital-recoletas-palencia-participa-en-el-iv-congreso-autonomico-de-castilla-y-leon-para-pacientes-con-cancer-y-familiares\\\/#primaryimage\",\"url\":\"https:\\\/\\\/www.gruporecoletas.com\\\/noticias\\\/wp-content\\\/uploads\\\/2023\\\/09\\\/CONGRESO-PACIENTES-HRPAL-WEB.png\",\"contentUrl\":\"https:\\\/\\\/www.gruporecoletas.com\\\/noticias\\\/wp-content\\\/uploads\\\/2023\\\/09\\\/CONGRESO-PACIENTES-HRPAL-WEB.png\",\"width\":1366,\"height\":768,\"caption\":\"El Hospital Recoletas Palencia participa en el IV Congreso Auton\u00f3mico de Castilla y Le\u00f3n para pacientes con c\u00e1ncer y familiares\"},{\"@type\":\"BreadcrumbList\",\"@id\":\"https:\\\/\\\/www.gruporecoletas.com\\\/noticias\\\/el-hospital-recoletas-palencia-participa-en-el-iv-congreso-autonomico-de-castilla-y-leon-para-pacientes-con-cancer-y-familiares\\\/#breadcrumb\",\"itemListElement\":[{\"@type\":\"ListItem\",\"position\":1,\"name\":\"Portada\",\"item\":\"https:\\\/\\\/www.gruporecoletas.com\\\/noticias\\\/\"},{\"@type\":\"ListItem\",\"position\":2,\"name\":\"El Hospital Recoletas Palencia participa en el IV Congreso Auton\u00f3mico de Castilla y Le\u00f3n para pacientes con c\u00e1ncer y familiares\"}]},{\"@type\":\"WebSite\",\"@id\":\"https:\\\/\\\/www.gruporecoletas.com\\\/noticias\\\/#website\",\"url\":\"https:\\\/\\\/www.gruporecoletas.com\\\/noticias\\\/\",\"name\":\"Noticias Grupo Recoletas\",\"description\":\"Grupo Recoletas\",\"potentialAction\":[{\"@type\":\"SearchAction\",\"target\":{\"@type\":\"EntryPoint\",\"urlTemplate\":\"https:\\\/\\\/www.gruporecoletas.com\\\/noticias\\\/?s={search_term_string}\"},\"query-input\":{\"@type\":\"PropertyValueSpecification\",\"valueRequired\":true,\"valueName\":\"search_term_string\"}}],\"inLanguage\":\"es\"},{\"@type\":\"Person\",\"@id\":\"https:\\\/\\\/www.gruporecoletas.com\\\/noticias\\\/#\\\/schema\\\/person\\\/3c6ac429828d1f5e3d3bd99f4da9b02c\",\"name\":\"Recoletas Red Hospitalaria\",\"url\":\"https:\\\/\\\/www.gruporecoletas.com\\\/noticias\\\/author\\\/comunicacion\\\/\"}]}<\/script>\n<!-- \/ Yoast SEO Premium plugin. -->","yoast_head_json":{"title":"El Hospital Recoletas Palencia participa en el IV Congreso Auton\u00f3mico de Castilla y Le\u00f3n para pacientes con c\u00e1ncer y familiares - Noticias Grupo Recoletas","description":"Bajo el lema \u201cCentrados en la Investigaci\u00f3n\u201d, los pacientes de c\u00e1ncer y sus familias compartir\u00e1n vivencias durante los d\u00edas 22 y 23 de septiembre","robots":{"index":"index","follow":"follow","max-snippet":"max-snippet:-1","max-image-preview":"max-image-preview:large","max-video-preview":"max-video-preview:-1"},"canonical":"https:\/\/www.gruporecoletas.com\/noticias\/el-hospital-recoletas-palencia-participa-en-el-iv-congreso-autonomico-de-castilla-y-leon-para-pacientes-con-cancer-y-familiares\/","og_locale":"es_ES","og_type":"article","og_title":"El Hospital Recoletas Palencia participa en el IV Congreso Auton\u00f3mico de Castilla y Le\u00f3n para pacientes con c\u00e1ncer y familiares","og_description":"Bajo el lema \u201cCentrados en la Investigaci\u00f3n\u201d, los pacientes de c\u00e1ncer y sus familias compartir\u00e1n vivencias durante los d\u00edas 22 y 23 de septiembre","og_url":"https:\/\/www.gruporecoletas.com\/noticias\/el-hospital-recoletas-palencia-participa-en-el-iv-congreso-autonomico-de-castilla-y-leon-para-pacientes-con-cancer-y-familiares\/","og_site_name":"Noticias Grupo Recoletas","article_publisher":"https:\/\/www.facebook.com\/GrupoRecoletas\/","article_published_time":"2023-09-22T11:56:56+00:00","article_modified_time":"2023-09-22T11:56:57+00:00","og_image":[{"width":1366,"height":768,"url":"https:\/\/www.gruporecoletas.com\/noticias\/wp-content\/uploads\/2023\/09\/CONGRESO-PACIENTES-HRPAL-WEB.png","type":"image\/png"}],"author":"Recoletas Red Hospitalaria","twitter_card":"summary_large_image","twitter_creator":"@GrupoRecoletas","twitter_site":"@GrupoRecoletas","twitter_misc":{"Escrito por":"Recoletas Red Hospitalaria","Tiempo de lectura":"1 minuto"},"schema":{"@context":"https:\/\/schema.org","@graph":[{"@type":"Article","@id":"https:\/\/www.gruporecoletas.com\/noticias\/el-hospital-recoletas-palencia-participa-en-el-iv-congreso-autonomico-de-castilla-y-leon-para-pacientes-con-cancer-y-familiares\/#article","isPartOf":{"@id":"https:\/\/www.gruporecoletas.com\/noticias\/el-hospital-recoletas-palencia-participa-en-el-iv-congreso-autonomico-de-castilla-y-leon-para-pacientes-con-cancer-y-familiares\/"},"author":{"name":"Recoletas Red Hospitalaria","@id":"https:\/\/www.gruporecoletas.com\/noticias\/#\/schema\/person\/3c6ac429828d1f5e3d3bd99f4da9b02c"},"headline":"El Hospital Recoletas Palencia participa en el IV Congreso Auton\u00f3mico de Castilla y Le\u00f3n para pacientes con c\u00e1ncer y familiares","datePublished":"2023-09-22T11:56:56+00:00","dateModified":"2023-09-22T11:56:57+00:00","mainEntityOfPage":{"@id":"https:\/\/www.gruporecoletas.com\/noticias\/el-hospital-recoletas-palencia-participa-en-el-iv-congreso-autonomico-de-castilla-y-leon-para-pacientes-con-cancer-y-familiares\/"},"wordCount":251,"image":{"@id":"https:\/\/www.gruporecoletas.com\/noticias\/el-hospital-recoletas-palencia-participa-en-el-iv-congreso-autonomico-de-castilla-y-leon-para-pacientes-con-cancer-y-familiares\/#primaryimage"},"thumbnailUrl":"https:\/\/www.gruporecoletas.com\/noticias\/wp-content\/uploads\/2023\/09\/CONGRESO-PACIENTES-HRPAL-WEB.png","keywords":["C\u00e1ncer","congreso","Oncolog\u00eda","Pacientes"],"articleSection":["Centros","Grupo Recoletas","Palencia"],"inLanguage":"es"},{"@type":"WebPage","@id":"https:\/\/www.gruporecoletas.com\/noticias\/el-hospital-recoletas-palencia-participa-en-el-iv-congreso-autonomico-de-castilla-y-leon-para-pacientes-con-cancer-y-familiares\/","url":"https:\/\/www.gruporecoletas.com\/noticias\/el-hospital-recoletas-palencia-participa-en-el-iv-congreso-autonomico-de-castilla-y-leon-para-pacientes-con-cancer-y-familiares\/","name":"El Hospital Recoletas Palencia participa en el IV Congreso Auton\u00f3mico de Castilla y Le\u00f3n para pacientes con c\u00e1ncer y familiares - Noticias Grupo Recoletas","isPartOf":{"@id":"https:\/\/www.gruporecoletas.com\/noticias\/#website"},"primaryImageOfPage":{"@id":"https:\/\/www.gruporecoletas.com\/noticias\/el-hospital-recoletas-palencia-participa-en-el-iv-congreso-autonomico-de-castilla-y-leon-para-pacientes-con-cancer-y-familiares\/#primaryimage"},"image":{"@id":"https:\/\/www.gruporecoletas.com\/noticias\/el-hospital-recoletas-palencia-participa-en-el-iv-congreso-autonomico-de-castilla-y-leon-para-pacientes-con-cancer-y-familiares\/#primaryimage"},"thumbnailUrl":"https:\/\/www.gruporecoletas.com\/noticias\/wp-content\/uploads\/2023\/09\/CONGRESO-PACIENTES-HRPAL-WEB.png","datePublished":"2023-09-22T11:56:56+00:00","dateModified":"2023-09-22T11:56:57+00:00","author":{"@id":"https:\/\/www.gruporecoletas.com\/noticias\/#\/schema\/person\/3c6ac429828d1f5e3d3bd99f4da9b02c"},"description":"Bajo el lema \u201cCentrados en la Investigaci\u00f3n\u201d, los pacientes de c\u00e1ncer y sus familias compartir\u00e1n vivencias durante los d\u00edas 22 y 23 de septiembre","breadcrumb":{"@id":"https:\/\/www.gruporecoletas.com\/noticias\/el-hospital-recoletas-palencia-participa-en-el-iv-congreso-autonomico-de-castilla-y-leon-para-pacientes-con-cancer-y-familiares\/#breadcrumb"},"inLanguage":"es","potentialAction":[{"@type":"ReadAction","target":["https:\/\/www.gruporecoletas.com\/noticias\/el-hospital-recoletas-palencia-participa-en-el-iv-congreso-autonomico-de-castilla-y-leon-para-pacientes-con-cancer-y-familiares\/"]}]},{"@type":"ImageObject","inLanguage":"es","@id":"https:\/\/www.gruporecoletas.com\/noticias\/el-hospital-recoletas-palencia-participa-en-el-iv-congreso-autonomico-de-castilla-y-leon-para-pacientes-con-cancer-y-familiares\/#primaryimage","url":"https:\/\/www.gruporecoletas.com\/noticias\/wp-content\/uploads\/2023\/09\/CONGRESO-PACIENTES-HRPAL-WEB.png","contentUrl":"https:\/\/www.gruporecoletas.com\/noticias\/wp-content\/uploads\/2023\/09\/CONGRESO-PACIENTES-HRPAL-WEB.png","width":1366,"height":768,"caption":"El Hospital Recoletas Palencia participa en el IV Congreso Auton\u00f3mico de Castilla y Le\u00f3n para pacientes con c\u00e1ncer y familiares"},{"@type":"BreadcrumbList","@id":"https:\/\/www.gruporecoletas.com\/noticias\/el-hospital-recoletas-palencia-participa-en-el-iv-congreso-autonomico-de-castilla-y-leon-para-pacientes-con-cancer-y-familiares\/#breadcrumb","itemListElement":[{"@type":"ListItem","position":1,"name":"Portada","item":"https:\/\/www.gruporecoletas.com\/noticias\/"},{"@type":"ListItem","position":2,"name":"El Hospital Recoletas Palencia participa en el IV Congreso Auton\u00f3mico de Castilla y Le\u00f3n para pacientes con c\u00e1ncer y familiares"}]},{"@type":"WebSite","@id":"https:\/\/www.gruporecoletas.com\/noticias\/#website","url":"https:\/\/www.gruporecoletas.com\/noticias\/","name":"Noticias Grupo Recoletas","description":"Grupo Recoletas","potentialAction":[{"@type":"SearchAction","target":{"@type":"EntryPoint","urlTemplate":"https:\/\/www.gruporecoletas.com\/noticias\/?s={search_term_string}"},"query-input":{"@type":"PropertyValueSpecification","valueRequired":true,"valueName":"search_term_string"}}],"inLanguage":"es"},{"@type":"Person","@id":"https:\/\/www.gruporecoletas.com\/noticias\/#\/schema\/person\/3c6ac429828d1f5e3d3bd99f4da9b02c","name":"Recoletas Red Hospitalaria","url":"https:\/\/www.gruporecoletas.com\/noticias\/author\/comunicacion\/"}]}},"_links":{"self":[{"href":"https:\/\/www.gruporecoletas.com\/noticias\/wp-json\/wp\/v2\/posts\/16164","targetHints":{"allow":["GET"]}}],"collection":[{"href":"https:\/\/www.gruporecoletas.com\/noticias\/wp-json\/wp\/v2\/posts"}],"about":[{"href":"https:\/\/www.gruporecoletas.com\/noticias\/wp-json\/wp\/v2\/types\/post"}],"author":[{"embeddable":true,"href":"https:\/\/www.gruporecoletas.com\/noticias\/wp-json\/wp\/v2\/users\/2"}],"replies":[{"embeddable":true,"href":"https:\/\/www.gruporecoletas.com\/noticias\/wp-json\/wp\/v2\/comments?post=16164"}],"version-history":[{"count":2,"href":"https:\/\/www.gruporecoletas.com\/noticias\/wp-json\/wp\/v2\/posts\/16164\/revisions"}],"predecessor-version":[{"id":16173,"href":"https:\/\/www.gruporecoletas.com\/noticias\/wp-json\/wp\/v2\/posts\/16164\/revisions\/16173"}],"wp:featuredmedia":[{"embeddable":true,"href":"https:\/\/www.gruporecoletas.com\/noticias\/wp-json\/wp\/v2\/media\/16172"}],"wp:attachment":[{"href":"https:\/\/www.gruporecoletas.com\/noticias\/wp-json\/wp\/v2\/media?parent=16164"}],"wp:term":[{"taxonomy":"category","embeddable":true,"href":"https:\/\/www.gruporecoletas.com\/noticias\/wp-json\/wp\/v2\/categories?post=16164"},{"taxonomy":"post_tag","embeddable":true,"href":"https:\/\/www.gruporecoletas.com\/noticias\/wp-json\/wp\/v2\/tags?post=16164"}],"curies":[{"name":"wp","href":"https:\/\/api.w.org\/{rel}","templated":true}]}}