{"id":16193,"date":"2023-10-05T12:23:30","date_gmt":"2023-10-05T10:23:30","guid":{"rendered":"https:\/\/www.gruporecoletas.com\/noticias\/?p=16193"},"modified":"2023-10-05T12:23:32","modified_gmt":"2023-10-05T10:23:32","slug":"recoletas-continua-con-su-plan-de-desarrollo-nacional-y-sostenible","status":"publish","type":"post","link":"https:\/\/www.gruporecoletas.com\/noticias\/recoletas-continua-con-su-plan-de-desarrollo-nacional-y-sostenible\/","title":{"rendered":"Recoletas contin\u00faa con su plan de desarrollo nacional y sostenible"},"content":{"rendered":"\n<p>Recoletas Salud ha obtenido financiaci\u00f3n de <a>Goldman Sachs Asset Management<\/a>, Alpha Wave Private Credit, Tresmares, e ING por un importe que asciende a <strong>270 millones de euros<\/strong>, que Recoletas dedicar\u00e1 a continuar con su <strong>estrategia de crecimiento mediante la mejora continua de los centros existentes<\/strong>, as\u00ed como de nuevas aperturas y la ejecuci\u00f3n de nuevas adquisiciones.<\/p>\n\n\n\n<p>Asimismo, Recoletas, de acuerdo con su estrategia de calidad asistencial, seguir\u00e1 <strong>manteniendo e incrementando el nivel de inversiones<\/strong> que permitan ofrecer la mejor tecnolog\u00eda y oferta sanitaria a los pacientes en todas sus \u00e1reas de actuaci\u00f3n.<\/p>\n\n\n\n<p>La operaci\u00f3n se ha estructurado bajo un cr\u00e9dito sindicado que asume la incorporaci\u00f3n de criterios de sostenibilidad en la financiaci\u00f3n.<\/p>\n\n\n\n<p>En opini\u00f3n del presidente de Recoletas Salud, Amando Rodr\u00edguez, la actuaci\u00f3n suscrita supone un paso m\u00e1s en el desarrollo de la compa\u00f1\u00eda a nivel nacional, siempre en la <strong>b\u00fasqueda de la excelencia asistencial y la cobertura de las nuevas demandas de la sociedad<\/strong>.<\/p>\n\n\n\n<p><em>\u201cContinuamos consolidando e impulsando nuestro proyecto. Un proyecto \u00fanico, fundamentado en la mejora continua de la<strong> atenci\u00f3n a los pacientes, el desarrollo y la integraci\u00f3n de los profesionales y la apuesta por la tecnolog\u00eda m\u00e9dica m\u00e1s avanzada<\/strong>\u201d<\/em>, destac\u00f3 Rodr\u00edguez al t\u00e9rmino de la firma de la operaci\u00f3n.<\/p>\n\n\n\n<p>Por parte de Goldman Sachs Asset Management, Sarah Madore, Executive Director en Private Credit, ha comentado: \u201c<em>Estamos <strong>muy contentos de renovar nuestro compromiso con Recoletas Salud<\/strong>, apoyando una actividad sanitaria de alta calidad en Espa\u00f1a, respaldando los planes de crecimiento de la Direcci\u00f3n de los pr\u00f3ximos a\u00f1os.<\/em>\u201d<\/p>\n\n\n\n<p>Por su parte, Carles Pol, Managing Director de Alpha Wave Private Credit ha comentado<em>: \u201cEstamos encantados de apoyar a Amando Rodr\u00edguez y a todo el equipo de Recoletas Salud en la siguiente fase de crecimiento de la compa\u00f1\u00eda. Nuestra <strong>segunda transacci\u00f3n en Europa<\/strong> demuestra nuestra capacidad para apoyar a grandes empresas familiares con capital flexible.\u201d<\/em><\/p>\n\n\n\n<p>Desde Tresmares, Borja G\u00f3mez-Zubeldia, socio de Direct Lending, resalt\u00f3 que <em>\u201cEstamos tremendamente ilusionados por poder acompa\u00f1ar a Recoletas Salud en su plan de inversi\u00f3n enfocado en ofrecer una sanidad de alta calidad. <strong>Recoletas es una empresa de muy alto crecimiento<\/strong>, que encaja a la perfecci\u00f3n en nuestra tesis de inversi\u00f3n.<\/em>\u201d<\/p>\n\n\n\n<p>Finalmente, Carlos Garc\u00eda Peredo, Director General de ING a\u00f1adi\u00f3 que <em>\u201cRecoletas es una <strong>referencia en el desarrollo de la salud y bienestar en Espa\u00f1a<\/strong>. Es una gran satisfacci\u00f3n contribuir a sus planes de crecimiento en un sector estrat\u00e9gico para ING\u201d.<\/em><\/p>\n\n\n\n<p><strong><u>Recoletas Salud<\/u><\/strong><\/p>\n\n\n\n<p>Recoletas Salud con una trayectoria de 35 a\u00f1os en el sector de sanidad, es una empresa familiar, de socio \u00fanico, que cuenta con hospitales en Valladolid, Burgos, Palencia, Segovia, Zamora, Ponferrada, Cuenca y Orense, ciudades a las que muy pronto se sumar\u00e1n Salamanca y Aranda de Duero; as\u00ed como m\u00e1s de una veintena de Centros M\u00e9dicos y numerosos centros de Diagn\u00f3stico por Imagen, tres de ellos en la ciudad de Santander.<\/p>\n\n\n\n<p>Bajo la l\u00ednea de actividad \u201cVida Recoletas\u201d gestiona cl\u00ednicas de Medicina Reproductiva en Valladolid y Zamora y pr\u00f3ximamente tambi\u00e9n en Sevilla, Murcia y Zaragoza.<\/p>\n\n\n\n<p>La oferta sanitaria incluye adem\u00e1s varios institutos m\u00e9dicos especializados: Instituto Cardiovascular, Instituto de Cirug\u00eda Rob\u00f3tica, Instituto Neuro Vertebral, Instituto Oncol\u00f3gico y Radioter\u00e1pico, Instituto Oftalmol\u00f3gico, Instituto de Otorrinolaringolog\u00eda, Instituto de Salud Digestiva e Instituto Urol\u00f3gico.<\/p>\n\n\n\n<p>Hoy la empresa cuenta con una plantilla de alrededor de 3.000 personas y sus hospitales disponen del equipamiento tecnol\u00f3gico m\u00e9dico m\u00e1s avanzado: tres robots Da Vinci, cuatro aceleradores lineales de \u00faltima generaci\u00f3n, PET TAC, Mako, Neuronavegador Curve, Embryoscope Plus, equipos de Diagn\u00f3stico Gen\u00e9tico Preimplantacional, o de vitrificaci\u00f3n de \u00f3vulos.<\/p>\n\n\n\n<p>Todo ello junto a unos servicios m\u00e9dicos integrados de alta calidad y un sistema de gesti\u00f3n muy especializado y adaptado a cada plaza y servicio consolidan a Recoletas Salud como un referente del sector sanitario privado espa\u00f1ol.<\/p>\n","protected":false},"excerpt":{"rendered":"<p>Recoletas Salud ha obtenido financiaci\u00f3n de Goldman Sachs Asset Management, Alpha Wave Private Credit, Tresmares, e ING por un importe que asciende a 270 millones de euros, que Recoletas dedicar\u00e1 a continuar con su estrategia de crecimiento mediante la mejora continua de los centros existentes, as\u00ed como de nuevas aperturas y la ejecuci\u00f3n de nuevas [&hellip;]<\/p>\n","protected":false},"author":2,"featured_media":16194,"comment_status":"closed","ping_status":"closed","sticky":false,"template":"","format":"standard","meta":{"_acf_changed":false,"footnotes":""},"categories":[1],"tags":[],"class_list":["post-16193","post","type-post","status-publish","format-standard","has-post-thumbnail","hentry","category-grupo-recoletas"],"acf":[],"yoast_head":"<!-- This site is optimized with the Yoast SEO Premium plugin v27.3 (Yoast SEO v27.3) - https:\/\/yoast.com\/product\/yoast-seo-premium-wordpress\/ -->\n<title>Recoletas contin\u00faa con su plan de desarrollo nacional y sostenible - Noticias Grupo Recoletas<\/title>\n<meta name=\"robots\" content=\"index, follow, max-snippet:-1, max-image-preview:large, max-video-preview:-1\" \/>\n<link rel=\"canonical\" href=\"https:\/\/www.gruporecoletas.com\/noticias\/recoletas-continua-con-su-plan-de-desarrollo-nacional-y-sostenible\/\" \/>\n<meta property=\"og:locale\" content=\"es_ES\" \/>\n<meta property=\"og:type\" content=\"article\" \/>\n<meta property=\"og:title\" content=\"Recoletas contin\u00faa con su plan de desarrollo nacional y sostenible\" \/>\n<meta property=\"og:description\" content=\"Recoletas Salud ha obtenido financiaci\u00f3n de Goldman Sachs Asset Management, Alpha Wave Private Credit, Tresmares, e ING por un importe que asciende a 270 millones de euros, que Recoletas dedicar\u00e1 a continuar con su estrategia de crecimiento mediante la mejora continua de los centros existentes, as\u00ed como de nuevas aperturas y la ejecuci\u00f3n de nuevas [&hellip;]\" \/>\n<meta property=\"og:url\" content=\"https:\/\/www.gruporecoletas.com\/noticias\/recoletas-continua-con-su-plan-de-desarrollo-nacional-y-sostenible\/\" \/>\n<meta property=\"og:site_name\" content=\"Noticias Grupo Recoletas\" \/>\n<meta property=\"article:publisher\" content=\"https:\/\/www.facebook.com\/GrupoRecoletas\/\" \/>\n<meta property=\"article:published_time\" content=\"2023-10-05T10:23:30+00:00\" \/>\n<meta property=\"article:modified_time\" content=\"2023-10-05T10:23:32+00:00\" \/>\n<meta property=\"og:image\" content=\"https:\/\/www.gruporecoletas.com\/noticias\/wp-content\/uploads\/2023\/10\/recoletas-continua-plan-desarrollo-nacional-sostenible.jpg\" \/>\n\t<meta property=\"og:image:width\" content=\"1366\" \/>\n\t<meta property=\"og:image:height\" content=\"768\" \/>\n\t<meta property=\"og:image:type\" content=\"image\/jpeg\" \/>\n<meta name=\"author\" content=\"Recoletas Red Hospitalaria\" \/>\n<meta name=\"twitter:card\" content=\"summary_large_image\" \/>\n<meta name=\"twitter:creator\" content=\"@GrupoRecoletas\" \/>\n<meta name=\"twitter:site\" content=\"@GrupoRecoletas\" \/>\n<meta name=\"twitter:label1\" content=\"Escrito por\" \/>\n\t<meta name=\"twitter:data1\" content=\"Recoletas Red Hospitalaria\" \/>\n\t<meta name=\"twitter:label2\" content=\"Tiempo de lectura\" \/>\n\t<meta name=\"twitter:data2\" content=\"3 minutos\" \/>\n<script type=\"application\/ld+json\" class=\"yoast-schema-graph\">{\"@context\":\"https:\\\/\\\/schema.org\",\"@graph\":[{\"@type\":\"Article\",\"@id\":\"https:\\\/\\\/www.gruporecoletas.com\\\/noticias\\\/recoletas-continua-con-su-plan-de-desarrollo-nacional-y-sostenible\\\/#article\",\"isPartOf\":{\"@id\":\"https:\\\/\\\/www.gruporecoletas.com\\\/noticias\\\/recoletas-continua-con-su-plan-de-desarrollo-nacional-y-sostenible\\\/\"},\"author\":{\"name\":\"Recoletas Red Hospitalaria\",\"@id\":\"https:\\\/\\\/www.gruporecoletas.com\\\/noticias\\\/#\\\/schema\\\/person\\\/3c6ac429828d1f5e3d3bd99f4da9b02c\"},\"headline\":\"Recoletas contin\u00faa con su plan de desarrollo nacional y sostenible\",\"datePublished\":\"2023-10-05T10:23:30+00:00\",\"dateModified\":\"2023-10-05T10:23:32+00:00\",\"mainEntityOfPage\":{\"@id\":\"https:\\\/\\\/www.gruporecoletas.com\\\/noticias\\\/recoletas-continua-con-su-plan-de-desarrollo-nacional-y-sostenible\\\/\"},\"wordCount\":686,\"image\":{\"@id\":\"https:\\\/\\\/www.gruporecoletas.com\\\/noticias\\\/recoletas-continua-con-su-plan-de-desarrollo-nacional-y-sostenible\\\/#primaryimage\"},\"thumbnailUrl\":\"https:\\\/\\\/www.gruporecoletas.com\\\/noticias\\\/wp-content\\\/uploads\\\/2023\\\/10\\\/recoletas-continua-plan-desarrollo-nacional-sostenible.jpg\",\"articleSection\":[\"Grupo Recoletas\"],\"inLanguage\":\"es\"},{\"@type\":\"WebPage\",\"@id\":\"https:\\\/\\\/www.gruporecoletas.com\\\/noticias\\\/recoletas-continua-con-su-plan-de-desarrollo-nacional-y-sostenible\\\/\",\"url\":\"https:\\\/\\\/www.gruporecoletas.com\\\/noticias\\\/recoletas-continua-con-su-plan-de-desarrollo-nacional-y-sostenible\\\/\",\"name\":\"Recoletas contin\u00faa con su plan de desarrollo nacional y sostenible - Noticias Grupo Recoletas\",\"isPartOf\":{\"@id\":\"https:\\\/\\\/www.gruporecoletas.com\\\/noticias\\\/#website\"},\"primaryImageOfPage\":{\"@id\":\"https:\\\/\\\/www.gruporecoletas.com\\\/noticias\\\/recoletas-continua-con-su-plan-de-desarrollo-nacional-y-sostenible\\\/#primaryimage\"},\"image\":{\"@id\":\"https:\\\/\\\/www.gruporecoletas.com\\\/noticias\\\/recoletas-continua-con-su-plan-de-desarrollo-nacional-y-sostenible\\\/#primaryimage\"},\"thumbnailUrl\":\"https:\\\/\\\/www.gruporecoletas.com\\\/noticias\\\/wp-content\\\/uploads\\\/2023\\\/10\\\/recoletas-continua-plan-desarrollo-nacional-sostenible.jpg\",\"datePublished\":\"2023-10-05T10:23:30+00:00\",\"dateModified\":\"2023-10-05T10:23:32+00:00\",\"author\":{\"@id\":\"https:\\\/\\\/www.gruporecoletas.com\\\/noticias\\\/#\\\/schema\\\/person\\\/3c6ac429828d1f5e3d3bd99f4da9b02c\"},\"breadcrumb\":{\"@id\":\"https:\\\/\\\/www.gruporecoletas.com\\\/noticias\\\/recoletas-continua-con-su-plan-de-desarrollo-nacional-y-sostenible\\\/#breadcrumb\"},\"inLanguage\":\"es\",\"potentialAction\":[{\"@type\":\"ReadAction\",\"target\":[\"https:\\\/\\\/www.gruporecoletas.com\\\/noticias\\\/recoletas-continua-con-su-plan-de-desarrollo-nacional-y-sostenible\\\/\"]}]},{\"@type\":\"ImageObject\",\"inLanguage\":\"es\",\"@id\":\"https:\\\/\\\/www.gruporecoletas.com\\\/noticias\\\/recoletas-continua-con-su-plan-de-desarrollo-nacional-y-sostenible\\\/#primaryimage\",\"url\":\"https:\\\/\\\/www.gruporecoletas.com\\\/noticias\\\/wp-content\\\/uploads\\\/2023\\\/10\\\/recoletas-continua-plan-desarrollo-nacional-sostenible.jpg\",\"contentUrl\":\"https:\\\/\\\/www.gruporecoletas.com\\\/noticias\\\/wp-content\\\/uploads\\\/2023\\\/10\\\/recoletas-continua-plan-desarrollo-nacional-sostenible.jpg\",\"width\":1366,\"height\":768},{\"@type\":\"BreadcrumbList\",\"@id\":\"https:\\\/\\\/www.gruporecoletas.com\\\/noticias\\\/recoletas-continua-con-su-plan-de-desarrollo-nacional-y-sostenible\\\/#breadcrumb\",\"itemListElement\":[{\"@type\":\"ListItem\",\"position\":1,\"name\":\"Portada\",\"item\":\"https:\\\/\\\/www.gruporecoletas.com\\\/noticias\\\/\"},{\"@type\":\"ListItem\",\"position\":2,\"name\":\"Recoletas contin\u00faa con su plan de desarrollo nacional y sostenible\"}]},{\"@type\":\"WebSite\",\"@id\":\"https:\\\/\\\/www.gruporecoletas.com\\\/noticias\\\/#website\",\"url\":\"https:\\\/\\\/www.gruporecoletas.com\\\/noticias\\\/\",\"name\":\"Noticias Grupo Recoletas\",\"description\":\"Grupo Recoletas\",\"potentialAction\":[{\"@type\":\"SearchAction\",\"target\":{\"@type\":\"EntryPoint\",\"urlTemplate\":\"https:\\\/\\\/www.gruporecoletas.com\\\/noticias\\\/?s={search_term_string}\"},\"query-input\":{\"@type\":\"PropertyValueSpecification\",\"valueRequired\":true,\"valueName\":\"search_term_string\"}}],\"inLanguage\":\"es\"},{\"@type\":\"Person\",\"@id\":\"https:\\\/\\\/www.gruporecoletas.com\\\/noticias\\\/#\\\/schema\\\/person\\\/3c6ac429828d1f5e3d3bd99f4da9b02c\",\"name\":\"Recoletas Red Hospitalaria\",\"url\":\"https:\\\/\\\/www.gruporecoletas.com\\\/noticias\\\/author\\\/comunicacion\\\/\"}]}<\/script>\n<!-- \/ Yoast SEO Premium plugin. -->","yoast_head_json":{"title":"Recoletas contin\u00faa con su plan de desarrollo nacional y sostenible - Noticias Grupo Recoletas","robots":{"index":"index","follow":"follow","max-snippet":"max-snippet:-1","max-image-preview":"max-image-preview:large","max-video-preview":"max-video-preview:-1"},"canonical":"https:\/\/www.gruporecoletas.com\/noticias\/recoletas-continua-con-su-plan-de-desarrollo-nacional-y-sostenible\/","og_locale":"es_ES","og_type":"article","og_title":"Recoletas contin\u00faa con su plan de desarrollo nacional y sostenible","og_description":"Recoletas Salud ha obtenido financiaci\u00f3n de Goldman Sachs Asset Management, Alpha Wave Private Credit, Tresmares, e ING por un importe que asciende a 270 millones de euros, que Recoletas dedicar\u00e1 a continuar con su estrategia de crecimiento mediante la mejora continua de los centros existentes, as\u00ed como de nuevas aperturas y la ejecuci\u00f3n de nuevas [&hellip;]","og_url":"https:\/\/www.gruporecoletas.com\/noticias\/recoletas-continua-con-su-plan-de-desarrollo-nacional-y-sostenible\/","og_site_name":"Noticias Grupo Recoletas","article_publisher":"https:\/\/www.facebook.com\/GrupoRecoletas\/","article_published_time":"2023-10-05T10:23:30+00:00","article_modified_time":"2023-10-05T10:23:32+00:00","og_image":[{"width":1366,"height":768,"url":"https:\/\/www.gruporecoletas.com\/noticias\/wp-content\/uploads\/2023\/10\/recoletas-continua-plan-desarrollo-nacional-sostenible.jpg","type":"image\/jpeg"}],"author":"Recoletas Red Hospitalaria","twitter_card":"summary_large_image","twitter_creator":"@GrupoRecoletas","twitter_site":"@GrupoRecoletas","twitter_misc":{"Escrito por":"Recoletas Red Hospitalaria","Tiempo de lectura":"3 minutos"},"schema":{"@context":"https:\/\/schema.org","@graph":[{"@type":"Article","@id":"https:\/\/www.gruporecoletas.com\/noticias\/recoletas-continua-con-su-plan-de-desarrollo-nacional-y-sostenible\/#article","isPartOf":{"@id":"https:\/\/www.gruporecoletas.com\/noticias\/recoletas-continua-con-su-plan-de-desarrollo-nacional-y-sostenible\/"},"author":{"name":"Recoletas Red Hospitalaria","@id":"https:\/\/www.gruporecoletas.com\/noticias\/#\/schema\/person\/3c6ac429828d1f5e3d3bd99f4da9b02c"},"headline":"Recoletas contin\u00faa con su plan de desarrollo nacional y sostenible","datePublished":"2023-10-05T10:23:30+00:00","dateModified":"2023-10-05T10:23:32+00:00","mainEntityOfPage":{"@id":"https:\/\/www.gruporecoletas.com\/noticias\/recoletas-continua-con-su-plan-de-desarrollo-nacional-y-sostenible\/"},"wordCount":686,"image":{"@id":"https:\/\/www.gruporecoletas.com\/noticias\/recoletas-continua-con-su-plan-de-desarrollo-nacional-y-sostenible\/#primaryimage"},"thumbnailUrl":"https:\/\/www.gruporecoletas.com\/noticias\/wp-content\/uploads\/2023\/10\/recoletas-continua-plan-desarrollo-nacional-sostenible.jpg","articleSection":["Grupo Recoletas"],"inLanguage":"es"},{"@type":"WebPage","@id":"https:\/\/www.gruporecoletas.com\/noticias\/recoletas-continua-con-su-plan-de-desarrollo-nacional-y-sostenible\/","url":"https:\/\/www.gruporecoletas.com\/noticias\/recoletas-continua-con-su-plan-de-desarrollo-nacional-y-sostenible\/","name":"Recoletas contin\u00faa con su plan de desarrollo nacional y sostenible - Noticias Grupo Recoletas","isPartOf":{"@id":"https:\/\/www.gruporecoletas.com\/noticias\/#website"},"primaryImageOfPage":{"@id":"https:\/\/www.gruporecoletas.com\/noticias\/recoletas-continua-con-su-plan-de-desarrollo-nacional-y-sostenible\/#primaryimage"},"image":{"@id":"https:\/\/www.gruporecoletas.com\/noticias\/recoletas-continua-con-su-plan-de-desarrollo-nacional-y-sostenible\/#primaryimage"},"thumbnailUrl":"https:\/\/www.gruporecoletas.com\/noticias\/wp-content\/uploads\/2023\/10\/recoletas-continua-plan-desarrollo-nacional-sostenible.jpg","datePublished":"2023-10-05T10:23:30+00:00","dateModified":"2023-10-05T10:23:32+00:00","author":{"@id":"https:\/\/www.gruporecoletas.com\/noticias\/#\/schema\/person\/3c6ac429828d1f5e3d3bd99f4da9b02c"},"breadcrumb":{"@id":"https:\/\/www.gruporecoletas.com\/noticias\/recoletas-continua-con-su-plan-de-desarrollo-nacional-y-sostenible\/#breadcrumb"},"inLanguage":"es","potentialAction":[{"@type":"ReadAction","target":["https:\/\/www.gruporecoletas.com\/noticias\/recoletas-continua-con-su-plan-de-desarrollo-nacional-y-sostenible\/"]}]},{"@type":"ImageObject","inLanguage":"es","@id":"https:\/\/www.gruporecoletas.com\/noticias\/recoletas-continua-con-su-plan-de-desarrollo-nacional-y-sostenible\/#primaryimage","url":"https:\/\/www.gruporecoletas.com\/noticias\/wp-content\/uploads\/2023\/10\/recoletas-continua-plan-desarrollo-nacional-sostenible.jpg","contentUrl":"https:\/\/www.gruporecoletas.com\/noticias\/wp-content\/uploads\/2023\/10\/recoletas-continua-plan-desarrollo-nacional-sostenible.jpg","width":1366,"height":768},{"@type":"BreadcrumbList","@id":"https:\/\/www.gruporecoletas.com\/noticias\/recoletas-continua-con-su-plan-de-desarrollo-nacional-y-sostenible\/#breadcrumb","itemListElement":[{"@type":"ListItem","position":1,"name":"Portada","item":"https:\/\/www.gruporecoletas.com\/noticias\/"},{"@type":"ListItem","position":2,"name":"Recoletas contin\u00faa con su plan de desarrollo nacional y sostenible"}]},{"@type":"WebSite","@id":"https:\/\/www.gruporecoletas.com\/noticias\/#website","url":"https:\/\/www.gruporecoletas.com\/noticias\/","name":"Noticias Grupo Recoletas","description":"Grupo Recoletas","potentialAction":[{"@type":"SearchAction","target":{"@type":"EntryPoint","urlTemplate":"https:\/\/www.gruporecoletas.com\/noticias\/?s={search_term_string}"},"query-input":{"@type":"PropertyValueSpecification","valueRequired":true,"valueName":"search_term_string"}}],"inLanguage":"es"},{"@type":"Person","@id":"https:\/\/www.gruporecoletas.com\/noticias\/#\/schema\/person\/3c6ac429828d1f5e3d3bd99f4da9b02c","name":"Recoletas Red Hospitalaria","url":"https:\/\/www.gruporecoletas.com\/noticias\/author\/comunicacion\/"}]}},"_links":{"self":[{"href":"https:\/\/www.gruporecoletas.com\/noticias\/wp-json\/wp\/v2\/posts\/16193","targetHints":{"allow":["GET"]}}],"collection":[{"href":"https:\/\/www.gruporecoletas.com\/noticias\/wp-json\/wp\/v2\/posts"}],"about":[{"href":"https:\/\/www.gruporecoletas.com\/noticias\/wp-json\/wp\/v2\/types\/post"}],"author":[{"embeddable":true,"href":"https:\/\/www.gruporecoletas.com\/noticias\/wp-json\/wp\/v2\/users\/2"}],"replies":[{"embeddable":true,"href":"https:\/\/www.gruporecoletas.com\/noticias\/wp-json\/wp\/v2\/comments?post=16193"}],"version-history":[{"count":1,"href":"https:\/\/www.gruporecoletas.com\/noticias\/wp-json\/wp\/v2\/posts\/16193\/revisions"}],"predecessor-version":[{"id":16195,"href":"https:\/\/www.gruporecoletas.com\/noticias\/wp-json\/wp\/v2\/posts\/16193\/revisions\/16195"}],"wp:featuredmedia":[{"embeddable":true,"href":"https:\/\/www.gruporecoletas.com\/noticias\/wp-json\/wp\/v2\/media\/16194"}],"wp:attachment":[{"href":"https:\/\/www.gruporecoletas.com\/noticias\/wp-json\/wp\/v2\/media?parent=16193"}],"wp:term":[{"taxonomy":"category","embeddable":true,"href":"https:\/\/www.gruporecoletas.com\/noticias\/wp-json\/wp\/v2\/categories?post=16193"},{"taxonomy":"post_tag","embeddable":true,"href":"https:\/\/www.gruporecoletas.com\/noticias\/wp-json\/wp\/v2\/tags?post=16193"}],"curies":[{"name":"wp","href":"https:\/\/api.w.org\/{rel}","templated":true}]}}