{"id":16217,"date":"2023-10-17T12:15:25","date_gmt":"2023-10-17T10:15:25","guid":{"rendered":"https:\/\/www.gruporecoletas.com\/noticias\/?p=16217"},"modified":"2023-10-17T12:15:28","modified_gmt":"2023-10-17T10:15:28","slug":"recoletas-organiza-una-jornada-divulgativa-con-motivo-del-dia-mundial-de-la-osteoporosis","status":"publish","type":"post","link":"https:\/\/www.gruporecoletas.com\/noticias\/recoletas-organiza-una-jornada-divulgativa-con-motivo-del-dia-mundial-de-la-osteoporosis\/","title":{"rendered":"Recoletas organiza una jornada divulgativa con motivo del D\u00eda Mundial de la Osteoporosis"},"content":{"rendered":"\n<p>Recoletas organiza una jornada divulgativa el pr\u00f3ximo d\u00eda <strong>20 de octubre<\/strong>, coincidiendo con el <strong>D\u00eda Mundial de la Osteoporosis. <\/strong>Una enfermedad que puede afectar a cualquier persona, m\u00e1s frecuentemente a partir de los 70 a\u00f1os al perder masa \u00f3sea con el paso del tiempo y tambi\u00e9n a las mujeres en los primeros a\u00f1os despu\u00e9s de la menopausia.<\/p>\n\n\n\n<p>El <em>Dr. Manuel Fern\u00e1ndez Gonz\u00e1lez<\/em>, traumat\u00f3logo especialista en patolog\u00eda vertebral, disertar\u00e1 sobre la clasificaci\u00f3n de las fracturas vertebrales que causa la osteoporosis o como \u00e9l la denomina: \u201cla epidemia silenciosa\u201d, en una charla que bajo el t\u00edtulo \u201cfracturas osteopor\u00f3ticas y su tratamiento quir\u00fargico\u201d se desarrollar\u00e1 en la Fundaci\u00f3n Caja de Burgos (Edificio Nexo. Sala \u00c1gora) en la Calle La Puebla,1 a las 19:00h. &nbsp;<\/p>\n\n\n\n<p><strong>Recoletas elabora un v\u00eddeo divulgativo de la osteoporosis<\/strong><\/p>\n\n\n\n<p>Para divulgar esta enfermedad se ha elaborado un v\u00eddeo en el que han participado diferentes especialistas de Recoletas Burgos vinculados a esta enfermedad cuyos s\u00edntomas m\u00e1s habituales son fracturas vertebrales, microfracturas, dolor o aplastamientos vertebrales.<\/p>\n\n\n\n<p>En el v\u00eddeo el <em>Dr. Jos\u00e9 Andr\u00e9s Lorenzo Mart\u00edn<\/em>, reumat\u00f3logo en el Centro M\u00e9dico Recoletas Calzadas, explica qu\u00e9 es la osteoporosis y los distintos tratamientos que se est\u00e1n llevando a cabo. El <em>Dr. Vicente Garc\u00eda Gonz\u00e1lez<\/em> y el <em>Dr. Julio Villar P\u00e9rez<\/em>, miembros del Instituto Neuro Vertebral de Recoletas y especialistas en patolog\u00eda vertebral, exponen sus conocimientos en esta materia vinculados a las fracturas lumbar\/cervical. La <em>Dra. Ver\u00f3nica Palomo Caba\u00f1es<\/em>, ginec\u00f3loga, cuenta los factores de riesgo y recomendaciones a mujeres con osteoporosis. El <em>Dr. Jacobo Salvat D\u00e1vila<\/em>, traumat\u00f3logo, habla sobre la fractura de cadera y lo que implica el abordaje terap\u00e9utico y la prevenci\u00f3n y el <em>Dr. Rodrigo Avello Taboada<\/em>, responsable de la Unidad del Dolor, incide en c\u00f3mo tratar el dolor en pacientes con osteoporosis.<\/p>\n\n\n\n<h4 class=\"wp-block-heading\"><strong>Densitometr\u00eda gratuita<\/strong><\/h4>\n\n\n\n<p>En la osteoporosis no existen alteraciones de los an\u00e1lisis b\u00e1sicos que permitan hacer el diagn\u00f3stico. En la pr\u00e1ctica habitual se utilizan diversas t\u00e9cnicas radiol\u00f3gicas para el diagn\u00f3stico, que adem\u00e1s son tambi\u00e9n \u00fatiles para valorar la evoluci\u00f3n de la enfermedad. La densitometr\u00eda es una de ellas. Se trata de una prueba indolora de diagn\u00f3stico por imagen que mide el calcio y otros minerales en los huesos y permite diagnosticar si hay o no osteoporosis u osteopenia, siendo \u00e9sta una situaci\u00f3n en la que ha comenzado a perderse densidad mineral \u00f3sea. As\u00ed, se puede predecir el riesgo de fractura e instaurar tratamiento a tiempo.<\/p>\n\n\n\n<p>Todas las personas que acudan al acto, podr\u00e1n solicitar una densitometr\u00eda gratuita hasta completar aforo. El personal de Recoletas que estar\u00e1 en la sala, recoger\u00e1 los datos de quien est\u00e9 interesado en realizarse la prueba para poder concretar posteriormente la cita correspondiente.<\/p>\n","protected":false},"excerpt":{"rendered":"<p>Recoletas organiza una jornada divulgativa el pr\u00f3ximo d\u00eda 20 de octubre, coincidiendo con el D\u00eda Mundial de la Osteoporosis. Una enfermedad que puede afectar a cualquier persona, m\u00e1s frecuentemente a partir de los 70 a\u00f1os al perder masa \u00f3sea con el paso del tiempo y tambi\u00e9n a las mujeres en los primeros a\u00f1os despu\u00e9s de [&hellip;]<\/p>\n","protected":false},"author":2,"featured_media":16218,"comment_status":"closed","ping_status":"closed","sticky":false,"template":"","format":"standard","meta":{"_acf_changed":false,"footnotes":""},"categories":[10,43,1,31,3241,7],"tags":[],"class_list":["post-16217","post","type-post","status-publish","format-standard","has-post-thumbnail","hentry","category-burgos","category-centros","category-grupo-recoletas","category-hrbu","category-instituto-neuro-vertebral","category-institutos"],"acf":[],"yoast_head":"<!-- This site is optimized with the Yoast SEO Premium plugin v27.3 (Yoast SEO v27.3) - https:\/\/yoast.com\/product\/yoast-seo-premium-wordpress\/ -->\n<title>Recoletas organiza una jornada divulgativa con motivo del D\u00eda Mundial de la Osteoporosis - Noticias Grupo Recoletas<\/title>\n<meta name=\"description\" content=\"Todas las personas que acudan al acto podr\u00e1n solicitar una densitometr\u00eda gratuita al personal de Recoletas que estar\u00e1 en la sala\" \/>\n<meta name=\"robots\" content=\"index, follow, max-snippet:-1, max-image-preview:large, max-video-preview:-1\" \/>\n<link rel=\"canonical\" href=\"https:\/\/www.gruporecoletas.com\/noticias\/recoletas-organiza-una-jornada-divulgativa-con-motivo-del-dia-mundial-de-la-osteoporosis\/\" \/>\n<meta property=\"og:locale\" content=\"es_ES\" \/>\n<meta property=\"og:type\" content=\"article\" \/>\n<meta property=\"og:title\" content=\"Recoletas organiza una jornada divulgativa con motivo del D\u00eda Mundial de la Osteoporosis\" \/>\n<meta property=\"og:description\" content=\"Todas las personas que acudan al acto podr\u00e1n solicitar una densitometr\u00eda gratuita al personal de Recoletas que estar\u00e1 en la sala\" \/>\n<meta property=\"og:url\" content=\"https:\/\/www.gruporecoletas.com\/noticias\/recoletas-organiza-una-jornada-divulgativa-con-motivo-del-dia-mundial-de-la-osteoporosis\/\" \/>\n<meta property=\"og:site_name\" content=\"Noticias Grupo Recoletas\" \/>\n<meta property=\"article:publisher\" content=\"https:\/\/www.facebook.com\/GrupoRecoletas\/\" \/>\n<meta property=\"article:published_time\" content=\"2023-10-17T10:15:25+00:00\" \/>\n<meta property=\"article:modified_time\" content=\"2023-10-17T10:15:28+00:00\" \/>\n<meta property=\"og:image\" content=\"https:\/\/www.gruporecoletas.com\/noticias\/wp-content\/uploads\/2023\/10\/DM-OSTEOPOROSIS-HRBU-WEB.png\" \/>\n\t<meta property=\"og:image:width\" content=\"1366\" \/>\n\t<meta property=\"og:image:height\" content=\"768\" \/>\n\t<meta property=\"og:image:type\" content=\"image\/png\" \/>\n<meta name=\"author\" content=\"Recoletas Red Hospitalaria\" \/>\n<meta name=\"twitter:card\" content=\"summary_large_image\" \/>\n<meta name=\"twitter:creator\" content=\"@GrupoRecoletas\" \/>\n<meta name=\"twitter:site\" content=\"@GrupoRecoletas\" \/>\n<meta name=\"twitter:label1\" content=\"Escrito por\" \/>\n\t<meta name=\"twitter:data1\" content=\"Recoletas Red Hospitalaria\" \/>\n\t<meta name=\"twitter:label2\" content=\"Tiempo de lectura\" \/>\n\t<meta name=\"twitter:data2\" content=\"2 minutos\" \/>\n<script type=\"application\/ld+json\" class=\"yoast-schema-graph\">{\"@context\":\"https:\\\/\\\/schema.org\",\"@graph\":[{\"@type\":\"Article\",\"@id\":\"https:\\\/\\\/www.gruporecoletas.com\\\/noticias\\\/recoletas-organiza-una-jornada-divulgativa-con-motivo-del-dia-mundial-de-la-osteoporosis\\\/#article\",\"isPartOf\":{\"@id\":\"https:\\\/\\\/www.gruporecoletas.com\\\/noticias\\\/recoletas-organiza-una-jornada-divulgativa-con-motivo-del-dia-mundial-de-la-osteoporosis\\\/\"},\"author\":{\"name\":\"Recoletas Red Hospitalaria\",\"@id\":\"https:\\\/\\\/www.gruporecoletas.com\\\/noticias\\\/#\\\/schema\\\/person\\\/3c6ac429828d1f5e3d3bd99f4da9b02c\"},\"headline\":\"Recoletas organiza una jornada divulgativa con motivo del D\u00eda Mundial de la Osteoporosis\",\"datePublished\":\"2023-10-17T10:15:25+00:00\",\"dateModified\":\"2023-10-17T10:15:28+00:00\",\"mainEntityOfPage\":{\"@id\":\"https:\\\/\\\/www.gruporecoletas.com\\\/noticias\\\/recoletas-organiza-una-jornada-divulgativa-con-motivo-del-dia-mundial-de-la-osteoporosis\\\/\"},\"wordCount\":504,\"image\":{\"@id\":\"https:\\\/\\\/www.gruporecoletas.com\\\/noticias\\\/recoletas-organiza-una-jornada-divulgativa-con-motivo-del-dia-mundial-de-la-osteoporosis\\\/#primaryimage\"},\"thumbnailUrl\":\"https:\\\/\\\/www.gruporecoletas.com\\\/noticias\\\/wp-content\\\/uploads\\\/2023\\\/10\\\/DM-OSTEOPOROSIS-HRBU-WEB.png\",\"articleSection\":[\"Burgos\",\"Centros\",\"Grupo Recoletas\",\"HRBU\",\"Instituto Neuro Vertebral\",\"Institutos\"],\"inLanguage\":\"es\"},{\"@type\":\"WebPage\",\"@id\":\"https:\\\/\\\/www.gruporecoletas.com\\\/noticias\\\/recoletas-organiza-una-jornada-divulgativa-con-motivo-del-dia-mundial-de-la-osteoporosis\\\/\",\"url\":\"https:\\\/\\\/www.gruporecoletas.com\\\/noticias\\\/recoletas-organiza-una-jornada-divulgativa-con-motivo-del-dia-mundial-de-la-osteoporosis\\\/\",\"name\":\"Recoletas organiza una jornada divulgativa con motivo del D\u00eda Mundial de la Osteoporosis - Noticias Grupo Recoletas\",\"isPartOf\":{\"@id\":\"https:\\\/\\\/www.gruporecoletas.com\\\/noticias\\\/#website\"},\"primaryImageOfPage\":{\"@id\":\"https:\\\/\\\/www.gruporecoletas.com\\\/noticias\\\/recoletas-organiza-una-jornada-divulgativa-con-motivo-del-dia-mundial-de-la-osteoporosis\\\/#primaryimage\"},\"image\":{\"@id\":\"https:\\\/\\\/www.gruporecoletas.com\\\/noticias\\\/recoletas-organiza-una-jornada-divulgativa-con-motivo-del-dia-mundial-de-la-osteoporosis\\\/#primaryimage\"},\"thumbnailUrl\":\"https:\\\/\\\/www.gruporecoletas.com\\\/noticias\\\/wp-content\\\/uploads\\\/2023\\\/10\\\/DM-OSTEOPOROSIS-HRBU-WEB.png\",\"datePublished\":\"2023-10-17T10:15:25+00:00\",\"dateModified\":\"2023-10-17T10:15:28+00:00\",\"author\":{\"@id\":\"https:\\\/\\\/www.gruporecoletas.com\\\/noticias\\\/#\\\/schema\\\/person\\\/3c6ac429828d1f5e3d3bd99f4da9b02c\"},\"description\":\"Todas las personas que acudan al acto podr\u00e1n solicitar una densitometr\u00eda gratuita al personal de Recoletas que estar\u00e1 en la sala\",\"breadcrumb\":{\"@id\":\"https:\\\/\\\/www.gruporecoletas.com\\\/noticias\\\/recoletas-organiza-una-jornada-divulgativa-con-motivo-del-dia-mundial-de-la-osteoporosis\\\/#breadcrumb\"},\"inLanguage\":\"es\",\"potentialAction\":[{\"@type\":\"ReadAction\",\"target\":[\"https:\\\/\\\/www.gruporecoletas.com\\\/noticias\\\/recoletas-organiza-una-jornada-divulgativa-con-motivo-del-dia-mundial-de-la-osteoporosis\\\/\"]}]},{\"@type\":\"ImageObject\",\"inLanguage\":\"es\",\"@id\":\"https:\\\/\\\/www.gruporecoletas.com\\\/noticias\\\/recoletas-organiza-una-jornada-divulgativa-con-motivo-del-dia-mundial-de-la-osteoporosis\\\/#primaryimage\",\"url\":\"https:\\\/\\\/www.gruporecoletas.com\\\/noticias\\\/wp-content\\\/uploads\\\/2023\\\/10\\\/DM-OSTEOPOROSIS-HRBU-WEB.png\",\"contentUrl\":\"https:\\\/\\\/www.gruporecoletas.com\\\/noticias\\\/wp-content\\\/uploads\\\/2023\\\/10\\\/DM-OSTEOPOROSIS-HRBU-WEB.png\",\"width\":1366,\"height\":768,\"caption\":\"Recoletas organiza una jornada divulgativa con motivo del D\u00eda Mundial de la Osteoporosis\"},{\"@type\":\"BreadcrumbList\",\"@id\":\"https:\\\/\\\/www.gruporecoletas.com\\\/noticias\\\/recoletas-organiza-una-jornada-divulgativa-con-motivo-del-dia-mundial-de-la-osteoporosis\\\/#breadcrumb\",\"itemListElement\":[{\"@type\":\"ListItem\",\"position\":1,\"name\":\"Portada\",\"item\":\"https:\\\/\\\/www.gruporecoletas.com\\\/noticias\\\/\"},{\"@type\":\"ListItem\",\"position\":2,\"name\":\"Recoletas organiza una jornada divulgativa con motivo del D\u00eda Mundial de la Osteoporosis\"}]},{\"@type\":\"WebSite\",\"@id\":\"https:\\\/\\\/www.gruporecoletas.com\\\/noticias\\\/#website\",\"url\":\"https:\\\/\\\/www.gruporecoletas.com\\\/noticias\\\/\",\"name\":\"Noticias Grupo Recoletas\",\"description\":\"Grupo Recoletas\",\"potentialAction\":[{\"@type\":\"SearchAction\",\"target\":{\"@type\":\"EntryPoint\",\"urlTemplate\":\"https:\\\/\\\/www.gruporecoletas.com\\\/noticias\\\/?s={search_term_string}\"},\"query-input\":{\"@type\":\"PropertyValueSpecification\",\"valueRequired\":true,\"valueName\":\"search_term_string\"}}],\"inLanguage\":\"es\"},{\"@type\":\"Person\",\"@id\":\"https:\\\/\\\/www.gruporecoletas.com\\\/noticias\\\/#\\\/schema\\\/person\\\/3c6ac429828d1f5e3d3bd99f4da9b02c\",\"name\":\"Recoletas Red Hospitalaria\",\"url\":\"https:\\\/\\\/www.gruporecoletas.com\\\/noticias\\\/author\\\/comunicacion\\\/\"}]}<\/script>\n<!-- \/ Yoast SEO Premium plugin. -->","yoast_head_json":{"title":"Recoletas organiza una jornada divulgativa con motivo del D\u00eda Mundial de la Osteoporosis - Noticias Grupo Recoletas","description":"Todas las personas que acudan al acto podr\u00e1n solicitar una densitometr\u00eda gratuita al personal de Recoletas que estar\u00e1 en la sala","robots":{"index":"index","follow":"follow","max-snippet":"max-snippet:-1","max-image-preview":"max-image-preview:large","max-video-preview":"max-video-preview:-1"},"canonical":"https:\/\/www.gruporecoletas.com\/noticias\/recoletas-organiza-una-jornada-divulgativa-con-motivo-del-dia-mundial-de-la-osteoporosis\/","og_locale":"es_ES","og_type":"article","og_title":"Recoletas organiza una jornada divulgativa con motivo del D\u00eda Mundial de la Osteoporosis","og_description":"Todas las personas que acudan al acto podr\u00e1n solicitar una densitometr\u00eda gratuita al personal de Recoletas que estar\u00e1 en la sala","og_url":"https:\/\/www.gruporecoletas.com\/noticias\/recoletas-organiza-una-jornada-divulgativa-con-motivo-del-dia-mundial-de-la-osteoporosis\/","og_site_name":"Noticias Grupo Recoletas","article_publisher":"https:\/\/www.facebook.com\/GrupoRecoletas\/","article_published_time":"2023-10-17T10:15:25+00:00","article_modified_time":"2023-10-17T10:15:28+00:00","og_image":[{"width":1366,"height":768,"url":"https:\/\/www.gruporecoletas.com\/noticias\/wp-content\/uploads\/2023\/10\/DM-OSTEOPOROSIS-HRBU-WEB.png","type":"image\/png"}],"author":"Recoletas Red Hospitalaria","twitter_card":"summary_large_image","twitter_creator":"@GrupoRecoletas","twitter_site":"@GrupoRecoletas","twitter_misc":{"Escrito por":"Recoletas Red Hospitalaria","Tiempo de lectura":"2 minutos"},"schema":{"@context":"https:\/\/schema.org","@graph":[{"@type":"Article","@id":"https:\/\/www.gruporecoletas.com\/noticias\/recoletas-organiza-una-jornada-divulgativa-con-motivo-del-dia-mundial-de-la-osteoporosis\/#article","isPartOf":{"@id":"https:\/\/www.gruporecoletas.com\/noticias\/recoletas-organiza-una-jornada-divulgativa-con-motivo-del-dia-mundial-de-la-osteoporosis\/"},"author":{"name":"Recoletas Red Hospitalaria","@id":"https:\/\/www.gruporecoletas.com\/noticias\/#\/schema\/person\/3c6ac429828d1f5e3d3bd99f4da9b02c"},"headline":"Recoletas organiza una jornada divulgativa con motivo del D\u00eda Mundial de la Osteoporosis","datePublished":"2023-10-17T10:15:25+00:00","dateModified":"2023-10-17T10:15:28+00:00","mainEntityOfPage":{"@id":"https:\/\/www.gruporecoletas.com\/noticias\/recoletas-organiza-una-jornada-divulgativa-con-motivo-del-dia-mundial-de-la-osteoporosis\/"},"wordCount":504,"image":{"@id":"https:\/\/www.gruporecoletas.com\/noticias\/recoletas-organiza-una-jornada-divulgativa-con-motivo-del-dia-mundial-de-la-osteoporosis\/#primaryimage"},"thumbnailUrl":"https:\/\/www.gruporecoletas.com\/noticias\/wp-content\/uploads\/2023\/10\/DM-OSTEOPOROSIS-HRBU-WEB.png","articleSection":["Burgos","Centros","Grupo Recoletas","HRBU","Instituto Neuro Vertebral","Institutos"],"inLanguage":"es"},{"@type":"WebPage","@id":"https:\/\/www.gruporecoletas.com\/noticias\/recoletas-organiza-una-jornada-divulgativa-con-motivo-del-dia-mundial-de-la-osteoporosis\/","url":"https:\/\/www.gruporecoletas.com\/noticias\/recoletas-organiza-una-jornada-divulgativa-con-motivo-del-dia-mundial-de-la-osteoporosis\/","name":"Recoletas organiza una jornada divulgativa con motivo del D\u00eda Mundial de la Osteoporosis - Noticias Grupo Recoletas","isPartOf":{"@id":"https:\/\/www.gruporecoletas.com\/noticias\/#website"},"primaryImageOfPage":{"@id":"https:\/\/www.gruporecoletas.com\/noticias\/recoletas-organiza-una-jornada-divulgativa-con-motivo-del-dia-mundial-de-la-osteoporosis\/#primaryimage"},"image":{"@id":"https:\/\/www.gruporecoletas.com\/noticias\/recoletas-organiza-una-jornada-divulgativa-con-motivo-del-dia-mundial-de-la-osteoporosis\/#primaryimage"},"thumbnailUrl":"https:\/\/www.gruporecoletas.com\/noticias\/wp-content\/uploads\/2023\/10\/DM-OSTEOPOROSIS-HRBU-WEB.png","datePublished":"2023-10-17T10:15:25+00:00","dateModified":"2023-10-17T10:15:28+00:00","author":{"@id":"https:\/\/www.gruporecoletas.com\/noticias\/#\/schema\/person\/3c6ac429828d1f5e3d3bd99f4da9b02c"},"description":"Todas las personas que acudan al acto podr\u00e1n solicitar una densitometr\u00eda gratuita al personal de Recoletas que estar\u00e1 en la sala","breadcrumb":{"@id":"https:\/\/www.gruporecoletas.com\/noticias\/recoletas-organiza-una-jornada-divulgativa-con-motivo-del-dia-mundial-de-la-osteoporosis\/#breadcrumb"},"inLanguage":"es","potentialAction":[{"@type":"ReadAction","target":["https:\/\/www.gruporecoletas.com\/noticias\/recoletas-organiza-una-jornada-divulgativa-con-motivo-del-dia-mundial-de-la-osteoporosis\/"]}]},{"@type":"ImageObject","inLanguage":"es","@id":"https:\/\/www.gruporecoletas.com\/noticias\/recoletas-organiza-una-jornada-divulgativa-con-motivo-del-dia-mundial-de-la-osteoporosis\/#primaryimage","url":"https:\/\/www.gruporecoletas.com\/noticias\/wp-content\/uploads\/2023\/10\/DM-OSTEOPOROSIS-HRBU-WEB.png","contentUrl":"https:\/\/www.gruporecoletas.com\/noticias\/wp-content\/uploads\/2023\/10\/DM-OSTEOPOROSIS-HRBU-WEB.png","width":1366,"height":768,"caption":"Recoletas organiza una jornada divulgativa con motivo del D\u00eda Mundial de la Osteoporosis"},{"@type":"BreadcrumbList","@id":"https:\/\/www.gruporecoletas.com\/noticias\/recoletas-organiza-una-jornada-divulgativa-con-motivo-del-dia-mundial-de-la-osteoporosis\/#breadcrumb","itemListElement":[{"@type":"ListItem","position":1,"name":"Portada","item":"https:\/\/www.gruporecoletas.com\/noticias\/"},{"@type":"ListItem","position":2,"name":"Recoletas organiza una jornada divulgativa con motivo del D\u00eda Mundial de la Osteoporosis"}]},{"@type":"WebSite","@id":"https:\/\/www.gruporecoletas.com\/noticias\/#website","url":"https:\/\/www.gruporecoletas.com\/noticias\/","name":"Noticias Grupo Recoletas","description":"Grupo Recoletas","potentialAction":[{"@type":"SearchAction","target":{"@type":"EntryPoint","urlTemplate":"https:\/\/www.gruporecoletas.com\/noticias\/?s={search_term_string}"},"query-input":{"@type":"PropertyValueSpecification","valueRequired":true,"valueName":"search_term_string"}}],"inLanguage":"es"},{"@type":"Person","@id":"https:\/\/www.gruporecoletas.com\/noticias\/#\/schema\/person\/3c6ac429828d1f5e3d3bd99f4da9b02c","name":"Recoletas Red Hospitalaria","url":"https:\/\/www.gruporecoletas.com\/noticias\/author\/comunicacion\/"}]}},"_links":{"self":[{"href":"https:\/\/www.gruporecoletas.com\/noticias\/wp-json\/wp\/v2\/posts\/16217","targetHints":{"allow":["GET"]}}],"collection":[{"href":"https:\/\/www.gruporecoletas.com\/noticias\/wp-json\/wp\/v2\/posts"}],"about":[{"href":"https:\/\/www.gruporecoletas.com\/noticias\/wp-json\/wp\/v2\/types\/post"}],"author":[{"embeddable":true,"href":"https:\/\/www.gruporecoletas.com\/noticias\/wp-json\/wp\/v2\/users\/2"}],"replies":[{"embeddable":true,"href":"https:\/\/www.gruporecoletas.com\/noticias\/wp-json\/wp\/v2\/comments?post=16217"}],"version-history":[{"count":1,"href":"https:\/\/www.gruporecoletas.com\/noticias\/wp-json\/wp\/v2\/posts\/16217\/revisions"}],"predecessor-version":[{"id":16219,"href":"https:\/\/www.gruporecoletas.com\/noticias\/wp-json\/wp\/v2\/posts\/16217\/revisions\/16219"}],"wp:featuredmedia":[{"embeddable":true,"href":"https:\/\/www.gruporecoletas.com\/noticias\/wp-json\/wp\/v2\/media\/16218"}],"wp:attachment":[{"href":"https:\/\/www.gruporecoletas.com\/noticias\/wp-json\/wp\/v2\/media?parent=16217"}],"wp:term":[{"taxonomy":"category","embeddable":true,"href":"https:\/\/www.gruporecoletas.com\/noticias\/wp-json\/wp\/v2\/categories?post=16217"},{"taxonomy":"post_tag","embeddable":true,"href":"https:\/\/www.gruporecoletas.com\/noticias\/wp-json\/wp\/v2\/tags?post=16217"}],"curies":[{"name":"wp","href":"https:\/\/api.w.org\/{rel}","templated":true}]}}