{"id":16229,"date":"2023-10-26T16:49:54","date_gmt":"2023-10-26T14:49:54","guid":{"rendered":"https:\/\/www.gruporecoletas.com\/noticias\/?p=16229"},"modified":"2023-10-26T16:49:55","modified_gmt":"2023-10-26T14:49:55","slug":"el-hospital-recoletas-burgos-estrena-la-nueva-uci","status":"publish","type":"post","link":"https:\/\/www.gruporecoletas.com\/noticias\/el-hospital-recoletas-burgos-estrena-la-nueva-uci\/","title":{"rendered":"El Hospital Recoletas Burgos estrena la nueva UCI"},"content":{"rendered":"\n<p>El Hospital Recoletas Burgos ha finalizado la que es sin duda la obra de mayor envergadura del centro hospitalario: la nueva Unidad de Cuidados Intensivos (UCI) que desde la pasada semana, est\u00e1 ya a pleno rendimiento.<\/p>\n\n\n\n<p>Situada en un espacio nuevo ubicado en la tercera planta y con una superficie de m\u00e1s de 500 metros cuadrados, la nueva UCI cuenta con un equipamiento m\u00e9dico de \u00faltima generaci\u00f3n: monitorizaci\u00f3n avanzada, ventilaci\u00f3n mec\u00e1nica invasiva y no invasiva, terapia de sustituci\u00f3n de la funci\u00f3n renal o soporte hemodin\u00e1mico.<\/p>\n\n\n\n<p>Todo ello, junto a un equipo humano altamente cualificado en cuidados intensivos y en colaboraci\u00f3n con el resto de especialistas del hospital, garantiza la mejor asistencia a los pacientes cr\u00edticos y postquir\u00fargicos.<\/p>\n\n\n\n<p>Desde que se licitara la redacci\u00f3n del proyecto hasta el final de la obra han transcurrido m\u00e1s de tres a\u00f1os de trabajo incesante que ha culminado con un Servicio que centraliza toda la asistencia de los enfermos cr\u00edticos.<\/p>\n\n\n\n<p>Con este nuevo proyecto, el hospital pasa de tener 7 puestos de UCI que hab\u00eda anteriormente a 17 puestos, incluyendo 5 boxes con capacidad para albergar a pacientes que requieren aislamiento, pudiendo modificar a criterio del equipo m\u00e9dico si precisa aiSlamiento de presi\u00f3n negativa o positiva; con las ventajas que ello conlleva.<\/p>\n\n\n\n<p>La nueva UCI permitir\u00e1 garantizar los cuidados cr\u00edticos ante el importante incremento de la actividad quir\u00fargica de alta complejidad y hospitalaria, ofreciendo un apoyo imprescindible al resto de servicios del Hospital, como son las Urgencias, Medicina Interna, Neurolog\u00eda, Cardiolog\u00eda, Neumolog\u00eda&#8230;<\/p>\n\n\n\n<p>Para Recoletas Burgos es prioritario garantizar unos cuidados de m\u00e1xima calidad y la humanizaci\u00f3n\u00a0de la Unidad, un elemento esencial para el bienestar del paciente. Para ello es esencial el trabajo de todo el equipo humano formado por 24 profesionales y 7 m\u00e9dicos intensivistas. Tanto el equipo m\u00e9dico como el personal de enfermer\u00eda y auxiliares, con el apoyo de celadores, tiene una amplia trayectoria profesional en el cuidado de pacientes cr\u00edticos.<\/p>\n\n\n\n<h4 class=\"wp-block-heading\"><strong>Incremento constante de intervenciones quir\u00fargicas de alta complejidad<\/strong><\/h4>\n\n\n\n<p>Desde que se pusieran en marcha los Institutos especializados en el hospital (Instituto Neuro Vertebral, Instituto de Salud Digestiva, Instituto Urol\u00f3gico), se ha experimentado un incremento de intervenciones quir\u00fargicas de alta complejidad. Seg\u00fan las previsiones, cerca de 10.600 personas pasar\u00e1n por los quir\u00f3fanos del centro hospitalario a lo largo de 2023. La pr\u00f3xima apertura de los nuevos Institutos Cardiopulmonar y de Traumatolog\u00eda en el Hospital consolidar\u00e1n este aumento de actividad.<\/p>\n\n\n\n<p>Todo esto ha hecho que \u201cse haya realizado esta gran inversi\u00f3n para un Servicio tan importante en un Hospital\u201d ha apuntado Pilar G\u00f3mez, gerente del Hospital Recoletas Burgos que ha mostrado su enorme satisfacci\u00f3n por el resultado \u201clos \u00faltimos medios y avances tecnol\u00f3gicos con los que cuenta la nueva UCI, sumado al equipo humano que lo conforma, es lo que necesita un Hospital moderno como el nuestro. Y sobre todo y lo m\u00e1s importante es que va a redundar en un gran beneficio de la poblaci\u00f3n burgalesa que, sin duda, merece tener una sanidad&nbsp;de calidad. No podemos ni debemos olvidar que somos personas que cuidamos de personas\u00bb.<\/p>\n","protected":false},"excerpt":{"rendered":"<p>El Hospital Recoletas Burgos ha finalizado la que es sin duda la obra de mayor envergadura del centro hospitalario: la nueva Unidad de Cuidados Intensivos (UCI) que desde la pasada semana, est\u00e1 ya a pleno rendimiento. Situada en un espacio nuevo ubicado en la tercera planta y con una superficie de m\u00e1s de 500 metros [&hellip;]<\/p>\n","protected":false},"author":2,"featured_media":16230,"comment_status":"closed","ping_status":"closed","sticky":false,"template":"","format":"standard","meta":{"_acf_changed":false,"footnotes":""},"categories":[10,43,1,31],"tags":[],"class_list":["post-16229","post","type-post","status-publish","format-standard","has-post-thumbnail","hentry","category-burgos","category-centros","category-grupo-recoletas","category-hrbu"],"acf":[],"yoast_head":"<!-- This site is optimized with the Yoast SEO Premium plugin v27.3 (Yoast SEO v27.3) - https:\/\/yoast.com\/product\/yoast-seo-premium-wordpress\/ -->\n<title>El Hospital Recoletas Burgos estrena la nueva UCI - Noticias Grupo Recoletas<\/title>\n<meta name=\"description\" content=\"El hospital pasa de tener 7 puestos de UCI a 17, incluyendo 5 boxes con capacidad para albergar a pacientes que requieren aislamiento\" \/>\n<meta name=\"robots\" content=\"index, follow, max-snippet:-1, max-image-preview:large, max-video-preview:-1\" \/>\n<link rel=\"canonical\" href=\"https:\/\/www.gruporecoletas.com\/noticias\/el-hospital-recoletas-burgos-estrena-la-nueva-uci\/\" \/>\n<meta property=\"og:locale\" content=\"es_ES\" \/>\n<meta property=\"og:type\" content=\"article\" \/>\n<meta property=\"og:title\" content=\"El Hospital Recoletas Burgos estrena la nueva UCI\" \/>\n<meta property=\"og:description\" content=\"El hospital pasa de tener 7 puestos de UCI a 17, incluyendo 5 boxes con capacidad para albergar a pacientes que requieren aislamiento\" \/>\n<meta property=\"og:url\" content=\"https:\/\/www.gruporecoletas.com\/noticias\/el-hospital-recoletas-burgos-estrena-la-nueva-uci\/\" \/>\n<meta property=\"og:site_name\" content=\"Noticias Grupo Recoletas\" \/>\n<meta property=\"article:publisher\" content=\"https:\/\/www.facebook.com\/GrupoRecoletas\/\" \/>\n<meta property=\"article:published_time\" content=\"2023-10-26T14:49:54+00:00\" \/>\n<meta property=\"article:modified_time\" content=\"2023-10-26T14:49:55+00:00\" \/>\n<meta property=\"og:image\" content=\"https:\/\/www.gruporecoletas.com\/noticias\/wp-content\/uploads\/2023\/10\/UCI-HRBU.png\" \/>\n\t<meta property=\"og:image:width\" content=\"1366\" \/>\n\t<meta property=\"og:image:height\" content=\"768\" \/>\n\t<meta property=\"og:image:type\" content=\"image\/png\" \/>\n<meta name=\"author\" content=\"Recoletas Red Hospitalaria\" \/>\n<meta name=\"twitter:card\" content=\"summary_large_image\" \/>\n<meta name=\"twitter:creator\" content=\"@GrupoRecoletas\" \/>\n<meta name=\"twitter:site\" content=\"@GrupoRecoletas\" \/>\n<meta name=\"twitter:label1\" content=\"Escrito por\" \/>\n\t<meta name=\"twitter:data1\" content=\"Recoletas Red Hospitalaria\" \/>\n\t<meta name=\"twitter:label2\" content=\"Tiempo de lectura\" \/>\n\t<meta name=\"twitter:data2\" content=\"3 minutos\" \/>\n<script type=\"application\/ld+json\" class=\"yoast-schema-graph\">{\"@context\":\"https:\\\/\\\/schema.org\",\"@graph\":[{\"@type\":\"Article\",\"@id\":\"https:\\\/\\\/www.gruporecoletas.com\\\/noticias\\\/el-hospital-recoletas-burgos-estrena-la-nueva-uci\\\/#article\",\"isPartOf\":{\"@id\":\"https:\\\/\\\/www.gruporecoletas.com\\\/noticias\\\/el-hospital-recoletas-burgos-estrena-la-nueva-uci\\\/\"},\"author\":{\"name\":\"Recoletas Red Hospitalaria\",\"@id\":\"https:\\\/\\\/www.gruporecoletas.com\\\/noticias\\\/#\\\/schema\\\/person\\\/3c6ac429828d1f5e3d3bd99f4da9b02c\"},\"headline\":\"El Hospital Recoletas Burgos estrena la nueva UCI\",\"datePublished\":\"2023-10-26T14:49:54+00:00\",\"dateModified\":\"2023-10-26T14:49:55+00:00\",\"mainEntityOfPage\":{\"@id\":\"https:\\\/\\\/www.gruporecoletas.com\\\/noticias\\\/el-hospital-recoletas-burgos-estrena-la-nueva-uci\\\/\"},\"wordCount\":550,\"image\":{\"@id\":\"https:\\\/\\\/www.gruporecoletas.com\\\/noticias\\\/el-hospital-recoletas-burgos-estrena-la-nueva-uci\\\/#primaryimage\"},\"thumbnailUrl\":\"https:\\\/\\\/www.gruporecoletas.com\\\/noticias\\\/wp-content\\\/uploads\\\/2023\\\/10\\\/UCI-HRBU.png\",\"articleSection\":[\"Burgos\",\"Centros\",\"Grupo Recoletas\",\"HRBU\"],\"inLanguage\":\"es\"},{\"@type\":\"WebPage\",\"@id\":\"https:\\\/\\\/www.gruporecoletas.com\\\/noticias\\\/el-hospital-recoletas-burgos-estrena-la-nueva-uci\\\/\",\"url\":\"https:\\\/\\\/www.gruporecoletas.com\\\/noticias\\\/el-hospital-recoletas-burgos-estrena-la-nueva-uci\\\/\",\"name\":\"El Hospital Recoletas Burgos estrena la nueva UCI - Noticias Grupo Recoletas\",\"isPartOf\":{\"@id\":\"https:\\\/\\\/www.gruporecoletas.com\\\/noticias\\\/#website\"},\"primaryImageOfPage\":{\"@id\":\"https:\\\/\\\/www.gruporecoletas.com\\\/noticias\\\/el-hospital-recoletas-burgos-estrena-la-nueva-uci\\\/#primaryimage\"},\"image\":{\"@id\":\"https:\\\/\\\/www.gruporecoletas.com\\\/noticias\\\/el-hospital-recoletas-burgos-estrena-la-nueva-uci\\\/#primaryimage\"},\"thumbnailUrl\":\"https:\\\/\\\/www.gruporecoletas.com\\\/noticias\\\/wp-content\\\/uploads\\\/2023\\\/10\\\/UCI-HRBU.png\",\"datePublished\":\"2023-10-26T14:49:54+00:00\",\"dateModified\":\"2023-10-26T14:49:55+00:00\",\"author\":{\"@id\":\"https:\\\/\\\/www.gruporecoletas.com\\\/noticias\\\/#\\\/schema\\\/person\\\/3c6ac429828d1f5e3d3bd99f4da9b02c\"},\"description\":\"El hospital pasa de tener 7 puestos de UCI a 17, incluyendo 5 boxes con capacidad para albergar a pacientes que requieren aislamiento\",\"breadcrumb\":{\"@id\":\"https:\\\/\\\/www.gruporecoletas.com\\\/noticias\\\/el-hospital-recoletas-burgos-estrena-la-nueva-uci\\\/#breadcrumb\"},\"inLanguage\":\"es\",\"potentialAction\":[{\"@type\":\"ReadAction\",\"target\":[\"https:\\\/\\\/www.gruporecoletas.com\\\/noticias\\\/el-hospital-recoletas-burgos-estrena-la-nueva-uci\\\/\"]}]},{\"@type\":\"ImageObject\",\"inLanguage\":\"es\",\"@id\":\"https:\\\/\\\/www.gruporecoletas.com\\\/noticias\\\/el-hospital-recoletas-burgos-estrena-la-nueva-uci\\\/#primaryimage\",\"url\":\"https:\\\/\\\/www.gruporecoletas.com\\\/noticias\\\/wp-content\\\/uploads\\\/2023\\\/10\\\/UCI-HRBU.png\",\"contentUrl\":\"https:\\\/\\\/www.gruporecoletas.com\\\/noticias\\\/wp-content\\\/uploads\\\/2023\\\/10\\\/UCI-HRBU.png\",\"width\":1366,\"height\":768,\"caption\":\"El Hospital Recoletas Burgos estrena la nueva UCI\"},{\"@type\":\"BreadcrumbList\",\"@id\":\"https:\\\/\\\/www.gruporecoletas.com\\\/noticias\\\/el-hospital-recoletas-burgos-estrena-la-nueva-uci\\\/#breadcrumb\",\"itemListElement\":[{\"@type\":\"ListItem\",\"position\":1,\"name\":\"Portada\",\"item\":\"https:\\\/\\\/www.gruporecoletas.com\\\/noticias\\\/\"},{\"@type\":\"ListItem\",\"position\":2,\"name\":\"El Hospital Recoletas Burgos estrena la nueva UCI\"}]},{\"@type\":\"WebSite\",\"@id\":\"https:\\\/\\\/www.gruporecoletas.com\\\/noticias\\\/#website\",\"url\":\"https:\\\/\\\/www.gruporecoletas.com\\\/noticias\\\/\",\"name\":\"Noticias Grupo Recoletas\",\"description\":\"Grupo Recoletas\",\"potentialAction\":[{\"@type\":\"SearchAction\",\"target\":{\"@type\":\"EntryPoint\",\"urlTemplate\":\"https:\\\/\\\/www.gruporecoletas.com\\\/noticias\\\/?s={search_term_string}\"},\"query-input\":{\"@type\":\"PropertyValueSpecification\",\"valueRequired\":true,\"valueName\":\"search_term_string\"}}],\"inLanguage\":\"es\"},{\"@type\":\"Person\",\"@id\":\"https:\\\/\\\/www.gruporecoletas.com\\\/noticias\\\/#\\\/schema\\\/person\\\/3c6ac429828d1f5e3d3bd99f4da9b02c\",\"name\":\"Recoletas Red Hospitalaria\",\"url\":\"https:\\\/\\\/www.gruporecoletas.com\\\/noticias\\\/author\\\/comunicacion\\\/\"}]}<\/script>\n<!-- \/ Yoast SEO Premium plugin. -->","yoast_head_json":{"title":"El Hospital Recoletas Burgos estrena la nueva UCI - Noticias Grupo Recoletas","description":"El hospital pasa de tener 7 puestos de UCI a 17, incluyendo 5 boxes con capacidad para albergar a pacientes que requieren aislamiento","robots":{"index":"index","follow":"follow","max-snippet":"max-snippet:-1","max-image-preview":"max-image-preview:large","max-video-preview":"max-video-preview:-1"},"canonical":"https:\/\/www.gruporecoletas.com\/noticias\/el-hospital-recoletas-burgos-estrena-la-nueva-uci\/","og_locale":"es_ES","og_type":"article","og_title":"El Hospital Recoletas Burgos estrena la nueva UCI","og_description":"El hospital pasa de tener 7 puestos de UCI a 17, incluyendo 5 boxes con capacidad para albergar a pacientes que requieren aislamiento","og_url":"https:\/\/www.gruporecoletas.com\/noticias\/el-hospital-recoletas-burgos-estrena-la-nueva-uci\/","og_site_name":"Noticias Grupo Recoletas","article_publisher":"https:\/\/www.facebook.com\/GrupoRecoletas\/","article_published_time":"2023-10-26T14:49:54+00:00","article_modified_time":"2023-10-26T14:49:55+00:00","og_image":[{"width":1366,"height":768,"url":"https:\/\/www.gruporecoletas.com\/noticias\/wp-content\/uploads\/2023\/10\/UCI-HRBU.png","type":"image\/png"}],"author":"Recoletas Red Hospitalaria","twitter_card":"summary_large_image","twitter_creator":"@GrupoRecoletas","twitter_site":"@GrupoRecoletas","twitter_misc":{"Escrito por":"Recoletas Red Hospitalaria","Tiempo de lectura":"3 minutos"},"schema":{"@context":"https:\/\/schema.org","@graph":[{"@type":"Article","@id":"https:\/\/www.gruporecoletas.com\/noticias\/el-hospital-recoletas-burgos-estrena-la-nueva-uci\/#article","isPartOf":{"@id":"https:\/\/www.gruporecoletas.com\/noticias\/el-hospital-recoletas-burgos-estrena-la-nueva-uci\/"},"author":{"name":"Recoletas Red Hospitalaria","@id":"https:\/\/www.gruporecoletas.com\/noticias\/#\/schema\/person\/3c6ac429828d1f5e3d3bd99f4da9b02c"},"headline":"El Hospital Recoletas Burgos estrena la nueva UCI","datePublished":"2023-10-26T14:49:54+00:00","dateModified":"2023-10-26T14:49:55+00:00","mainEntityOfPage":{"@id":"https:\/\/www.gruporecoletas.com\/noticias\/el-hospital-recoletas-burgos-estrena-la-nueva-uci\/"},"wordCount":550,"image":{"@id":"https:\/\/www.gruporecoletas.com\/noticias\/el-hospital-recoletas-burgos-estrena-la-nueva-uci\/#primaryimage"},"thumbnailUrl":"https:\/\/www.gruporecoletas.com\/noticias\/wp-content\/uploads\/2023\/10\/UCI-HRBU.png","articleSection":["Burgos","Centros","Grupo Recoletas","HRBU"],"inLanguage":"es"},{"@type":"WebPage","@id":"https:\/\/www.gruporecoletas.com\/noticias\/el-hospital-recoletas-burgos-estrena-la-nueva-uci\/","url":"https:\/\/www.gruporecoletas.com\/noticias\/el-hospital-recoletas-burgos-estrena-la-nueva-uci\/","name":"El Hospital Recoletas Burgos estrena la nueva UCI - Noticias Grupo Recoletas","isPartOf":{"@id":"https:\/\/www.gruporecoletas.com\/noticias\/#website"},"primaryImageOfPage":{"@id":"https:\/\/www.gruporecoletas.com\/noticias\/el-hospital-recoletas-burgos-estrena-la-nueva-uci\/#primaryimage"},"image":{"@id":"https:\/\/www.gruporecoletas.com\/noticias\/el-hospital-recoletas-burgos-estrena-la-nueva-uci\/#primaryimage"},"thumbnailUrl":"https:\/\/www.gruporecoletas.com\/noticias\/wp-content\/uploads\/2023\/10\/UCI-HRBU.png","datePublished":"2023-10-26T14:49:54+00:00","dateModified":"2023-10-26T14:49:55+00:00","author":{"@id":"https:\/\/www.gruporecoletas.com\/noticias\/#\/schema\/person\/3c6ac429828d1f5e3d3bd99f4da9b02c"},"description":"El hospital pasa de tener 7 puestos de UCI a 17, incluyendo 5 boxes con capacidad para albergar a pacientes que requieren aislamiento","breadcrumb":{"@id":"https:\/\/www.gruporecoletas.com\/noticias\/el-hospital-recoletas-burgos-estrena-la-nueva-uci\/#breadcrumb"},"inLanguage":"es","potentialAction":[{"@type":"ReadAction","target":["https:\/\/www.gruporecoletas.com\/noticias\/el-hospital-recoletas-burgos-estrena-la-nueva-uci\/"]}]},{"@type":"ImageObject","inLanguage":"es","@id":"https:\/\/www.gruporecoletas.com\/noticias\/el-hospital-recoletas-burgos-estrena-la-nueva-uci\/#primaryimage","url":"https:\/\/www.gruporecoletas.com\/noticias\/wp-content\/uploads\/2023\/10\/UCI-HRBU.png","contentUrl":"https:\/\/www.gruporecoletas.com\/noticias\/wp-content\/uploads\/2023\/10\/UCI-HRBU.png","width":1366,"height":768,"caption":"El Hospital Recoletas Burgos estrena la nueva UCI"},{"@type":"BreadcrumbList","@id":"https:\/\/www.gruporecoletas.com\/noticias\/el-hospital-recoletas-burgos-estrena-la-nueva-uci\/#breadcrumb","itemListElement":[{"@type":"ListItem","position":1,"name":"Portada","item":"https:\/\/www.gruporecoletas.com\/noticias\/"},{"@type":"ListItem","position":2,"name":"El Hospital Recoletas Burgos estrena la nueva UCI"}]},{"@type":"WebSite","@id":"https:\/\/www.gruporecoletas.com\/noticias\/#website","url":"https:\/\/www.gruporecoletas.com\/noticias\/","name":"Noticias Grupo Recoletas","description":"Grupo Recoletas","potentialAction":[{"@type":"SearchAction","target":{"@type":"EntryPoint","urlTemplate":"https:\/\/www.gruporecoletas.com\/noticias\/?s={search_term_string}"},"query-input":{"@type":"PropertyValueSpecification","valueRequired":true,"valueName":"search_term_string"}}],"inLanguage":"es"},{"@type":"Person","@id":"https:\/\/www.gruporecoletas.com\/noticias\/#\/schema\/person\/3c6ac429828d1f5e3d3bd99f4da9b02c","name":"Recoletas Red Hospitalaria","url":"https:\/\/www.gruporecoletas.com\/noticias\/author\/comunicacion\/"}]}},"_links":{"self":[{"href":"https:\/\/www.gruporecoletas.com\/noticias\/wp-json\/wp\/v2\/posts\/16229","targetHints":{"allow":["GET"]}}],"collection":[{"href":"https:\/\/www.gruporecoletas.com\/noticias\/wp-json\/wp\/v2\/posts"}],"about":[{"href":"https:\/\/www.gruporecoletas.com\/noticias\/wp-json\/wp\/v2\/types\/post"}],"author":[{"embeddable":true,"href":"https:\/\/www.gruporecoletas.com\/noticias\/wp-json\/wp\/v2\/users\/2"}],"replies":[{"embeddable":true,"href":"https:\/\/www.gruporecoletas.com\/noticias\/wp-json\/wp\/v2\/comments?post=16229"}],"version-history":[{"count":1,"href":"https:\/\/www.gruporecoletas.com\/noticias\/wp-json\/wp\/v2\/posts\/16229\/revisions"}],"predecessor-version":[{"id":16231,"href":"https:\/\/www.gruporecoletas.com\/noticias\/wp-json\/wp\/v2\/posts\/16229\/revisions\/16231"}],"wp:featuredmedia":[{"embeddable":true,"href":"https:\/\/www.gruporecoletas.com\/noticias\/wp-json\/wp\/v2\/media\/16230"}],"wp:attachment":[{"href":"https:\/\/www.gruporecoletas.com\/noticias\/wp-json\/wp\/v2\/media?parent=16229"}],"wp:term":[{"taxonomy":"category","embeddable":true,"href":"https:\/\/www.gruporecoletas.com\/noticias\/wp-json\/wp\/v2\/categories?post=16229"},{"taxonomy":"post_tag","embeddable":true,"href":"https:\/\/www.gruporecoletas.com\/noticias\/wp-json\/wp\/v2\/tags?post=16229"}],"curies":[{"name":"wp","href":"https:\/\/api.w.org\/{rel}","templated":true}]}}